{"id":1295,"date":"2009-05-30T08:24:13","date_gmt":"2009-05-30T05:24:13","guid":{"rendered":"http:\/\/www.gocmeniz.biz\/?p=1295"},"modified":"2026-04-03T12:26:15","modified_gmt":"2026-04-03T09:26:15","slug":"ab-acik-konustu-trakya-bize-kalsin","status":"publish","type":"post","link":"https:\/\/www.gocmeniz.biz\/?p=1295","title":{"rendered":"AB a\u00e7\u0131k konu\u015ftu: Trakya bize kals\u0131n!"},"content":{"rendered":"<p><b>Edirne&#8217;ye gelen Bulgaristan Cumhurba\u015fkan\u0131 Yard\u0131mc\u0131s\u0131, Avrupa Birli\u011fi ad\u0131na net konu\u015ftu, &#8220;hayalimiz, s\u0131n\u0131rlar\u0131 olmayan Trakya&#8221; dedi.<\/b><br \/>\nTrakya \u00dcniversitesi Edirne Yabanc\u0131 Diller Y\u00fcksekokulu&#8217;na &#8220;Bulgar Bulu\u015fma Noktas\u0131&#8221; a\u00e7\u0131l\u0131\u015f\u0131 i\u00e7in gelen Bulgaristan Cumhurba\u015fkan\u0131 Yard\u0131mc\u0131s\u0131 Angel Marin, AB ad\u0131na a\u00e7\u0131k konu\u015ftu. Marin &#8220;Trakya&#8217;n\u0131n s\u0131n\u0131rlar\u0131 Avrupa Birli\u011fi s\u0131n\u0131rlar\u0131 i\u00e7erisinde kalmal\u0131&#8221; dedi.<\/p>\n<p><b>&#8220;Trakya, Avrupa Birli\u011fi i\u00e7inde kals\u0131n&#8221;<\/b><br \/>\nA\u00e7\u0131l\u0131\u015fta T\u00fcrkiye ad\u0131na Edirne Vali Yard\u0131mc\u0131s\u0131 Ali Deniz S\u00fcrmen ve Trakya \u00dcniversitesi Rekt\u00f6r Yard\u0131mc\u0131s\u0131 Prof. Dr. Beyhan Karamanl\u0131o\u011flu bulundu. Bulgaristan taraf\u0131nda Angel Marin&#8217;in yan\u0131 s\u0131ra Edirne Ba\u015fkonsolosu Angel Angelov ve Konsolos Plamen Teodosiyev yer ald\u0131. A\u00e7\u0131l\u0131\u015fta konu\u015fan Bulgaristan Cumhurba\u015fkan\u0131 Yard\u0131mc\u0131s\u0131 Angel Marin &#8220;Edirne ve \u00e7evresi bir zamanlar sava\u015f alan\u0131yken \u015fimdilerde bu b\u00f6lgeler k\u00fclt\u00fcr ve e\u011fitim merkezi haline geldi&#8221; yorumunda bulundu. &#8220;Trakya s\u0131n\u0131rlar\u0131 Avrupa Birli\u011fi i\u00e7inde kals\u0131n&#8221; da diyen Marin, T\u00fcrkiye&#8217;nin Avrupa Birli\u011fi \u00fcyeli\u011fine &#8220;farkl\u0131&#8221; bir yakla\u015f\u0131m getirmi\u015f oldu.<\/p>\n<p><b>&#8220;S\u0131n\u0131rs\u0131z Trakya hayalimiz&#8221;<\/b><br \/>\nBulgaristan Cumhurba\u015fkan\u0131 Yard\u0131mc\u0131s\u0131 Marin, Trakya \u00dcniversitesi&#8217;nin Ay\u015fekad\u0131n yerle\u015fkesinde a\u00e7\u0131lan merkezin ili\u015fkilerde yeni bir esinti yarataca\u011f\u0131n\u0131 belirterek, daha iyiye giden ve de\u011fi\u015fen Balkanlar&#8217;daki \u00f6nemli faaliyetlerden biri olaca\u011f\u0131n\u0131 \u00f6ne s\u00fcrd\u00fc. T\u00fcrkiye-Bulgaristan Bulu\u015fma Noktas\u0131&#8217;n\u0131n &#8220;Avrupa&#8217;ya a\u00e7\u0131lan bir simge&#8221; oldu\u011funu s\u00f6yleyen Marin &#8220;b\u00fcy\u00fcyen yeni neslin gelece\u011fimize canl\u0131 bir k\u00f6pr\u00fc olmalar\u0131n\u0131 istiyorum&#8221; dedi.<!--more--><\/p>\n<p>Angel Marin s\u00f6zlerinin devam\u0131nda &#8220;Yeni neslin bizim birle\u015fmemiz i\u00e7in daha da azimli \u00e7al\u0131\u015fmas\u0131 gerekiyor. Bunun i\u00e7in bug\u00fcnk\u00fc k\u00fcreselle\u015fmenin slogan\u0131 olan &#8216;farkl\u0131l\u0131klar\u0131n birle\u015ftirilmesi&#8217; s\u00f6z\u00fcn\u00fc ger\u00e7ekle\u015ftirmemiz gerekiyor. Burada e\u011fitim alacak gen\u00e7lerin s\u0131n\u0131rs\u0131z Trakya hayalimizi ger\u00e7ekle\u015ftirmelerini istiyoruz&#8221; diye konu\u015ftu.<\/p>\n<p><b>Edirne Vali Yard\u0131mc\u0131s\u0131: &#8220;\u0130leri boyutta kom\u015fuluk&#8221;<\/b><br \/>\nEdirne Vali Yard\u0131mc\u0131s\u0131 Ali Deniz S\u00fcrmen ise son y\u0131llardaki kar\u015f\u0131l\u0131kl\u0131 temaslar\u0131n olumlu oldu\u011funu belirterek, &#8220;Art\u0131k kom\u015fuluk ili\u015fkileri daha da ileri boyutlarda&#8221; dedi. Valilik ve belediye olarak Bulgaristan&#8217;da kom\u015fu iller Haskova, Burgaz, Yambol ve Varna illeriyle olan orta ve b\u00fcy\u00fck \u00f6l\u00e7ekli projelerde AB fonlar\u0131n\u0131 kullanarak bir\u00e7ok i\u015f yapt\u0131klar\u0131n\u0131 belirten S\u00fcrmen, bu i\u015f birli\u011finin artarak devam edece\u011fini ve daha iyi sonu\u00e7lar al\u0131naca\u011f\u0131n\u0131 \u00fcmit etti\u011fini bildirdi.<\/p>\n<p>Trakya \u00dcniversitesi Rekt\u00f6r Yard\u0131mc\u0131s\u0131 Prof. Dr. Beyhan Karamanl\u0131o\u011flu da \u00fcniversite olarak a\u00e7\u0131lan bulu\u015fma noktalar\u0131yla Balkanlarda \u00e7ekim merkezi haline gelmeyi hedeflediklerin kaydetti. &#8220;Bulgaristan&#8217;la tarihimiz ortakt\u0131r&#8221; diyen Karamanl\u0131o\u011flu &#8220;Y\u00fczy\u0131llarca ayn\u0131 tarihi payla\u015ft\u0131k. Tarihteki bu beraberli\u011fimiz g\u00fcn\u00fcm\u00fczde de dostlu\u011fa ve i\u015f birli\u011fine g\u00fc\u00e7 katmaktad\u0131r&#8221; dedi.<\/p>\n<p>Konu\u015fmalar\u0131n ard\u0131ndan Marin ve di\u011fer kat\u0131l\u0131mc\u0131lar, T\u00fcrkiye-Bulgaristan Bulu\u015fma Noktas\u0131&#8217;n\u0131n a\u00e7\u0131l\u0131\u015f\u0131n\u0131 yapt\u0131. Marin, Bulu\u015fma Noktas\u0131 i\u00e7inde yer alan Bulgaristan E\u011fitim ve Tan\u0131t\u0131m Merkezi&#8217;ne T\u00fcrk\u00e7e ve Bulgarca yazan bir plaket takt\u0131. Trakya \u00dcniversitesi \u00f6\u011fretim elemanlar\u0131 ve \u00f6\u011frenciler Merkez&#8217;deki Bulgarca e\u011fitim materyallerinden faydalanabilecek. Bulgar televizyon kanallar\u0131n\u0131n da izlenebilece\u011fi merkezde dil e\u011fitimi verecek bir Bulgar \u00f6\u011fretmen g\u00f6revlendirilecek.<\/p>\n","protected":false},"excerpt":{"rendered":"<p>Edirne&#8217;ye gelen Bulgaristan Cumhurba\u015fkan\u0131 Yard\u0131mc\u0131s\u0131, Avrupa Birli\u011fi ad\u0131na net konu\u015ftu, &#8220;hayalimiz, s\u0131n\u0131rlar\u0131 olmayan Trakya&#8221; dedi. Trakya \u00dcniversitesi Edirne Yabanc\u0131 Diller Y\u00fcksekokulu&#8217;na &#8220;Bulgar Bulu\u015fma Noktas\u0131&#8221; a\u00e7\u0131l\u0131\u015f\u0131 i\u00e7in gelen Bulgaristan Cumhurba\u015fkan\u0131 Yard\u0131mc\u0131s\u0131 Angel Marin, AB ad\u0131na a\u00e7\u0131k konu\u015ftu. Marin &#8220;Trakya&#8217;n\u0131n s\u0131n\u0131rlar\u0131 Avrupa Birli\u011fi s\u0131n\u0131rlar\u0131 i\u00e7erisinde kalmal\u0131&#8221; dedi. &#8220;Trakya, Avrupa Birli\u011fi i\u00e7inde kals\u0131n&#8221; A\u00e7\u0131l\u0131\u015fta T\u00fcrkiye ad\u0131na Edirne Vali [&hellip;]<\/p>\n","protected":false},"author":331,"featured_media":0,"comment_status":"open","ping_status":"open","sticky":false,"template":"","format":"standard","meta":{"advanced_seo_description":"","jetpack_seo_html_title":"","jetpack_seo_noindex":false,"ngg_post_thumbnail":0,"jetpack_post_was_ever_published":false,"_jetpack_newsletter_access":"","_jetpack_dont_email_post_to_subs":false,"_jetpack_newsletter_tier_id":0,"_jetpack_memberships_contains_paywalled_content":false,"_jetpack_memberships_contains_paid_content":false,"footnotes":""},"categories":[5],"tags":[],"class_list":["post-1295","post","type-post","status-publish","format-standard","hentry","category-haberler"],"jetpack_featured_media_url":"","jetpack_shortlink":"https:\/\/wp.me\/paHHlZ-kT","jetpack-related-posts":[{"id":1270,"url":"https:\/\/www.gocmeniz.biz\/?p=1270","url_meta":{"origin":1295,"position":0},"title":"Bulgaristan Cumhurba\u015fkan\u0131 Yard\u0131mc\u0131s\u0131, T\u00fcrkiye-Bulgaristan Bulu\u015fma Noktas\u0131&#8217;n\u0131n A\u00e7\u0131l\u0131\u015f\u0131na Kat\u0131ld\u0131","author":"Haberci","date":"28 May\u0131s 2009","format":false,"excerpt":"Bulgaristan Cumhurba\u015fkan\u0131 Yard\u0131mc\u0131s\u0131 Angel Marin, Trakya \u00dcniversitesi (T.\u00dc)'ndeki T\u00fcrkiye-Bulgaristan Bulu\u015fma Noktas\u0131 merkezinin a\u00e7\u0131l\u0131\u015f\u0131na kat\u0131ld\u0131. Bulu\u015fma noktas\u0131n\u0131n T\u00fcrk-Bulgar ili\u015fkilerinde yeni bir esinti olu\u015fturaca\u011f\u0131n\u0131 belirten Marin, merkezin daha iyiye giden ve de\u011fi\u015fen Balkanlar'daki \u00f6nemli faaliyetlerden biri olaca\u011f\u0131n\u0131 belirtti. Konuk Cumhurba\u015fkan\u0131 Yard\u0131mc\u0131s\u0131 Marin, \"Biz bug\u00fcn aram\u0131zda olan arkada\u015fl\u0131k ve ili\u015fkimizin daha da geli\u015fmesi\u2026","rel":"","context":"&quot;Haberler&quot; i\u00e7inde","block_context":{"text":"Haberler","link":"https:\/\/www.gocmeniz.biz\/?cat=5"},"img":{"alt_text":"","src":"","width":0,"height":0},"classes":[]},{"id":1272,"url":"https:\/\/www.gocmeniz.biz\/?p=1272","url_meta":{"origin":1295,"position":1},"title":"Emekli generalden SAVA\u015e itiraf\u0131","author":"Haberci","date":"28 May\u0131s 2009","format":false,"excerpt":"BULGAR\u0130STAN Cumhurba\u015fkan\u0131 Yard\u0131mc\u0131s\u0131 emekli General Angel Marin ilgin\u00e7 bir itirafta bulundu. BULGAR\u0130STAN Cumhurba\u015fkan\u0131 Yard\u0131mc\u0131s\u0131 emekli General Angel Marin \u00fclkesinde silahl\u0131 kuvvetlerde g\u00f6rev yapt\u0131\u011f\u0131 s\u0131rada kendilerinin s\u00fcrekli olarak T\u00fcrkiye ile sava\u015f yap\u0131lmas\u0131 konusunda e\u011fitildi\u011fini s\u00f6yledi. Trakya \u00dcniversitesi Yabanc\u0131 Diller Y\u00fcksek Okulu T\u00fcrk- Bulgar Akademisyenler ve \u00d6\u011frenciler Bulu\u015fma Noktas\u0131'n\u0131n a\u00e7\u0131l\u0131\u015f\u0131 Bulgaristan Cumhurba\u015fkan\u0131\u2026","rel":"","context":"&quot;Haberler&quot; i\u00e7inde","block_context":{"text":"Haberler","link":"https:\/\/www.gocmeniz.biz\/?cat=5"},"img":{"alt_text":"","src":"","width":0,"height":0},"classes":[]},{"id":442,"url":"https:\/\/www.gocmeniz.biz\/?p=442","url_meta":{"origin":1295,"position":2},"title":"BULGAR\u0130STAN&#8217;DAK\u0130 T\u0130CAR\u0130 \u0130MKANLAR, TRAKYA \u0130\u015e PLATFORMU&#8217;NDA TANITILDI","author":"Haberci","date":"19 Haziran 2008","format":false,"excerpt":"Trakyal\u0131 i\u015fadamlar\u0131n\u0131n olu\u015fturdu\u011fu Trakya \u0130\u015f Hayat\u0131 Dernekleri Platformu, Bulgaristan'daki ticari imkanlar\u0131 masaya yat\u0131ran bir toplant\u0131 d\u00fczenledi. T\u00fcrk ve Bulgar yetkililerin kat\u0131ld\u0131\u011f\u0131 toplant\u0131da Trakyal\u0131 i\u015f adamlar\u0131n\u0131n ekonomik i\u015fbirli\u011fine haz\u0131r olduklar\u0131 vurguland\u0131. TUSKON'a ba\u011fl\u0131 Trakya da faaliyet g\u00f6steren derneklerin olu\u015fturdu\u011fu Trakya \u0130\u015f Hayat\u0131 Dernekleri Platformunun d\u00fczenledi\u011fi 'Kom\u015fu \u00dclke Bulgaristan S\u0131n\u0131r\u0131nda \u0130\u015f \u0130mkanlar\u0131'\u2026","rel":"","context":"Benzer yaz\u0131","block_context":{"text":"Benzer yaz\u0131","link":""},"img":{"alt_text":"","src":"","width":0,"height":0},"classes":[]},{"id":1654,"url":"https:\/\/www.gocmeniz.biz\/?p=1654","url_meta":{"origin":1295,"position":3},"title":"Bat\u0131 Trakya Tarihi Se\u00e7ek Ya\u011fl\u0131 G\u00fcre\u015flerinde T\u00fcrk, Yunan ve Bulgar g\u00fcre\u015f\u00e7iler kap\u0131\u015ft\u0131","author":"Haberci","date":"04 A\u011fustos 2009","format":false,"excerpt":"DEDEA\u011eA\u00c7(C\u0130HAN)- Yunanistan`\u0131n Rodop ve Meri\u00e7(Evros) illerinin birle\u015fti\u011fi Se\u00e7ek yaylas\u0131nda d\u00fczenlenen geleneksel Se\u00e7ek Ya\u011fl\u0131 G\u00fcre\u015fleri ve K\u00fclt\u00fcrel \u015eenlikleri k\u00fclt\u00fcrel etkinlikler ve ya\u011fl\u0131 g\u00fcre\u015f finaliyle sona erdi. Ba\u015fpehlival\u0131\u011f\u0131 Edirneli \u00fcnl\u00fc g\u00fcre\u015f\u00e7i Ahmet Yavuz kazand\u0131. Se\u00e7ek Az\u0131nl\u0131k E\u011fitim ve K\u00fclt\u00fcr Derne\u011fi`nin d\u00fczenledi\u011fi ve 650 y\u0131ll\u0131k bir ge\u00e7mi\u015fe sahip tarihi ya\u011fl\u0131 g\u00fcre\u015fler ve k\u00fclt\u00fcrel\u2026","rel":"","context":"&quot;Haberler&quot; i\u00e7inde","block_context":{"text":"Haberler","link":"https:\/\/www.gocmeniz.biz\/?cat=5"},"img":{"alt_text":"","src":"","width":0,"height":0},"classes":[]},{"id":1457,"url":"https:\/\/www.gocmeniz.biz\/?p=1457","url_meta":{"origin":1295,"position":4},"title":"Bulgaristan\u2019da \u00fcniversite f\u0131rsat\u0131","author":"Haberci","date":"26 Haziran 2009","format":false,"excerpt":"\u00d6SS'de, \u00fcniversiye yerle\u015fme \u00fcmidi olmayan gen\u00e7ler Bulgaristan'da y\u00fcksek \u00f6\u011frenim imkan\u0131 bulabilecek. Bulgaristan Trakya \u00dcniversitesi, T\u00fcrk gen\u00e7lerini bekliyor. Nagihan G\u00d6RKEN'in haberi.. Son y\u0131llarda \u00d6SS'de a\u00e7\u0131kta kalan \u00f6\u011frencilerin Bulgaristan \u00fcniversitelerine g\u00f6sterdi\u011fi b\u00fcy\u00fck ilgi \u00fczerine, Bulgaristan Trakya \u00dcniversitesi Stara Zagora rekt\u00f6r yard\u0131mc\u0131lar\u0131 bu konuda a\u00e7\u0131klamalarda bulunmak \u00fczere Bal-G\u00f6\u00e7 Genel Merkezi'ni ziyaret etti. Ziyarette\u2026","rel":"","context":"&quot;Haberler&quot; i\u00e7inde","block_context":{"text":"Haberler","link":"https:\/\/www.gocmeniz.biz\/?cat=5"},"img":{"alt_text":"","src":"","width":0,"height":0},"classes":[]},{"id":778,"url":"https:\/\/www.gocmeniz.biz\/?p=778","url_meta":{"origin":1295,"position":5},"title":"\u00c7EK CUMHUR\u0130YET\u0130, BULGAR\u0130STAN&#8217;DAN \u00d6Z\u00dcR D\u0130LED\u0130","author":"Haberci","date":"15 Ocak 2009","format":false,"excerpt":"Avrupa Birli\u011fi (AB) D\u00f6nem Ba\u015fkan\u0131 \u00c7ek Cumhuriyeti, AB Konseyi binas\u0131ndaki sergide Bulgaristan'\u0131 bir alaturka tuvalet olarak resmedilmesi nedeniyle \u00f6z\u00fcr diledi.\u00c7ek Cumhuriyeti'nin alt\u0131 ay s\u00fcreli AB d\u00f6nem ba\u015fkanl\u0131\u011f\u0131n\u0131n ba\u015flamas\u0131 dolay\u0131s\u0131yla temsiller Br\u00fcksel'deki Justus Lipsius binas\u0131na yerle\u015ftirilmi\u015fti. Bulgaristan, alaturka tuvalet olarak temsil edilmesini k\u0131nam\u0131\u015ft\u0131. \u00c7ek yetkililer, temsillerin 27 ayr\u0131 Avrupa sanat\u00e7\u0131s\u0131na sipari\u015f\u2026","rel":"","context":"&quot;Haberler&quot; i\u00e7inde","block_context":{"text":"Haberler","link":"https:\/\/www.gocmeniz.biz\/?cat=5"},"img":{"alt_text":"","src":"","width":0,"height":0},"classes":[]}],"jetpack_sharing_enabled":true,"jetpack_likes_enabled":true,"_links":{"self":[{"href":"https:\/\/www.gocmeniz.biz\/index.php?rest_route=\/wp\/v2\/posts\/1295","targetHints":{"allow":["GET"]}}],"collection":[{"href":"https:\/\/www.gocmeniz.biz\/index.php?rest_route=\/wp\/v2\/posts"}],"about":[{"href":"https:\/\/www.gocmeniz.biz\/index.php?rest_route=\/wp\/v2\/types\/post"}],"author":[{"embeddable":true,"href":"https:\/\/www.gocmeniz.biz\/index.php?rest_route=\/wp\/v2\/users\/331"}],"replies":[{"embeddable":true,"href":"https:\/\/www.gocmeniz.biz\/index.php?rest_route=%2Fwp%2Fv2%2Fcomments&post=1295"}],"version-history":[{"count":1,"href":"https:\/\/www.gocmeniz.biz\/index.php?rest_route=\/wp\/v2\/posts\/1295\/revisions"}],"predecessor-version":[{"id":9124,"href":"https:\/\/www.gocmeniz.biz\/index.php?rest_route=\/wp\/v2\/posts\/1295\/revisions\/9124"}],"wp:attachment":[{"href":"https:\/\/www.gocmeniz.biz\/index.php?rest_route=%2Fwp%2Fv2%2Fmedia&parent=1295"}],"wp:term":[{"taxonomy":"category","embeddable":true,"href":"https:\/\/www.gocmeniz.biz\/index.php?rest_route=%2Fwp%2Fv2%2Fcategories&post=1295"},{"taxonomy":"post_tag","embeddable":true,"href":"https:\/\/www.gocmeniz.biz\/index.php?rest_route=%2Fwp%2Fv2%2Ftags&post=1295"}],"curies":[{"name":"wp","href":"https:\/\/api.w.org\/{rel}","templated":true}]}}