{"id":13,"date":"2007-02-26T17:18:08","date_gmt":"2007-02-26T15:18:08","guid":{"rendered":"http:\/\/www.gocmeniz.biz\/?p=13"},"modified":"2026-04-03T12:27:19","modified_gmt":"2026-04-03T09:27:19","slug":"13","status":"publish","type":"post","link":"https:\/\/www.gocmeniz.biz\/?p=13","title":{"rendered":"Bulgar gazetelerinde bug\u00fcn. 26 \u015eubat 2007, Pazartesi"},"content":{"rendered":"<p><span style=\"font-size: 10pt; font-family: Arial\">GENEL VE POL\u0130T\u0130KA<\/span><\/p>\n<p><span style=\"font-size: 10pt; font-family: Arial\">&#8211; H\u00fck\u00fcmetin kabul etti\u011fi trafik g\u00fcvenli\u011fi program\u0131 gere\u011fince, ana yollardaki tabelalar temmuz ay\u0131na kadar de\u011fi\u015ftirilecek. Yeni levhalardaki isimlerin <strong>Latince<\/strong> de yaz\u0131lmas\u0131 planlan\u0131yor. (24 \u00c7asa)<\/span><span style=\"font-size: 10pt; font-family: Arial\"><o:p><\/o:p><\/span><\/p>\n<p><span style=\"font-size: 10pt; font-family: Arial\">&#8211; <strong>Bulgaristan Gazete Yay\u0131nc\u0131lar\u0131 Birli\u011fi<\/strong>, milliyet\u00e7i Ataka partisi lideri <strong>Volen Siderov<\/strong>&#8216;un ve partisinin sempatizanlar\u0131n\u0131n hafta sonunda iki gazete ofisine girmesini tehlikeli ve \u00e7irkin buldu\u011funu a\u00e7\u0131klad\u0131. Birlikten yap\u0131lan a\u00e7\u0131klamada, <strong>&#8220;Ba\u015fsavc\u0131l\u0131k ve di\u011fer tasama organlar\u0131, yetkilerini kullanarak topluma, bu \u00fclkede herkes i\u00e7in ge\u00e7erli yasalar\u0131n oldu\u011funu g\u00f6stermesi gerekiyor&#8221;<\/strong> deniliyor. (Trud)<\/span><!--more--><span style=\"font-size: 10pt; font-family: Arial\"><o:p><\/o:p><\/span><\/p>\n<p><span style=\"font-size: 10pt; font-family: Arial\">&#8211; Bulgaristan M\u00fcsl\u00fcmanlar Birli\u011fi Ba\u015fkan\u0131 ve eski Sofya m\u00fcft\u00fcs\u00fc Ali Hayreddin, <strong>&#8220;2003 y\u0131l\u0131ndan beri \u00e7al\u0131\u015ft\u0131rd\u0131\u011f\u0131m <\/strong><em><span style=\"color: blue\">islam-bg.net<\/span><\/em><strong> sitesinde \u015fimdiye kadar radikal \u0130slam fikirleri yer almam\u0131\u015ft\u0131r.&#8221;<\/strong> dedi. Yurtd\u0131\u015f\u0131ndaki \u0130slami kurulu\u015flarla ba\u011flant\u0131s\u0131 olmad\u0131\u011f\u0131n\u0131 ve yurtd\u0131\u015f\u0131ndan para deste\u011fi almad\u0131\u011f\u0131n\u0131 belirten <strong>Hayreddin<\/strong>, radikal \u0130slami fikirler i\u00e7eren Bulgarca siteler \u00e7al\u0131\u015ft\u0131rd\u0131klar\u0131 gerek\u00e7esiyle daha \u00fc\u00e7 ki\u015fiyle birlikte ge\u00e7en hafta tutuklanm\u0131\u015f ve daha sonra para kar\u015f\u0131l\u0131\u011f\u0131nda serbest b\u0131rak\u0131lm\u0131\u015ft\u0131. (Trud)<\/span><span style=\"font-size: 10pt; font-family: Arial\"><o:p><\/o:p><\/span><\/p>\n<p><span style=\"font-size: 10pt; font-family: Arial\">&#8211; Ba\u015fbakan <strong>Sergey Stani\u015fev<\/strong>, T\u00fcrkiye&#8217;deki g\u00f6\u00e7menlerin Avrupa Parlamentosu\u2019na milletvekilli\u011fi se\u00e7iminde oy kullanmalar\u0131n\u0131n engellenmesi nedeniyle g\u00fcndeme gelen \u00e7ifte vatanda\u015fl\u0131\u011f\u0131n kald\u0131r\u0131lmas\u0131 fikrine kar\u015f\u0131 oldu\u011funu s\u00f6yledi. Yurtd\u0131\u015f\u0131nda 1.3 milyon Bulgaristan vatanda\u015f\u0131 oldu\u011funu kaydeden <strong>Stani\u015fev<\/strong>, siyasi bir problemin idari \u00f6nlemlerle ve vatanda\u015flar\u0131n haklar\u0131n\u0131 s\u0131n\u0131rland\u0131rma yoluyla \u00e7\u00f6z\u00fclemeyece\u011fini belitti. (Sega)<\/span><span style=\"font-size: 10pt; font-family: Arial\"><o:p><\/o:p><\/span><\/p>\n<p><span style=\"font-size: 10pt; font-family: Arial\">&#8211; \u0130ngiltere&#8217;de yay\u0131nlanan <em>Sunday Herald<\/em> gazetesi, n\u00fckleer program\u0131 nedeniyle \u0130ran&#8217;\u0131 hedef alan <strong>Amerika Birle\u015fik Devletleri<\/strong>&#8216;nin Bulgaristan&#8217;daki \u00fcslerine <strong>B-2 Stealt<\/strong> bombard\u0131man u\u00e7aklar\u0131n\u0131n gelmeye ba\u015flad\u0131\u011f\u0131n\u0131 yazd\u0131. Habere g\u00f6re, ABD u\u00e7aklar\u0131 \u0130ran&#8217;daki \u015f\u00fcpheli noktalar i\u00e7in kullanabilece\u011fi belirtiliyor. (Monitor)<\/span><span style=\"font-size: 10pt; font-family: Arial\"><o:p><\/o:p><\/span><\/p>\n<p><span style=\"font-size: 10pt; font-family: Arial\">&#8211; Ba\u015fbakan <strong>Sergey Stani\u015fev<\/strong>, Sosyalistlerin liderli\u011findeki iktidar koalisyonunun sa\u011flam oldu\u011funu ve h\u00fck\u00fcmette de\u011fi\u015fikli\u011fe gerek olmad\u0131\u011f\u0131n\u0131 s\u00f6yledi. (Standart)<\/span><span style=\"font-size: 10pt; font-family: Arial\"><o:p><\/o:p><\/span><\/p>\n<p><span style=\"font-size: 10pt; font-family: Arial\">&#8211; Yap\u0131lan bir ara\u015ft\u0131rma sonu\u00e7lar\u0131, genel se\u00e7imler bug\u00fcn olsayd\u0131 iktidardaki <strong>Sosyalist Partisi<\/strong> oylar\u0131n 19.9\u2019unu, Sofya Belediye Ba\u015fkan\u0131\u2019n\u0131n <strong>GERB<\/strong> partisi ise y\u00fczde 9 destek alaca\u011f\u0131n\u0131 g\u00f6steriyor. (Standart)<\/span><\/p>\n<p><span style=\"font-size: 10pt; font-family: Arial\"><o:p><\/o:p><\/span><span style=\"font-size: 10pt; font-family: Arial\">EKONOM\u0130 VE MAL\u0130YE<\/span><span style=\"font-size: 10pt; font-family: Arial\"><\/span><\/p>\n<p><strong>Bulgaristan<\/strong> ile <strong>ABD<\/strong>, iki \u00fclkedeki \u00e7ifte vergilendirmeyi kald\u0131ran bir anla\u015fma imzalad\u0131. Buna g\u00f6re Bulgaristanl\u0131 \u00fcniversite \u00f6\u011frencilerinin y\u0131lda 9,000 dolara kadar kazand\u0131klar\u0131 gelirler vergiye tabi olmayacak. (Dnevnik, Trud)<br \/>\n<span style=\"font-size: 10pt; font-family: Arial\"><o:p><br \/>\n<\/o:p><\/span><span style=\"font-size: 10pt; font-family: Arial\">&#8211; &#8220;<strong>Mediana<\/strong>&#8221; adl\u0131 kurulu\u015ftan sosyolog <strong>Kolyo Kolev<\/strong>, zengin emeklilerin, m\u00fclklerinden bir k\u0131sm\u0131n\u0131 satmalar\u0131n\u0131 ve devletin, en fakirlere ek sosyal yard\u0131m vermesini teklif ediyor. <strong>Kolev<\/strong>&#8216;in ara\u015ft\u0131rmalar\u0131na g\u00f6re, emeklilerin y\u00fczde 20&#8217;sinin \u015fehirlerde m\u00fclkleri, baz\u0131lar\u0131nda ise arazi ve ormanlar\u0131 var. <strong>Kolev<\/strong>, bu m\u00fclklerin vergilendirilmesi ve tahsil edilen paralar\u0131n, yoksulluk s\u0131n\u0131r\u0131n\u0131n alt\u0131nda ya\u015fayan ya\u015fl\u0131lara verilmesi gerekti\u011fini \u00f6neriyor. (24 \u00c7asa)<br \/>\n<\/span><span style=\"font-size: 10pt; font-family: Arial\"><o:p><br \/>\n<\/o:p><\/span><span style=\"font-size: 10pt; font-family: Arial\">&#8211; H\u00fck\u00fcmet ve sendikalar, emeklilik sigortas\u0131n\u0131n 67-68 ya\u015f\u0131na kadar \u00f6denmesi ve erkeklerle kad\u0131nlar\u0131n emeklilik ya\u015f\u0131n\u0131n e\u015fit hale getirilerek en az 65 olmas\u0131 gibi konular\u0131 g\u00f6r\u00fc\u015fmeye ba\u015fl\u0131yor. Bunlar, <strong>Avrupa Birli\u011fi<\/strong>&#8216;nin Bulgaristan&#8217;\u0131n sigorta sisteminde reform yap\u0131lmas\u0131na ili\u015fkin yapt\u0131\u011f\u0131 \u00f6nerilerinin de aras\u0131nda bulunuyor. \u015eu an Bulgaristan&#8217;da ortalama <strong>100 \u00e7al\u0131\u015fana 82 emekli<\/strong> d\u00fc\u015f\u00fcyor. (Trud)<br \/>\n<\/span><span style=\"font-size: 10pt; font-family: Arial\"><o:p><br \/>\n<\/o:p><\/span><span style=\"font-size: 10pt; font-family: Arial\">&#8211; Uluslararas\u0131 ta\u015f\u0131mac\u0131lar, \u00fclkeden transit ge\u00e7i\u015f yapan TIR-lar konusunda Bulgaristan&#8217;\u0131n T\u00fcrkiye ile g\u00f6r\u00fc\u015fmelerinde a\u00e7\u0131k bir tutumu olmamas\u0131n\u0131 protesto ediyor. Uluslararas\u0131 Ta\u015f\u0131mac\u0131lar Birli\u011fi Ba\u015fkan\u0131<strong> Petko Angelov<\/strong>, Ula\u015ft\u0131rma Bakanl\u0131\u011f\u0131&#8217;n\u0131n transit ge\u00e7en T\u00fcrk TIR-lar\u0131 i\u00e7in piyasay\u0131 tamamen serbest b\u0131rakmas\u0131 (ruhsats\u0131z) durumunda, Bulgar firmalar\u0131n\u0131n kamyonlar\u0131yla Sofya&#8217;y\u0131 kapataca\u011f\u0131n\u0131 a\u00e7\u0131klad\u0131. (Monitor)<br \/>\n<\/span><span style=\"font-size: 10pt; font-family: Arial\"><o:p><br \/>\n<\/o:p><\/span><span style=\"font-size: 10pt; font-family: Arial\">\u0130\u015e D\u00dcNYASI<\/span><\/p>\n<p><span style=\"font-size: 10pt; font-family: Arial\"><o:p><\/o:p><\/span><span style=\"font-size: 10pt; font-family: Arial\">&#8211; Bulgaristan&#8217;da i\u015f g\u00fcc\u00fcnde ya\u015fanan a\u00e7\u0131k nedeniyle yurtd\u0131\u015f\u0131ndan ruhsats\u0131z i\u015f\u00e7i alma olaylar\u0131n\u0131n artt\u0131\u011f\u0131 bildirildi. \u00dclkede ka\u00e7ak \u00e7al\u0131\u015fan yabanc\u0131lar\u0131n geni\u015f \u00e7apl\u0131 kontrol\u00fc ba\u015fl\u0131yor. (24 \u00c7asa)<br \/>\n<\/span><span style=\"font-size: 10pt; font-family: Arial\"><o:p><br \/>\n<\/o:p><\/span><span style=\"font-size: 10pt; font-family: Arial\">&#8211; <strong>Bulgaristan<\/strong>, <strong>Romanya<\/strong> ve <strong>T\u00fcrkiye<\/strong>, i\u015fyerlerinde en az bili\u015fim teknolojisinin (IT) kullan\u0131ld\u0131\u011f\u0131 \u00fclkeler oldu\u011fu bildirildi. <strong>Avrupa Ya\u015fam ve \u00c7al\u0131\u015fma \u015eartlar\u0131n\u0131 \u0130yile\u015ftirme Vakf\u0131<\/strong>&#8216;n\u0131n yapt\u0131\u011f\u0131 bir ara\u015ft\u0131rma sonu\u00e7lar\u0131nda, Bulgaristan\u2019\u0131n mesai s\u00fcresinin uzunlu\u011fu bak\u0131m\u0131ndan AB \u00fclkelerinde <strong>Romanya<\/strong> ve <strong>Yunanistan<\/strong>&#8216;dan sonra \u00fc\u00e7\u00fcnc\u00fc s\u0131rada yer ald\u0131\u011f\u0131 ortaya \u00e7\u0131kt\u0131. <strong>Bulgaristan<\/strong>, cumartesi ve pazar g\u00fcnlerinde \u00e7al\u0131\u015fma a\u00e7\u0131s\u0131ndan da, <strong>T\u00fcrkiye, Yunanistan, Romanya <\/strong>ve<strong> Polonya<\/strong>&#8216;dan sonra \u00f6n s\u0131ralarda bulunuyor. Avrupa Birli\u011fi&#8217;nde \u00e7al\u0131\u015fanlar\u0131n y\u00fczde 78&#8217;i s\u00fcresiz, y\u00fczde 12&#8217;si s\u00fcreli s\u00f6zle\u015fmeyle \u00e7al\u0131\u015f\u0131yor. <strong>Bulgaristan<\/strong>, s\u00fcreli s\u00f6zle\u015fmelerin en yayg\u0131n oldu\u011fu \u00fclkeler aras\u0131nda y\u00fczde 19 ile <strong>Polonya<\/strong> ve <strong>\u0130spanya<\/strong>&#8216;dan sonra 3. s\u0131rada yer al\u0131yor. (Sega)<\/span><span style=\"font-size: 10pt; font-family: Arial\"><o:p><\/o:p><\/span><\/p>\n<p><span style=\"font-size: 10pt; font-family: Arial\">&#8211; Bulgaristan&#8217;da ge\u00e7en y\u0131l, makinelerin i\u015f\u00e7iler i\u00e7in tehlikeli olmas\u0131 nedeniyle yakla\u015f\u0131k 1,500 i\u015fletmenin ge\u00e7ici olarak kapat\u0131ld\u0131\u011f\u0131 bildirildi. Re\u015fit olmayan \u00e7ocuklar\u0131 i\u015fe alan 100 firmaya ceza kesildi. (Monitor)<\/span><span style=\"font-size: 10pt; font-family: Arial\"><o:p><\/o:p><\/span><\/p>\n<p><span style=\"font-size: 10pt; font-family: Arial\">&#8211; Yunan cep telefonu operat\u00f6r\u00fc <strong>Cosmote<\/strong>\u2019nin Bulgaristan\u2019daki kolu olan <strong>Globul<\/strong>\u2019un 2006 y\u0131l\u0131nda bir \u00f6nceki y\u0131la g\u00f6re net kar\u0131 y\u00fczde 23 art\u0131rarak 63.4 leva oldu. (Dnevnik)<\/span><span style=\"font-size: 10pt; font-family: Arial\"><o:p><\/o:p><\/span><\/p>\n<p><span style=\"font-size: 10pt; font-family: Arial\">&#8211; Bulgaristan\u2019daki di\u011fer cep telefonu \u015firketi <strong>Mobiltel<\/strong>, \u00fclkedeki firmalar\u0131n y\u00fczde 70\u2019inin kendisine abone oldu\u011funu a\u00e7\u0131klad\u0131. (Monitor)<\/span><\/p>\n<p><span style=\"font-size: 10pt; font-family: Arial\">YA\u015eAM<\/span><span style=\"font-size: 10pt; font-family: Arial\"><o:p><\/o:p><\/span><\/p>\n<p><span style=\"font-size: 10pt; font-family: Arial\">&#8211; Yunan otelciler, yaz mevsiminin ba\u015f\u0131ndan itibaren Bulgaristanl\u0131 turistlere Sofya ve Plovdiv kentlerinden <strong>Yunanistan<\/strong>&#8216;\u0131n <strong>Evros<\/strong> b\u00f6lgesine \u00fccretsiz otob\u00fcs hizmeti sunacaklar\u0131n\u0131 a\u00e7\u0131klad\u0131lar. (Sega)<\/span><span style=\"font-size: 10pt; font-family: Arial\"><o:p><\/o:p><\/span><\/p>\n<p><strong><span style=\"font-size: 10pt; font-family: Arial\">D\u00f6viz kurlar\u0131 (Bulgar levas\u0131)<\/span><\/strong><span style=\"font-size: 10pt; font-family: Arial\"><o:p><\/o:p><\/span><\/p>\n<p><span style=\"font-size: 10pt; font-family: Arial\">1 EUR<span>  <\/span>1.95583<br \/>\n<\/span><span style=\"font-size: 10pt; font-family: Arial\">1 USD<span>  <\/span>1.48914<br \/>\n<\/span><span style=\"font-size: 10pt; font-family: Arial\">1 YTL<span>   <\/span>1.07795<br \/>\n<\/span><span style=\"font-size: 10pt; font-family: Arial\">1 GBP<span>  <\/span>2.92264<o:p><\/o:p><\/span><\/p>\n","protected":false},"excerpt":{"rendered":"<p>GENEL VE POL\u0130T\u0130KA &#8211; H\u00fck\u00fcmetin kabul etti\u011fi trafik g\u00fcvenli\u011fi program\u0131 gere\u011fince, ana yollardaki tabelalar temmuz ay\u0131na kadar de\u011fi\u015ftirilecek. Yeni levhalardaki isimlerin Latince de yaz\u0131lmas\u0131 planlan\u0131yor. (24 \u00c7asa) &#8211; Bulgaristan Gazete Yay\u0131nc\u0131lar\u0131 Birli\u011fi, milliyet\u00e7i Ataka partisi lideri Volen Siderov&#8216;un ve partisinin sempatizanlar\u0131n\u0131n hafta sonunda iki gazete ofisine girmesini tehlikeli ve \u00e7irkin buldu\u011funu a\u00e7\u0131klad\u0131. Birlikten yap\u0131lan a\u00e7\u0131klamada, [&hellip;]<\/p>\n","protected":false},"author":1,"featured_media":0,"comment_status":"open","ping_status":"open","sticky":false,"template":"","format":"standard","meta":{"advanced_seo_description":"","jetpack_seo_html_title":"","jetpack_seo_noindex":false,"ngg_post_thumbnail":0,"jetpack_post_was_ever_published":false,"_jetpack_newsletter_access":"","_jetpack_dont_email_post_to_subs":false,"_jetpack_newsletter_tier_id":0,"_jetpack_memberships_contains_paywalled_content":false,"_jetpack_memberships_contains_paid_content":false,"footnotes":""},"categories":[5],"tags":[],"class_list":["post-13","post","type-post","status-publish","format-standard","hentry","category-haberler"],"jetpack_featured_media_url":"","jetpack_shortlink":"https:\/\/wp.me\/saHHlZ-13","jetpack-related-posts":[{"id":298,"url":"https:\/\/www.gocmeniz.biz\/?p=298","url_meta":{"origin":13,"position":0},"title":"10 Bin tirajl\u0131 \u00fccretsiz gazete geliyor","author":"Admin","date":"27 \u015eubat 2008","format":false,"excerpt":"Faktor Medya Grubu, Burgas, Veliko T\u0131rnovo, Sofya b\u00f6lgelerinden sonra ayn\u0131 ad\u0131 ta\u015f\u0131yan \u00fccretsiz haftal\u0131k gazetelerini K\u0131rcaali B\u00f6lgesi i\u00e7in de yay\u0131mlamaya ba\u015fl\u0131yor. \u0130lk etapta 5 bin adet bas\u0131lacak Faktor Gazetesi, tamamen \u00fccretsiz da\u011f\u0131t\u0131lacak. \u00dc\u00e7\u00fcnc\u00fc say\u0131dan itibaren 10 bin tirajla bas\u0131lmas\u0131 \u00f6ng\u00f6r\u00fclen gazete, 22 sayfadan olu\u015facak ve ayn\u0131 zamanda T\u00fcrk\u00e7e sayfalara da\u2026","rel":"","context":"&quot;Haberler&quot; i\u00e7inde","block_context":{"text":"Haberler","link":"https:\/\/www.gocmeniz.biz\/?cat=5"},"img":{"alt_text":"","src":"https:\/\/i0.wp.com\/bp3.blogger.com\/_1Mf-Mz8vkrM\/R70mjGA4X0I\/AAAAAAAAA-g\/C15IvM1XXNQ\/s320\/factor-708488.jpg?resize=350%2C200","width":350,"height":200},"classes":[]},{"id":1552,"url":"https:\/\/www.gocmeniz.biz\/?p=1552","url_meta":{"origin":13,"position":1},"title":"Binbir Gece`nin Ali Kemal`i Bulgaristan`da popstar gibi!","author":"Haberci","date":"16 Temmuz 2009","format":false,"excerpt":"Ekranlara ge\u00e7en sezon veda eden `Binbir Gece` dizisi, halen yay\u0131nlanmakta oldu\u011fu Bulgaristan`da izlenme rekorlar\u0131 k\u0131r\u0131yor. Bulgaristan`da dizinin parlayan y\u0131ld\u0131z\u0131 ise Ali Kemal rol\u00fcyle tan\u0131nan tiyatro oyuncusu Erg\u00fcn Demir oldu... Bulgaristan Cumhurba\u015fkan\u0131 ve Sa\u011fl\u0131k Bakan\u0131 taraf\u0131ndan \u00f6zel olarak davet alarak bu \u00fclkedeki hayranlar\u0131yla bulu\u015fan Demir, bir pop star gibi kar\u015f\u0131land\u0131.\u00d6Z\u00dcRL\u00dcLERE DESTEK\u2026","rel":"","context":"&quot;Haberler&quot; i\u00e7inde","block_context":{"text":"Haberler","link":"https:\/\/www.gocmeniz.biz\/?cat=5"},"img":{"alt_text":"","src":"https:\/\/i0.wp.com\/images.ihlassondakika.com\/gp_499527.jpg?resize=350%2C200","width":350,"height":200},"classes":[]},{"id":1180,"url":"https:\/\/www.gocmeniz.biz\/?p=1180","url_meta":{"origin":13,"position":2},"title":"Rumlar\u0131 ziyaret eden Bulgar heyette T\u00fcrk k\u00f6kenli yok","author":"Haberci","date":"06 May\u0131s 2009","format":false,"excerpt":"Bulgaristan Meclisi Avrupa Meselelerinden Sorumlu Komitesi G\u00fcney K\u0131br\u0131s\u2019\u0131 d\u00f6rt ki\u015filik bir heyetle ziyaret etti. D\u00f6rt ki\u015filik heyette, hi\u00e7 T\u00fcrk k\u00f6kenli milletvekilinin olmamas\u0131 dikkat \u00e7ekti. \u00c7\u00fcnk\u00fc Bulgaristan Meclisi Avrupa Meselelerinden Sorumlu Komitesi\u2019nde 20 \u00fcyeden \u00fc\u00e7\u00fc T\u00fcrk k\u00f6kenli milletvekili. K\u0131br\u0131s\u2019a bu komiteden d\u00f6rt ki\u015filik parlamenter grubu geldi ama aralar\u0131nda bu komitenin \u00fcyesi\u2026","rel":"","context":"&quot;Haberler&quot; i\u00e7inde","block_context":{"text":"Haberler","link":"https:\/\/www.gocmeniz.biz\/?cat=5"},"img":{"alt_text":"","src":"","width":0,"height":0},"classes":[]},{"id":1684,"url":"https:\/\/www.gocmeniz.biz\/?p=1684","url_meta":{"origin":13,"position":3},"title":"Tarihi komedi","author":"Haberci","date":"11 A\u011fustos 2009","format":false,"excerpt":"Bulgar profes\u00f6r, kaz\u0131larda buldu\u011fu ta\u015ftaki yaz\u0131n\u0131n 15 y\u00fczy\u0131ll\u0131k oldu\u011funu s\u00f6yledi. Ama ta\u015ftaki yaz\u0131, T\u00fcrk \u00e7oban Niyazi Kaz\u0131m`\u0131n, kendi kaz\u0131d\u0131\u011f\u0131 ad\u0131ndan ba\u015fka bir \u015fey de\u011fildi. Antik d\u00f6nem yaz\u0131s\u0131 T\u00fcrk \u00e7oban\u0131n \u00e7\u0131kt\u0131 Antik \u015fehirdeki ta\u015flar\u0131n \u00fczerine ad\u0131n\u0131 kaz\u0131yan T\u00fcrk \u00e7oban neredeyse Bulgaristan`da tarihe ge\u00e7ecekti! Filmleri aratmayan ilgin\u00e7 olay, Bulgar profes\u00f6r Nikolay Ov\u00e7arov`un,\u2026","rel":"","context":"&quot;Haberler&quot; i\u00e7inde","block_context":{"text":"Haberler","link":"https:\/\/www.gocmeniz.biz\/?cat=5"},"img":{"alt_text":"","src":"","width":0,"height":0},"classes":[]},{"id":2053,"url":"https:\/\/www.gocmeniz.biz\/?p=2053","url_meta":{"origin":13,"position":4},"title":"Yunan \u00e7ift\u00e7ilerin ablukas\u0131 yeniden ba\u015flad\u0131","author":"Haberci","date":"25 Ocak 2010","format":false,"excerpt":"Yunanistan;\u0131n tar\u0131m sekt\u00f6r\u00fcndeki politikas\u0131n\u0131 protesto eden \u00e7ift\u00e7iler, Bulgaristan s\u0131n\u0131r\u0131ndaki kap\u0131larda ticari ta\u015f\u0131mac\u0131l\u0131\u011f\u0131 durduran eyleme, k\u0131sa bir aradan sonra yeniden ba\u015flad\u0131. \u0130ki \u00fclke aras\u0131nda ticari ge\u00e7i\u015flerin \u00f6ncelikli olarak yap\u0131ld\u0131\u011f\u0131 Promahon-Kulata s\u0131n\u0131r kap\u0131s\u0131n\u0131n yeniden abluka alt\u0131na al\u0131nd\u0131\u011f\u0131 bildirildi. Bulgaristan ile Yunanistan aras\u0131ndaki di\u011fer 3 s\u0131n\u0131r kap\u0131s\u0131nda otob\u00fcs ve \u00f6zel ara\u00e7lar\u0131n ge\u00e7i\u015flerine izin\u2026","rel":"","context":"&quot;Haberler&quot; i\u00e7inde","block_context":{"text":"Haberler","link":"https:\/\/www.gocmeniz.biz\/?cat=5"},"img":{"alt_text":"","src":"","width":0,"height":0},"classes":[]},{"id":649,"url":"https:\/\/www.gocmeniz.biz\/?p=649","url_meta":{"origin":13,"position":5},"title":"&#8220;KUZEY IRAK&#8217;TAK\u0130 K\u00dcRT Y\u00d6NET\u0130M\u0130, BULGAR\u0130STAN&#8217;DAN S\u0130LAH ALDI&#8221;","author":"Haberci","date":"24 Kas\u0131m 2008","format":false,"excerpt":"Irak'\u0131n kuzeyindeki K\u00fcrt y\u00f6netiminin, Bulgaristan'dan silah sat\u0131n ald\u0131\u011f\u0131 iddia edildi. Amerikan Washington Post gazetesi, ABD ordusundan 3 yetkiliye dayand\u0131rd\u0131\u011f\u0131 bir haberinde K\u00fcrt b\u00f6lgesine Bulgaristan'dan k\u00fc\u00e7\u00fck silah ve cephaneden dolu 3 u\u00e7ak geldi\u011fini yazd\u0131. Gazete, merkez\u00ee y\u00f6netimin ise buna kar\u015f\u0131 \u00e7\u0131kt\u0131\u011f\u0131na ve silah sat\u0131m\u0131n\u0131n Irak Anayasa's\u0131na ayk\u0131r\u0131 \u015fekilde ger\u00e7ekle\u015fti\u011fini savundu\u011funa dikkat\u2026","rel":"","context":"&quot;Haberler&quot; i\u00e7inde","block_context":{"text":"Haberler","link":"https:\/\/www.gocmeniz.biz\/?cat=5"},"img":{"alt_text":"","src":"","width":0,"height":0},"classes":[]}],"jetpack_sharing_enabled":true,"jetpack_likes_enabled":true,"_links":{"self":[{"href":"https:\/\/www.gocmeniz.biz\/index.php?rest_route=\/wp\/v2\/posts\/13","targetHints":{"allow":["GET"]}}],"collection":[{"href":"https:\/\/www.gocmeniz.biz\/index.php?rest_route=\/wp\/v2\/posts"}],"about":[{"href":"https:\/\/www.gocmeniz.biz\/index.php?rest_route=\/wp\/v2\/types\/post"}],"author":[{"embeddable":true,"href":"https:\/\/www.gocmeniz.biz\/index.php?rest_route=\/wp\/v2\/users\/1"}],"replies":[{"embeddable":true,"href":"https:\/\/www.gocmeniz.biz\/index.php?rest_route=%2Fwp%2Fv2%2Fcomments&post=13"}],"version-history":[{"count":1,"href":"https:\/\/www.gocmeniz.biz\/index.php?rest_route=\/wp\/v2\/posts\/13\/revisions"}],"predecessor-version":[{"id":9551,"href":"https:\/\/www.gocmeniz.biz\/index.php?rest_route=\/wp\/v2\/posts\/13\/revisions\/9551"}],"wp:attachment":[{"href":"https:\/\/www.gocmeniz.biz\/index.php?rest_route=%2Fwp%2Fv2%2Fmedia&parent=13"}],"wp:term":[{"taxonomy":"category","embeddable":true,"href":"https:\/\/www.gocmeniz.biz\/index.php?rest_route=%2Fwp%2Fv2%2Fcategories&post=13"},{"taxonomy":"post_tag","embeddable":true,"href":"https:\/\/www.gocmeniz.biz\/index.php?rest_route=%2Fwp%2Fv2%2Ftags&post=13"}],"curies":[{"name":"wp","href":"https:\/\/api.w.org\/{rel}","templated":true}]}}