{"id":1301,"date":"2009-05-30T23:15:00","date_gmt":"2009-05-30T20:15:00","guid":{"rendered":"http:\/\/www.gocmeniz.biz\/?p=1301"},"modified":"2026-04-03T12:26:15","modified_gmt":"2026-04-03T09:26:15","slug":"yas-gununde-eglenen-bakan-yardimcisina-tepki","status":"publish","type":"post","link":"https:\/\/www.gocmeniz.biz\/?p=1301","title":{"rendered":"Yas g\u00fcn\u00fcnde e\u011flenen bakan yard\u0131mc\u0131s\u0131na tepki"},"content":{"rendered":"<p><img data-recalc-dims=\"1\"  title=\"\"  alt=\"543320090518081027780 Yas g\u00fcn\u00fcnde e\u011flenen bakan yard\u0131mc\u0131s\u0131na tepki\" decoding=\"async\" style=\"max-width: 800px; float: left; margin-top: 10px; margin-bottom: 10px; margin-right: 10px;\" src=\"https:\/\/i0.wp.com\/image.haber7.com\/haber\/haber7\/photos\/543320090518081027780.jpg?w=640\" \/>Bulgaristan&#8217;da, trafik kazas\u0131nda 17 ki\u015finin hayat\u0131n\u0131 kaybetmesi \u00fczerine ilan edilen ulusal yas g\u00fcn\u00fcnde, \u0130\u00e7i\u015fleri Bakan Yard\u0131mc\u0131s\u0131 Rumen Andreev&#8217;in bir do\u011fum g\u00fcn\u00fc e\u011flencesine kat\u0131lmas\u0131 tepki \u00e7ekti.<\/p>\n<p>Ba\u015fkent Emniyet M\u00fcd\u00fcrl\u00fc\u011f\u00fc Tehlikeli Maddeler Denetim Masas\u0131 \u015eefi Ventzi Rangelov&#8217;un do\u011fum g\u00fcn\u00fcn\u00fc kutlamak \u00fczere Sofya&#8217;n\u0131n en l\u00fcks lokantalardan biri olan Continental Paza&#8217;daki e\u011flenceye kat\u0131lan Andreev&#8217;in istifas\u0131n\u0131n istenece\u011fi belirtiliyor.<\/p>\n<p>Ba\u015fbakan Sergey Stani\u015fev, &#8220;T\u00fcm milletimiz yas i\u00e7indeyken \u0130\u00e7i\u015fleri Bakanl\u0131\u011f\u0131n\u0131n b\u00f6ylesi bir kutlama yapmas\u0131 son derece uygunsuzdur. Ahlaki anlamda bu kabul edilemez&#8221; dedi.<\/p>\n<p>Stani\u015fev, e\u011flenceye kat\u0131lanlar\u0131n durumunun pazartesi g\u00fcn\u00fc de\u011ferlendirilece\u011fini ve gerekli \u00f6nlemlerin al\u0131naca\u011f\u0131n\u0131 a\u00e7\u0131klad\u0131.<\/p>\n<p>Muhalefet partileri de Bakan Yard\u0131mc\u0131s\u0131 Andreev ve \u00fcst d\u00fczey emniyet yetkililerinin kat\u0131ld\u0131\u011f\u0131 e\u011flenceyi, 7 Haziranda yap\u0131lacak Avrupa Parlamentosu se\u00e7imleri i\u00e7in propaganda malzemesi olarak kullan\u0131yor.<\/p>\n","protected":false},"excerpt":{"rendered":"<p>Bulgaristan&#8217;da, trafik kazas\u0131nda 17 ki\u015finin hayat\u0131n\u0131 kaybetmesi \u00fczerine ilan edilen ulusal yas g\u00fcn\u00fcnde, \u0130\u00e7i\u015fleri Bakan Yard\u0131mc\u0131s\u0131 Rumen Andreev&#8217;in bir do\u011fum g\u00fcn\u00fc e\u011flencesine kat\u0131lmas\u0131 tepki \u00e7ekti. Ba\u015fkent Emniyet M\u00fcd\u00fcrl\u00fc\u011f\u00fc Tehlikeli Maddeler Denetim Masas\u0131 \u015eefi Ventzi Rangelov&#8217;un do\u011fum g\u00fcn\u00fcn\u00fc kutlamak \u00fczere Sofya&#8217;n\u0131n en l\u00fcks lokantalardan biri olan Continental Paza&#8217;daki e\u011flenceye kat\u0131lan Andreev&#8217;in istifas\u0131n\u0131n istenece\u011fi belirtiliyor. Ba\u015fbakan Sergey [&hellip;]<\/p>\n","protected":false},"author":331,"featured_media":0,"comment_status":"open","ping_status":"open","sticky":false,"template":"","format":"standard","meta":{"advanced_seo_description":"","jetpack_seo_html_title":"","jetpack_seo_noindex":false,"ngg_post_thumbnail":0,"jetpack_post_was_ever_published":false,"_jetpack_newsletter_access":"","_jetpack_dont_email_post_to_subs":false,"_jetpack_newsletter_tier_id":0,"_jetpack_memberships_contains_paywalled_content":false,"_jetpack_memberships_contains_paid_content":false,"footnotes":""},"categories":[5],"tags":[],"class_list":["post-1301","post","type-post","status-publish","format-standard","hentry","category-haberler"],"jetpack_featured_media_url":"","jetpack_shortlink":"https:\/\/wp.me\/paHHlZ-kZ","jetpack-related-posts":[{"id":1395,"url":"https:\/\/www.gocmeniz.biz\/?p=1395","url_meta":{"origin":1301,"position":0},"title":"T\u00fcrk k\u00f6kenli bakan yard\u0131mc\u0131s\u0131na dava","author":"Haberci","date":"18 Haziran 2009","format":false,"excerpt":"Ad\u0131 bir yolsuzluk ve r\u00fc\u015fvet skandal\u0131na kar\u0131\u015ft\u0131\u011f\u0131 i\u00e7in bir s\u00fcre \u00f6nce g\u00f6revinden istifa eden T\u00fcrk k\u00f6kenli \u0130\u00e7i\u015fleri Bakan Yard\u0131mc\u0131s\u0131 Raif Mustafa hakk\u0131nda `r\u00fc\u015fvet istemek` su\u00e7lamas\u0131yla dava a\u00e7\u0131ld\u0131.Bulgaristan`da savc\u0131l\u0131kta ifade veren Raif Mustafa, tutuklanmas\u0131 talebiyle \u00e7\u0131kar\u0131ld\u0131\u011f\u0131 mahkeme taraf\u0131ndan 10 bin Leva(yakla\u015f\u0131k 10,8 bin TL) kefaletle serbest b\u0131rak\u0131ld\u0131.\u0130ddianamede Raif Mustafa, `Avtoinjenering` adl\u0131\u2026","rel":"","context":"&quot;Haberler&quot; i\u00e7inde","block_context":{"text":"Haberler","link":"https:\/\/www.gocmeniz.biz\/?cat=5"},"img":{"alt_text":"","src":"","width":0,"height":0},"classes":[]},{"id":2107,"url":"https:\/\/www.gocmeniz.biz\/?p=2107","url_meta":{"origin":1301,"position":1},"title":"Eski \u0130\u00e7i\u015fleri Bakan\u0131 Raif Mustafa hakim kar\u015f\u0131s\u0131na \u00e7\u0131k\u0131yor","author":"Haberci","date":"14 Nisan 2010","format":false,"excerpt":"R\u00fc\u015fvet vermek ve yolsuzlu\u011fa yard\u0131m su\u00e7undan daha \u00f6nce hakk\u0131nda soru\u015fturma ba\u015flat\u0131lan eski \u0130\u00e7i\u015fleri Bakan Yard\u0131mc\u0131s\u0131 Raif Mustafa\u2019ya kar\u015f\u0131 a\u00e7\u0131lan davan\u0131n ilk duru\u015fmas\u0131 bug\u00fcn ger\u00e7ekle\u015ftirilecek. Sofya \u015eehir Mahkemesinde g\u00f6r\u00fclen davada Mustafa, Bakan Yard\u0131mc\u0131s\u0131 g\u00f6revinde bulundu\u011fu d\u00f6nemde r\u00fc\u015fvet olay\u0131na lar\u0131\u015ft\u0131\u011f\u0131 iddias\u0131yla yarg\u0131lan\u0131yor. Mustafa, hakk\u0131nda a\u00e7\u0131lan soru\u015fturma kapsam\u0131nda daha \u00f6nce 10 bin leva\u2026","rel":"","context":"&quot;Haberler&quot; i\u00e7inde","block_context":{"text":"Haberler","link":"https:\/\/www.gocmeniz.biz\/?cat=5"},"img":{"alt_text":"","src":"","width":0,"height":0},"classes":[]},{"id":886,"url":"https:\/\/www.gocmeniz.biz\/?p=886","url_meta":{"origin":1301,"position":2},"title":"Bulgaristan&#8217;da T\u00fcrk kar\u015f\u0131t\u0131 duvar yaz\u0131lar\u0131na tepki","author":"Haberci","date":"05 Mart 2009","format":false,"excerpt":"Bulgaristan'da T\u00fcrklerin yo\u011fun olarak ya\u015fad\u0131\u011f\u0131 \u00fclkenin kuzeydo\u011fusundaki Razgrad kentinde bir okulun duvarlar\u0131na yaz\u0131lan T\u00fcrk kar\u015f\u0131t\u0131 yaz\u0131lar tepkiye neden oldu.Razgrad B\u00f6lge Emniyet M\u00fcd\u00fcrl\u00fc\u011f\u00fcn\u00fcn bas\u0131n a\u00e7\u0131klamas\u0131nda, Nikola Vaptzarov okulunun duvar\u0131na \"T\u00fcrklere \u00d6l\u00fcm\" \u015feklinde bir yaz\u0131n\u0131n yaz\u0131ld\u0131\u011f\u0131, alt\u0131na gamal\u0131 ha\u00e7 \u00e7izildi\u011fi ve yaz\u0131n\u0131n \"Razgrad boys\" \u015feklinde imzaland\u0131\u011f\u0131 belirtildi.Bulgaristan'\u0131n Osmanl\u0131 \u0130mparatorlu\u011fu'ndan ba\u011f\u0131ms\u0131zl\u0131\u011f\u0131n\u0131 ilan etmesinin\u2026","rel":"","context":"&quot;Haberler&quot; i\u00e7inde","block_context":{"text":"Haberler","link":"https:\/\/www.gocmeniz.biz\/?cat=5"},"img":{"alt_text":"","src":"","width":0,"height":0},"classes":[]},{"id":1718,"url":"https:\/\/www.gocmeniz.biz\/?p=1718","url_meta":{"origin":1301,"position":3},"title":"Bulgaristan s\u0131n\u0131r polis m\u00fcd\u00fcr\u00fc g\u00f6revinden al\u0131nd\u0131","author":"Haberci","date":"21 A\u011fustos 2009","format":false,"excerpt":"Bulgaristan S\u0131n\u0131r Polisi Genel M\u00fcd\u00fcr\u00fc Komiser Krasimir Petrov'un g\u00f6revden al\u0131nd\u0131\u011f\u0131 a\u00e7\u0131kland\u0131.Ba\u015fbakan Yard\u0131mc\u0131s\u0131 ve \u0130\u00e7i\u015fleri Bakan\u0131 Tzvetan Tzvetanov, Bulgar Ulusal Haber Ajans\u0131na (BTA) yapt\u0131\u011f\u0131 a\u00e7\u0131klamada, baz\u0131 s\u0131n\u0131r kap\u0131lar\u0131nda yolsuzluklar yap\u0131ld\u0131\u011f\u0131 ve sorunlar bulundu\u011fu s\u00f6ylentileri \u00fczerine Petrov'un g\u00f6revine son verme karar ald\u0131\u011f\u0131n\u0131 s\u00f6yledi.Bakanl\u0131k m\u00fcfetti\u015fleriyle g\u00f6r\u00fc\u015ft\u00fckten sonra ald\u0131\u011f\u0131 karar\u0131n do\u011fru oldu\u011funa inand\u0131\u011f\u0131n\u0131 ifade\u2026","rel":"","context":"&quot;Haberler&quot; i\u00e7inde","block_context":{"text":"Haberler","link":"https:\/\/www.gocmeniz.biz\/?cat=5"},"img":{"alt_text":"","src":"","width":0,"height":0},"classes":[]},{"id":1595,"url":"https:\/\/www.gocmeniz.biz\/?p=1595","url_meta":{"origin":1301,"position":4},"title":"Sofya&#8217;da bir T\u00fcrk bakan","author":"Haberci","date":"24 Temmuz 2009","format":false,"excerpt":"Borisov, k\u00fclt\u00fcr bakanl\u0131\u011f\u0131n\u0131 T\u00fcrk k\u00f6kenli heykelt\u0131ra\u015f Vejdi Ra\u015fidov\u2019a verdi. Bulgaristan\u2019da 7 Temmuz genel se\u00e7imini kazanan GERB partisinin fahri ba\u015fkan\u0131, Sofya Belediye Ba\u015fkan\u0131 Boyko Borisov, 17 ki\u015filik yeni kabine listesini cumhurba\u015fkan\u0131na sundu.Bulgaristan\u2019\u0131n T\u00fcrk n\u00fcfusunun \u00e7ifte vatanda\u015fl\u0131\u011f\u0131na ve T\u00fcrkiye\u2019nin AB \u00fcyeli\u011fine kar\u015f\u0131 \u00e7\u0131kan Borisov, k\u00fclt\u00fcr bakanl\u0131\u011f\u0131n\u0131 T\u00fcrk k\u00f6kenli heykelt\u0131ra\u015f Vejdi Ra\u015fidov\u2019a verdi.\u2026","rel":"","context":"&quot;Haberler&quot; i\u00e7inde","block_context":{"text":"Haberler","link":"https:\/\/www.gocmeniz.biz\/?cat=5"},"img":{"alt_text":"","src":"","width":0,"height":0},"classes":[]},{"id":797,"url":"https:\/\/www.gocmeniz.biz\/?p=797","url_meta":{"origin":1301,"position":5},"title":"\u0130ran&#8217;da g\u00f6zalt\u0131na al\u0131nan Bulgar vatanda\u015f\u0131na hala su\u00e7lama y\u00f6neltilmi\u015f de\u011fil","author":"Haberci","date":"01 \u015eubat 2009","format":false,"excerpt":"\u0130ran\u2019da g\u00f6zalt\u0131na al\u0131nan Bulgar yurtta\u015f\u0131na kar\u015f\u0131 hala su\u00e7lama y\u00f6neltilmi\u015f de\u011fil.Bunu,Bulgaristan Milli Radyosunun \u2018Nedelya 150\u2019 program\u0131 i\u00e7in konu\u015fan D\u0131\u015fi\u015fleri Bakan yard\u0131mc\u0131s\u0131 Mielen Keremit\u00e7iev bildirdi. 4 ay \u00f6nce kamyonunda 135 kilo eroin ortaya \u00e7\u0131kar\u0131ld\u0131\u011f\u0131 i\u00e7in s\u00fcr\u00fcc\u00fc Jivko Georgiev\u2019in Tebriz Devrim mahkemesindeki sorgusu devam ediyor.\u0130ran \u0130slam Cumhuriyetinde uyu\u015fturucu ka\u00e7ak\u00e7\u0131l\u0131\u011f\u0131 i\u00e7in \u00f6l\u00fcm cezas\u0131 veriliyor.Keremet\u00e7iev,\u2026","rel":"","context":"&quot;Haberler&quot; i\u00e7inde","block_context":{"text":"Haberler","link":"https:\/\/www.gocmeniz.biz\/?cat=5"},"img":{"alt_text":"","src":"","width":0,"height":0},"classes":[]}],"jetpack_sharing_enabled":true,"jetpack_likes_enabled":true,"_links":{"self":[{"href":"https:\/\/www.gocmeniz.biz\/index.php?rest_route=\/wp\/v2\/posts\/1301","targetHints":{"allow":["GET"]}}],"collection":[{"href":"https:\/\/www.gocmeniz.biz\/index.php?rest_route=\/wp\/v2\/posts"}],"about":[{"href":"https:\/\/www.gocmeniz.biz\/index.php?rest_route=\/wp\/v2\/types\/post"}],"author":[{"embeddable":true,"href":"https:\/\/www.gocmeniz.biz\/index.php?rest_route=\/wp\/v2\/users\/331"}],"replies":[{"embeddable":true,"href":"https:\/\/www.gocmeniz.biz\/index.php?rest_route=%2Fwp%2Fv2%2Fcomments&post=1301"}],"version-history":[{"count":1,"href":"https:\/\/www.gocmeniz.biz\/index.php?rest_route=\/wp\/v2\/posts\/1301\/revisions"}],"predecessor-version":[{"id":9121,"href":"https:\/\/www.gocmeniz.biz\/index.php?rest_route=\/wp\/v2\/posts\/1301\/revisions\/9121"}],"wp:attachment":[{"href":"https:\/\/www.gocmeniz.biz\/index.php?rest_route=%2Fwp%2Fv2%2Fmedia&parent=1301"}],"wp:term":[{"taxonomy":"category","embeddable":true,"href":"https:\/\/www.gocmeniz.biz\/index.php?rest_route=%2Fwp%2Fv2%2Fcategories&post=1301"},{"taxonomy":"post_tag","embeddable":true,"href":"https:\/\/www.gocmeniz.biz\/index.php?rest_route=%2Fwp%2Fv2%2Ftags&post=1301"}],"curies":[{"name":"wp","href":"https:\/\/api.w.org\/{rel}","templated":true}]}}