{"id":1308,"date":"2009-06-02T10:25:05","date_gmt":"2009-06-02T07:25:05","guid":{"rendered":"http:\/\/www.gocmeniz.biz\/?p=1308"},"modified":"2026-04-03T12:26:15","modified_gmt":"2026-04-03T09:26:15","slug":"bulgaristan-muslumanlarinin-buyuyen-sorunlari","status":"publish","type":"post","link":"https:\/\/www.gocmeniz.biz\/?p=1308","title":{"rendered":"Bulgaristan m\u00fcsl\u00fcmanlar\u0131n\u0131n b\u00fcy\u00fcyen sorunlar\u0131"},"content":{"rendered":"<p><b><img  title=\"\"  alt=\"medya Bulgaristan m\u00fcsl\u00fcmanlar\u0131n\u0131n b\u00fcy\u00fcyen sorunlar\u0131\" decoding=\"async\" style=\"max-width: 800px; float: left; margin-top: 10px; margin-bottom: 10px; margin-right: 10px;\" src=\"http:\/\/www.cumhuriyet.com.tr\/medya.php?mn=6458\" \/>Reuters ajans\u0131, Bulgaristan M\u00fcsl\u00fcmanlar\u0131n\u0131n, a\u015f\u0131r\u0131 milliyet\u00e7i gruplar\u0131n \u0131rk\u00e7\u0131 ve ayr\u0131l\u0131k\u00e7\u0131 tutumlar\u0131 nedeniyle giderek artan sorunlar\u0131na dikkati \u00e7eken \u00f6zel haber yay\u0131mlad\u0131. Anna Mudeva&#8217;n\u0131n haberinde, eski rejimin 20 y\u0131l \u00f6nceki bask\u0131 kampanyas\u0131na kar\u015f\u0131 ba\u015flatt\u0131\u011f\u0131 a\u00e7l\u0131k greviyle direni\u015fin \u00f6nc\u00fclerinden olan 65 ya\u015f\u0131ndaki Mustafa Yumer&#8217;in, &#8220;eski kabus geri gelebilir&#8221; ifadelerine yer verildi.<\/b><\/p>\n<p><i>AA<\/i><\/p>\n<p><b>Krumvgrad<\/b>&#8211; Baz\u0131 siyasi \u00e7evrelerin M\u00fcsl\u00fcman kar\u015f\u0131t\u0131 \u00fcslubunun etnik nefreti k\u0131\u015fk\u0131rtt\u0131\u011f\u0131na dikkati \u00e7eken ve &#8220;eski yaralar a\u00e7\u0131labilir&#8221; diyen felsefeci, emekli \u00f6\u011fretmen Yumer, &#8220;<b>Hepimiz \u00e7ok tedirginiz. Halk, a\u015f\u0131r\u0131 sa\u011fc\u0131 partilerin \u00fcslubundan, Bulgaristan&#8217;\u0131 tek etnik grubun \u00fclkesi olarak g\u00f6rme ama\u00e7lar\u0131ndan \u00fcrk\u00fcyor<\/b>&#8221; dedi.<\/p>\n<p>&#8220;<b>Kom\u015fuluk<\/b>&#8221; ad\u0131 verilen, M\u00fcsl\u00fcmanlar ve Hristiyanlar\u0131n y\u00fczy\u0131llard\u0131r yan yana ya\u015fama k\u00fclt\u00fcr\u00fcn\u00fcn, &#8220;<b>ATAKA<\/b>&#8221; adl\u0131 a\u015f\u0131r\u0131 sa\u011fc\u0131 partinin pop\u00fclerli\u011finin artmas\u0131 ve Avrupa Parlamentosu se\u00e7imlerine y\u00f6nelik kampanyalarda di\u011fer sa\u011f partilerin de M\u00fcsl\u00fcmanlara y\u00f6nelik tutumlar\u0131n\u0131n sertle\u015fmesi nedeniyle \u00e7at\u0131rdamaya ba\u015flad\u0131\u011f\u0131 ifade edildi.<br \/>\nHaberde, ATAKA lideri Volen Siderov&#8217;un, bir se\u00e7im konu\u015fmas\u0131nda, M\u00fcsl\u00fcmanlar hakk\u0131nda s\u00f6yledi\u011fi, &#8220;<b>E\u011fer yerimizde oturursak, Bulgar vatanseverleri gibi \u00e7al\u0131\u015fmazsak bir g\u00fcn \u00fclkenin b\u00fct\u00fcn b\u00f6lgelerini i\u015fgal edecekler<\/b>&#8221; \u015feklindeki ifadelerine yer verildi. Bu partinin se\u00e7imde, &#8220;<b>T\u00fcrkiye&#8217;ye AB&#8217;de yer yok<\/b>&#8221; slogan\u0131n\u0131 da kulland\u0131\u011f\u0131 an\u0131msat\u0131ld\u0131.<br \/>\nYaz\u0131da, son 2-3 y\u0131lda camilere ve M\u00fcsl\u00fcmanlar\u0131n di\u011fer yap\u0131lar\u0131na y\u00f6nelik 100&#8217;\u00fcn \u00fczerinde sald\u0131r\u0131 d\u00fczenlendi\u011fi de belirtildi.<!--more--><\/p>\n<p>M\u00fcsl\u00fcman dini liderlerin, bask\u0131lar\u0131n, yabanc\u0131 k\u00f6kenli baz\u0131 dinsel e\u011filimlere sempatinin artmas\u0131na yol a\u00e7abilece\u011fi yolunda uyard\u0131klar\u0131na da i\u015faret edilen yaz\u0131da, Bulgaristan M\u00fcsl\u00fcmanlar\u0131 Ba\u015fm\u00fcft\u00fcl\u00fc\u011f\u00fc Genel Sekreteri H\u00fcseyin Haf\u0131zov&#8217;un, &#8220;<b>B\u00f6yle bir y\u00f6nelimin engellenmesi i\u00e7in elimizden gelenin en iyisini yap\u0131yoruz. Camileri ve dini t\u00f6renleri kontrol\u00fcm\u00fczde tutuyoruz. \u015eimdiye kadar bunda ba\u015far\u0131l\u0131 olduk ancak m\u00fctemadiyen, ter\u00f6ristler, \u00fclkenin g\u00fcvenli\u011fine y\u00f6nelik tehdit olu\u015fturan ki\u015filer olarak g\u00f6sterilmeye devam edilirsek bir g\u00fcn bizim toplumumuzda da kar\u015f\u0131 tarafa kar\u015f\u0131 ayn\u0131 tepkiyi g\u00f6sterenlerin ortaya \u00e7\u0131k\u0131p \u00e7\u0131kmayaca\u011f\u0131ndan emin olamam<\/b>&#8221; \u015feklindeki ifadelerine yer verildi.<\/p>\n","protected":false},"excerpt":{"rendered":"<p>Reuters ajans\u0131, Bulgaristan M\u00fcsl\u00fcmanlar\u0131n\u0131n, a\u015f\u0131r\u0131 milliyet\u00e7i gruplar\u0131n \u0131rk\u00e7\u0131 ve ayr\u0131l\u0131k\u00e7\u0131 tutumlar\u0131 nedeniyle giderek artan sorunlar\u0131na dikkati \u00e7eken \u00f6zel haber yay\u0131mlad\u0131. Anna Mudeva&#8217;n\u0131n haberinde, eski rejimin 20 y\u0131l \u00f6nceki bask\u0131 kampanyas\u0131na kar\u015f\u0131 ba\u015flatt\u0131\u011f\u0131 a\u00e7l\u0131k greviyle direni\u015fin \u00f6nc\u00fclerinden olan 65 ya\u015f\u0131ndaki Mustafa Yumer&#8217;in, &#8220;eski kabus geri gelebilir&#8221; ifadelerine yer verildi. AA Krumvgrad&#8211; Baz\u0131 siyasi \u00e7evrelerin M\u00fcsl\u00fcman kar\u015f\u0131t\u0131 [&hellip;]<\/p>\n","protected":false},"author":331,"featured_media":0,"comment_status":"open","ping_status":"open","sticky":false,"template":"","format":"standard","meta":{"advanced_seo_description":"","jetpack_seo_html_title":"","jetpack_seo_noindex":false,"ngg_post_thumbnail":0,"jetpack_post_was_ever_published":false,"_jetpack_newsletter_access":"","_jetpack_dont_email_post_to_subs":false,"_jetpack_newsletter_tier_id":0,"_jetpack_memberships_contains_paywalled_content":false,"_jetpack_memberships_contains_paid_content":false,"footnotes":""},"categories":[5],"tags":[],"class_list":["post-1308","post","type-post","status-publish","format-standard","hentry","category-haberler"],"jetpack_featured_media_url":"","jetpack_shortlink":"https:\/\/wp.me\/paHHlZ-l6","jetpack-related-posts":[{"id":2326,"url":"https:\/\/www.gocmeniz.biz\/?p=2326","url_meta":{"origin":1308,"position":0},"title":"A\u0130HM Bulgaristan&#8217;\u0131 mahkum etti","author":"Haberci","date":"25 \u015eubat 2015","format":false,"excerpt":"A\u0130HM, Sofya'da cami cemaatine sald\u0131ran a\u015f\u0131r\u0131 sa\u011fc\u0131 parti ATAKA militanlar\u0131na m\u00fcdahale etmeyen Bulgaristan'a ceza verdi.Avrupa \u0130nsan Haklar\u0131 Mahkemesi (A\u0130HM), ba\u015fkent Sofya'da cami \u00f6n\u00fcnde cemaate sald\u0131ran a\u015f\u0131r\u0131 sa\u011fc\u0131 parti ATAKA militanlar\u0131na m\u00fcdahale etmeyen ve gerekli yasal i\u015flemleri yapmayan Bulgaristan'\u0131 mahkum etti. Bulgaristan'da ya\u015fanan olay\u0131n ma\u011fdurlar\u0131ndan 1976 do\u011fumlu Veli Karaahmed'in 2013 y\u0131l\u0131nda\u2026","rel":"","context":"&quot;Haberler&quot; i\u00e7inde","block_context":{"text":"Haberler","link":"https:\/\/www.gocmeniz.biz\/?cat=5"},"img":{"alt_text":"","src":"https:\/\/i0.wp.com\/img.hurriyet.com.tr\/_np\/8650\/28038650.jpg?resize=350%2C200","width":350,"height":200},"classes":[]},{"id":1504,"url":"https:\/\/www.gocmeniz.biz\/?p=1504","url_meta":{"origin":1308,"position":1},"title":"Reuters: Bulgar \u0131rk\u00e7\u0131lar\u0131 etnik bar\u0131\u015f\u0131 tehdit ediyor","author":"Haberci","date":"06 Temmuz 2009","format":false,"excerpt":"Bulgaristan se\u00e7imlerini de\u011ferlendiren Reuters, \u0131rk\u00e7\u0131 Ataka Partisi'nin s\u00f6yleminin toplumdaki etnik bar\u0131\u015f\u0131 tehdit etti\u011fini duyurdu. Reuters haber ajans\u0131nda yay\u0131mlanan haber analizde, Bulgaristan`da 20 y\u0131l \u00f6nce M\u00fcsl\u00fcman T\u00fcrk az\u0131nl\u0131\u011f\u0131na uygulanmaya \u00e7al\u0131\u015f\u0131lan asimilasyon kampanyas\u0131n\u0131n tekrar geri d\u00f6nmesinden endi\u015fe edildi\u011fini kaydedildi. Haberde, 1989`da M\u00fcsl\u00fcman T\u00fcrklerinin etnik Bulgar isimleri ile zorla de\u011fi\u015ftirilmesi bask\u0131lar\u0131na direnen ve\u2026","rel":"","context":"&quot;Haberler&quot; i\u00e7inde","block_context":{"text":"Haberler","link":"https:\/\/www.gocmeniz.biz\/?cat=5"},"img":{"alt_text":"","src":"","width":0,"height":0},"classes":[]},{"id":1896,"url":"https:\/\/www.gocmeniz.biz\/?p=1896","url_meta":{"origin":1308,"position":2},"title":"Bulgaristan Se\u00e7imi B\u00fcy\u00fckel\u00e7i Mladenov&#8217;u Yakt\u0131","author":"Haberci","date":"05 Kas\u0131m 2009","format":false,"excerpt":"Bulgaristan D\u0131\u015fi\u015fleri Bakan\u0131 Rumyana Jeleva, a\u015f\u0131r\u0131 sa\u011fc\u0131 Ataka ile D\u00fczen Me\u015fruiyet ve G\u00fcvenlik (RZS) Partisi\u2019nden gelen bask\u0131lara dayanamayarak, \u00fclkesinin Ankara B\u00fcy\u00fckel\u00e7isi Branimir Mladenov ile Washington B\u00fcy\u00fckel\u00e7isi Li\u00e7ezar Petkov\u2019u g\u00f6revden ald\u0131. Karar\u0131n y\u00fcr\u00fcrl\u00fc\u011fe girmesi i\u00e7in Bakanlar Kurulu ile Cumhurba\u015fkan\u0131\u2019n\u0131n onay\u0131 gerekiyor. B\u00fcy\u00fckel\u00e7i Mladenov\u2019un d\u00fcn itibariyle Ankara\u2019da oldu\u011fu \u00f6\u011frenildi.A\u015f\u0131r\u0131 sa\u011f\u0131n hedefi Bulgaristan\u2019da\u2026","rel":"","context":"&quot;Haberler&quot; i\u00e7inde","block_context":{"text":"Haberler","link":"https:\/\/www.gocmeniz.biz\/?cat=5"},"img":{"alt_text":"","src":"","width":0,"height":0},"classes":[]},{"id":866,"url":"https:\/\/www.gocmeniz.biz\/?p=866","url_meta":{"origin":1308,"position":3},"title":"Avrupa Sofya&#8217;y\u0131 T\u00fcrk Az\u0131nl\u0131k Konusunda Uyard\u0131","author":"Haberci","date":"25 \u015eubat 2009","format":false,"excerpt":"Merkezi Strasbourg'da bulunan ve alan\u0131nda Avrupa'n\u0131n devletleraras\u0131 referans organ\u0131 olan \"Avrupa Irk\u00e7\u0131l\u0131k ve Ho\u015fg\u00f6r\u00fcs\u00fczl\u00fckle M\u00fccadele Komisyonu\" (ECRI) Bulgaristan'la ilgili denetim raporunu bug\u00fcn a\u00e7\u0131klad\u0131.Raporda, Bulgaristan'daki a\u015f\u0131r\u0131 sa\u011fc\u0131 parti ve siyasilerin son zamanlarda etnik ve dinsel grup olarak T\u00fcrkleri hedef alan ve kendilerini \u00fclke i\u00e7in tehdit olarak g\u00f6steren politik s\u00f6ylemlerinin \"endi\u015fe verici\"\u2026","rel":"","context":"&quot;Haberler&quot; i\u00e7inde","block_context":{"text":"Haberler","link":"https:\/\/www.gocmeniz.biz\/?cat=5"},"img":{"alt_text":"","src":"","width":0,"height":0},"classes":[]},{"id":1981,"url":"https:\/\/www.gocmeniz.biz\/?p=1981","url_meta":{"origin":1308,"position":4},"title":"\u2018T\u00fcrk\u00e7e haberlerde tuza\u011fa d\u00fc\u015f\u00fcr\u00fcld\u00fcm\u2019","author":"Haberci","date":"21 Aral\u0131k 2009","format":false,"excerpt":"Irk\u00e7\u0131 partinin ATAKA\u2019n\u0131n referandum \u00f6nerisine destek veren Ba\u015fbakan geri ad\u0131m att\u0131Merkez sa\u011fc\u0131 Ba\u015fbakan Borisov, \u201cReferandum az\u0131nl\u0131k haklar\u0131na ayk\u0131r\u0131 olur\u201d dedi.Bulgaristan\u2019da \u0131rk\u00e7\u0131 parti ATAKA\u2019n\u0131n \u201cDevlet televizyonundaki T\u00fcrk\u00e7e haberlerin kald\u0131r\u0131lmas\u0131 i\u00e7in referandum yap\u0131ls\u0131n\u201d \u00f6nerisine destek veren Ba\u015fbakan Borisov geri ad\u0131m att\u0131. Borisov \u201cKarar\u0131m yanl\u0131\u015ft\u0131. Tuza\u011fa d\u00fc\u015ft\u00fcm\u201d dedi.BULGAR\u0130STAN\u2019DA \u0131rk\u00e7\u0131 ve a\u015f\u0131r\u0131 milliyet\u00e7i ATAKA\u2026","rel":"","context":"&quot;Haberler&quot; i\u00e7inde","block_context":{"text":"Haberler","link":"https:\/\/www.gocmeniz.biz\/?cat=5"},"img":{"alt_text":"","src":"","width":0,"height":0},"classes":[]},{"id":841,"url":"https:\/\/www.gocmeniz.biz\/?p=841","url_meta":{"origin":1308,"position":5},"title":"S\u00fcbyanc\u0131 milletvekilinin cezas\u0131 ertelendi","author":"Haberci","date":"19 \u015eubat 2009","format":false,"excerpt":"Bulgaristan'da, s\u00fcbyanc\u0131l\u0131ktan yarg\u0131lanarak 3 y\u0131l hapis cezas\u0131 alan ba\u011f\u0131ms\u0131z milletvekili Vladimir Kuzov'un cezas\u0131 ertelendi.Y\u00fcksek Temyiz Mahkemesi, Sofya \u015eehir Mahkemesinin 2007 y\u0131l\u0131nda verdi\u011fi hapis cezas\u0131n\u0131, \u015fartl\u0131 cezaya \u00e7evirdi.A\u015f\u0131r\u0131 sa\u011fc\u0131 ATAKA partisinin eski milletvekili olan Kuzov'un g\u00f6revine, hakk\u0131nda kesinle\u015fen mahkeme karar\u0131n\u0131n parlamento salonunda okunmas\u0131ndan sonra anayasa gere\u011fince son verilecek.S\u00fcbyanc\u0131l\u0131kla su\u00e7lanmas\u0131 \u00fczerine 2005\u2026","rel":"","context":"&quot;Haberler&quot; i\u00e7inde","block_context":{"text":"Haberler","link":"https:\/\/www.gocmeniz.biz\/?cat=5"},"img":{"alt_text":"","src":"https:\/\/i0.wp.com\/img.sabah.com.tr\/im\/2009\/02\/19\/332752B982EC784883B341EBr.jpg?resize=350%2C200","width":350,"height":200},"classes":[]}],"jetpack_sharing_enabled":true,"jetpack_likes_enabled":true,"_links":{"self":[{"href":"https:\/\/www.gocmeniz.biz\/index.php?rest_route=\/wp\/v2\/posts\/1308","targetHints":{"allow":["GET"]}}],"collection":[{"href":"https:\/\/www.gocmeniz.biz\/index.php?rest_route=\/wp\/v2\/posts"}],"about":[{"href":"https:\/\/www.gocmeniz.biz\/index.php?rest_route=\/wp\/v2\/types\/post"}],"author":[{"embeddable":true,"href":"https:\/\/www.gocmeniz.biz\/index.php?rest_route=\/wp\/v2\/users\/331"}],"replies":[{"embeddable":true,"href":"https:\/\/www.gocmeniz.biz\/index.php?rest_route=%2Fwp%2Fv2%2Fcomments&post=1308"}],"version-history":[{"count":1,"href":"https:\/\/www.gocmeniz.biz\/index.php?rest_route=\/wp\/v2\/posts\/1308\/revisions"}],"predecessor-version":[{"id":9120,"href":"https:\/\/www.gocmeniz.biz\/index.php?rest_route=\/wp\/v2\/posts\/1308\/revisions\/9120"}],"wp:attachment":[{"href":"https:\/\/www.gocmeniz.biz\/index.php?rest_route=%2Fwp%2Fv2%2Fmedia&parent=1308"}],"wp:term":[{"taxonomy":"category","embeddable":true,"href":"https:\/\/www.gocmeniz.biz\/index.php?rest_route=%2Fwp%2Fv2%2Fcategories&post=1308"},{"taxonomy":"post_tag","embeddable":true,"href":"https:\/\/www.gocmeniz.biz\/index.php?rest_route=%2Fwp%2Fv2%2Ftags&post=1308"}],"curies":[{"name":"wp","href":"https:\/\/api.w.org\/{rel}","templated":true}]}}