{"id":1309,"date":"2009-06-04T08:19:52","date_gmt":"2009-06-04T05:19:52","guid":{"rendered":"http:\/\/www.gocmeniz.biz\/?p=1309"},"modified":"2026-04-03T12:26:15","modified_gmt":"2026-04-03T09:26:15","slug":"ya-kab-bulgaristana-calisma-ziyareti-duzenledi","status":"publish","type":"post","link":"https:\/\/www.gocmeniz.biz\/?p=1309","title":{"rendered":"YA-KAB Bulgaristan\u2019a \u00c7al\u0131\u015fma Ziyareti D\u00fczenledi"},"content":{"rendered":"<p><b><img data-recalc-dims=\"1\"  title=\"\"  alt=\"YAKAB__Bulgaristana_Calisma_Ziyareti_Duzenledi YA-KAB Bulgaristan\u2019a \u00c7al\u0131\u015fma Ziyareti D\u00fczenledi\" decoding=\"async\" style=\"max-width: 800px; float: left; margin-top: 10px; margin-bottom: 10px; margin-right: 10px;\" src=\"https:\/\/i0.wp.com\/www.yalovamiz.com\/images\/news\/n13000\/n12331\/detail\/YAKAB__Bulgaristana_Calisma_Ziyareti_Duzenledi.jpg?w=640\" \/>YA-KAB\u2019\u0131n AB fonuyla y\u00fcr\u00fctt\u00fc\u011f\u00fc \u201cYalova \u0130\u00e7in B\u00f6lgesel Entegre Kat\u0131 At\u0131k Y\u00f6netimi Geli\u015ftirilmesi\u201d projesi kapsam\u0131nda Bulgaristan\u2019\u0131n Silistre Belediyesi\u2019ne 24-28 May\u0131s 2009 tarihleri aras\u0131nda\u201c\u00c7al\u0131\u015fma Ziyareti\u201d d\u00fczenlendi.<\/b><\/p>\n<p>Ziyarete YA-KAB (Yalova \u0130li Yerel Y\u00f6netimleri Kat\u0131 At\u0131k Tesisleri Yapma ve \u0130\u015fletme Birli\u011fi) Birlik Ba\u015fkan\u0131 ve Yalova Belediye Ba\u015fkan\u0131 Yakup Ko\u00e7al ba\u015fta olmak \u00fczere, YA-KAB\u2019a \u00fcye di\u011fer il\u00e7e ve belde belediyelerinden belediye ba\u015fkanlar\u0131, konu ile ilgili uzmanlar ve proje ekibinden ilgililer kat\u0131ld\u0131. Belediye Ba\u015fkanlar\u0131na y\u00f6nelik olan bu ziyarete kat\u0131lanlar Bulgar kentlerini tan\u0131ma ve buradaki iyi uygulamalar\u0131 kendi kentlerine ta\u015f\u0131ma imkan\u0131 buldular. Silistre B\u00f6lgesindeki belediye ba\u015fkanlar\u0131yla yap\u0131lan toplant\u0131larda kar\u015f\u0131l\u0131kl\u0131 fikir al\u0131\u015fveri\u015finde bulunuldu. Bu faaliyet kapsam\u0131nda ilgili uzmanlar taraf\u0131ndan yap\u0131lan \u00e7al\u0131\u015fmalara ili\u015fkin brifing verildi; d\u00fczenli depolama alan\u0131na gidilerek kat\u0131 at\u0131k bertaraf\u0131 konusundaki uygulamalar yerinde g\u00f6r\u00fcld\u00fc. Ayr\u0131ca 28 May\u0131s\u2019ta YA-KAB\u2019\u0131n k\u0131demli \u00fcyelerinden<!--more--> \u00c7iftlikk\u00f6y Belediye Ba\u015fkan\u0131 Say\u0131n Metin Da\u011f ba\u015fkanl\u0131\u011f\u0131nda d\u00fczenlenen bas\u0131n toplant\u0131s\u0131na yerel ve ulusal bas\u0131ndan ilgi b\u00fcy\u00fckt\u00fc. Bas\u0131n toplant\u0131s\u0131nda projenin y\u00fcr\u00fct\u00fclmesinde \u00f6nemli katk\u0131lar\u0131 olan Silistre Belediyesi Ekonomik Geli\u015fme ve Uluslararas\u0131 Programlar Direkt\u00f6r\u00fc Nadezhda Bobcheva da a\u00e7\u0131klamalarda bulundu.<\/p>\n<p>\u00c7al\u0131\u015fma ziyareti boyunca kat\u0131 at\u0131klar\u0131n toplanmas\u0131, ta\u015f\u0131nmas\u0131, bertaraf\u0131, geri d\u00f6n\u00fc\u015f\u00fcm\u00fc gibi konular \u00fczerinde durularak iki kent aras\u0131ndaki benzerlikler ve farkl\u0131l\u0131klar tart\u0131\u015f\u0131ld\u0131. Teknik konular\u0131n yan\u0131 s\u0131ra iki \u00fclkenin kentleri aras\u0131nda karde\u015f kent ili\u015fkilerinin kurulmas\u0131na y\u00f6nelik \u00e7al\u0131\u015fmalarda bulunuldu. Ziyarete kat\u0131lan Sivil Toplum \u00d6rg\u00fctleri Temsilcileri de iki \u00fclke kentleri aras\u0131nda ekonomik ve k\u00fclt\u00fcrel ili\u015fkilerin geli\u015ftirilmesi \u00e7er\u00e7evesinde kar\u015f\u0131l\u0131kl\u0131 g\u00f6r\u00fc\u015fmeler ger\u00e7ekle\u015ftirdiler.<\/p>\n","protected":false},"excerpt":{"rendered":"<p>YA-KAB\u2019\u0131n AB fonuyla y\u00fcr\u00fctt\u00fc\u011f\u00fc \u201cYalova \u0130\u00e7in B\u00f6lgesel Entegre Kat\u0131 At\u0131k Y\u00f6netimi Geli\u015ftirilmesi\u201d projesi kapsam\u0131nda Bulgaristan\u2019\u0131n Silistre Belediyesi\u2019ne 24-28 May\u0131s 2009 tarihleri aras\u0131nda\u201c\u00c7al\u0131\u015fma Ziyareti\u201d d\u00fczenlendi. Ziyarete YA-KAB (Yalova \u0130li Yerel Y\u00f6netimleri Kat\u0131 At\u0131k Tesisleri Yapma ve \u0130\u015fletme Birli\u011fi) Birlik Ba\u015fkan\u0131 ve Yalova Belediye Ba\u015fkan\u0131 Yakup Ko\u00e7al ba\u015fta olmak \u00fczere, YA-KAB\u2019a \u00fcye di\u011fer il\u00e7e ve belde belediyelerinden [&hellip;]<\/p>\n","protected":false},"author":331,"featured_media":0,"comment_status":"open","ping_status":"open","sticky":false,"template":"","format":"standard","meta":{"advanced_seo_description":"","jetpack_seo_html_title":"","jetpack_seo_noindex":false,"ngg_post_thumbnail":0,"jetpack_post_was_ever_published":false,"_jetpack_newsletter_access":"","_jetpack_dont_email_post_to_subs":false,"_jetpack_newsletter_tier_id":0,"_jetpack_memberships_contains_paywalled_content":false,"_jetpack_memberships_contains_paid_content":false,"footnotes":""},"categories":[5],"tags":[],"class_list":["post-1309","post","type-post","status-publish","format-standard","hentry","category-haberler"],"jetpack_featured_media_url":"","jetpack_shortlink":"https:\/\/wp.me\/paHHlZ-l7","jetpack-related-posts":[{"id":1824,"url":"https:\/\/www.gocmeniz.biz\/?p=1824","url_meta":{"origin":1309,"position":0},"title":"SOYDA\u015e VEK\u0130LLERDEN TE\u015eEKK\u00dcR Z\u0130YARET\u0130","author":"Haberci","date":"01 Ekim 2009","format":false,"excerpt":"Bulgaristan Hak ve \u00d6zg\u00fcrl\u00fckler Hareketi Genel Ba\u015fkan Yard\u0131mc\u0131s\u0131 Kas\u0131m Dal ile T\u00fcrkiye Temsilcisi Enver Hatipo\u011flu, Yalova Belediye Ba\u015fkan\u0131 Yakup Ko\u00e7al\u2019\u0131 ziyaret etti.Yalova Balkan G\u00f6\u00e7menleri Dayan\u0131\u015fma Derne\u011fi temsilcileriyle birlikte yapt\u0131klar\u0131 ziyarette H\u00d6H Genel Ba\u015fkan Yard\u0131mc\u0131s\u0131 Kas\u0131m Dal, Bulgaristan\u2019dan selam getirdiklerini belirterek \u201cBu sene hareketli bir y\u0131l ge\u00e7irdik. Yalova\u2019daki soyda\u015flar\u0131m\u0131z da genel\u2026","rel":"","context":"&quot;Haberler&quot; i\u00e7inde","block_context":{"text":"Haberler","link":"https:\/\/www.gocmeniz.biz\/?cat=5"},"img":{"alt_text":"","src":"","width":0,"height":0},"classes":[]},{"id":528,"url":"https:\/\/www.gocmeniz.biz\/?p=528","url_meta":{"origin":1309,"position":1},"title":"S\u0130L\u0130STRE \u0130LE L\u00dcLEBURGAZ ARASINDAK\u0130 &#8220;KARDE\u015eL\u0130K&#8221; SONA ERD\u0130","author":"Haberci","date":"09 Ekim 2008","format":false,"excerpt":"L\u00fcleburgaz Belediyesi ile Bulgaristan'\u0131n Silistre Belediyesi aras\u0131ndaki ''karde\u015flik'' sona erdi.L\u00fcleburgaz Belediye Ba\u015fkan\u0131 Emin Halebak, AA muhabirine yapt\u0131\u011f\u0131 a\u00e7\u0131klamada, 2003 y\u0131l\u0131nda sosyal ve k\u00fclt\u00fcrel ili\u015fkileri g\u00fc\u00e7lendirmek amac\u0131yla ''Karde\u015f \u015eehir Protokol\u00fc'' imzalad\u0131klar\u0131 Silistre Belediyesinin ald\u0131\u011f\u0131 kararla, s\u00f6zde Ermeni soyk\u0131r\u0131m\u0131n\u0131 tan\u0131yan belediyeler aras\u0131nda yer ald\u0131\u011f\u0131n\u0131 s\u00f6yledi.S\u00f6z konusu karar\u0131n ard\u0131ndan iki belediye aras\u0131ndaki karde\u015flik\u2026","rel":"","context":"&quot;Haberler&quot; i\u00e7inde","block_context":{"text":"Haberler","link":"https:\/\/www.gocmeniz.biz\/?cat=5"},"img":{"alt_text":"","src":"","width":0,"height":0},"classes":[]},{"id":184,"url":"https:\/\/www.gocmeniz.biz\/?p=184","url_meta":{"origin":1309,"position":2},"title":"G\u00fc\u00e7l\u00fc Bilekler Bulgaristan&#8217;a U\u00e7tu","author":"Admin","date":"25 Eyl\u00fcl 2007","format":false,"excerpt":"Yalova Belediyesi Gen\u00e7lik Spor Kul\u00fcb\u00fc sporcular\u0131, Bulgaristan'da yap\u0131lacak D\u00fcnya Bilek G\u00fcre\u015fi \u015eampiyonas\u0131'na kat\u0131lmak \u00fczere bu \u00fclkeye gitti. Bulgaristan'da 30 Eyl\u00fcl-7 Ekim tarihleri aras\u0131nda yap\u0131lacak olan D\u00fcnya Bilek G\u00fcre\u015fi \u015eampiyonas\u0131'nda yer alacak \u00d6mer Seyfi Bennurkan ile Dursun \u00d6nder, \u015fampiyona \u00f6ncesi umutlu bir yolculu\u011fa \u00e7\u0131kt\u0131. Bulgaristan'a hareket etmeden \u00f6nce Yalova Belediye Ba\u015fkan\u0131\u2026","rel":"","context":"&quot;Haberler&quot; i\u00e7inde","block_context":{"text":"Haberler","link":"https:\/\/www.gocmeniz.biz\/?cat=5"},"img":{"alt_text":"","src":"https:\/\/i0.wp.com\/resimler.haberler.com\/haber\/541\/guclu-bilekler-bulgaristan-a-uctu_o.jpg?resize=350%2C200","width":350,"height":200},"classes":[]},{"id":1609,"url":"https:\/\/www.gocmeniz.biz\/?p=1609","url_meta":{"origin":1309,"position":3},"title":"\u0130brahim M\u00fcteferrika pahal\u0131c\u0131ym\u0131\u015f","author":"Haberci","date":"28 Temmuz 2009","format":false,"excerpt":"Bulgaristan Bilimler Akademisi Balkan Ara\u015ft\u0131rmalar\u0131 Enstit\u00fcs\u00fc`nden Do\u00e7. Dr. Orlin Sabev, Yalova \u00dcniversitesi taraf\u0131ndan d\u00fczenlenen konferansta, \u0130brahim M\u00fcteferrika`y\u0131 ve matbaan\u0131n ge\u00e7mi\u015fini att\u0131. Sabev, \u0130brahim M\u00fcteferrika`n\u0131n 1745 y\u0131l\u0131nda de\u011fil, 1747 y\u0131l\u0131nda vefat etti\u011fini ileri s\u00fcrd\u00fc. Yalova \u00dcniversitesi taraf\u0131ndan d\u00fczenlenen konferansa kat\u0131lan Do\u00e7. Dr. Orlin Sabev, Macar as\u0131ll\u0131 olan \u0130brahim M\u00fcteferrika`n\u0131n hayat\u0131 ile\u2026","rel":"","context":"&quot;Haberler&quot; i\u00e7inde","block_context":{"text":"Haberler","link":"https:\/\/www.gocmeniz.biz\/?cat=5"},"img":{"alt_text":"","src":"","width":0,"height":0},"classes":[]},{"id":1630,"url":"https:\/\/www.gocmeniz.biz\/?p=1630","url_meta":{"origin":1309,"position":4},"title":"Belediye personeline `AB kriterlerinde` e\u011fitim","author":"Haberci","date":"01 A\u011fustos 2009","format":false,"excerpt":"T\u00fcrk\u0130ye-Bulgar\u0130stan S\u0131n\u0131r \u00d6tesi \u0130\u015fbirli\u011fi Ortak K\u00fc\u00e7\u00fck Projeler Fonu kapsam\u0131nda, ``Kurumsal ve Sosyal \u0130leti\u015fimi Geli\u015ftirmek Projesi` \u00e7er\u00e7evesinde, Edirne Belediyesi \u00e7al\u0131\u015fan\u0131 25 ki\u015fi Bulgaristan`\u0131n Yambol kentinde e\u011fitim al\u0131yor. Edirne Belediye Ba\u015fkan\u0131 Hamdi Sedef\u00e7i, yapt\u0131\u011f\u0131 a\u00e7\u0131klamada, Zab\u0131ta M\u00fcd\u00fcrl\u00fc\u011f\u00fc ile \u00c7evre M\u00fcd\u00fcrl\u00fc\u011f\u00fc`nden 25 personelin proje kapsam\u0131nda Yambol`a gitti\u011fini bildirdi. Sedef\u00e7i, \u015f\u00f6yle konu\u015ftu: ``Personelimiz Yambol\u2026","rel":"","context":"&quot;Haberler&quot; i\u00e7inde","block_context":{"text":"Haberler","link":"https:\/\/www.gocmeniz.biz\/?cat=5"},"img":{"alt_text":"","src":"","width":0,"height":0},"classes":[]},{"id":537,"url":"https:\/\/www.gocmeniz.biz\/?p=537","url_meta":{"origin":1309,"position":5},"title":"F\u0130L\u0130BE \u0130LE BURSA ARASINDA \u0130MZALANAN &#8216;KARDE\u015e\u015eEH\u0130R ANLA\u015eMASI&#8217; \u0130PTAL ED\u0130LD\u0130","author":"Haberci","date":"17 Ekim 2008","format":false,"excerpt":"Bursa B\u00fcy\u00fck\u015fehir Belediye Meclisi, Ekim ay\u0131 oturumunda, Bulgaristan'da s\u00f6zde Ermeni soyk\u0131r\u0131m\u0131na ili\u015fkin olarak karar alan Filibe ile Bursa aras\u0131nda imzalanan 'Karde\u015f\u015fehir Anla\u015fmas\u0131' iptal edildi.B\u00fcy\u00fck\u015fehir Belediyesi, 2004\/2009 se\u00e7im d\u00f6neminin 57., 5. d\u00f6nemin 10. ola\u011fan meclis toplant\u0131s\u0131 Merinos Atat\u00fcrk Kongre ve K\u00fclt\u00fcr Merkezi'ndeki Meclis Salonu'nda yap\u0131ld\u0131. Meclis Ba\u015fkan\u0131 Fahreddin Y\u0131ld\u0131r\u0131m'\u0131n g\u00f6zetiminde ger\u00e7ekle\u015ftirilen\u2026","rel":"","context":"&quot;Haberler&quot; i\u00e7inde","block_context":{"text":"Haberler","link":"https:\/\/www.gocmeniz.biz\/?cat=5"},"img":{"alt_text":"","src":"","width":0,"height":0},"classes":[]}],"jetpack_sharing_enabled":true,"jetpack_likes_enabled":true,"_links":{"self":[{"href":"https:\/\/www.gocmeniz.biz\/index.php?rest_route=\/wp\/v2\/posts\/1309","targetHints":{"allow":["GET"]}}],"collection":[{"href":"https:\/\/www.gocmeniz.biz\/index.php?rest_route=\/wp\/v2\/posts"}],"about":[{"href":"https:\/\/www.gocmeniz.biz\/index.php?rest_route=\/wp\/v2\/types\/post"}],"author":[{"embeddable":true,"href":"https:\/\/www.gocmeniz.biz\/index.php?rest_route=\/wp\/v2\/users\/331"}],"replies":[{"embeddable":true,"href":"https:\/\/www.gocmeniz.biz\/index.php?rest_route=%2Fwp%2Fv2%2Fcomments&post=1309"}],"version-history":[{"count":1,"href":"https:\/\/www.gocmeniz.biz\/index.php?rest_route=\/wp\/v2\/posts\/1309\/revisions"}],"predecessor-version":[{"id":9119,"href":"https:\/\/www.gocmeniz.biz\/index.php?rest_route=\/wp\/v2\/posts\/1309\/revisions\/9119"}],"wp:attachment":[{"href":"https:\/\/www.gocmeniz.biz\/index.php?rest_route=%2Fwp%2Fv2%2Fmedia&parent=1309"}],"wp:term":[{"taxonomy":"category","embeddable":true,"href":"https:\/\/www.gocmeniz.biz\/index.php?rest_route=%2Fwp%2Fv2%2Fcategories&post=1309"},{"taxonomy":"post_tag","embeddable":true,"href":"https:\/\/www.gocmeniz.biz\/index.php?rest_route=%2Fwp%2Fv2%2Ftags&post=1309"}],"curies":[{"name":"wp","href":"https:\/\/api.w.org\/{rel}","templated":true}]}}