{"id":1310,"date":"2009-06-04T08:24:50","date_gmt":"2009-06-04T05:24:50","guid":{"rendered":"http:\/\/www.gocmeniz.biz\/?p=1310"},"modified":"2026-04-03T12:26:15","modified_gmt":"2026-04-03T09:26:15","slug":"bulgar-ogrenciler-sidenin-tanitimi-icin-4-ilde-ofis-acacak","status":"publish","type":"post","link":"https:\/\/www.gocmeniz.biz\/?p=1310","title":{"rendered":"Bulgar \u00d6\u011frenciler, Side&#8217;nin Tan\u0131t\u0131m\u0131 i\u00e7in 4 \u0130lde Ofis A\u00e7acak"},"content":{"rendered":"<p><b><a href=\"https:\/\/i0.wp.com\/resimler.haberler.com\/haber\/654\/bulgar-ogrenciler-side-nin-tanitimi-icin-4-il-2-1685654_b.jpg\"><img data-recalc-dims=\"1\"  title=\"\"  alt=\"bulgar-ogrenciler-side-nin-tanitimi-icin-4-il-1685654_b Bulgar \u00d6\u011frenciler, Side&#039;nin Tan\u0131t\u0131m\u0131 i\u00e7in 4 \u0130lde Ofis A\u00e7acak\" decoding=\"async\" style=\"max-width: 800px; float: left; margin-top: 10px; margin-bottom: 10px; margin-right: 10px;\" src=\"https:\/\/i0.wp.com\/resimler.haberler.com\/haber\/654\/bulgar-ogrenciler-side-nin-tanitimi-icin-4-il-1685654_b.jpg?w=640\" \/><\/a>D\u00fcnyaca \u00fcnl\u00fc turizm beldesi Side&#8217;ye 6. Uluslararas\u0131 \u00c7ocuk \u015eenli\u011fi i\u00e7in gelen Bulgar \u00f6\u011frenciler, \u00fclkelerinde tarihi \u015fehrin tan\u0131t\u0131m i\u00e7in 4 ilde Apollon K\u00fclt\u00fcr, Tarih ve Tan\u0131t\u0131m Kul\u00fcb\u00fc kuracaklar\u0131n\u0131 a\u00e7\u0131klad\u0131.<\/b><\/p>\n<p>\u00c7ocuk \u015fenli\u011fi i\u00e7in 4 y\u0131ld\u0131r turizm \u015fehrine gelen Bulgar \u00f6\u011frenciler, Side&#8217;nin tan\u0131t\u0131m\u0131 i\u00e7in ald\u0131klar\u0131 dok\u00fcman ve hediyeleri Pernik G\u00fczel Sanatlar Akademisi Sergi Salonu&#8217;nda g\u00f6r\u00fcc\u00fcye \u00e7\u0131kard\u0131klar\u0131n\u0131 ifade etti.<\/p>\n<p>Bu \u015fenli\u011fe Side Belediye Ba\u015fkan\u0131 Abdulkadir U\u00e7ar&#8217;\u0131n daveti \u00fczerine 32 \u00f6\u011frenci ile birlikte kat\u0131ld\u0131klar\u0131n\u0131 belirten Pernik Halk Danslar\u0131 \u00f6\u011fretmeni Djuliana Svileova, tarihi \u015fehrin tan\u0131t\u0131m\u0131 i\u00e7in Filibe, Burgaz ve Plevne&#8217;de ofis a\u00e7acaklar\u0131n\u0131 s\u00f6yledi. T\u00fcrkiye&#8217;ye ve Bulgaristan halk danslar\u0131 ve folkloru aras\u0131nda b\u00fcy\u00fck oranda benzerlik bulundu\u011funu dile getiren Svileova, 2 \u00fclke aras\u0131 dostluk k\u00f6pr\u00fcs\u00fc kurulmas\u0131nda m\u00fczik k\u00fclt\u00fcr\u00fcn\u00fcn \u00f6nemli oldu\u011funu kaydetti.<\/p>\n<p>Svileova, &#8220;Bulgaristan&#8217;da ya\u015fad\u0131\u011f\u0131m\u0131z 170 bin n\u00fcfuslu Pernik \u015fehrinde Side&#8217;nin tan\u0131t\u0131m ofisi var. Ofisimizde Side destinasyonu tan\u0131tan 140 foto\u011fraf ve biblo var. Bu y\u0131l tan\u0131t\u0131m\u0131 4 ilde yayg\u0131nla\u015fmas\u0131 i\u00e7in Apollon Tarih, K\u00fclt\u00fcr ve Tan\u0131t\u0131m\u0131 Kul\u00fcb\u00fc&#8217;n\u00fcn \u015fubelerini a\u00e7aca\u011f\u0131z.&#8221; dedi.<br \/><i>(C\u0130HAN) <\/i><\/p>\n","protected":false},"excerpt":{"rendered":"<p>D\u00fcnyaca \u00fcnl\u00fc turizm beldesi Side&#8217;ye 6. Uluslararas\u0131 \u00c7ocuk \u015eenli\u011fi i\u00e7in gelen Bulgar \u00f6\u011frenciler, \u00fclkelerinde tarihi \u015fehrin tan\u0131t\u0131m i\u00e7in 4 ilde Apollon K\u00fclt\u00fcr, Tarih ve Tan\u0131t\u0131m Kul\u00fcb\u00fc kuracaklar\u0131n\u0131 a\u00e7\u0131klad\u0131. \u00c7ocuk \u015fenli\u011fi i\u00e7in 4 y\u0131ld\u0131r turizm \u015fehrine gelen Bulgar \u00f6\u011frenciler, Side&#8217;nin tan\u0131t\u0131m\u0131 i\u00e7in ald\u0131klar\u0131 dok\u00fcman ve hediyeleri Pernik G\u00fczel Sanatlar Akademisi Sergi Salonu&#8217;nda g\u00f6r\u00fcc\u00fcye \u00e7\u0131kard\u0131klar\u0131n\u0131 ifade etti. [&hellip;]<\/p>\n","protected":false},"author":331,"featured_media":0,"comment_status":"open","ping_status":"open","sticky":false,"template":"","format":"standard","meta":{"advanced_seo_description":"","jetpack_seo_html_title":"","jetpack_seo_noindex":false,"ngg_post_thumbnail":0,"jetpack_post_was_ever_published":false,"_jetpack_newsletter_access":"","_jetpack_dont_email_post_to_subs":false,"_jetpack_newsletter_tier_id":0,"_jetpack_memberships_contains_paywalled_content":false,"_jetpack_memberships_contains_paid_content":false,"footnotes":""},"categories":[5],"tags":[],"class_list":["post-1310","post","type-post","status-publish","format-standard","hentry","category-haberler"],"jetpack_featured_media_url":"","jetpack_shortlink":"https:\/\/wp.me\/paHHlZ-l8","jetpack-related-posts":[{"id":425,"url":"https:\/\/www.gocmeniz.biz\/?p=425","url_meta":{"origin":1310,"position":0},"title":"BUCA&#8217;DA RUMEL\u0130 \u015eENL\u0130\u011e\u0130 BUG\u00dcN BA\u015eLIYOR","author":"Haberci","date":"13 Haziran 2008","format":false,"excerpt":"Buca Belediye Ba\u015fkan\u0131 Cemil \u015eeboy, bu y\u0131l birincisi d\u00fczenlenen Rumeli \u015eenli\u011fi i\u00e7in yap\u0131lan haz\u0131rl\u0131klarla yak\u0131ndan ilgileniyor. Buca Belediyesi ve \u0130zmir Balkan Dernekleri Federasyonu i\u015fbirli\u011finde d\u00fczenlenen Birinci Uluslararas\u0131 Rumeli \u015eenli\u011fi bug\u00fcn ba\u015fl\u0131yor. \u015eenli\u011fe Ba\u015fbakan Recep Tayyip Erdo\u011fan'\u0131n da kat\u0131lacak olmas\u0131 nedeniyle herhangi bir aksakl\u0131\u011f\u0131n ya\u015fanmamas\u0131 i\u00e7in her t\u00fcrl\u00fc tedbir al\u0131nd\u0131. Belediye\u2026","rel":"","context":"Benzer yaz\u0131","block_context":{"text":"Benzer yaz\u0131","link":""},"img":{"alt_text":"","src":"","width":0,"height":0},"classes":[]},{"id":900,"url":"https:\/\/www.gocmeniz.biz\/?p=900","url_meta":{"origin":1310,"position":1},"title":"KOM\u015eU \u00dcLKELER\u0130N \u00d6\u011eRENC\u0130LER\u0130 DOSTLUK \u0130\u00c7\u0130N B\u0130R ARAYA GELD\u0130","author":"Haberci","date":"13 Mart 2009","format":false,"excerpt":"Yunanistan ve Bulgaristan'dan gelen \u00e7ok say\u0131da \u00f6\u011frenci Edirne'de T\u00fcrk \u00f6\u011frencilerle bulu\u015ftu. \u00d6\u011frenciler Trakyal\u0131lar Vakf\u0131 taraf\u0131ndan organize edilen ve T\u00fcrk-Bulgar-Yunan Dostluk ve K\u00fclt\u00fcr Haftas\u0131 etkinlikleri kapsam\u0131nda bir araya geldi.Vak\u0131f g\u00f6revlileri taraf\u0131ndan Pazarkule ve Kap\u0131kule s\u0131n\u0131r kap\u0131lar\u0131nda kar\u015f\u0131lanan konuk \u00f6\u011frenciler ilk \u00f6nce Trakya \u00dcniversitesi Rekt\u00f6rl\u00fc\u011f\u00fc'n\u00fcn bulundu\u011fu Karaa\u011fa\u00e7 Mahallesi'ne ge\u00e7ti. Rekt\u00f6rl\u00fc\u011f\u00fcn tarihi binas\u0131n\u0131\u2026","rel":"","context":"&quot;Haberler&quot; i\u00e7inde","block_context":{"text":"Haberler","link":"https:\/\/www.gocmeniz.biz\/?cat=5"},"img":{"alt_text":"","src":"","width":0,"height":0},"classes":[]},{"id":418,"url":"https:\/\/www.gocmeniz.biz\/?p=418","url_meta":{"origin":1310,"position":2},"title":"1. BALKAN \u015eENL\u0130\u011e\u0130 \u0130\u00c7\u0130N 10 \u00dcLKEDEN 163 TEMS\u0130LC\u0130 GEL\u0130YOR","author":"Admin","date":"11 Haziran 2008","format":false,"excerpt":"Buca Belediyesi ve \u0130zmir Balkan Dernekleri Federasyonu i\u015fbirli\u011finde d\u00fczenlenen Birinci Uluslararas\u0131 Rumeli \u015eenli\u011fi i\u00e7in haz\u0131rl\u0131klar son a\u015famaya geldi. Ba\u015fbakan Recep Tayyip Erdo\u011fan'\u0131n da kat\u0131laca\u011f\u0131 \u015fenlik i\u00e7in zengin i\u00e7erikli bir program haz\u0131rland\u0131. D\u00f6rd\u00fcnc\u00fc Uluslararas\u0131 T\u00fcrkiye Balkan \u00dclkeleri Ticaret ve Turizm Paneliyle birle\u015ftirilen Rumeli \u015eenli\u011fine; Kosova, Arnavutluk, Bulgaristan, Bosna Hersek, Yunanistan, Slovenya,\u2026","rel":"","context":"Benzer yaz\u0131","block_context":{"text":"Benzer yaz\u0131","link":""},"img":{"alt_text":"","src":"","width":0,"height":0},"classes":[]},{"id":413,"url":"https:\/\/www.gocmeniz.biz\/?p=413","url_meta":{"origin":1310,"position":3},"title":"ZEUS K\u00dcLT\u00dcR VE SANAT FEST\u0130VAL\u0130NDE BULGAR R\u00dcZGARI ESECEK","author":"Haberci","date":"05 Haziran 2008","format":false,"excerpt":"\u00c7anakkale'nin Ayvac\u0131k il\u00e7esine ba\u011fl\u0131 K\u00fc\u00e7\u00fckkuyu Beldesinde 22-23-24 A\u011fustos tarihleri aras\u0131nda yap\u0131lacak olan \"Zeus K\u00fclt\u00fcr ve Sanat Festivali\"nde Bulgaristan'\u0131n Ruse Belediyesi Gen\u00e7lik Merkezi Halk Danslar\u0131 ve Bale ekibinin iki g\u00f6steri yapaca\u011f\u0131 a\u00e7\u0131kland\u0131.K\u00fc\u00e7\u00fckkuyu'da Ruse \u015eehri Gen\u00e7lik Merkezi M\u00fcd\u00fcr\u00fc Marian Savov ve Organizat\u00f6r Evin \u0130bisheva ile g\u00f6r\u00fc\u015fen K\u00fc\u00e7\u00fckkuyu Belediyesi Halkla ili\u015fkiler M\u00fcd\u00fcr\u00fc Serken\u2026","rel":"","context":"Benzer yaz\u0131","block_context":{"text":"Benzer yaz\u0131","link":""},"img":{"alt_text":"","src":"https:\/\/i0.wp.com\/resimler.haberler.com\/haber\/976\/zeus-kultur-ve-sanat-festivalinde-bulgar-ruzgari-1_b.jpg?resize=350%2C200","width":350,"height":200},"classes":[]},{"id":1654,"url":"https:\/\/www.gocmeniz.biz\/?p=1654","url_meta":{"origin":1310,"position":4},"title":"Bat\u0131 Trakya Tarihi Se\u00e7ek Ya\u011fl\u0131 G\u00fcre\u015flerinde T\u00fcrk, Yunan ve Bulgar g\u00fcre\u015f\u00e7iler kap\u0131\u015ft\u0131","author":"Haberci","date":"04 A\u011fustos 2009","format":false,"excerpt":"DEDEA\u011eA\u00c7(C\u0130HAN)- Yunanistan`\u0131n Rodop ve Meri\u00e7(Evros) illerinin birle\u015fti\u011fi Se\u00e7ek yaylas\u0131nda d\u00fczenlenen geleneksel Se\u00e7ek Ya\u011fl\u0131 G\u00fcre\u015fleri ve K\u00fclt\u00fcrel \u015eenlikleri k\u00fclt\u00fcrel etkinlikler ve ya\u011fl\u0131 g\u00fcre\u015f finaliyle sona erdi. Ba\u015fpehlival\u0131\u011f\u0131 Edirneli \u00fcnl\u00fc g\u00fcre\u015f\u00e7i Ahmet Yavuz kazand\u0131. Se\u00e7ek Az\u0131nl\u0131k E\u011fitim ve K\u00fclt\u00fcr Derne\u011fi`nin d\u00fczenledi\u011fi ve 650 y\u0131ll\u0131k bir ge\u00e7mi\u015fe sahip tarihi ya\u011fl\u0131 g\u00fcre\u015fler ve k\u00fclt\u00fcrel\u2026","rel":"","context":"&quot;Haberler&quot; i\u00e7inde","block_context":{"text":"Haberler","link":"https:\/\/www.gocmeniz.biz\/?cat=5"},"img":{"alt_text":"","src":"","width":0,"height":0},"classes":[]},{"id":808,"url":"https:\/\/www.gocmeniz.biz\/?p=808","url_meta":{"origin":1310,"position":5},"title":"Bulgaristan\u2019daki konuk evleri daha iyi tatil se\u00e7ene\u011fi","author":"Haberci","date":"05 \u015eubat 2009","format":false,"excerpt":"Veneta Nikolova'n\u0131n Yaz\u0131s\u0131 E\u011fer otel ile konuk evi aras\u0131nda se\u00e7im yapmak zorundaysan\u0131z fazla kafa yormay\u0131n. Hemen b\u00fcy\u00fck otellerin l\u00fcks havas\u0131na ev konforunu ve Bulgar evsahipli\u011fini se\u00e7in. Turizm ama\u00e7lar\u0131na uygun tamir edilmi\u015f k\u00f6y evlerine Bulgaristan\u2019\u0131n her yerinde rastlayabilirsiniz. Bu evlerin sahipleri, sizler i\u00e7in lezzetli yemekler haz\u0131rlayacak, k\u00f6yde geziler d\u00fczenleyecek, tek bir\u2026","rel":"","context":"&quot;Haberler&quot; i\u00e7inde","block_context":{"text":"Haberler","link":"https:\/\/www.gocmeniz.biz\/?cat=5"},"img":{"alt_text":"","src":"https:\/\/i0.wp.com\/www.bnr.bg\/NR\/rdonlyres\/D2C069A0-BE9D-4C8A-906F-597A724250EB\/0\/guests_house_310.jpg?resize=350%2C200","width":350,"height":200},"classes":[]}],"jetpack_sharing_enabled":true,"jetpack_likes_enabled":true,"_links":{"self":[{"href":"https:\/\/www.gocmeniz.biz\/index.php?rest_route=\/wp\/v2\/posts\/1310","targetHints":{"allow":["GET"]}}],"collection":[{"href":"https:\/\/www.gocmeniz.biz\/index.php?rest_route=\/wp\/v2\/posts"}],"about":[{"href":"https:\/\/www.gocmeniz.biz\/index.php?rest_route=\/wp\/v2\/types\/post"}],"author":[{"embeddable":true,"href":"https:\/\/www.gocmeniz.biz\/index.php?rest_route=\/wp\/v2\/users\/331"}],"replies":[{"embeddable":true,"href":"https:\/\/www.gocmeniz.biz\/index.php?rest_route=%2Fwp%2Fv2%2Fcomments&post=1310"}],"version-history":[{"count":1,"href":"https:\/\/www.gocmeniz.biz\/index.php?rest_route=\/wp\/v2\/posts\/1310\/revisions"}],"predecessor-version":[{"id":9118,"href":"https:\/\/www.gocmeniz.biz\/index.php?rest_route=\/wp\/v2\/posts\/1310\/revisions\/9118"}],"wp:attachment":[{"href":"https:\/\/www.gocmeniz.biz\/index.php?rest_route=%2Fwp%2Fv2%2Fmedia&parent=1310"}],"wp:term":[{"taxonomy":"category","embeddable":true,"href":"https:\/\/www.gocmeniz.biz\/index.php?rest_route=%2Fwp%2Fv2%2Fcategories&post=1310"},{"taxonomy":"post_tag","embeddable":true,"href":"https:\/\/www.gocmeniz.biz\/index.php?rest_route=%2Fwp%2Fv2%2Ftags&post=1310"}],"curies":[{"name":"wp","href":"https:\/\/api.w.org\/{rel}","templated":true}]}}