{"id":1470,"date":"2009-07-01T10:47:57","date_gmt":"2009-07-01T07:47:57","guid":{"rendered":"http:\/\/www.gocmeniz.biz\/?p=1470"},"modified":"2026-04-03T12:25:39","modified_gmt":"2026-04-03T09:25:39","slug":"bursada-bulgaristan-secimi","status":"publish","type":"post","link":"https:\/\/www.gocmeniz.biz\/?p=1470","title":{"rendered":"Bursa&#8217;da Bulgaristan Se\u00e7imi"},"content":{"rendered":"<p><b><img data-recalc-dims=\"1\"  title=\"\"  alt=\"xxaaa_bulgaristan_secim_bursa Bursa&#039;da Bulgaristan Se\u00e7imi\" decoding=\"async\" style=\"max-width: 800px; float: left; margin-top: 10px; margin-bottom: 10px; margin-right: 10px;\" src=\"https:\/\/i0.wp.com\/www.yenibursa.com\/img\/haber\/large\/xxaaa_bulgaristan_secim_bursa.jpg?w=640\" \/>Bulgaristan se\u00e7imleri i\u00e7in en \u00e7ok g\u00f6\u00e7menin ya\u015fad\u0131\u011f\u0131 Bursa se\u00e7ime haz\u0131rlan\u0131yor<\/b><\/p>\n<p><b>Bursa\u2019da, Bulgaristan\u2019da pazar g\u00fcn\u00fc yap\u0131lacak olan parlamento se\u00e7imlerinde oy kullanacaklar i\u00e7in haz\u0131rl\u0131klar devam ediyor.<\/b><br \/>\u00c7ifte vatanda\u015fl\u0131\u011fa sahip g\u00f6\u00e7men vatanda\u015flar\u0131n da oy kullanabilecekleri parlamento se\u00e7imleri i\u00e7in Orhangazi ve Yalova\u2019da da birer sand\u0131k kurulacak. Balg\u00f6\u00e7 Bursa, Orhangazi ve Yalova \u015fubeleri, pazar g\u00fcn\u00fc yap\u0131lacak se\u00e7imlerle ilgili haz\u0131rl\u0131klar devam ediyor. Bulgaristan\u2019\u0131n \u0130stanbul Ba\u015fkonsoloslu\u011fu\u2019nda g\u00f6revli Petar Fratev, hafta sonu Orhangazi ve Yalova Balg\u00f6\u00e7 \u015fubelerinin ba\u015fkanlar\u0131yla se\u00e7im g\u00fcn\u00fc g\u00fcvenlik tedbirlerini g\u00f6r\u00fc\u015fmek \u00fczere Orhangazi\u2019ye geldi. Balg\u00f6\u00e7 Orhangazi \u015eubesi Ba\u015fkan Yard\u0131mc\u0131s\u0131 Talat \u00d6nder ve di\u011fer y\u00f6netim kurulu \u00fcyelerinin yan\u0131 s\u0131ra Balg\u00f6\u00e7 Yalova \u015eubesi Ba\u015fkan\u0131 L\u00fctf\u00fc \u00d6zg\u00fcr\u2019\u00fcn de haz\u0131r bulundu\u011fu g\u00f6r\u00fc\u015fmeye Orhangazi Emniyet M\u00fcd\u00fcrl\u00fc\u011f\u00fc yetkilileri de kat\u0131ld\u0131.<\/p>\n<p>Balg\u00f6\u00e7 yetkilileri, Pazar g\u00fcn\u00fc yap\u0131lacak se\u00e7imlerin T\u00fcrkiye i\u00e7in son derece \u00f6nemli oldu\u011funa i\u015faret ederek, &#8220;T\u00fcrkiye genelinde 800 bin ile 1 milyon aras\u0131 se\u00e7men bulunuyor. Orhangazi ve Yalova\u2019da ise toplamda 2 binin \u00fczerinde bu se\u00e7imlerde oy kullanacak \u00e7ifte vatanda\u015f\u0131m\u0131z var. \u00c7ifte vatanda\u015fl\u0131\u011f\u0131 olan b\u00fct\u00fcn soyda\u015flar\u0131m\u0131z\u0131 pazar g\u00fcn\u00fc yap\u0131lacak se\u00e7imlerde oy kullanmak \u00fczere sand\u0131\u011fa bekliyoruz&#8221; diye konu\u015ftular.<\/p>\n","protected":false},"excerpt":{"rendered":"<p>Bulgaristan se\u00e7imleri i\u00e7in en \u00e7ok g\u00f6\u00e7menin ya\u015fad\u0131\u011f\u0131 Bursa se\u00e7ime haz\u0131rlan\u0131yor Bursa\u2019da, Bulgaristan\u2019da pazar g\u00fcn\u00fc yap\u0131lacak olan parlamento se\u00e7imlerinde oy kullanacaklar i\u00e7in haz\u0131rl\u0131klar devam ediyor.\u00c7ifte vatanda\u015fl\u0131\u011fa sahip g\u00f6\u00e7men vatanda\u015flar\u0131n da oy kullanabilecekleri parlamento se\u00e7imleri i\u00e7in Orhangazi ve Yalova\u2019da da birer sand\u0131k kurulacak. Balg\u00f6\u00e7 Bursa, Orhangazi ve Yalova \u015fubeleri, pazar g\u00fcn\u00fc yap\u0131lacak se\u00e7imlerle ilgili haz\u0131rl\u0131klar devam ediyor. [&hellip;]<\/p>\n","protected":false},"author":331,"featured_media":0,"comment_status":"open","ping_status":"open","sticky":false,"template":"","format":"standard","meta":{"advanced_seo_description":"","jetpack_seo_html_title":"","jetpack_seo_noindex":false,"ngg_post_thumbnail":0,"jetpack_post_was_ever_published":false,"_jetpack_newsletter_access":"","_jetpack_dont_email_post_to_subs":false,"_jetpack_newsletter_tier_id":0,"_jetpack_memberships_contains_paywalled_content":false,"_jetpack_memberships_contains_paid_content":false,"footnotes":""},"categories":[5],"tags":[],"class_list":["post-1470","post","type-post","status-publish","format-standard","hentry","category-haberler"],"jetpack_featured_media_url":"","jetpack_shortlink":"https:\/\/wp.me\/paHHlZ-nI","jetpack-related-posts":[{"id":1402,"url":"https:\/\/www.gocmeniz.biz\/?p=1402","url_meta":{"origin":1470,"position":0},"title":"Bulgaristan se\u00e7imlerinde T\u00fcrkiye&#8217;de 123 oy merkezi","author":"Haberci","date":"19 Haziran 2009","format":false,"excerpt":"A.A.\u00a0 \u00a0\u00a0\u00a0 Bulgaristan'da 5 Temmuzda yap\u0131lacak parlamento se\u00e7imiyle ilgili kampanya t\u00fcm h\u0131z\u0131yla s\u00fcrerken, yurt d\u0131\u015f\u0131ndaki vatanda\u015flar\u0131n oy kullanmas\u0131 i\u00e7in en fazla merkez T\u00fcrkiye'de a\u00e7\u0131lacak.Bulgaristan D\u0131\u015fi\u015fleri Bakanl\u0131\u011f\u0131n\u0131n se\u00e7imin yurt d\u0131\u015f\u0131ndaki organizasyon \u00e7al\u0131\u015fmalar\u0131yla ilgili a\u00e7\u0131klamas\u0131nda, 58 \u00fclkede yakla\u015f\u0131k 200 oy kullanma merkezinin a\u00e7\u0131laca\u011f\u0131 belirtilirken, bu merkezlerden 123'\u00fcn\u00fcn T\u00fcrkiye'de olaca\u011f\u0131 kaydedildi.A\u00e7\u0131klamaya g\u00f6re \u0130stanbul'da\u2026","rel":"","context":"&quot;Haberler&quot; i\u00e7inde","block_context":{"text":"Haberler","link":"https:\/\/www.gocmeniz.biz\/?cat=5"},"img":{"alt_text":"","src":"","width":0,"height":0},"classes":[]},{"id":8478,"url":"https:\/\/www.gocmeniz.biz\/?p=8478","url_meta":{"origin":1470,"position":1},"title":"T\u00fcrkiye&#8217;deki \u00e7ifte vatanda\u015flara 19 Nisan Bulgaristan se\u00e7imleri i\u00e7in &#8220;sand\u0131\u011fa gidin&#8221; \u00e7a\u011fr\u0131s\u0131","author":"Admin","date":"28 Mart 2026","format":false,"excerpt":"Trakya Balkan T\u00fcrkleri K\u00fclt\u00fcr ve Dayan\u0131\u015fma Derne\u011fi Ba\u015fkan\u0131 Cevat G\u00fcne\u015f, 19 Nisan'da Bulgaristan'da yap\u0131lacak milletvekili se\u00e7imleri i\u00e7in T\u00fcrkiye'de ya\u015fayan \u00e7ifte vatanda\u015flara \"sand\u0131\u011fa gidin\" \u00e7a\u011fr\u0131s\u0131nda bulundu. Bulgaristan'\u0131n erken genel se\u00e7im s\u00fcrecine ili\u015fkin AA muhabirine de\u011ferlendirmelerde bulunan G\u00fcne\u015f, \u00fclkede siyasal zeminin uzun s\u00fcredir \u00e7\u0131kmazda oldu\u011funu s\u00f6yledi. Kurulan h\u00fck\u00fcmetlerin devaml\u0131l\u0131k sa\u011flayamad\u0131\u011f\u0131n\u0131 belirten G\u00fcne\u015f,\u2026","rel":"","context":"&quot;Haberler&quot; i\u00e7inde","block_context":{"text":"Haberler","link":"https:\/\/www.gocmeniz.biz\/?cat=5"},"img":{"alt_text":"","src":"https:\/\/i0.wp.com\/www.gocmeniz.biz\/wp-content\/turkiye-deki-cifte-vatandaslara-19-nisan-19695039_amp.jpg?fit=1200%2C800&ssl=1&resize=350%2C200","width":350,"height":200,"srcset":"https:\/\/i0.wp.com\/www.gocmeniz.biz\/wp-content\/turkiye-deki-cifte-vatandaslara-19-nisan-19695039_amp.jpg?fit=1200%2C800&ssl=1&resize=350%2C200 1x, https:\/\/i0.wp.com\/www.gocmeniz.biz\/wp-content\/turkiye-deki-cifte-vatandaslara-19-nisan-19695039_amp.jpg?fit=1200%2C800&ssl=1&resize=525%2C300 1.5x, https:\/\/i0.wp.com\/www.gocmeniz.biz\/wp-content\/turkiye-deki-cifte-vatandaslara-19-nisan-19695039_amp.jpg?fit=1200%2C800&ssl=1&resize=700%2C400 2x, https:\/\/i0.wp.com\/www.gocmeniz.biz\/wp-content\/turkiye-deki-cifte-vatandaslara-19-nisan-19695039_amp.jpg?fit=1200%2C800&ssl=1&resize=1050%2C600 3x"},"classes":[]},{"id":1433,"url":"https:\/\/www.gocmeniz.biz\/?p=1433","url_meta":{"origin":1470,"position":2},"title":"BULGAR\u0130STAN VATANDA\u015eLARI KIRKLAREL\u0130&#8217;NDE OY KULLANACAK","author":"Haberci","date":"25 Haziran 2009","format":false,"excerpt":"K\u0131rklareli'nde ya\u015fayan Bulgar vatanda\u015flar\u0131n\u0131n oy kullanmas\u0131 i\u00e7in 5 Temmuzda sand\u0131k konaca\u011f\u0131 bildirildi.T\u00fcrkiye'deki g\u00f6revi temmuz ay\u0131nda dolacak olan Bulgaristan'\u0131n Edirne Ba\u015fkonsolosu Angel Angelov, K\u0131rklareli Ticaret ve Sanayi Odas\u0131 Ba\u015fkan\u0131 Ertu\u011frul Z\u0131ya \u00c7etinta\u015f ve y\u00f6netim kurulu \u00fcyelerine veda ziyaretinde bulundu.Angelov, ziyarette, Bulgaristan'da 5 Temmuz Pazar g\u00fcn\u00fc yap\u0131lacak genel se\u00e7imler i\u00e7in K\u0131rklareli'nde de\u2026","rel":"","context":"&quot;Haberler&quot; i\u00e7inde","block_context":{"text":"Haberler","link":"https:\/\/www.gocmeniz.biz\/?cat=5"},"img":{"alt_text":"","src":"","width":0,"height":0},"classes":[]},{"id":1476,"url":"https:\/\/www.gocmeniz.biz\/?p=1476","url_meta":{"origin":1470,"position":3},"title":"Bulgaristan`da `oyumu satm\u0131yorum` kampanyas\u0131 ba\u015flat\u0131ld\u0131","author":"Haberci","date":"01 Temmuz 2009","format":false,"excerpt":"Bulgaristan`da 5 Temmuz Pazar g\u00fcn\u00fc yap\u0131lacak parlamento se\u00e7imi \u00f6ncesinde sivil toplum \u00f6rg\u00fctleri taraf\u0131ndan `oyumu satm\u0131yorum` kampanyas\u0131 ba\u015flat\u0131ld\u0131.Devlet taraf\u0131ndan da desteklenen ve 10 kentte d\u00fczenlenen kampanya \u00e7er\u00e7evesinde para veya hediye kar\u015f\u0131l\u0131\u011f\u0131 oy sat\u0131n al\u0131nmas\u0131n\u0131 engellemek i\u00e7in `se\u00e7men bilin\u00e7lendirme program\u0131` uygulanacak.Kampanya y\u00f6neticileri program\u0131n \u00f6zellikle \u00fclkede ya\u015fayan \u00c7ingene az\u0131nl\u0131\u011fa y\u00f6nelik oldu\u011funu ifade ederek,\u2026","rel":"","context":"&quot;Haberler&quot; i\u00e7inde","block_context":{"text":"Haberler","link":"https:\/\/www.gocmeniz.biz\/?cat=5"},"img":{"alt_text":"","src":"","width":0,"height":0},"classes":[]},{"id":1504,"url":"https:\/\/www.gocmeniz.biz\/?p=1504","url_meta":{"origin":1470,"position":4},"title":"Reuters: Bulgar \u0131rk\u00e7\u0131lar\u0131 etnik bar\u0131\u015f\u0131 tehdit ediyor","author":"Haberci","date":"06 Temmuz 2009","format":false,"excerpt":"Bulgaristan se\u00e7imlerini de\u011ferlendiren Reuters, \u0131rk\u00e7\u0131 Ataka Partisi'nin s\u00f6yleminin toplumdaki etnik bar\u0131\u015f\u0131 tehdit etti\u011fini duyurdu. Reuters haber ajans\u0131nda yay\u0131mlanan haber analizde, Bulgaristan`da 20 y\u0131l \u00f6nce M\u00fcsl\u00fcman T\u00fcrk az\u0131nl\u0131\u011f\u0131na uygulanmaya \u00e7al\u0131\u015f\u0131lan asimilasyon kampanyas\u0131n\u0131n tekrar geri d\u00f6nmesinden endi\u015fe edildi\u011fini kaydedildi. Haberde, 1989`da M\u00fcsl\u00fcman T\u00fcrklerinin etnik Bulgar isimleri ile zorla de\u011fi\u015ftirilmesi bask\u0131lar\u0131na direnen ve\u2026","rel":"","context":"&quot;Haberler&quot; i\u00e7inde","block_context":{"text":"Haberler","link":"https:\/\/www.gocmeniz.biz\/?cat=5"},"img":{"alt_text":"","src":"","width":0,"height":0},"classes":[]},{"id":1353,"url":"https:\/\/www.gocmeniz.biz\/?p=1353","url_meta":{"origin":1470,"position":5},"title":"T\u00fcrkiye`de ya\u015fayan Bulgaristan vatanda\u015flar\u0131na 14 Haziran uyar\u0131s\u0131","author":"Haberci","date":"12 Haziran 2009","format":false,"excerpt":"Bulgaristan`da 5 Temmuz`da yap\u0131lacak parlamento se\u00e7imlerinde T\u00fcrkiye`deki Bulgaristan vatanda\u015flar\u0131n\u0131n bulunduklar\u0131 yerde sand\u0131k a\u00e7t\u0131rmak i\u00e7in ba\u015fvuru s\u00fcresi bitiyor. Bulgaristan Ankara B\u00fcy\u00fckel\u00e7ili\u011fi`nden yap\u0131lan a\u00e7\u0131klamaya g\u00f6re, bulunduklar\u0131 \u015fehir ya da mahallede sand\u0131k a\u00e7t\u0131rmak isteyen vatanda\u015flar\u0131n 14 Haziran 2009 tarihine kadar taleplerini bildirmeleri gerekiyor. Bir merkezde sand\u0131k a\u00e7\u0131lmas\u0131 i\u00e7in 100 imza gerekiyor. A\u00e7\u0131klamaya g\u00f6re\u2026","rel":"","context":"&quot;Haberler&quot; i\u00e7inde","block_context":{"text":"Haberler","link":"https:\/\/www.gocmeniz.biz\/?cat=5"},"img":{"alt_text":"","src":"","width":0,"height":0},"classes":[]}],"jetpack_sharing_enabled":true,"jetpack_likes_enabled":true,"_links":{"self":[{"href":"https:\/\/www.gocmeniz.biz\/index.php?rest_route=\/wp\/v2\/posts\/1470","targetHints":{"allow":["GET"]}}],"collection":[{"href":"https:\/\/www.gocmeniz.biz\/index.php?rest_route=\/wp\/v2\/posts"}],"about":[{"href":"https:\/\/www.gocmeniz.biz\/index.php?rest_route=\/wp\/v2\/types\/post"}],"author":[{"embeddable":true,"href":"https:\/\/www.gocmeniz.biz\/index.php?rest_route=\/wp\/v2\/users\/331"}],"replies":[{"embeddable":true,"href":"https:\/\/www.gocmeniz.biz\/index.php?rest_route=%2Fwp%2Fv2%2Fcomments&post=1470"}],"version-history":[{"count":1,"href":"https:\/\/www.gocmeniz.biz\/index.php?rest_route=\/wp\/v2\/posts\/1470\/revisions"}],"predecessor-version":[{"id":9078,"href":"https:\/\/www.gocmeniz.biz\/index.php?rest_route=\/wp\/v2\/posts\/1470\/revisions\/9078"}],"wp:attachment":[{"href":"https:\/\/www.gocmeniz.biz\/index.php?rest_route=%2Fwp%2Fv2%2Fmedia&parent=1470"}],"wp:term":[{"taxonomy":"category","embeddable":true,"href":"https:\/\/www.gocmeniz.biz\/index.php?rest_route=%2Fwp%2Fv2%2Fcategories&post=1470"},{"taxonomy":"post_tag","embeddable":true,"href":"https:\/\/www.gocmeniz.biz\/index.php?rest_route=%2Fwp%2Fv2%2Ftags&post=1470"}],"curies":[{"name":"wp","href":"https:\/\/api.w.org\/{rel}","templated":true}]}}