{"id":1523,"date":"2009-07-08T13:01:36","date_gmt":"2009-07-08T10:01:36","guid":{"rendered":"http:\/\/www.gocmeniz.biz\/?p=1523"},"modified":"2009-07-22T11:19:10","modified_gmt":"2009-07-22T08:19:10","slug":"tursunkoy-piknigi-yazar-huseyin-guntekinden-duyuru","status":"publish","type":"post","link":"https:\/\/www.gocmeniz.biz\/?p=1523","title":{"rendered":"Tursunk\u00f6y Pikni\u011fi. (Yazar H\u00fcseyin G\u00fcntekin&#8217;den Duyuru)"},"content":{"rendered":"<p>       D  U  Y  U  R  U<\/p>\n<p>TURSUNK\u00d6Y GELENEKSEL E\u011eLENCE P\u0130KN\u0130\u011e\u0130 GELECEK YILA 30  MAYIS 2010 DA PAZAR G\u00dcN\u00dc OLACAK . BU KARAR ,P\u0130KN\u0130K  Y\u00d6NET\u0130C\u0130LER\u0130 TARAFINDAN ALINMI\u015eTIR.BU G\u00dcNDE H\u0130\u00c7 K\u0130MSE D\u00dc\u011e\u00dcN,N\u0130\u015eAN .MEVL\u0130T.DO\u011eUM  G\u00dcN\u00dc VE D\u0130\u011eER \u00d6RF ADETLER\u0130  L\u00dcTFEN BU G\u00dcNE DENK GET\u0130RMES\u0130NLER . B\u00dcT\u00dcN TURSUN K\u00d6YL\u00dcLERE VE \u0130LG\u0130L\u0130LERE \u00d6NEMLE DUYURULUR<\/p>\n<p><strong>P\u0130KN\u0130K HAR\u0130TASI:<\/strong><\/p>\n<p><a href=\"https:\/\/i0.wp.com\/img189.imageshack.us\/img189\/9333\/yeniresim1m.png\" target=\"_blank\"><img data-recalc-dims=\"1\"  title=\"\" loading=\"lazy\" decoding=\"async\" class=\"alignnone\" src=\"https:\/\/i0.wp.com\/img189.imageshack.us\/img189\/9333\/yeniresim1m.png?resize=450%2C485\"  alt=\"yeniresim1m Tursunk\u00f6y Pikni\u011fi. (Yazar H\u00fcseyin G\u00fcntekin&#039;den Duyuru)\"  width=\"450\" height=\"485\" \/><\/a><\/p>\n<p><a href=\"https:\/\/i0.wp.com\/img33.imageshack.us\/img33\/5352\/gonul.jpg\"><img data-recalc-dims=\"1\"  title=\"\" loading=\"lazy\" decoding=\"async\" class=\"alignnone\" src=\"https:\/\/i0.wp.com\/img33.imageshack.us\/img33\/5352\/gonul.jpg?resize=300%2C399\"  alt=\"gonul Tursunk\u00f6y Pikni\u011fi. (Yazar H\u00fcseyin G\u00fcntekin&#039;den Duyuru)\"  width=\"300\" height=\"399\" \/><\/a><\/p>\n<p>G\u00d6N\u00dcL YARASI \u015e\u0130\u0130R K\u0130TABI KAPA\u011eININ \u00d6N Y\u00dcZ\u00dc .&nbsp; ARKA KAPAK \u0130SE D\u00dcZ RES\u0130MS\u0130Z VE MET\u0130NS\u0130ZD\u0130R .<br \/>\n2007 YILINDA &#8221; G\u00d6N\u00dcL YARASI&#8221; ADI ALTINDA BASKIDAN \u00c7IKAN \u015e\u0130\u0130R K\u0130TABI .<\/p>\n<p><a target=\"_blank\" href=\"https:\/\/i0.wp.com\/img219.imageshack.us\/img219\/3952\/tursun.jpg\"><img data-recalc-dims=\"1\"  title=\"\"  alt=\"tursun Tursunk\u00f6y Pikni\u011fi. (Yazar H\u00fcseyin G\u00fcntekin&#039;den Duyuru)\" loading=\"lazy\" decoding=\"async\" style=\"max-width: 800px;\" src=\"https:\/\/i0.wp.com\/img219.imageshack.us\/img219\/3952\/tursun.jpg?resize=300%2C400\" width=\"300\" height=\"400\" \/><\/a><br \/>\nTURSUNK\u00d6Y S\u00dcLALE ARA\u015eTIRMA K\u0130TABIN KAPA\u011eININ \u00d6N Y\u00dcZ\u00dc<\/p>\n<p>GE\u00c7EN YIL DA 2008 DE &#8221; TURSUNK\u00d6Y &#8221; S\u00dcLALE ARA\u015eTIRMA K\u0130TABI BASKIDAN \u00c7IKARTILDI . \u015e\u0130\u0130R K\u0130TABI \u0130LK ANDA BASKIDAN \u00c7IKI\u015eINDA \u00c7OK RABET G\u00d6RD\u00dc , AMA NE DE OLSA YARISINDAN FAZLASI SATILDI . BU 2008 DE \u00c7IKARTILAN S\u00dcLALE ARA\u015eTIRMA K\u0130TABI Y\u0130NE DE \u00c7OK \u015e\u0130\u0130R K\u0130TABINDAN FAZLA PR\u0130M YAPTI . BU K\u0130TAP K\u00d6YL\u00dcLER\u0130M\u0130Z ARASINDA \u00c7OK \u0130LG\u0130 G\u00d6RD\u00dc . BU K\u0130TABIN SATI\u015eI \u015e\u0130\u0130R K\u0130TABINDAN \u00d6NCE SATILACA\u011eI TAHM\u0130N\u0130NDEY\u0130M . BU K\u0130TAP S\u00dcLALE ARA\u015eTIRMASI \u0130LE \u0130LG\u0130L\u0130 OLDU\u011eU \u0130\u00c7\u0130N K\u00d6YDE\u015eLER\u0130M HEPS\u0130 S\u00dcLALES\u0130N\u0130 MERAK ED\u0130YOR. BU K\u0130TABIN BASKISININ TEK AMACI AKRABA EVL\u0130L\u0130\u011e\u0130N\u0130N ORTADAN KALDIRILMASI VE D\u00dc\u011e\u00dcN ,N\u0130\u015eAN VE D\u0130\u011eER \u00d6RF ADETLER\u0130N\u0130 YAPARKEN BU K\u0130TAP YARDIMIYLA RAHAT\u00c7A H\u0130\u00c7 D\u00dc\u015e\u00dcNMEDEN BA\u015eKA YERDEN YARDIM ALMADAN D\u00dc\u011e\u00dcN\u00dcN\u00dc VE N\u0130\u015eANINI D\u0130\u011eER GELENEKLER\u0130N\u0130 BU K\u0130TABI KEND\u0130NE B\u0130R REHBER ARACI OLARAK HERKES KULLANAB\u0130L\u0130R.<\/p>\n<p>SAYGIDE\u011eER K\u00d6YDE\u015eLER\u0130M .YALNIZ 1970 YILINDAN BER\u0130 \u0130KAMET EDEN T\u00dcRK\u0130YEDE BULUNAN G\u00d6\u00c7MEN OLANLARA H\u0130TAP ED\u0130LM\u0130YOR . AYNI ZAMANDA OSMANLI \u0130MPERATORLU\u011eU YILLARINDA 1893 \/ 40 KADAR, SONRA 1933 \/ 34 YILLARINDA YAPILAN G\u00d6\u00c7LERDE K\u00d6Y\u00dcM\u00dcZDEN \u00c7E\u015e\u0130TL\u0130 \u0130LLERE G\u00d6\u00c7LER OLMU\u015eTUR .<\/p>\n<p>TEK\u0130RDA\u011e .UZUN HACILAR , MURATLI &#8211; SIRTK\u00d6Y VE D\u0130\u011eER \u0130LLERE MUHTEL\u0130F B\u00d6LGELERE YERLE\u015eM\u0130\u015eLERD\u0130R . BU ARA\u015eTIRMA K\u0130TABININ BENCE KEND\u0130N\u0130 B\u0130LEN B\u0130R K\u0130\u015e\u0130 BU K\u0130TABI EV\u0130NDE BULUNDURSA \u00c7OK \u0130Y\u0130 OLUR \u00c7\u00dcNK\u00dc GELECEK OLAN NES\u0130L AKRABALIK DERECES\u0130N\u0130 UNUTMAMI\u015e OLUR . BU K\u0130TABIN DE\u011eER\u0130N\u0130 B\u0130LEN LER B\u00dcT\u00dcN \u00c7OCUKLARINA TAR\u0130H\u0130 B\u0130R HATIRA VE REHBER OLARAK ALARAK SAKLADILAR . BU K\u0130TABIN DE\u011eETR\u0130N\u0130 B\u0130LMEYENLER SADECE ELE\u015eT\u0130R\u0130 YAPTILAR AMA BENCE B\u00d6YLE DE\u011eERL\u0130 K\u0130TAPLAR HERKES\u0130N EL\u0130NDE BULUNSA \u00c7OK \u0130Y\u0130 OLURDU .<\/p>\n<p><a href=\"https:\/\/i0.wp.com\/img43.imageshack.us\/img43\/1594\/tursunarka.jpg\"><img data-recalc-dims=\"1\"  title=\"\" loading=\"lazy\" decoding=\"async\" class=\"alignnone\" src=\"https:\/\/i0.wp.com\/img43.imageshack.us\/img43\/1594\/tursunarka.jpg?resize=300%2C400\"  alt=\"tursunarka Tursunk\u00f6y Pikni\u011fi. (Yazar H\u00fcseyin G\u00fcntekin&#039;den Duyuru)\"  width=\"300\" height=\"400\" \/><\/a><br \/>\nTURSUNK\u00d6Y S\u00dcLALE ARA\u015eTIRMA K\u0130TABININ KAPA\u011eININ ARKA Y\u00dcZ\u00dc<\/p>\n<p><font face=\"sans-serif\"><\/font><\/p>\n","protected":false},"excerpt":{"rendered":"<p>D U Y U R U TURSUNK\u00d6Y GELENEKSEL E\u011eLENCE P\u0130KN\u0130\u011e\u0130 GELECEK YILA 30 MAYIS 2010 DA PAZAR G\u00dcN\u00dc OLACAK . BU KARAR ,P\u0130KN\u0130K Y\u00d6NET\u0130C\u0130LER\u0130 TARAFINDAN ALINMI\u015eTIR.BU G\u00dcNDE H\u0130\u00c7 K\u0130MSE D\u00dc\u011e\u00dcN,N\u0130\u015eAN .MEVL\u0130T.DO\u011eUM G\u00dcN\u00dc VE D\u0130\u011eER \u00d6RF ADETLER\u0130 L\u00dcTFEN BU G\u00dcNE DENK GET\u0130RMES\u0130NLER . B\u00dcT\u00dcN TURSUN K\u00d6YL\u00dcLERE VE \u0130LG\u0130L\u0130LERE \u00d6NEMLE DUYURULUR P\u0130KN\u0130K HAR\u0130TASI: G\u00d6N\u00dcL YARASI \u015e\u0130\u0130R K\u0130TABI [&hellip;]<\/p>\n","protected":false},"author":728,"featured_media":0,"comment_status":"open","ping_status":"open","sticky":false,"template":"","format":"standard","meta":{"advanced_seo_description":"","jetpack_seo_html_title":"","jetpack_seo_noindex":false,"ngg_post_thumbnail":0,"jetpack_post_was_ever_published":false,"_jetpack_newsletter_access":"","_jetpack_dont_email_post_to_subs":false,"_jetpack_newsletter_tier_id":0,"_jetpack_memberships_contains_paywalled_content":false,"_jetpack_memberships_contains_paid_content":false,"footnotes":""},"categories":[8,31],"tags":[322,522,324,319,320,321,323,338],"class_list":["post-1523","post","type-post","status-publish","format-standard","hentry","category-duyurular","category-huseyin-guntekin","tag-gonul-yarasi","tag-huseyin-guntekin","tag-koyumden-esintiler","tag-tursunkoy","tag-tursunkoy-piknik","tag-tursunkoy-piknigi","tag-tursunkoy-sulale-arastirma","tag-yeni-etiket-ekle"],"jetpack_featured_media_url":"","jetpack_shortlink":"https:\/\/wp.me\/paHHlZ-oz","jetpack-related-posts":[{"id":506,"url":"https:\/\/www.gocmeniz.biz\/?p=506","url_meta":{"origin":1523,"position":0},"title":"Yazar H\u00fcseyin G\u00fcntekin&#8217;den Duyuru","author":"Haberci","date":"11 Eyl\u00fcl 2008","format":false,"excerpt":"Sayg\u0131de\u011fer \u00fcyeler,pek muhterem karde\u015flerim ve G\u00f6\u00e7meniz.Biz adminleri.Hayli zamandan beri siteye giremedim \u00e7\u00fcnk\u00fc bir tak\u0131m \u00f6nemli i\u015flerim vard\u0131.Ben size \u015fu duyuruyu da yapmak istiyorum \"G\u00f6n\u00fcl Yaras\u0131\" \u015fiir kitab\u0131ndan sonra \"Tursunk\u00f6y\" s\u00fclale ara\u015ft\u0131rmas\u0131 kitab\u0131n\u0131 Temmuz ay\u0131nda bask\u0131dan \u00e7\u0131kartt\u0131m. Bu duyuruyu yapmak i\u00e7in bu mesaj\u0131 site okuyucalar\u0131na bildirmeyi uygun buldum.","rel":"","context":"&quot;Duyurular&quot; i\u00e7inde","block_context":{"text":"Duyurular","link":"https:\/\/www.gocmeniz.biz\/?cat=8"},"img":{"alt_text":"","src":"https:\/\/i0.wp.com\/www.gocmeniz.biz\/images\/huseyinguntekin.jpg?resize=350%2C200","width":350,"height":200},"classes":[]},{"id":342,"url":"https:\/\/www.gocmeniz.biz\/?p=342","url_meta":{"origin":1523,"position":1},"title":"H\u00fcseyin G\u00fcntekin&#8217;den Duyuru","author":"Admin","date":"20 Nisan 2008","format":false,"excerpt":"13 TEMMUZ PAZAR G\u00dcN\u00dc YAN\u0130 TEMMUZ AYININ \u0130K\u0130NC\u0130 HAFTASINDA \u00c7ATALCA \u0130L\u0130NE BA\u011eLI \u0130HSAN\u0130YE K\u00d6Y\u00dc ORMANLIK B\u00d6LGES\u0130NDE BULUNAN P\u0130KN\u0130K ALANINDA BULU\u015eALIM.BU P\u0130KNE\u011eE RAZGRAT \u0130L\u0130NE BA\u011eLI OLAN TURSUNK\u00d6Y SAK\u0130NLER\u0130 B\u00dcT\u00dcN HEPS\u0130DAVETL\u0130D\u0130R. AYRICA M\u0130SAF\u0130RLER\u0130 ARAMIZDA G\u00d6RMEKTEN MEMNUN KALIRIZ. P\u0130KN\u0130K ALANI HERKESE A\u00c7IKTIR.NOT: 13 TEMMUZDA BU G\u00dcN K\u0130MSE D\u00dc\u011e\u00dcN N\u0130\u015eANMEVL\u0130T VE DO\u011eUM G\u00dcN\u00dc YAPILMAYACAKTIR.\u0130LG\u0130L\u0130LERE\u2026","rel":"","context":"&quot;Duyurular&quot; i\u00e7inde","block_context":{"text":"Duyurular","link":"https:\/\/www.gocmeniz.biz\/?cat=8"},"img":{"alt_text":"","src":"https:\/\/i0.wp.com\/www.gocmeniz.biz\/images\/huseyinguntekin.jpg?resize=350%2C200","width":350,"height":200},"classes":[]},{"id":247,"url":"https:\/\/www.gocmeniz.biz\/?p=247","url_meta":{"origin":1523,"position":2},"title":"H\u00fcseyin G\u00fcntekin \u015eiirleri ve Yaz\u0131lar\u0131 ile G\u00f6\u00e7meniz.Biz&#8217;de !","author":"Admin","date":"20 Aral\u0131k 2007","format":false,"excerpt":"De\u011ferli \u015fair ve yazarlar\u0131m\u0131zdan H\u00fcseyin G\u00fcntekin, \"G\u00f6n\u00fcl Yaras\u0131\" ismini ta\u015f\u0131yan kitab\u0131n\u0131n ard\u0131ndan \u015fimdi de ayn\u0131 isimle G\u00f6\u00e7meniz.Biz'de yazmaya devam ediyor. Kendisine B\u0130Zimle oldu\u011fu i\u00e7in sonsuz te\u015fekk\u00fcrlerimizi sunuyoruz. \u00a0 \u00a0 H\u00dcSEY\u0130N G\u00dcNTEK\u0130N SAYFASINA ULA\u015eMAK \u0130\u00c7\u0130N TIKLAYIN.","rel":"","context":"&quot;Duyurular&quot; i\u00e7inde","block_context":{"text":"Duyurular","link":"https:\/\/www.gocmeniz.biz\/?cat=8"},"img":{"alt_text":"","src":"https:\/\/i0.wp.com\/www.gocmeniz.biz\/images\/huseyinguntekinsmall.jpg?resize=350%2C200","width":350,"height":200},"classes":[]},{"id":352,"url":"https:\/\/www.gocmeniz.biz\/?p=352","url_meta":{"origin":1523,"position":3},"title":"\u015eairimizin \u00d6zge\u00e7mi\u015fi","author":"Admin","date":"27 Nisan 2008","format":false,"excerpt":"\u00d6ZGE\u00c7M\u0130\u015e\u0130M H\u00fcseyin G\u00fcntekin, 18 Temmuz 1946 y\u0131l\u0131nda evlad-\u0131 fatihan diyar\u0131 Bulgaristan\u2019\u0131n Razgrat \u015fehri Tursun k\u00f6y\u2019de (Zdravetst) d\u00fcnyaya geldi. \u0130lkokulu k\u00f6y okulunda, ortaokulunu ise Hebib k\u00f6yde (Vladimirovtsi) tamamlad\u0131. Hen\u00fcz 10 ya\u015f\u0131nda iken babas\u0131n\u0131 kaybeden G\u00fcntekin, zor hayat \u015fartlar\u0131 dolay\u0131s\u0131yla tahsilini s\u00fcrd\u00fcremeyerek erken ya\u015fta hayat m\u00fccadelesine at\u0131lm\u0131\u015ft\u0131r. Hen\u00fcz ortaokulda iken \u015fiir yazma\u2026","rel":"","context":"&quot;H\u00fcseyin G\u00fcntekin&quot; i\u00e7inde","block_context":{"text":"H\u00fcseyin G\u00fcntekin","link":"https:\/\/www.gocmeniz.biz\/?cat=31"},"img":{"alt_text":"","src":"","width":0,"height":0},"classes":[]},{"id":248,"url":"https:\/\/www.gocmeniz.biz\/?p=248","url_meta":{"origin":1523,"position":4},"title":"H\u00fcseyin G\u00fcntekin&#8217;den Mesaj","author":"Admin","date":"20 Aral\u0131k 2007","format":false,"excerpt":"Ben H\u00fcseyin G\u00fcntekin, G\u00f6\u00e7meniz Biz sitesine \u00fcye olmak i\u00e7in bana yard\u0131m etti\u011finiz i\u00e7in Site y\u00f6neticilerine \u00e7ok \u00e7ok te\u015fekk\u00fcr ediyorum . \u00d6zellikle Sever ve Mehmet\u2019e bu yard\u0131mlar\u0131ndan dolay\u0131 \u00e7ok \u00e7ok te\u015fekk\u00fcrler ediyorum. Bilserniz beni nekadar memnun ettiniz. Siz bana bu siteyi bir bayram hediyesi olarak takdim ettiniz. Siz bana en b\u00fcy\u00fck\u2026","rel":"","context":"&quot;H\u00fcseyin G\u00fcntekin&quot; i\u00e7inde","block_context":{"text":"H\u00fcseyin G\u00fcntekin","link":"https:\/\/www.gocmeniz.biz\/?cat=31"},"img":{"alt_text":"","src":"","width":0,"height":0},"classes":[]},{"id":252,"url":"https:\/\/www.gocmeniz.biz\/?p=252","url_meta":{"origin":1523,"position":5},"title":"Bayram Sabah\u0131","author":"Admin","date":"22 Aral\u0131k 2007","format":false,"excerpt":"Bayram Sabah\u0131 Bayram sabah\u0131n\u0131 \u015f\u00f6yle bir d\u00fc\u015f\u00fcn\u00fcn Hele \u00f6lm\u00fc\u015f\u00fc olan o g\u00fcn, \u00e7ok \u00fczg\u00fcn Bayram sabah\u0131 belli olur. \u00d6lenin k\u0131ymeti bu sabah ac\u0131 a\u011f\u0131tlar yak\u0131l\u0131r \u00f6l\u00fcm\u00fcne . Bayram sabah\u0131 \u015f\u00f6yle d\u00fc\u015f\u00fcn\u00fcn Sokaklarda \u00e7\u0131plak ayakla gezeni Bald\u0131r\u0131 a\u00e7\u0131k pantolonu y\u0131rt\u0131k olan\u0131 Bayram sabah\u0131 eti b\u0131rak bir ka\u015f\u0131k, S\u0131cak \u00e7orbaya hasret kalan\u0131\u2026","rel":"","context":"&quot;H\u00fcseyin G\u00fcntekin&quot; i\u00e7inde","block_context":{"text":"H\u00fcseyin G\u00fcntekin","link":"https:\/\/www.gocmeniz.biz\/?cat=31"},"img":{"alt_text":"","src":"","width":0,"height":0},"classes":[]}],"jetpack_sharing_enabled":true,"jetpack_likes_enabled":true,"_links":{"self":[{"href":"https:\/\/www.gocmeniz.biz\/index.php?rest_route=\/wp\/v2\/posts\/1523","targetHints":{"allow":["GET"]}}],"collection":[{"href":"https:\/\/www.gocmeniz.biz\/index.php?rest_route=\/wp\/v2\/posts"}],"about":[{"href":"https:\/\/www.gocmeniz.biz\/index.php?rest_route=\/wp\/v2\/types\/post"}],"author":[{"embeddable":true,"href":"https:\/\/www.gocmeniz.biz\/index.php?rest_route=\/wp\/v2\/users\/728"}],"replies":[{"embeddable":true,"href":"https:\/\/www.gocmeniz.biz\/index.php?rest_route=%2Fwp%2Fv2%2Fcomments&post=1523"}],"version-history":[{"count":0,"href":"https:\/\/www.gocmeniz.biz\/index.php?rest_route=\/wp\/v2\/posts\/1523\/revisions"}],"wp:attachment":[{"href":"https:\/\/www.gocmeniz.biz\/index.php?rest_route=%2Fwp%2Fv2%2Fmedia&parent=1523"}],"wp:term":[{"taxonomy":"category","embeddable":true,"href":"https:\/\/www.gocmeniz.biz\/index.php?rest_route=%2Fwp%2Fv2%2Fcategories&post=1523"},{"taxonomy":"post_tag","embeddable":true,"href":"https:\/\/www.gocmeniz.biz\/index.php?rest_route=%2Fwp%2Fv2%2Ftags&post=1523"}],"curies":[{"name":"wp","href":"https:\/\/api.w.org\/{rel}","templated":true}]}}