{"id":1572,"date":"2009-07-20T08:34:06","date_gmt":"2009-07-20T05:34:06","guid":{"rendered":"http:\/\/www.gocmeniz.biz\/?p=1572"},"modified":"2026-04-03T12:25:39","modified_gmt":"2026-04-03T09:25:39","slug":"turk-heykeltiras-can-dostum-vejdiyi-bulgaristan-kultur-bakani-yapacagim","status":"publish","type":"post","link":"https:\/\/www.gocmeniz.biz\/?p=1572","title":{"rendered":"T\u00fcrk heykelt\u0131ra\u015f can dostum Vejdi\u2019yi Bulgaristan K\u00fclt\u00fcr Bakan\u0131 yapaca\u011f\u0131m"},"content":{"rendered":"<p><b><img data-recalc-dims=\"1\"  title=\"\"  alt=\"8430402 T\u00fcrk heykelt\u0131ra\u015f can dostum Vejdi\u2019yi Bulgaristan K\u00fclt\u00fcr Bakan\u0131 yapaca\u011f\u0131m\" decoding=\"async\" style=\"max-width: 800px; float: left; margin-top: 10px; margin-bottom: 10px; margin-right: 10px;\" src=\"https:\/\/i0.wp.com\/www.hurriyet.com.tr\/_np\/0402\/8430402.jpg?w=640\" \/>Bulgaristan\u2019da 5 Temmuz\u2019da yap\u0131lan genel se\u00e7imlerden, T\u00fcrklere \u00e7ifte vatanda\u015fl\u0131\u011f\u0131 kald\u0131raca\u011f\u0131ndan korkulan Boyko Borisov (49) galip \u00e7\u0131kt\u0131. Borisov\u2019un partisi GERB, oylar\u0131n y\u00fczde 40\u2019\u0131n\u0131 alarak parlamentoda 116 milletvekilli\u011fi al\u0131rken, son iki d\u00f6nemdir T\u00fcrklerin oyuyla koalisyon orta\u011f\u0131 olan Hak ve \u00d6zg\u00fcrl\u00fckler Hareketi (DPS) muhalefette kald\u0131.<\/b><\/p>\n<p>Yeni Ba\u015fbakan, korkulan\u0131n aksine Bulgaristan\u2019da dini ve etnik ayr\u0131mc\u0131l\u0131\u011f\u0131n s\u00f6z konusu olmayaca\u011f\u0131n\u0131 iddia ediyor. 27 Temmuz\u2019da resmen kurulacak h\u00fck\u00fcmet i\u00e7in 5 milletvekiline daha ihtiyac\u0131 var. Yap\u0131lacak g\u00f6r\u00fc\u015fmelere \u0131rk\u00e7\u0131 partilerin dahil edilmedi\u011fini s\u00f6yl\u00fcyor. H\u00fck\u00fcmetinde ve bakan yard\u0131mc\u0131l\u0131klar\u0131nda en az 4 T\u00fcrk\u2019\u00fcn g\u00f6rev alaca\u011f\u0131n\u0131 vaat eden Borisov, partisinin tek T\u00fcrk milletvekili \u00fcnl\u00fc heykelt\u0131ra\u015f Vejdi Ra\u015fidov\u2019un da K\u00fclt\u00fcr Bakan\u0131 olaca\u011f\u0131n\u0131 ilk kez H\u00fcrriyet\u2019e a\u00e7\u0131klad\u0131. Yeni Bulgar Ba\u015fbakan\u0131, DPS Lideri Ahmet Do\u011fan\u2019\u0131n ayr\u0131mc\u0131l\u0131\u011fa dayal\u0131 politika yapt\u0131\u011f\u0131n\u0131, Bulgar ve T\u00fcrk halklar\u0131 aras\u0131nda bu ayr\u0131m\u0131n olmad\u0131\u011f\u0131n\u0131 savunuyor.<\/p>\n<p>Kom\u015fumuz Bulgaristan, 1 milyona yak\u0131n T\u00fcrk\u2019\u00fcn ya\u015fad\u0131\u011f\u0131 8 milyonluk bir \u00fclke. 1980\u2019lerde Todor Jivkov d\u00f6neminde T\u00fcrkler Bulgarla\u015ft\u0131rma politikalar\u0131na maruz kald\u0131. T\u00fcrk\u00e7e isim, anadil ve ibadet haklar\u0131 yasaklanarak g\u00f6\u00e7e zorland\u0131.<br \/>\nAradan y\u0131llar ge\u00e7ti. Bulgaristan, 2005\u2019te NATO \u00fcyeli\u011fiyle T\u00fcrkiye\u2019nin m\u00fcttefiki, 2007 Ocak\u2019\u0131nda da AB \u00fcyesi oldu. Bulgaristan T\u00fcrkleri\u2019nin 20 y\u0131l \u00f6nce kurdu\u011fu Hak ve \u00d6zg\u00fcrl\u00fckler Hareketi<!--more--> ise \u00f6zg\u00fcr se\u00e7imlerde b\u00fcy\u00fck ba\u015far\u0131lar kazand\u0131. 2001\u2019de 21 milletvekiliyle eski Kral Simeon\u2019un partisine, 2005\u2019te de 34 milletvekiliyle Sosyalist Parti\u2019ye koalisyon orta\u011f\u0131 oldu, Meclis\u2019te \u00fc\u00e7 bakanl\u0131k ald\u0131: Ba\u015fbakan Yard\u0131mc\u0131l\u0131\u011f\u0131, Do\u011fal Afetler, \u00c7evre ve Tar\u0131m bakanl\u0131klar\u0131.<br \/>\nFakat Hak ve \u00d6zg\u00fcrl\u00fckler Hareketi 5 Temmuz\u2019da yap\u0131lan son se\u00e7imlerde 38 milletvekili \u00e7\u0131kararak sandalye say\u0131s\u0131n\u0131 art\u0131rsa da bu kez iktidar orta\u011f\u0131 de\u011fil. \u00c7\u00fcnk\u00fc kar\u015f\u0131s\u0131nda eski Sofya Belediye Ba\u015fkan\u0131 Boyko Borisov\u2019un, oylar\u0131n y\u00fczde 40\u2019\u0131n\u0131 silip s\u00fcp\u00fcren GERB partisi var. DPS\u2019nin kalesi say\u0131lan K\u0131rcaali\u2019de bile GERB\u2019e hat\u0131r\u0131 say\u0131l\u0131r bir oy kaymas\u0131 oldu. GERB\u2019in listeba\u015f\u0131 aday\u0131 \u00fcnl\u00fc heykelt\u0131ra\u015f Vejdi Ra\u015fidov, \u00e7ok y\u00fcksek oy alarak (9 bin) K\u0131rcaali\u2019den milletvekili oldu.<br \/>\nPeki, se\u00e7im mitinglerinde T\u00fcrkleri tedirgin eden ifadeler kullanan yeni lider, ba\u015fbakanl\u0131\u011f\u0131nda neler yapacak? Borisov\u2019la g\u00f6r\u00fc\u015fmek i\u00e7in Sofya\u2019ya gittik. Onlarca kameraman ve gazeteciden ka\u00e7arak Vito\u015fa Da\u011f\u0131 eteklerindeki bir otelde bulu\u015ftuk. Bulgaristan T\u00fcrk\u00fc gazeteci-yazar Nahide Deniz\u2019in \u00e7evirmenlik yapt\u0131\u011f\u0131 r\u00f6portaj s\u0131ras\u0131nda, Borisov\u2019un s\u0131k s\u0131k sar\u0131ld\u0131\u011f\u0131 ve \u201cCan dostum\u201d dedi\u011fi m\u00fcstakbel K\u00fclt\u00fcr Bakan\u0131 Vejdi Ra\u015fidov da yan\u0131m\u0131zdayd\u0131.<\/p>\n<p><b>EN B\u00dcY\u00dcK G\u00dcVENCE AB VE T\u00dcRK\u0130YE<\/b><\/p>\n<p>Se\u00e7im sonu\u00e7lar\u0131 ve yeni d\u00f6nemle ilgili Sofya\u2019da siyaset\u00e7i, i\u015fadam\u0131, Bulgar se\u00e7menlerle; T\u00fcrk b\u00f6lgeleri olan Rodoplar\u2019daki Pazarc\u0131k, Batak, Yeni Mahalle, Filibe, K\u0131rcaali\u2019ye gidip T\u00fcrklerle konu\u015ftuk. Verimli Bulgaristan topraklar\u0131, ola\u011fan\u00fcst\u00fc do\u011fas\u0131yla g\u00f6z al\u0131c\u0131yd\u0131. \u015eehir tabelalar\u0131nda art\u0131k isimler Kiril alfabesinin yan\u0131 s\u0131ra T\u00fcrk\u00e7e de yaz\u0131yordu. Kad\u0131nlar \u015f\u0131k ve rahatt\u0131. AB yolunda h\u0131zla ilerleyen Bulgaristan\u2019daki T\u00fcrklerin ya\u015fam kalitelerindeki art\u0131\u015f ve huzur, g\u00f6z ard\u0131 edilemeyecek kadar b\u00fcy\u00fckt\u00fc.<br \/>\nYine de, Borisov se\u00e7im \u00f6ncesi ABD\u2019de \u201cT\u00fcrkler ve Romanlar k\u00f6t\u00fc malzeme\u201d dedi\u011fi i\u00e7in T\u00fcrk k\u00f6y ve kasabalar\u0131nda, Jivkov d\u00f6nemini ya\u015fayan orta ya\u015f \u00fcst\u00fcndeki T\u00fcrkler endi\u015feli. En iyimserleri bile temkinli konu\u015fuyor, \u201cBekleyelim, g\u00f6relim\u201d diyorlar. Ama gen\u00e7ler, AB ve T\u00fcrkiye\u2019nin Bulgar politikalar\u0131 \u00fczerindeki g\u00fcc\u00fcne g\u00fcveniyor. Bir\u00e7o\u011fu, oy verdi\u011fi Borisov\u2019a \u015fans tan\u0131yor.<\/p>\n<p><b>T\u00dcRK EMN\u0130YET\u0130\u2019NDEK\u0130 ARKADA\u015eLARA SELAM<\/b><\/p>\n<p>T\u00fcrk Emniyeti ile \u00e7ok ba\u015far\u0131l\u0131 ortak \u00e7al\u0131\u015fmalar yapt\u0131k, 2005\u2019te Murat Demirel\u2019i de yakalad\u0131k. D\u00f6nemin M\u0130T M\u00fcste\u015far\u0131 \u015eenkal Atasagun, T\u00fcrk Emniyet Genel M\u00fcd\u00fcr\u00fc G\u00f6khan Ayd\u0131ner ve Ka\u00e7ak\u00e7\u0131l\u0131k ve Organize Su\u00e7larla M\u00fccadele Dairesi Ba\u015fkan\u0131 Hanefi Avc\u0131\u2019y\u0131 \u00e7ok severim. \u00c7ok \u00f6nemli uyu\u015fturucu ve di\u011fer b\u00fcy\u00fck su\u00e7 \u015febekelerine ortak operasyonlar yapt\u0131k. ABD bizim ortak m\u00fccadelemizi \u00f6rnek g\u00f6sterdi, \u00f6d\u00fcllendirdi. Afganistan\u2019dan yola \u00e7\u0131kan uyu\u015fturucu hatt\u0131n\u0131n \u00fczerinde iki \u00fclkeyiz. \u00d6zel hatl\u0131 telefonumuzla 10-15 dakika i\u00e7inde T\u00fcrk ve Bulgar emniyetleri, ortak operasyon i\u00e7in harekete ge\u00e7iyorduk. T\u00fcrk Emniyeti ile bu ortakl\u0131\u011f\u0131 tekrar ba\u015flatmak i\u00e7in bir araya gelmek istiyoruz. Ayd\u0131ner ve Avc\u0131\u2019ya, T\u00fcrk Emniyeti\u2019ne selamlar\u0131m\u0131 iletin. Ankara\u2019ya iki kez geldim. Emniyet Genel M\u00fcd\u00fcr\u00fc iken Murat Demirel\u2019i yakalad\u0131ktan sonra T\u00fcrk Emniyeti davet etti\u011finde Dikmen\u2019de kald\u0131m. \u0130stanbul\u2019da T\u00fcrk meslekta\u015flar\u0131mla futbol da oynad\u0131m. Sofya Belediye Ba\u015fkan\u0131 olduktan sonra da belediye ba\u015fkanlar\u0131 toplant\u0131s\u0131 i\u00e7in 2007\u2019de Melih G\u00f6k\u00e7ek\u2019in davetiyle Ankara\u2019ya yine geldim. Beni toplant\u0131 yerine g\u00f6t\u00fcrmek i\u00e7in polis arkada\u015flar\u0131m Emniyet\u2019in helikopteriyle gelerek s\u00fcrpriz yapt\u0131lar. Hep birlikte yemek yedik. Siyasiler, \u2018Hadi toplant\u0131 bitti, gidelim\u2019 dediler ama polis arkada\u015flar\u0131mla konu\u015fmak i\u00e7in kald\u0131m. Asl\u0131nda \u00e7ok \u00f6zel bir an\u0131m var ama h\u00fck\u00fcmet resmen kurulduktan sonra sizi davet edip anlataca\u011f\u0131m.<\/p>\n<p><b>T\u00dcRKLERLE BULGARLAR ARASINDA DE\u011e\u0130L T\u00dcRKLERLE T\u00dcRKLER ARASINDA PROBLEM VAR<\/b><\/p>\n<p>\u00dclkemi seviyorum ve elbette milliyet\u00e7iyim ama Bulgar-T\u00fcrk ayr\u0131mc\u0131l\u0131\u011f\u0131 yapm\u0131yorum. Bu ayr\u0131mc\u0131l\u0131\u011f\u0131 yapan, Hak ve \u00d6zg\u00fcrl\u00fckler Hareketi lideri Ahmet Do\u011fan\u2019d\u0131r. T\u00fcrk b\u00f6lgelerini k\u00f6y k\u00f6y gezdim. Bulgaristan\u2019da halk aras\u0131nda etnik ayr\u0131mc\u0131l\u0131k yok. Halk \u00fczerinde Ahmet Do\u011fan\u2019\u0131n \u015firketlerinin ekonomik bask\u0131s\u0131 var. Do\u011fan, \u015firketleriyle halk\u0131 \u00e7embere alm\u0131\u015f. S\u0131k\u0131nt\u0131 bundan kaynaklan\u0131yor. Asl\u0131nda T\u00fcrklerle Bulgarlar aras\u0131nda de\u011fil, T\u00fcrklerle T\u00fcrkler aras\u0131nda problem var. H\u00fck\u00fcmeti kurmak i\u00e7in gereken be\u015f milletvekilini, kesinlikle a\u015f\u0131r\u0131 milliyet\u00e7i partilerden almayaca\u011f\u0131z. T\u00fcrkiye\u2019deki ve Bulgaristan\u2019daki T\u00fcrklere \u00f6nce sa\u011fl\u0131k diliyorum. \u015eunu bilsinler ki Bulgaristan AB ve NATO \u00e7er\u00e7evesinde iyi bir noktaya gidiyor. T\u00fcrk devletiyle ciddi dostluk, kom\u015fuluk ili\u015fkileri i\u00e7inde ya\u015famak istiyoruz. T\u00fcrkler \u015funu iyi bilmeliler ki Bulgaristan\u2019daki \u00e7\u0131karlar\u0131 sadece Ahmet Do\u011fan taraf\u0131ndan korunmuyor. Tam tersine bu \u00e7at\u0131\u015fma ve gerginlik, Bulgar-T\u00fcrk ayr\u0131m\u0131 yapan unsurlar taraf\u0131ndan yarat\u0131l\u0131yor. Herkesin yasalar \u00f6n\u00fcnde e\u015fit oldu\u011funu anlatmak istiyoruz.<\/p>\n<p><b>T\u00dcRK\u0130YE AS\u0130M\u0130LASYON \u0130DD\u0130ALARINA \u0130NANMASIN<\/b><\/p>\n<p>Yak\u0131n vadede b\u00fct\u00e7eyi yapmam\u0131z, AB fonlar\u0131n\u0131 ve yabanc\u0131 yat\u0131r\u0131mlar\u0131n\u0131 Bulgaristan\u2019a \u00e7ekmemiz gerekiyor. \u015eu anda bizi kurtaracak \u00e7\u00f6z\u00fcmler bunlar. Halk, bize verdi\u011fi oylarla bu gelirleri art\u0131rmam\u0131z\u0131, yolsuzluklar\u0131n \u00fczerine gitmemizi ve devleti soyanlar\u0131 cezaland\u0131rmam\u0131z\u0131 istiyor. Yasalar\u0131n gere\u011fini yerine getirece\u011fiz ve bu paralar\u0131 devlete aktaraca\u011f\u0131z. B\u00fct\u00fcn bunlar\u0131 tek ba\u015f\u0131ma yapmayaca\u011f\u0131m. Her konuda, her sekt\u00f6rden arkada\u015flar\u0131mla bir ekip olu\u015fturaca\u011f\u0131m. Ba\u015farmak i\u00e7in bu ekibe g\u00fcveniyorum. \u0130lk kez Bulgarlar tan\u0131d\u0131klar\u0131, bildikleri insanlara oy verdiler. Neye g\u00fcveneceklerini \u015fimdi iyi biliyorlar. Ben en s\u00fcper de\u011filim. Ama halk beni iyi biliyor, iyi tan\u0131yor. Siyaset, ekip i\u015fidir. Her zaman benden daha ak\u0131ll\u0131lar\u0131, benden daha iyisini yapanlar\u0131 etraf\u0131ma toplad\u0131m. Ne kadar g\u00fczel resim yapsam da, k\u00fclt\u00fcr ve sanat s\u00f6z konusuysa tabii ki ekipte sorumlulu\u011fu Vejdi alacak. Spor i\u00e7in ekipte iki olimpiyat \u015fampiyonu yer alacak. En iyi ekibi bir araya getirerek ekonomik krizi atlataca\u011f\u0131z. Ekibimin en iyilerini hem h\u00fck\u00fcmete, hem de parlamento komisyonlar\u0131na yerle\u015ftirece\u011fim. Vejdi, K\u00fclt\u00fcr Bakan\u0131 olacak. Bunu hen\u00fcz hi\u00e7bir Bulgar gazeteci bilmiyor. \u0130lk kez H\u00fcrriyet\u2019e a\u00e7\u0131kl\u0131yorum. Mesaj\u0131m\u0131 hem Bulgar M\u00fcsl\u00fcmanlara, hem T\u00fcrk devletine H\u00fcrriyet arac\u0131l\u0131\u011f\u0131yla vermek istiyorum. T\u00fcrk devletinin bizim iyi kom\u015fumuz olmas\u0131n\u0131 istiyoruz. Bizim partimizde Bulgaristan T\u00fcrkleri ve farkl\u0131 T\u00fcrk soylar\u0131na mensup olanlar da var. Milletvekilimiz, bakan\u0131m\u0131z, bakan yard\u0131mc\u0131m\u0131z olacaklar. Bu mesaj\u0131m\u0131 sizin arac\u0131l\u0131\u011f\u0131n\u0131zla iyi kom\u015fumuz T\u00fcrkiye\u2019ye iletiyorum ki asimilasyon kampanyas\u0131 iddialar\u0131na inanmas\u0131n, kanmas\u0131n. AB \u00fcyesi Bulgaristan\u2019\u0131n iktidar partisiyiz. Dini ve etnik ayr\u0131m yapmayaca\u011f\u0131z. Kural\u0131m\u0131z, yasalar her \u015feyin \u00fczerindedir. Politikalar\u0131m\u0131z her zaman yasalar\u0131n \u00fcst\u00fcnl\u00fc\u011f\u00fcne dayanacak.<\/p>\n<p><b>BOYKO BOR\u0130SOV K\u0130MD\u0130R?<\/b><\/p>\n<p>\u0130tfaiyeci ve Jivkov\u2019un en yak\u0131n korumas\u0131yd\u0131<\/p>\n<p>13 Haziran 1959\u2019da do\u011fdu. 1988\u2019e kadar itfaiyeciydi. Yang\u0131n s\u00f6nd\u00fcrmeden amirli\u011fe kadar itfaiyenin her kademesinde \u00e7al\u0131\u015ft\u0131. OBO adl\u0131, \u00fcst d\u00fczey yetkilileri gizli koruma \u015firketini kurduktan sonra 1991\u2019de Todor Jivkov\u2019un arkas\u0131nda, en yak\u0131n korumas\u0131 oldu. Jivkov sonras\u0131 ticarete at\u0131ld\u0131. 2001\u2019de Bulgaristan\u2019a d\u00f6nen Kral 2\u2019nci Simeon Sakskoburggotski\u2019nin de yak\u0131n korumal\u0131\u011f\u0131n\u0131 yapt\u0131. Kral ba\u015fbakan oldu\u011funda, Borisov\u2019u emniyet genel m\u00fcd\u00fcr\u00fc atayarak \u00f6d\u00fcllendirdi. Bu g\u00f6revde \u00fc\u00e7 y\u0131l kald\u0131 ve b\u00fcy\u00fck ba\u015far\u0131lara imza att\u0131, emniyette en y\u00fcksek r\u00fctbe olan generalli\u011fe y\u00fckseldi. 2005\u2019te Kral Simeon\u2019un partisi NDSV\u2019den milletvekili oldu, ayn\u0131 y\u0131l istifa ederek Sofya Belediye Ba\u015fkanl\u0131\u011f\u0131\u2019na ba\u011f\u0131ms\u0131z aday oldu, kazand\u0131. Belediye ba\u015fkan\u0131 olarak Bulgaristan\u2019\u0131n Avrupai Kalk\u0131nmas\u0131 \u0130\u00e7in Yurtta\u015flar (GERB) ad\u0131nda sivil toplum hareketini kurdu. Yolsuzlukla m\u00fccadelede ve belediye hizmetlerindeki ba\u015far\u0131s\u0131yla halk\u0131n deste\u011fini ald\u0131\u011f\u0131nda GERB\u2019i siyasi partiye d\u00f6n\u00fc\u015ft\u00fcrd\u00fc. Kat\u0131ld\u0131\u011f\u0131 ilk se\u00e7imde en y\u00fcksek oyla h\u00fck\u00fcmeti kurma g\u00f6revini ald\u0131. Bulgaristan\u2019\u0131n \u00f6nemli bankalar\u0131ndan Sibank\u2019\u0131n sahibi Tsvetelina Borislavova ile birlikte ya\u015f\u0131yor.<\/p>\n","protected":false},"excerpt":{"rendered":"<p>Bulgaristan\u2019da 5 Temmuz\u2019da yap\u0131lan genel se\u00e7imlerden, T\u00fcrklere \u00e7ifte vatanda\u015fl\u0131\u011f\u0131 kald\u0131raca\u011f\u0131ndan korkulan Boyko Borisov (49) galip \u00e7\u0131kt\u0131. Borisov\u2019un partisi GERB, oylar\u0131n y\u00fczde 40\u2019\u0131n\u0131 alarak parlamentoda 116 milletvekilli\u011fi al\u0131rken, son iki d\u00f6nemdir T\u00fcrklerin oyuyla koalisyon orta\u011f\u0131 olan Hak ve \u00d6zg\u00fcrl\u00fckler Hareketi (DPS) muhalefette kald\u0131. Yeni Ba\u015fbakan, korkulan\u0131n aksine Bulgaristan\u2019da dini ve etnik ayr\u0131mc\u0131l\u0131\u011f\u0131n s\u00f6z konusu olmayaca\u011f\u0131n\u0131 iddia [&hellip;]<\/p>\n","protected":false},"author":331,"featured_media":0,"comment_status":"open","ping_status":"open","sticky":false,"template":"","format":"standard","meta":{"advanced_seo_description":"","jetpack_seo_html_title":"","jetpack_seo_noindex":false,"ngg_post_thumbnail":0,"jetpack_post_was_ever_published":false,"_jetpack_newsletter_access":"","_jetpack_dont_email_post_to_subs":false,"_jetpack_newsletter_tier_id":0,"_jetpack_memberships_contains_paywalled_content":false,"_jetpack_memberships_contains_paid_content":false,"footnotes":""},"categories":[5],"tags":[519,332,334,333,337,336,335],"class_list":["post-1572","post","type-post","status-publish","format-standard","hentry","category-haberler","tag-bg","tag-boyko-borisov","tag-boyko-borisov-kimidr","tag-boyko-borisov-resim","tag-gerb","tag-vejdi-rashidov","tag-vejdi-rasidov"],"jetpack_featured_media_url":"","jetpack_shortlink":"https:\/\/wp.me\/paHHlZ-pm","jetpack-related-posts":[{"id":1595,"url":"https:\/\/www.gocmeniz.biz\/?p=1595","url_meta":{"origin":1572,"position":0},"title":"Sofya&#8217;da bir T\u00fcrk bakan","author":"Haberci","date":"24 Temmuz 2009","format":false,"excerpt":"Borisov, k\u00fclt\u00fcr bakanl\u0131\u011f\u0131n\u0131 T\u00fcrk k\u00f6kenli heykelt\u0131ra\u015f Vejdi Ra\u015fidov\u2019a verdi. Bulgaristan\u2019da 7 Temmuz genel se\u00e7imini kazanan GERB partisinin fahri ba\u015fkan\u0131, Sofya Belediye Ba\u015fkan\u0131 Boyko Borisov, 17 ki\u015filik yeni kabine listesini cumhurba\u015fkan\u0131na sundu.Bulgaristan\u2019\u0131n T\u00fcrk n\u00fcfusunun \u00e7ifte vatanda\u015fl\u0131\u011f\u0131na ve T\u00fcrkiye\u2019nin AB \u00fcyeli\u011fine kar\u015f\u0131 \u00e7\u0131kan Borisov, k\u00fclt\u00fcr bakanl\u0131\u011f\u0131n\u0131 T\u00fcrk k\u00f6kenli heykelt\u0131ra\u015f Vejdi Ra\u015fidov\u2019a verdi.\u2026","rel":"","context":"&quot;Haberler&quot; i\u00e7inde","block_context":{"text":"Haberler","link":"https:\/\/www.gocmeniz.biz\/?cat=5"},"img":{"alt_text":"","src":"","width":0,"height":0},"classes":[]},{"id":825,"url":"https:\/\/www.gocmeniz.biz\/?p=825","url_meta":{"origin":1572,"position":1},"title":"Bulgaristan&#8217;da T\u00fcrklere a\u015fa\u011f\u0131lama !","author":"Haberci","date":"07 \u015eubat 2009","format":false,"excerpt":"Sofya Belediye Ba\u015fkan\u0131 Boyko Borisov'a \u00fclkede ya\u015fayan T\u00fcrkleri 'k\u00f6t\u00fc insan malzemesi' diye tan\u0131mlad\u0131.Bulgaristan'\u0131n ba\u015fkenti Sofya'n\u0131n Belediye Ba\u015fkan\u0131 Boyko Borisov, ABD'de ya\u015fayan Bulgarlara hitaben Chicago'da yapt\u0131\u011f\u0131 bir konu\u015fmada, \u00fclkesinde ya\u015fayan T\u00fcrkleri, \"k\u00f6t\u00fc insan malzemesi\" diye tan\u0131mlad\u0131.\u0130ngiliz Daily Telegraph gazetesinin haberine g\u00f6re, \u0131rk\u00e7\u0131 Avrupa Geli\u015fimi \u0130\u00e7in Bulgaristan Vatanda\u015flar\u0131 (GERB) Partisi'nin gayr\u0131resmi lideri\u2026","rel":"","context":"&quot;Haberler&quot; i\u00e7inde","block_context":{"text":"Haberler","link":"https:\/\/www.gocmeniz.biz\/?cat=5"},"img":{"alt_text":"","src":"https:\/\/i0.wp.com\/www.dunyabulteni.net\/images\/news\/57780.jpg?resize=350%2C200","width":350,"height":200},"classes":[]},{"id":1599,"url":"https:\/\/www.gocmeniz.biz\/?p=1599","url_meta":{"origin":1572,"position":2},"title":"Bulgaristan&#8217;da Borisov d\u00f6nemi ba\u015flad\u0131","author":"Haberci","date":"28 Temmuz 2009","format":false,"excerpt":"Bulgaristan'da 7 Temmuzda yap\u0131lan parlamento se\u00e7imini kazanan GERB (arma) partisinin fahri ba\u015fkan\u0131, Sofya Belediye Ba\u015fkan\u0131 Boyko Borisov'un (50) kurdu\u011fu 16 bakandan olu\u015fan yeni Bulgaristan h\u00fck\u00fcmeti parlamentoda g\u00fcvenoyu ald\u0131. Borisov'un kurdu\u011fu az\u0131nl\u0131k h\u00fck\u00fcmeti i\u00e7in yap\u0131lan g\u00fcven oylamas\u0131na 240 milletvekili kat\u0131ld\u0131. H\u00fck\u00fcmet 77'ye kar\u015f\u0131 162 milletvekilinin deste\u011fiyle g\u00fcvenoyu al\u0131rken, bir milletvekili \u00e7ekimser\u2026","rel":"","context":"&quot;Haberler&quot; i\u00e7inde","block_context":{"text":"Haberler","link":"https:\/\/www.gocmeniz.biz\/?cat=5"},"img":{"alt_text":"","src":"","width":0,"height":0},"classes":[]},{"id":1498,"url":"https:\/\/www.gocmeniz.biz\/?p=1498","url_meta":{"origin":1572,"position":3},"title":"&#8220;Ba\u015fbakan olmaya haz\u0131r\u0131m&#8221;","author":"Haberci","date":"05 Temmuz 2009","format":false,"excerpt":"Bulgaristan'da 240 sandalyeli parlamentonun yeni \u00fcyelerinin belirlenmesi i\u00e7in yap\u0131lan genel se\u00e7imi resmi olmayan sonu\u00e7lara g\u00f6re a\u00e7\u0131k farkla \u00f6nde tamamlayan GERB (arma) partisinin lideri Sofya Belediye Ba\u015fkan\u0131 Boyko Borisov \"Ba\u015fbakan olmaya haz\u0131r\u0131m\" dedi. AA Sofya- GERB (arma) partisinin lideri Sofya Belediye Ba\u015fkan\u0131 Boyko Borisov, BTV adl\u0131 \u00f6zel televizyon kanal\u0131nda canl\u0131 yay\u0131na\u2026","rel":"","context":"&quot;Haberler&quot; i\u00e7inde","block_context":{"text":"Haberler","link":"https:\/\/www.gocmeniz.biz\/?cat=5"},"img":{"alt_text":"","src":"","width":0,"height":0},"classes":[]},{"id":1905,"url":"https:\/\/www.gocmeniz.biz\/?p=1905","url_meta":{"origin":1572,"position":4},"title":"Bulgaristan&#8217;da cumhurba\u015fkan\u0131n\u0131 g\u00f6revden alma giri\u015fimi","author":"Haberci","date":"11 Kas\u0131m 2009","format":false,"excerpt":"A.A. Bulgaristan'da Cumhurba\u015fkan\u0131 Georgi P\u0131rvanov ile Ba\u015fbakan Boyko Borisov aras\u0131ndaki g\u00f6r\u00fc\u015f ayr\u0131l\u0131\u011f\u0131n\u0131n yol a\u00e7t\u0131\u011f\u0131 gerginlik, az\u0131nl\u0131k h\u00fck\u00fcmetine parlamentoda destek veren sa\u011f partilerin, cumhurba\u015fkan\u0131n\u0131n g\u00f6revden al\u0131nmas\u0131 y\u00f6n\u00fcnde giri\u015fimde bulunmas\u0131 \u00fczerine siyasi krize d\u00f6n\u00fc\u015ft\u00fc. Borisov'un kurdu\u011fu az\u0131nl\u0131k h\u00fck\u00fcmetine d\u0131\u015far\u0131dan destek veren \u0131rk\u00e7\u0131 ve a\u015f\u0131r\u0131 milliyet\u00e7i ATAKA ve eski ba\u015fbakanlardan \u0130van Kostov'un lideri\u2026","rel":"","context":"&quot;Haberler&quot; i\u00e7inde","block_context":{"text":"Haberler","link":"https:\/\/www.gocmeniz.biz\/?cat=5"},"img":{"alt_text":"","src":"","width":0,"height":0},"classes":[]},{"id":2646,"url":"https:\/\/www.gocmeniz.biz\/?p=2646","url_meta":{"origin":1572,"position":5},"title":"Bulgaristan Ba\u015fbakan\u0131 Borisov&#8217;dan &#8216;Demir Kilise&#8217; te\u015fekk\u00fcr\u00fc.","author":"Haberci","date":"15 \u015eubat 2019","format":false,"excerpt":"Bulgaristan Ba\u015fbakan\u0131 Boyko Borisov, \u0130stanbul'da restore edilerek 7 Ocak 2018'de a\u00e7\u0131lan ve 'Demir Kilise' olarak bilinen Sveti Stefan Kilise'nin restorasyon \u00e7al\u0131\u015fmalar\u0131n\u0131 y\u00fcr\u00fcten mimar Fikriye Bulunmaz'\u0131, ba\u015fkent Sofya'da kabul ederek, te\u015fekk\u00fcr etti. Demir Kilise'nin restorasyonunda \u00e7al\u0131\u015fan t\u00fcm ekibe katk\u0131lar\u0131ndan dolay\u0131 te\u015fekk\u00fcr eden Borisov, \"Kilise g\u00fcn\u00fcm\u00fczde hizmete a\u00e7\u0131k, m\u00fccevher gibi parlayan bir\u2026","rel":"","context":"&quot;Haberler&quot; i\u00e7inde","block_context":{"text":"Haberler","link":"https:\/\/www.gocmeniz.biz\/?cat=5"},"img":{"alt_text":"","src":"https:\/\/i0.wp.com\/www.gocmeniz.biz\/wp-content\/640xauto.jpg?fit=640%2C477&ssl=1&resize=350%2C200","width":350,"height":200,"srcset":"https:\/\/i0.wp.com\/www.gocmeniz.biz\/wp-content\/640xauto.jpg?fit=640%2C477&ssl=1&resize=350%2C200 1x, https:\/\/i0.wp.com\/www.gocmeniz.biz\/wp-content\/640xauto.jpg?fit=640%2C477&ssl=1&resize=525%2C300 1.5x"},"classes":[]}],"jetpack_sharing_enabled":true,"jetpack_likes_enabled":true,"_links":{"self":[{"href":"https:\/\/www.gocmeniz.biz\/index.php?rest_route=\/wp\/v2\/posts\/1572","targetHints":{"allow":["GET"]}}],"collection":[{"href":"https:\/\/www.gocmeniz.biz\/index.php?rest_route=\/wp\/v2\/posts"}],"about":[{"href":"https:\/\/www.gocmeniz.biz\/index.php?rest_route=\/wp\/v2\/types\/post"}],"author":[{"embeddable":true,"href":"https:\/\/www.gocmeniz.biz\/index.php?rest_route=\/wp\/v2\/users\/331"}],"replies":[{"embeddable":true,"href":"https:\/\/www.gocmeniz.biz\/index.php?rest_route=%2Fwp%2Fv2%2Fcomments&post=1572"}],"version-history":[{"count":1,"href":"https:\/\/www.gocmeniz.biz\/index.php?rest_route=\/wp\/v2\/posts\/1572\/revisions"}],"predecessor-version":[{"id":9051,"href":"https:\/\/www.gocmeniz.biz\/index.php?rest_route=\/wp\/v2\/posts\/1572\/revisions\/9051"}],"wp:attachment":[{"href":"https:\/\/www.gocmeniz.biz\/index.php?rest_route=%2Fwp%2Fv2%2Fmedia&parent=1572"}],"wp:term":[{"taxonomy":"category","embeddable":true,"href":"https:\/\/www.gocmeniz.biz\/index.php?rest_route=%2Fwp%2Fv2%2Fcategories&post=1572"},{"taxonomy":"post_tag","embeddable":true,"href":"https:\/\/www.gocmeniz.biz\/index.php?rest_route=%2Fwp%2Fv2%2Ftags&post=1572"}],"curies":[{"name":"wp","href":"https:\/\/api.w.org\/{rel}","templated":true}]}}