{"id":1607,"date":"2009-07-28T17:54:13","date_gmt":"2009-07-28T14:54:13","guid":{"rendered":"http:\/\/www.gocmeniz.biz\/?p=1607"},"modified":"2026-04-03T12:25:39","modified_gmt":"2026-04-03T09:25:39","slug":"bulgaristanda-olen-turk-gencin-kimligi","status":"publish","type":"post","link":"https:\/\/www.gocmeniz.biz\/?p=1607","title":{"rendered":"Bulgaristan`da \u00f6len T\u00fcrk gencin kimli\u011fi"},"content":{"rendered":"<p><b><img data-recalc-dims=\"1\"  title=\"\"  alt=\"52625 Bulgaristan`da \u00f6len T\u00fcrk gencin kimli\u011fi\" decoding=\"async\" style=\"max-width: 800px; float: left; margin-top: 10px; margin-bottom: 10px; margin-right: 10px;\" src=\"https:\/\/i0.wp.com\/www.haberaktuel.com\/images\/news\/52625.jpg?w=640\" \/>Bulgaristan`da E-5 `Trakya` otoyolunda d\u00fcn gece meydana gelen trafik kazas\u0131nda \u00f6len T\u00fcrk \u00f6\u011frenci ve yaralanan iki arkada\u015f\u0131n\u0131n kimlikleri belirlendi.<\/b><\/p>\n<p>Sofya`da t\u0131p fak\u00fcltesinde \u00f6\u011frenim g\u00f6ren 7 T\u00fcrk \u00f6\u011frencinin bulundu\u011fu minib\u00fcs\u00fcn otoyolda bir kamyonla \u00e7arp\u0131\u015fmas\u0131 sonucu Diyarbak\u0131r do\u011fumlu Hac\u0131 Mehmet G\u00fcnd\u00fcz(21) adl\u0131 \u00f6\u011frencinin olay yerinde hayat\u0131n\u0131 kaybetti\u011fi bildirildi. Hac\u0131 Mehmet G\u00fcnd\u00fcz`\u00fcn cenazesinin Pazarc\u0131k kenti Adli T\u0131p morguna kald\u0131r\u0131ld\u0131\u011f\u0131 \u00f6\u011frenildi.<\/p>\n<p>Kazada minib\u00fcste bulunan \u00f6\u011frencilerden Ordu do\u011fumlu Yunus Emre Dinleyici ve Diyarbak\u0131r do\u011fumlu Abbas Elg\u00f6rm\u00fc\u015f`\u00fcn ise hafif yaraland\u0131klar\u0131, sa\u011fl\u0131k durumlar\u0131n\u0131n iyi oldu\u011fu a\u00e7\u0131kland\u0131.<\/p>\n<p>Kaza yapan minib\u00fcs\u00fcn, t\u0131p fak\u00fcltesinde okuyan \u00f6\u011frenciler taraf\u0131ndan, s\u0131navlar i\u00e7in Sofya`ya gitmek \u00fczere T\u00fcrkiye`den kiraland\u0131\u011f\u0131 kaydedildi.<\/p>\n<p>\u0130\u00e7i\u015fleri Bakanl\u0131\u011f\u0131 yetkilileri kaza ile ilgili \u00e7ok y\u00f6nl\u00fc soru\u015fturma ba\u015flat\u0131ld\u0131\u011f\u0131n\u0131 a\u00e7\u0131klad\u0131.<\/p>\n<div class=\"zemanta-pixie\"><img data-recalc-dims=\"1\"  title=\"\" decoding=\"async\" class=\"zemanta-pixie-img\"  alt=\"pixy Bulgaristan`da \u00f6len T\u00fcrk gencin kimli\u011fi\"  src=\"https:\/\/i0.wp.com\/img.zemanta.com\/pixy.gif?w=640\" \/><\/div>\n","protected":false},"excerpt":{"rendered":"<p>Bulgaristan`da E-5 `Trakya` otoyolunda d\u00fcn gece meydana gelen trafik kazas\u0131nda \u00f6len T\u00fcrk \u00f6\u011frenci ve yaralanan iki arkada\u015f\u0131n\u0131n kimlikleri belirlendi. Sofya`da t\u0131p fak\u00fcltesinde \u00f6\u011frenim g\u00f6ren 7 T\u00fcrk \u00f6\u011frencinin bulundu\u011fu minib\u00fcs\u00fcn otoyolda bir kamyonla \u00e7arp\u0131\u015fmas\u0131 sonucu Diyarbak\u0131r do\u011fumlu Hac\u0131 Mehmet G\u00fcnd\u00fcz(21) adl\u0131 \u00f6\u011frencinin olay yerinde hayat\u0131n\u0131 kaybetti\u011fi bildirildi. Hac\u0131 Mehmet G\u00fcnd\u00fcz`\u00fcn cenazesinin Pazarc\u0131k kenti Adli T\u0131p morguna [&hellip;]<\/p>\n","protected":false},"author":331,"featured_media":0,"comment_status":"open","ping_status":"open","sticky":false,"template":"","format":"standard","meta":{"advanced_seo_description":"","jetpack_seo_html_title":"","jetpack_seo_noindex":false,"ngg_post_thumbnail":0,"jetpack_post_was_ever_published":false,"_jetpack_newsletter_access":"","_jetpack_dont_email_post_to_subs":false,"_jetpack_newsletter_tier_id":0,"_jetpack_memberships_contains_paywalled_content":false,"_jetpack_memberships_contains_paid_content":false,"footnotes":""},"categories":[5],"tags":[346],"class_list":["post-1607","post","type-post","status-publish","format-standard","hentry","category-haberler","tag-bulgaristanda-olen-turk-gencin-kimligi"],"jetpack_featured_media_url":"","jetpack_shortlink":"https:\/\/wp.me\/paHHlZ-pV","jetpack-related-posts":[{"id":621,"url":"https:\/\/www.gocmeniz.biz\/?p=621","url_meta":{"origin":1607,"position":0},"title":"Bakan \u015eahin&#8217;den Bulgar meslekta\u015f\u0131na mektup","author":"Haberci","date":"14 Kas\u0131m 2008","format":false,"excerpt":"Adalet Bakan\u0131 Mehmet Ali \u015eahin, Bulgaristan Sahil G\u00fcvenli\u011finin, T\u00fcrk bal\u0131k\u00e7\u0131 teknesine a\u00e7t\u0131\u011f\u0131 ate\u015f sonucu Yal\u00e7\u0131n Ercan adl\u0131 bal\u0131k\u00e7\u0131n\u0131n \u00f6lmesine ili\u015fkin soru\u015fturma s\u00fcrecinin \u201ctarafs\u0131z, \u015feffaf ve siyasi bask\u0131lardan ar\u0131nd\u0131r\u0131lm\u0131\u015f bir ortamda ilerlemesi\u201d i\u00e7in Bulgaristan Adalet Bakan\u0131'na mektup g\u00f6nderdi.D\u0131\u015fi\u015fleri Bakan\u0131 Ali Babacan, DTP \u015e\u0131rnak Milletvekili Hasip Kaplan'\u0131n, Bulgaristan, Romanya ve Ukrayna gibi\u2026","rel":"","context":"&quot;Haberler&quot; i\u00e7inde","block_context":{"text":"Haberler","link":"https:\/\/www.gocmeniz.biz\/?cat=5"},"img":{"alt_text":"","src":"","width":0,"height":0},"classes":[]},{"id":1761,"url":"https:\/\/www.gocmeniz.biz\/?p=1761","url_meta":{"origin":1607,"position":1},"title":"GEN\u00c7LER\u0130N YEN\u0130 UMUDU BULGAR\u0130STAN","author":"Haberci","date":"02 Eyl\u00fcl 2009","format":false,"excerpt":"\u00d6\u011frenci Se\u00e7me S\u0131nav\u0131(\u00d6SS) ba\u015far\u0131s\u0131 d\u00fc\u015f\u00fck olan G\u00fcneydo\u011fu illerindeki \u00f6\u011frenciler, sadece orta \u00f6\u011fretim puan ortalamas\u0131n\u0131n dikkate al\u0131nmas\u0131 ve okul \u00fccretlerinin d\u00fc\u015f\u00fck olmas\u0131 nedeniyle Bulgaristan`daki \u00fcniversitelere gidiyor. Al\u0131nan bilgiye g\u00f6re, 1 Ocak 2007`de Avrupa Birli\u011fi(AB) \u00fcyesi olan Bulgaristan`da verilen diplomalar\u0131n T\u00fcrkiye ve AB \u00fclkelerinde tan\u0131nmas\u0131 nedeniyle, \u00f6\u011frencilerin bu \u00fclkeye ilgisi giderek art\u0131yor.\u2026","rel":"","context":"&quot;Haberler&quot; i\u00e7inde","block_context":{"text":"Haberler","link":"https:\/\/www.gocmeniz.biz\/?cat=5"},"img":{"alt_text":"","src":"","width":0,"height":0},"classes":[]},{"id":1149,"url":"https:\/\/www.gocmeniz.biz\/?p=1149","url_meta":{"origin":1607,"position":2},"title":"Bulgar a\u015f\u00e7\u0131lardan yemek \u015f\u00f6leni","author":"Haberci","date":"30 Nisan 2009","format":false,"excerpt":"Edirne'de, T\u00fcrkiye-Bulgaristan S\u0131n\u0131r \u00d6tesi \u0130\u015fbirli\u011fi Ortak K\u00fc\u00e7\u00fck Projeler Fonu kapsam\u0131nda y\u00fcr\u00fct\u00fclen ''T\u00fcrk-Bulgar Ortak Yemek K\u00fclt\u00fcr\u00fc'' adl\u0131 proje kapsam\u0131nda yemek \u015f\u00f6leni d\u00fczenlendi.Edirne Tatl\u0131c\u0131, B\u00fcfeci, Kebap ve Lokantac\u0131lar Esnaf Odas\u0131 Ba\u015fkan\u0131 Emin \u0130na\u011f, Devecihan K\u00fclt\u00fcr Merkezi'ndeki proje tan\u0131t\u0131m toplant\u0131s\u0131nda, Bulgaristan ile ikinci projelerini d\u00fczenlediklerini belirterek, i\u015fbirli\u011finin ticari yararlar\u0131n\u0131 da g\u00f6rmeye ba\u015flad\u0131klar\u0131n\u0131 s\u00f6yledi.T\u00fcrk-Bulgar\u2026","rel":"","context":"&quot;Haberler&quot; i\u00e7inde","block_context":{"text":"Haberler","link":"https:\/\/www.gocmeniz.biz\/?cat=5"},"img":{"alt_text":"","src":"","width":0,"height":0},"classes":[]},{"id":2711,"url":"https:\/\/www.gocmeniz.biz\/?p=2711","url_meta":{"origin":1607,"position":3},"title":"Bulgaristan&#8217;a yasad\u0131\u015f\u0131 yollardan giren T\u00fcrk vatanda\u015f\u0131 koronavir\u00fcs \u015f\u00fcphesiyle karantinaya al\u0131nd\u0131!","author":"Haberci","date":"11 Mart 2020","format":false,"excerpt":"Yunanistan \u00fczerinden Bulgaristan'a yasad\u0131\u015f\u0131 yollardan giren bir T\u00fcrk vatanda\u015f\u0131 Svilengrad kenti yak\u0131nlar\u0131ndaki bir k\u00f6yde polis taraf\u0131ndan yakaland\u0131. T\u00fcrk vatanda\u015f\u0131, koronavir\u00fcs \u015f\u00fcphesiyle Haskova'ya g\u00f6t\u00fcr\u00fcl\u00fcrek karantinaya al\u0131nd\u0131. Ki\u015fiye koronavir\u00fcs testi yap\u0131ld\u0131\u011f\u0131 ve sonu\u00e7lar\u0131n beklendi\u011fi a\u00e7\u0131kland\u0131. BULGAR\u0130STAN\u2019DA \u0130LK \u00d6L\u00dcM VAKASI YA\u015eANDI D\u00fcnyay\u0131 etkisi alt\u0131na alan koronavir\u00fcs salg\u0131n\u0131ndan Bulgaristan\u2019da ilk \u00f6l\u00fcm vakas\u0131 ya\u015fand\u0131. Sal\u0131\u2026","rel":"","context":"&quot;Haberler&quot; i\u00e7inde","block_context":{"text":"Haberler","link":"https:\/\/www.gocmeniz.biz\/?cat=5"},"img":{"alt_text":"","src":"https:\/\/i0.wp.com\/www.gocmeniz.biz\/wp-content\/kapak_213812_1726577..jpg?fit=760%2C450&ssl=1&resize=350%2C200","width":350,"height":200,"srcset":"https:\/\/i0.wp.com\/www.gocmeniz.biz\/wp-content\/kapak_213812_1726577..jpg?fit=760%2C450&ssl=1&resize=350%2C200 1x, https:\/\/i0.wp.com\/www.gocmeniz.biz\/wp-content\/kapak_213812_1726577..jpg?fit=760%2C450&ssl=1&resize=525%2C300 1.5x, https:\/\/i0.wp.com\/www.gocmeniz.biz\/wp-content\/kapak_213812_1726577..jpg?fit=760%2C450&ssl=1&resize=700%2C400 2x"},"classes":[]},{"id":1622,"url":"https:\/\/www.gocmeniz.biz\/?p=1622","url_meta":{"origin":1607,"position":4},"title":"D\u0131\u015fi\u015fleri, Bulgaristan g\u00f6\u00e7menlerinin mallar\u0131 i\u00e7in d\u00fc\u011fmeye bast\u0131","author":"Haberci","date":"31 Temmuz 2009","format":false,"excerpt":"D\u0131\u015fi\u015fleri Bakanl\u0131\u011f\u0131, sava\u015f ve bask\u0131 d\u00f6nemlerinde Bulgaristan`dan T\u00fcrkiye`ye gelmek zorunda kalan T\u00fcrk k\u00f6kenli g\u00f6\u00e7menlerin \u00fclkelerinde b\u0131rakt\u0131klar\u0131 mallar\u0131 geri alabilmeleri i\u00e7in harekete ge\u00e7ti. Balkan sava\u015flar\u0131 s\u0131ras\u0131nda ve asimilasyon politikalar\u0131n\u0131n uyguland\u0131\u011f\u0131 1980`li y\u0131llarda yurtlar\u0131n\u0131 terk ederek T\u00fcrkiye`ye s\u0131\u011f\u0131nmak zorunda kalan binlerce Bulgar g\u00f6\u00e7meni T\u00fcrk`\u00fcn, Bulgaristan`da kalan mallar\u0131n\u0131 geri alma imk\u00e2n\u0131 do\u011fdu. D\u0131\u015fi\u015fleri\u2026","rel":"","context":"&quot;Haberler&quot; i\u00e7inde","block_context":{"text":"Haberler","link":"https:\/\/www.gocmeniz.biz\/?cat=5"},"img":{"alt_text":"","src":"","width":0,"height":0},"classes":[]},{"id":1082,"url":"https:\/\/www.gocmeniz.biz\/?p=1082","url_meta":{"origin":1607,"position":5},"title":"Ciguli Avrupa Sahnelerinde","author":"Haberci","date":"17 Nisan 2009","format":false,"excerpt":"2000`li y\u0131llar\u0131n ba\u015f\u0131nda Binnaz adl\u0131 par\u00e7ayla uzun s\u00fcre g\u00fcndemde kalan sanat\u00e7\u0131 Ciguli konser ve alb\u00fcm cal\u0131\u015fmalar\u0131na Aachen`de devam ediyor.AACHEN - Bulgaristan do\u011fumlu bir pop \u015fark\u0131c\u0131s\u0131 olan Ciguli, m\u00fczik hayat\u0131na T\u00fcrkiye ve Avrupa`da devam ediyor. 2000`li y\u0131llarda Binnaz adl\u0131 par\u00e7ayla uzun s\u00fcre g\u00fcndemde kalan sanat\u00e7\u0131, yine ayn\u0131 y\u0131llarda Horozum alb\u00fcm\u00fcn\u00fc de\u2026","rel":"","context":"&quot;Haberler&quot; i\u00e7inde","block_context":{"text":"Haberler","link":"https:\/\/www.gocmeniz.biz\/?cat=5"},"img":{"alt_text":"","src":"","width":0,"height":0},"classes":[]}],"jetpack_sharing_enabled":true,"jetpack_likes_enabled":true,"_links":{"self":[{"href":"https:\/\/www.gocmeniz.biz\/index.php?rest_route=\/wp\/v2\/posts\/1607","targetHints":{"allow":["GET"]}}],"collection":[{"href":"https:\/\/www.gocmeniz.biz\/index.php?rest_route=\/wp\/v2\/posts"}],"about":[{"href":"https:\/\/www.gocmeniz.biz\/index.php?rest_route=\/wp\/v2\/types\/post"}],"author":[{"embeddable":true,"href":"https:\/\/www.gocmeniz.biz\/index.php?rest_route=\/wp\/v2\/users\/331"}],"replies":[{"embeddable":true,"href":"https:\/\/www.gocmeniz.biz\/index.php?rest_route=%2Fwp%2Fv2%2Fcomments&post=1607"}],"version-history":[{"count":1,"href":"https:\/\/www.gocmeniz.biz\/index.php?rest_route=\/wp\/v2\/posts\/1607\/revisions"}],"predecessor-version":[{"id":9043,"href":"https:\/\/www.gocmeniz.biz\/index.php?rest_route=\/wp\/v2\/posts\/1607\/revisions\/9043"}],"wp:attachment":[{"href":"https:\/\/www.gocmeniz.biz\/index.php?rest_route=%2Fwp%2Fv2%2Fmedia&parent=1607"}],"wp:term":[{"taxonomy":"category","embeddable":true,"href":"https:\/\/www.gocmeniz.biz\/index.php?rest_route=%2Fwp%2Fv2%2Fcategories&post=1607"},{"taxonomy":"post_tag","embeddable":true,"href":"https:\/\/www.gocmeniz.biz\/index.php?rest_route=%2Fwp%2Fv2%2Ftags&post=1607"}],"curies":[{"name":"wp","href":"https:\/\/api.w.org\/{rel}","templated":true}]}}