{"id":1622,"date":"2009-07-31T09:48:30","date_gmt":"2009-07-31T06:48:30","guid":{"rendered":"http:\/\/www.gocmeniz.biz\/?p=1622"},"modified":"2026-04-03T12:25:38","modified_gmt":"2026-04-03T09:25:38","slug":"disisleri-bulgaristan-gocmenlerinin-mallari-icin-dugmeye-basti","status":"publish","type":"post","link":"https:\/\/www.gocmeniz.biz\/?p=1622","title":{"rendered":"D\u0131\u015fi\u015fleri, Bulgaristan g\u00f6\u00e7menlerinin mallar\u0131 i\u00e7in d\u00fc\u011fmeye bast\u0131"},"content":{"rendered":"<p><b><img data-recalc-dims=\"1\"  title=\"\"  alt=\"bulgaristan D\u0131\u015fi\u015fleri, Bulgaristan g\u00f6\u00e7menlerinin mallar\u0131 i\u00e7in d\u00fc\u011fmeye bast\u0131\" decoding=\"async\" style=\"max-width: 800px; float: left; margin-top: 10px; margin-bottom: 10px; margin-right: 10px;\" src=\"https:\/\/i0.wp.com\/medya.zaman.com.tr\/2009\/07\/30\/bulgaristan.jpg?w=640\" \/>D\u0131\u015fi\u015fleri Bakanl\u0131\u011f\u0131, sava\u015f ve bask\u0131 d\u00f6nemlerinde Bulgaristan`dan T\u00fcrkiye`ye gelmek zorunda kalan T\u00fcrk k\u00f6kenli g\u00f6\u00e7menlerin \u00fclkelerinde b\u0131rakt\u0131klar\u0131 mallar\u0131 geri alabilmeleri i\u00e7in harekete ge\u00e7ti.<\/b><\/p>\n<p>Balkan sava\u015flar\u0131 s\u0131ras\u0131nda ve asimilasyon politikalar\u0131n\u0131n uyguland\u0131\u011f\u0131 1980`li y\u0131llarda yurtlar\u0131n\u0131 terk ederek T\u00fcrkiye`ye s\u0131\u011f\u0131nmak zorunda kalan binlerce Bulgar g\u00f6\u00e7meni T\u00fcrk`\u00fcn, Bulgaristan`da kalan mallar\u0131n\u0131 geri alma imk\u00e2n\u0131 do\u011fdu. D\u0131\u015fi\u015fleri Bakanl\u0131\u011f\u0131, \u00f6ncelikle s\u00f6z konusu durumda olanlar\u0131 ve Bulgaristan`daki topraklar\u0131n\u0131 tespit edecek. Daha sonra olu\u015fturulacak bir heyet, Bulgar h\u00fck\u00fcmetiyle m\u00fczakerelere ba\u015flayacak. Ba\u015fbakanl\u0131k`\u0131n da tam destek verdi\u011fi proje i\u00e7in \u015fu ana kadar bin 500 Bulgar g\u00f6\u00e7meni T\u00fcrk vatanda\u015f\u0131 ba\u015fvuru yapt\u0131. Haklar\u0131n\u0131 talep edecek olan g\u00f6\u00e7men vatanda\u015flar\u0131n muhtarl\u0131klara m\u00fcracaat etmesi gerekiyor. Bulgar h\u00fck\u00fcmeti 1980`li y\u0131llar\u0131n ba\u015f\u0131nda, `Bulgarla\u015ft\u0131rma` ad\u0131 alt\u0131nda \u00fclkede ya\u015fayan 1,5 milyon T\u00fcrk, Pomak ve \u00c7ingene`ye kar\u015f\u0131 bir asimilasyon kampanyas\u0131 ba\u015flatm\u0131\u015ft\u0131. 1989`da ise asimilasyonlara direnen 400 bin T\u00fcrk, T\u00fcrkiye`ye g\u00f6\u00e7m\u00fc\u015ft\u00fc.<\/p>\n<p>D\u0131\u015fi\u015fleri Bakanl\u0131\u011f\u0131 e\u015fg\u00fcd\u00fcm\u00fcnde ba\u015flat\u0131lan proje,<!--more--> Tapu Kadastro Genel M\u00fcd\u00fcrl\u00fc\u011f\u00fc ve BAHAD taraf\u0131ndan y\u00fcr\u00fct\u00fcl\u00fcyor. Projenin genel koordinat\u00f6rl\u00fc\u011f\u00fcn\u00fc \u00fcstlenen Balkanlar`da Adalet, Haklar, K\u00fclt\u00fcr ve Dayan\u0131\u015fma Derne\u011fi (BAHAD), projeyi 15 Mart`tan itibaren valilikler, Diyanet \u0130\u015fleri Ba\u015fkanl\u0131\u011f\u0131 gibi kanallar vas\u0131tas\u0131 ile duyurmaya ba\u015flad\u0131. \u015eimdi ise ba\u015fvurular\u0131 topluyor, dosyal\u0131yor ve ar\u015fivleyip D\u0131\u015fi\u015fleri Bakanl\u0131\u011f\u0131`na iletiyor. Taleplerin yo\u011fun olarak Adapazar\u0131, Konya, K\u0131r\u015fehir, Yozgat, Adana, Mersin, K\u00fctahya, Ankara ve Bursa`dan geldi\u011fini belirten Dernek Ba\u015fkan\u0131 Nas\u0131f Mutlu, projede bir k\u00f6pr\u00fc g\u00f6revi g\u00f6rd\u00fckleri i\u00e7in gururlu olduklar\u0131n\u0131 ifade ediyor. BAHAD Ba\u015fkan\u0131, ba\u015flat\u0131lan \u00e7al\u0131\u015fmay\u0131 g\u00f6\u00e7men vatanda\u015flar\u0131n `bayram havas\u0131nda` kar\u015f\u0131lad\u0131\u011f\u0131n\u0131 s\u00f6yl\u00fcyor. T\u00fcrkiye`deki t\u00fcm muhtarlar da mahallelerinde bulunan g\u00f6\u00e7men vatanda\u015flara teker teker haber vermeye ba\u015flad\u0131.<\/p>\n<p>\u00c7al\u0131\u015fman\u0131n ba\u015flat\u0131lmas\u0131 i\u00e7in D\u0131\u015fi\u015fleri Bakanl\u0131\u011f\u0131, \u0130\u00e7i\u015fleri Bakanl\u0131\u011f\u0131 arac\u0131l\u0131\u011f\u0131 ile Mahalli \u0130dareler Genel M\u00fcd\u00fcrl\u00fc\u011f\u00fc`ne 31 Mart 2009`da bir yaz\u0131 g\u00f6nderdi. Yaz\u0131da 1912\u20131913 y\u0131llar\u0131ndaki I. ve II. Balkan Sava\u015flar\u0131`ndan sonra, rejim de\u011fi\u015fikli\u011fini m\u00fcteakip 1950-1952 y\u0131llar\u0131 aras\u0131nda, 1966 ve 1989`da Bulgaristan`daki T\u00fcrk vatanda\u015flar\u0131n\u0131n `zorunlu g\u00f6\u00e7e` tabi tutuldu\u011fu hat\u0131rlat\u0131l\u0131yor. Sadece 1989 y\u0131l\u0131nda Belene olaylar\u0131 dolay\u0131s\u0131yla yakla\u015f\u0131k 400 bin T\u00fcrk`\u00fcn toprak ta\u015f\u0131nmazlar\u0131n\u0131 Bulgaristan`da b\u0131rakt\u0131\u011f\u0131 vurgulan\u0131yor.<\/p>\n<p><b>NAiM S\u00dcLEYMANO\u011eLU: T\u00dcM G\u00d6\u00c7MENLER M\u00dcRACAAT ETSiN<\/b><\/p>\n<p>Halterde T\u00fcrkiye`ye onlarca alt\u0131n madalya kazand\u0131ran eski milli sporcu Naim S\u00fcleymano\u011flu da asimilasyon bask\u0131lar\u0131 sebebiyle 1986 y\u0131l\u0131nda Bulgaristan`dan ka\u00e7m\u0131\u015ft\u0131. Naim S\u00fcleymano\u011flu`nun ismi, 1984 y\u0131l\u0131nda Bulgar h\u00fck\u00fcmetinin T\u00fcrk adlar\u0131n\u0131 yasaklamas\u0131 nedeniyle Naum Shalamanov olarak biliniyordu. Eski kom\u00fcnist rejimin bu bask\u0131lar\u0131ndan kurtulmak i\u00e7in 1986`da Avustralya`ya ka\u00e7\u0131p, T\u00fcrkiye B\u00fcy\u00fckel\u00e7ili\u011fi`ne s\u0131\u011f\u0131nan S\u00fcleymano\u011flu, d\u00f6nemin Ba\u015fbakan`\u0131 Turgut \u00d6zal`\u0131n talimat\u0131 ile T\u00fcrkiye`ye getirilmi\u015fti. D\u0131\u015fi\u015fleri Bakanl\u0131\u011f\u0131`n\u0131n ba\u015flatt\u0131\u011f\u0131 projenin olduk\u00e7a sevindirici oldu\u011funu s\u00f6yleyen S\u00fcleymano\u011flu, Bulgaristan`da hakk\u0131 kalan herkesin muhtarl\u0131klara m\u00fcracaat etmesi gerekti\u011fini s\u00f6yl\u00fcyor. Kendi evini ba\u015flatt\u0131\u011f\u0131 hukuki m\u00fccadele sonucu geri ald\u0131\u011f\u0131n\u0131 belirten S\u00fcleymano\u011flu, arabas\u0131na da bu \u00e7al\u0131\u015fma sonucunda kavu\u015fmay\u0131 \u00fcmit ediyor.<\/p>\n<p>Asimilasyona u\u011framak istemeyen 400 bin T\u00fcrk, 1989`da T\u00fcrkiye`ye g\u00f6\u00e7m\u00fc\u015ft\u00fc<\/p>\n<p>Eski Bulgar y\u00f6netimi 1980`li y\u0131llar\u0131n ba\u015f\u0131nda, `Bulgarla\u015ft\u0131rma` ad\u0131 alt\u0131nda \u00fclkede ya\u015fayan 1,5 milyon T\u00fcrk, Pomak ve \u00c7ingene`ye kar\u015f\u0131 bir asimilasyon kampanyas\u0131 ba\u015flatm\u0131\u015ft\u0131. \u00dclkede ya\u015fayan 310 bin T\u00fcrk`\u00fcn isimleri polis zoruyla Bulgar isimleriyle de\u011fi\u015ftirilmi\u015fti. T\u00fcrk\u00e7e e\u011fitim veren okullar, \u00fcniversitedeki T\u00fcrk filolojisi b\u00f6l\u00fcmleri, T\u00fcrk\u00e7e gazeteler ve camiler devlet emriyle kapat\u0131lm\u0131\u015ft\u0131. \u00c7ocuklar\u0131n s\u00fcnnet ettirilmesi yasaklanm\u0131\u015ft\u0131. Mezar ta\u015flar\u0131n\u0131n \u00fczerindeki T\u00fcrk\u00e7e isimler y\u00fcz\u00fcnden mezarlar y\u0131k\u0131lm\u0131\u015ft\u0131. Hatta T\u00fcrklerin T\u00fcrk motifli giysiler giymeleri yasaklanm\u0131\u015ft\u0131. 1989`da 400 bin T\u00fcrk, asimilasyona direndikleri i\u00e7in T\u00fcrkiye`ye g\u00f6\u00e7m\u00fc\u015ft\u00fc.<\/p>\n<p>Helsinki \u0130zleme Komitesi`ne g\u00f6re bin 500 T\u00fcrk \u00f6ld\u00fcr\u00fclm\u00fc\u015f ve cesetleri Tuna Nehri`ne at\u0131lm\u0131\u015ft\u0131<\/p>\n<p>1970-89 y\u0131llar\u0131 aras\u0131nda Bulgaristan`da ikinci sosyalist d\u00f6nem, Bulgaristan T\u00fcrklerine ac\u0131 dolu g\u00fcnler ya\u015fatm\u0131\u015ft\u0131. Slav k\u00fclt\u00fcr\u00fcne sahip homojen bir Bulgaristan olu\u015fturmay\u0131 ama\u00e7layan eski Bulgar rejimi, bu plan\u0131 \u00f6nce te\u015fvik ve psikolojik y\u00f6ntemlerle denemi\u015f, netice alamamas\u0131 \u00fczerine \u015fiddet uygulamaya ba\u015flam\u0131\u015ft\u0131. Bu sebeple Bulgaristan, \u00f6len T\u00fcrklerin yak\u0131nlar\u0131na ve s\u00fcrg\u00fcne g\u00f6nderilmi\u015f T\u00fcrklere tazminat \u00f6demi\u015fti. 1986`da \u0130nsan Haklar\u0131 Komisyonu Helsinki \u0130zleme Komitesi, Bulgaristan`da bin 500 T\u00fcrk`\u00fcn \u00f6ld\u00fcr\u00fcl\u00fcp cesetlerinin Tuna Nehri`ne at\u0131ld\u0131\u011f\u0131n\u0131, bin 500 T\u00fcrk`\u00fcn de Belene Adas\u0131`na s\u00fcr\u00fcld\u00fc\u011f\u00fcn\u00fc a\u00e7\u0131klam\u0131\u015ft\u0131.<\/p>\n<p><i>ZAMAN<br \/>\nAR\u0130F BAYRAKTAR \u0130STANBUL<\/i><\/p>\n<div class=\"zemanta-pixie\"><img data-recalc-dims=\"1\"  title=\"\" decoding=\"async\" class=\"zemanta-pixie-img\"  alt=\"pixy D\u0131\u015fi\u015fleri, Bulgaristan g\u00f6\u00e7menlerinin mallar\u0131 i\u00e7in d\u00fc\u011fmeye bast\u0131\"  src=\"https:\/\/i0.wp.com\/img.zemanta.com\/pixy.gif?w=640\" \/><\/div>\n","protected":false},"excerpt":{"rendered":"<p>D\u0131\u015fi\u015fleri Bakanl\u0131\u011f\u0131, sava\u015f ve bask\u0131 d\u00f6nemlerinde Bulgaristan`dan T\u00fcrkiye`ye gelmek zorunda kalan T\u00fcrk k\u00f6kenli g\u00f6\u00e7menlerin \u00fclkelerinde b\u0131rakt\u0131klar\u0131 mallar\u0131 geri alabilmeleri i\u00e7in harekete ge\u00e7ti. Balkan sava\u015flar\u0131 s\u0131ras\u0131nda ve asimilasyon politikalar\u0131n\u0131n uyguland\u0131\u011f\u0131 1980`li y\u0131llarda yurtlar\u0131n\u0131 terk ederek T\u00fcrkiye`ye s\u0131\u011f\u0131nmak zorunda kalan binlerce Bulgar g\u00f6\u00e7meni T\u00fcrk`\u00fcn, Bulgaristan`da kalan mallar\u0131n\u0131 geri alma imk\u00e2n\u0131 do\u011fdu. D\u0131\u015fi\u015fleri Bakanl\u0131\u011f\u0131, \u00f6ncelikle s\u00f6z konusu durumda [&hellip;]<\/p>\n","protected":false},"author":331,"featured_media":0,"comment_status":"open","ping_status":"open","sticky":false,"template":"","format":"standard","meta":{"advanced_seo_description":"","jetpack_seo_html_title":"","jetpack_seo_noindex":false,"ngg_post_thumbnail":0,"jetpack_post_was_ever_published":false,"_jetpack_newsletter_access":"","_jetpack_dont_email_post_to_subs":false,"_jetpack_newsletter_tier_id":0,"_jetpack_memberships_contains_paywalled_content":false,"_jetpack_memberships_contains_paid_content":false,"footnotes":""},"categories":[5],"tags":[352,351,353],"class_list":["post-1622","post","type-post","status-publish","format-standard","hentry","category-haberler","tag-bulgaristan-gocmenlerinin-mallari","tag-disisleri","tag-icin-dugmeye-basti"],"jetpack_featured_media_url":"","jetpack_shortlink":"https:\/\/wp.me\/paHHlZ-qa","jetpack-related-posts":[{"id":2025,"url":"https:\/\/www.gocmeniz.biz\/?p=2025","url_meta":{"origin":1622,"position":0},"title":"\u2018T\u00fcrk &#8211; Bulgar dostlu\u011fu her iki \u00fclkenin yarar\u0131na\u2019","author":"Haberci","date":"11 Ocak 2010","format":false,"excerpt":"Yurtd\u0131\u015f\u0131ndaki Bulgaristan vatanda\u015flar\u0131ndan Sorumlu Devlet Bakan\u0131 Bojidar Dimitrov\u2019un\u00a0 T\u00fcrkiye\u2019den g\u00f6\u00e7 eden Bulgarlar\u0131n T\u00fcrkiye\u2019de b\u0131rakmak zorunda kald\u0131klar\u0131 mal ve m\u00fclkleri i\u00e7in 20 milyar dolarl\u0131k tazminat istemesi k\u0131sa s\u00fcreli siyasi hareketlenmeye neden oldu. T\u00fcrkiye\u2019den istenecek tazminat\u0131n, T\u00fcrkiye\u2019nin Avrupa Birli\u011fi\u2019ne tam \u00fcyelik i\u00e7in \u00f6n ko\u015ful olarak \u00f6denmesi gerekti\u011fini savunan Dimitrov\u2019un a\u00e7\u0131klamalar\u0131na Ba\u015fbakan Boyko\u2026","rel":"","context":"&quot;Haberler&quot; i\u00e7inde","block_context":{"text":"Haberler","link":"https:\/\/www.gocmeniz.biz\/?cat=5"},"img":{"alt_text":"","src":"","width":0,"height":0},"classes":[]},{"id":1494,"url":"https:\/\/www.gocmeniz.biz\/?p=1494","url_meta":{"origin":1622,"position":1},"title":"T\u00fcrkiye`deki 300 bin Bulgaristan vatanda\u015f\u0131n\u0131n g\u00f6z\u00fc se\u00e7imlerde","author":"Haberci","date":"05 Temmuz 2009","format":false,"excerpt":"Bulgaristan`\u0131n devrik liderlerinden Jivkov d\u00f6neminde asimilasyon tehdidine maruz kald\u0131\u011f\u0131 i\u00e7in T\u00fcrkiye`ye g\u00f6\u00e7 etmek zorunda kalan 300 bin T\u00fcrk`\u00fcn kalbi, bir kez daha se\u00e7imler i\u00e7in \u00e7arp\u0131yor. Bulgaristan T\u00fcrkleri K\u00fclt\u00fcr ve Yard\u0131mla\u015fma Derne\u011fi`nin verdi\u011fi bilgiye g\u00f6re 250 bine yak\u0131n T\u00fcrk, T\u00fcrkiye`de, geri kalan\u0131 ise Bulgaristan`da se\u00e7ime kat\u0131lacak.Bu rakam Bulgaristan d\u0131\u015f\u0131nda, genel se\u00e7imlerde\u2026","rel":"","context":"&quot;Haberler&quot; i\u00e7inde","block_context":{"text":"Haberler","link":"https:\/\/www.gocmeniz.biz\/?cat=5"},"img":{"alt_text":"","src":"","width":0,"height":0},"classes":[]},{"id":2009,"url":"https:\/\/www.gocmeniz.biz\/?p=2009","url_meta":{"origin":1622,"position":2},"title":"Dostlu\u011fu zedeleyecek a\u00e7\u0131klamalardan ka\u00e7\u0131n\u0131n","author":"Haberci","date":"06 Ocak 2010","format":false,"excerpt":"ANKARA \u00a0\u00a0\u00a0 D\u0131\u015fi\u015fleri Bakan\u0131 Ahmet Davuto\u011flu, Bulgaristan Devlet Bakan\u0131 Bojidar Dimitrov\u2019un, bas\u0131na, \u201cT\u00fcrkiye\u2019den g\u00f6\u00e7 eden Bulgarlara 10 milyar dolar tazminat verilmemesi durumunda T\u00fcrkiye\u2019nin AB \u00fcyeli\u011fini engelleyece\u011fiz\u201d olarak yans\u0131yan a\u00e7\u0131klamas\u0131na tepki g\u00f6sterdi.Davuto\u011flu, d\u00fcn Brezilya D\u0131\u015fi\u015fleri Bakan\u0131 Celso Amorim ile ortak bas\u0131n toplant\u0131s\u0131 d\u00fczenledi. \u0130ki \u00fclke aras\u0131nda Stratejik \u0130\u015fbirli\u011fi Eylem Plan\u0131 \u00fczerinde\u2026","rel":"","context":"&quot;Haberler&quot; i\u00e7inde","block_context":{"text":"Haberler","link":"https:\/\/www.gocmeniz.biz\/?cat=5"},"img":{"alt_text":"","src":"","width":0,"height":0},"classes":[]},{"id":1506,"url":"https:\/\/www.gocmeniz.biz\/?p=1506","url_meta":{"origin":1622,"position":3},"title":"Sahte Bulgar polisinden domuz gribi kontrol\u00fc","author":"Haberci","date":"06 Temmuz 2009","format":false,"excerpt":"Almanya\u2019da ya\u015fayan T\u00fcrkler, izin yolunda Bulgaristan\u2019da yeni bir oyunla kar\u015f\u0131 kar\u015f\u0131ya. Kulaktan kula\u011fa yay\u0131lan \u201cPolisin domuz gribi olunmad\u0131\u011f\u0131na dair rapor istedi\u011fi\u201d iddialar\u0131na en \u00fcst d\u00fczey yetkililerden yan\u0131t geldi. Almanya'da ya\u015fayan T\u00fcrklerin \u015fik\u00e2yetleri Berlin'deki Bulgaristan B\u00fcy\u00fckel\u00e7ili\u011fi'ne kadar ula\u015ft\u0131. B\u00fcy\u00fckel\u00e7ili\u011fi arayan T\u00fcrk vatanda\u015flar\u0131 hep ayn\u0131 soruyu y\u00f6neltiyor: \u201cBulgaristan s\u0131n\u0131r\u0131nda polisler domuz gribi\u2026","rel":"","context":"&quot;Haberler&quot; i\u00e7inde","block_context":{"text":"Haberler","link":"https:\/\/www.gocmeniz.biz\/?cat=5"},"img":{"alt_text":"","src":"","width":0,"height":0},"classes":[]},{"id":1190,"url":"https:\/\/www.gocmeniz.biz\/?p=1190","url_meta":{"origin":1622,"position":4},"title":"G\u00f6\u00e7menler gayrimenkul pe\u015finde","author":"Haberci","date":"08 May\u0131s 2009","format":false,"excerpt":"Bulgaristan'dan T\u00fcrkiye'ye g\u00f6\u00e7enlerin geride b\u0131rakt\u0131klar\u0131 gayrimenkullerin kay\u0131t alt\u0131na al\u0131nabilmesi i\u00e7in \u00e7al\u0131\u015fma ba\u015flat\u0131ld\u0131 Denizli Balkan G\u00f6\u00e7menleri K\u00fclt\u00fcr ve Dayan\u0131\u015fma Derne\u011fi (Deng\u00f6\u00e7der) Ba\u015fkan\u0131 Ali Sert, Bulgaristan'dan T\u00fcrkiye'ye g\u00f6\u00e7enlerin geride b\u0131rakt\u0131klar\u0131 gayrimenkullerin kay\u0131t alt\u0131na al\u0131nabilmesi i\u00e7in \u00e7al\u0131\u015fma ba\u015flat\u0131ld\u0131\u011f\u0131n\u0131 s\u00f6yledi. Ali Sert, Bulgaristan'da gayrimenkul\u00fc bulunan ve Denizli'de ya\u015fayan Bulgaristan g\u00f6\u00e7meni vatanda\u015flar\u0131n derneklerine gelmesini istedi.\u2026","rel":"","context":"&quot;Haberler&quot; i\u00e7inde","block_context":{"text":"Haberler","link":"https:\/\/www.gocmeniz.biz\/?cat=5"},"img":{"alt_text":"","src":"","width":0,"height":0},"classes":[]},{"id":2013,"url":"https:\/\/www.gocmeniz.biz\/?p=2013","url_meta":{"origin":1622,"position":5},"title":"Bulgaristan: T\u00fcrkiye ile ciddi sorunumuz yok","author":"Haberci","date":"06 Ocak 2010","format":false,"excerpt":"A.A.Bulgaristan D\u0131\u015fi\u015fleri Bakan\u0131 Marin Raykov, Bulgaristan ile T\u00fcrkiye aras\u0131nda ciddi politik sorun bulunmad\u0131\u011f\u0131n\u0131 belirterek, \"Sadece \u00e7\u00f6z\u00fclememi\u015f baz\u0131 konular var. Bunlar da diyalog yoluyla halledilecek meselelerdir\" dedi.Raykov, 1913 y\u0131l\u0131ndan sonra T\u00fcrkiye'den Bulgaristan'a g\u00f6\u00e7 eden Bulgarlar\u0131n T\u00fcrkiye'de kalan mal varl\u0131\u011f\u0131na ili\u015fkin meselenin iki \u00fclke aras\u0131nda \u00e7\u00f6z\u00fcme kavu\u015fturulmam\u0131\u015f konulardan biri oldu\u011funu s\u00f6yledi. Bulgaristan-T\u00fcrkiye\u2026","rel":"","context":"&quot;Haberler&quot; i\u00e7inde","block_context":{"text":"Haberler","link":"https:\/\/www.gocmeniz.biz\/?cat=5"},"img":{"alt_text":"","src":"","width":0,"height":0},"classes":[]}],"jetpack_sharing_enabled":true,"jetpack_likes_enabled":true,"_links":{"self":[{"href":"https:\/\/www.gocmeniz.biz\/index.php?rest_route=\/wp\/v2\/posts\/1622","targetHints":{"allow":["GET"]}}],"collection":[{"href":"https:\/\/www.gocmeniz.biz\/index.php?rest_route=\/wp\/v2\/posts"}],"about":[{"href":"https:\/\/www.gocmeniz.biz\/index.php?rest_route=\/wp\/v2\/types\/post"}],"author":[{"embeddable":true,"href":"https:\/\/www.gocmeniz.biz\/index.php?rest_route=\/wp\/v2\/users\/331"}],"replies":[{"embeddable":true,"href":"https:\/\/www.gocmeniz.biz\/index.php?rest_route=%2Fwp%2Fv2%2Fcomments&post=1622"}],"version-history":[{"count":1,"href":"https:\/\/www.gocmeniz.biz\/index.php?rest_route=\/wp\/v2\/posts\/1622\/revisions"}],"predecessor-version":[{"id":9040,"href":"https:\/\/www.gocmeniz.biz\/index.php?rest_route=\/wp\/v2\/posts\/1622\/revisions\/9040"}],"wp:attachment":[{"href":"https:\/\/www.gocmeniz.biz\/index.php?rest_route=%2Fwp%2Fv2%2Fmedia&parent=1622"}],"wp:term":[{"taxonomy":"category","embeddable":true,"href":"https:\/\/www.gocmeniz.biz\/index.php?rest_route=%2Fwp%2Fv2%2Fcategories&post=1622"},{"taxonomy":"post_tag","embeddable":true,"href":"https:\/\/www.gocmeniz.biz\/index.php?rest_route=%2Fwp%2Fv2%2Ftags&post=1622"}],"curies":[{"name":"wp","href":"https:\/\/api.w.org\/{rel}","templated":true}]}}