{"id":1630,"date":"2009-08-01T08:01:39","date_gmt":"2009-08-01T05:01:39","guid":{"rendered":"http:\/\/www.gocmeniz.biz\/?p=1630"},"modified":"2026-04-03T12:25:38","modified_gmt":"2026-04-03T09:25:38","slug":"belediye-personeline-ab-kriterlerinde-egitim","status":"publish","type":"post","link":"https:\/\/www.gocmeniz.biz\/?p=1630","title":{"rendered":"Belediye personeline `AB kriterlerinde` e\u011fitim"},"content":{"rendered":"<p><b>T\u00fcrk\u0130ye-Bulgar\u0130stan S\u0131n\u0131r \u00d6tesi \u0130\u015fbirli\u011fi Ortak K\u00fc\u00e7\u00fck Projeler Fonu kapsam\u0131nda, &#8220;Kurumsal ve Sosyal \u0130leti\u015fimi Geli\u015ftirmek Projesi` \u00e7er\u00e7evesinde, Edirne Belediyesi \u00e7al\u0131\u015fan\u0131 25 ki\u015fi Bulgaristan`\u0131n Yambol kentinde e\u011fitim al\u0131yor. <\/b><\/p>\n<p>Edirne Belediye Ba\u015fkan\u0131 Hamdi Sedef\u00e7i, yapt\u0131\u011f\u0131 a\u00e7\u0131klamada, Zab\u0131ta M\u00fcd\u00fcrl\u00fc\u011f\u00fc ile \u00c7evre M\u00fcd\u00fcrl\u00fc\u011f\u00fc`nden 25 personelin proje kapsam\u0131nda Yambol`a gitti\u011fini bildirdi. Sedef\u00e7i, \u015f\u00f6yle konu\u015ftu: &#8220;Personelimiz Yambol yak\u0131n\u0131ndaki bir ba\u015fka belediyede de incelemelerde bulunacak. Edirne halk\u0131, AB normlar\u0131na uygun, kaliteli hizmeti almay\u0131 hak ediyor. \u00dclkemizin en bat\u0131s\u0131nda, Avrupa k\u0131tas\u0131nda yer alan kentimizdeki b\u00fct\u00fcn hizmetlerimizi daha da ileriye g\u00f6t\u00fcr\u00fcp, kaliteyi artt\u0131rmak i\u00e7in u\u011fra\u015f veriyoruz.&#8220; Bu e\u011fitimler sonucu toplanan veriler ortak bir web sayfas\u0131nda yer alacak. Ayr\u0131ca projeyle ilgili bro\u015f\u00fcr ve CD`ler haz\u0131rlan\u0131p \u00e7evre belediyelere, yerel kurum ve kurulu\u015flarla bas\u0131na g\u00f6nderilecek. <\/p>\n<p><i>Edirne \/ aa<br \/><\/i><i>01.08.2009<\/i><\/p>\n<div class=\"zemanta-pixie\"><img data-recalc-dims=\"1\"  title=\"\" decoding=\"async\" class=\"zemanta-pixie-img\"  alt=\"pixy Belediye personeline `AB kriterlerinde` e\u011fitim\"  src=\"https:\/\/i0.wp.com\/img.zemanta.com\/pixy.gif?w=640\" \/><\/div>\n","protected":false},"excerpt":{"rendered":"<p>T\u00fcrk\u0130ye-Bulgar\u0130stan S\u0131n\u0131r \u00d6tesi \u0130\u015fbirli\u011fi Ortak K\u00fc\u00e7\u00fck Projeler Fonu kapsam\u0131nda, &#8220;Kurumsal ve Sosyal \u0130leti\u015fimi Geli\u015ftirmek Projesi` \u00e7er\u00e7evesinde, Edirne Belediyesi \u00e7al\u0131\u015fan\u0131 25 ki\u015fi Bulgaristan`\u0131n Yambol kentinde e\u011fitim al\u0131yor. Edirne Belediye Ba\u015fkan\u0131 Hamdi Sedef\u00e7i, yapt\u0131\u011f\u0131 a\u00e7\u0131klamada, Zab\u0131ta M\u00fcd\u00fcrl\u00fc\u011f\u00fc ile \u00c7evre M\u00fcd\u00fcrl\u00fc\u011f\u00fc`nden 25 personelin proje kapsam\u0131nda Yambol`a gitti\u011fini bildirdi. Sedef\u00e7i, \u015f\u00f6yle konu\u015ftu: &#8220;Personelimiz Yambol yak\u0131n\u0131ndaki bir ba\u015fka belediyede de [&hellip;]<\/p>\n","protected":false},"author":331,"featured_media":0,"comment_status":"open","ping_status":"open","sticky":false,"template":"","format":"standard","meta":{"advanced_seo_description":"","jetpack_seo_html_title":"","jetpack_seo_noindex":false,"ngg_post_thumbnail":0,"jetpack_post_was_ever_published":false,"_jetpack_newsletter_access":"","_jetpack_dont_email_post_to_subs":false,"_jetpack_newsletter_tier_id":0,"_jetpack_memberships_contains_paywalled_content":false,"_jetpack_memberships_contains_paid_content":false,"footnotes":""},"categories":[5],"tags":[],"class_list":["post-1630","post","type-post","status-publish","format-standard","hentry","category-haberler"],"jetpack_featured_media_url":"","jetpack_shortlink":"https:\/\/wp.me\/paHHlZ-qi","jetpack-related-posts":[{"id":1295,"url":"https:\/\/www.gocmeniz.biz\/?p=1295","url_meta":{"origin":1630,"position":0},"title":"AB a\u00e7\u0131k konu\u015ftu: Trakya bize kals\u0131n!","author":"Haberci","date":"30 May\u0131s 2009","format":false,"excerpt":"Edirne'ye gelen Bulgaristan Cumhurba\u015fkan\u0131 Yard\u0131mc\u0131s\u0131, Avrupa Birli\u011fi ad\u0131na net konu\u015ftu, \"hayalimiz, s\u0131n\u0131rlar\u0131 olmayan Trakya\" dedi. Trakya \u00dcniversitesi Edirne Yabanc\u0131 Diller Y\u00fcksekokulu'na \"Bulgar Bulu\u015fma Noktas\u0131\" a\u00e7\u0131l\u0131\u015f\u0131 i\u00e7in gelen Bulgaristan Cumhurba\u015fkan\u0131 Yard\u0131mc\u0131s\u0131 Angel Marin, AB ad\u0131na a\u00e7\u0131k konu\u015ftu. Marin \"Trakya'n\u0131n s\u0131n\u0131rlar\u0131 Avrupa Birli\u011fi s\u0131n\u0131rlar\u0131 i\u00e7erisinde kalmal\u0131\" dedi. \"Trakya, Avrupa Birli\u011fi i\u00e7inde kals\u0131n\"\u2026","rel":"","context":"&quot;Haberler&quot; i\u00e7inde","block_context":{"text":"Haberler","link":"https:\/\/www.gocmeniz.biz\/?cat=5"},"img":{"alt_text":"","src":"","width":0,"height":0},"classes":[]},{"id":1149,"url":"https:\/\/www.gocmeniz.biz\/?p=1149","url_meta":{"origin":1630,"position":1},"title":"Bulgar a\u015f\u00e7\u0131lardan yemek \u015f\u00f6leni","author":"Haberci","date":"30 Nisan 2009","format":false,"excerpt":"Edirne'de, T\u00fcrkiye-Bulgaristan S\u0131n\u0131r \u00d6tesi \u0130\u015fbirli\u011fi Ortak K\u00fc\u00e7\u00fck Projeler Fonu kapsam\u0131nda y\u00fcr\u00fct\u00fclen ''T\u00fcrk-Bulgar Ortak Yemek K\u00fclt\u00fcr\u00fc'' adl\u0131 proje kapsam\u0131nda yemek \u015f\u00f6leni d\u00fczenlendi.Edirne Tatl\u0131c\u0131, B\u00fcfeci, Kebap ve Lokantac\u0131lar Esnaf Odas\u0131 Ba\u015fkan\u0131 Emin \u0130na\u011f, Devecihan K\u00fclt\u00fcr Merkezi'ndeki proje tan\u0131t\u0131m toplant\u0131s\u0131nda, Bulgaristan ile ikinci projelerini d\u00fczenlediklerini belirterek, i\u015fbirli\u011finin ticari yararlar\u0131n\u0131 da g\u00f6rmeye ba\u015flad\u0131klar\u0131n\u0131 s\u00f6yledi.T\u00fcrk-Bulgar\u2026","rel":"","context":"&quot;Haberler&quot; i\u00e7inde","block_context":{"text":"Haberler","link":"https:\/\/www.gocmeniz.biz\/?cat=5"},"img":{"alt_text":"","src":"","width":0,"height":0},"classes":[]},{"id":442,"url":"https:\/\/www.gocmeniz.biz\/?p=442","url_meta":{"origin":1630,"position":2},"title":"BULGAR\u0130STAN&#8217;DAK\u0130 T\u0130CAR\u0130 \u0130MKANLAR, TRAKYA \u0130\u015e PLATFORMU&#8217;NDA TANITILDI","author":"Haberci","date":"19 Haziran 2008","format":false,"excerpt":"Trakyal\u0131 i\u015fadamlar\u0131n\u0131n olu\u015fturdu\u011fu Trakya \u0130\u015f Hayat\u0131 Dernekleri Platformu, Bulgaristan'daki ticari imkanlar\u0131 masaya yat\u0131ran bir toplant\u0131 d\u00fczenledi. T\u00fcrk ve Bulgar yetkililerin kat\u0131ld\u0131\u011f\u0131 toplant\u0131da Trakyal\u0131 i\u015f adamlar\u0131n\u0131n ekonomik i\u015fbirli\u011fine haz\u0131r olduklar\u0131 vurguland\u0131. TUSKON'a ba\u011fl\u0131 Trakya da faaliyet g\u00f6steren derneklerin olu\u015fturdu\u011fu Trakya \u0130\u015f Hayat\u0131 Dernekleri Platformunun d\u00fczenledi\u011fi 'Kom\u015fu \u00dclke Bulgaristan S\u0131n\u0131r\u0131nda \u0130\u015f \u0130mkanlar\u0131'\u2026","rel":"","context":"Benzer yaz\u0131","block_context":{"text":"Benzer yaz\u0131","link":""},"img":{"alt_text":"","src":"","width":0,"height":0},"classes":[]},{"id":8393,"url":"https:\/\/www.gocmeniz.biz\/?p=8393","url_meta":{"origin":1630,"position":3},"title":"Edirne Valisi Sezer, s\u0131n\u0131r karakolundaki Mehmet\u00e7ikle bayramla\u015ft\u0131","author":"Admin","date":"19 Mart 2026","format":false,"excerpt":"Edirne Valisi Yunus Sezer, Bulgaristan s\u0131n\u0131r\u0131ndaki karakolda g\u00f6rev yapan askerlerle bayramla\u015ft\u0131. Vali Sezer, 9'uncu Hudut Tugay Komutanl\u0131\u011f\u0131na ba\u011fl\u0131 Yenikad\u0131n \u015eehit Onba\u015f\u0131 \u00d6zer Camc\u0131 Karakolu'nu ziyaret etti. Karakol komutan\u0131 ve askerlerle bayramla\u015fan Sezer, karakolun \u015feref defterini imzalad\u0131. Mehmet\u00e7i\u011fin bayram\u0131n\u0131 kutlayan Vali Sezer, \"Allah aya\u011f\u0131n\u0131za ta\u015f de\u011fdirmesin. Rabbim sizi b\u00fct\u00fcn kaza ve\u2026","rel":"","context":"&quot;Haberler&quot; i\u00e7inde","block_context":{"text":"Haberler","link":"https:\/\/www.gocmeniz.biz\/?cat=5"},"img":{"alt_text":"","src":"https:\/\/i0.wp.com\/www.gocmeniz.biz\/wp-content\/edirne-valisi-sezer-sinir-karakolundaki-19672360_amp.jpg?fit=1200%2C800&ssl=1&resize=350%2C200","width":350,"height":200,"srcset":"https:\/\/i0.wp.com\/www.gocmeniz.biz\/wp-content\/edirne-valisi-sezer-sinir-karakolundaki-19672360_amp.jpg?fit=1200%2C800&ssl=1&resize=350%2C200 1x, https:\/\/i0.wp.com\/www.gocmeniz.biz\/wp-content\/edirne-valisi-sezer-sinir-karakolundaki-19672360_amp.jpg?fit=1200%2C800&ssl=1&resize=525%2C300 1.5x, https:\/\/i0.wp.com\/www.gocmeniz.biz\/wp-content\/edirne-valisi-sezer-sinir-karakolundaki-19672360_amp.jpg?fit=1200%2C800&ssl=1&resize=700%2C400 2x, https:\/\/i0.wp.com\/www.gocmeniz.biz\/wp-content\/edirne-valisi-sezer-sinir-karakolundaki-19672360_amp.jpg?fit=1200%2C800&ssl=1&resize=1050%2C600 3x"},"classes":[]},{"id":2345,"url":"https:\/\/www.gocmeniz.biz\/?p=2345","url_meta":{"origin":1630,"position":4},"title":"5 \u00dclkeden 84 \u00d6\u011fretmen T\u00fcrkiye&#8217;de","author":"Haberci","date":"12 A\u011fustos 2015","format":false,"excerpt":"Ba\u015fbakanl\u0131k Yurtd\u0131\u015f\u0131 T\u00fcrkler ve Akraba Topluluklar Ba\u015fkanl\u0131\u011f\u0131 ve Edirne Milli E\u011fitim M\u00fcd\u00fcrl\u00fc\u011f\u00fc i\u015fbirli\u011fi ile 5 farkl\u0131 \u00fclkeden soyda\u015f \u00f6\u011fretmenlere \"T\u00fcrk\u00e7e At\u00f6lyesi Projesi\" kapsam\u0131nda T\u00fcrk\u00e7e e\u011fitim verilecek. Ba\u015fbakanl\u0131k Yurtd\u0131\u015f\u0131 T\u00fcrkler ve Akraba Topluluklar Ba\u015fkanl\u0131\u011f\u0131 (YTB)'nin geli\u015ftirdi\u011fi \"T\u00fcrk\u00e7e At\u00f6lyesi Projesi\" ile 5 farkl\u0131 \u00fclkede bulunan soyda\u015f \u00f6\u011fretmene Edirne'de T\u00fcrk\u00e7e e\u011fitimi veriliyor. Bu\u2026","rel":"","context":"&quot;Haberler&quot; i\u00e7inde","block_context":{"text":"Haberler","link":"https:\/\/www.gocmeniz.biz\/?cat=5"},"img":{"alt_text":"","src":"https:\/\/i0.wp.com\/www.gocmeniz.biz\/wp-content\/5-ulkeden-84-ogretmen-turkiye-de-7588344_x_o.jpg?fit=640%2C360&ssl=1&resize=350%2C200","width":350,"height":200,"srcset":"https:\/\/i0.wp.com\/www.gocmeniz.biz\/wp-content\/5-ulkeden-84-ogretmen-turkiye-de-7588344_x_o.jpg?fit=640%2C360&ssl=1&resize=350%2C200 1x, https:\/\/i0.wp.com\/www.gocmeniz.biz\/wp-content\/5-ulkeden-84-ogretmen-turkiye-de-7588344_x_o.jpg?fit=640%2C360&ssl=1&resize=525%2C300 1.5x"},"classes":[]},{"id":1654,"url":"https:\/\/www.gocmeniz.biz\/?p=1654","url_meta":{"origin":1630,"position":5},"title":"Bat\u0131 Trakya Tarihi Se\u00e7ek Ya\u011fl\u0131 G\u00fcre\u015flerinde T\u00fcrk, Yunan ve Bulgar g\u00fcre\u015f\u00e7iler kap\u0131\u015ft\u0131","author":"Haberci","date":"04 A\u011fustos 2009","format":false,"excerpt":"DEDEA\u011eA\u00c7(C\u0130HAN)- Yunanistan`\u0131n Rodop ve Meri\u00e7(Evros) illerinin birle\u015fti\u011fi Se\u00e7ek yaylas\u0131nda d\u00fczenlenen geleneksel Se\u00e7ek Ya\u011fl\u0131 G\u00fcre\u015fleri ve K\u00fclt\u00fcrel \u015eenlikleri k\u00fclt\u00fcrel etkinlikler ve ya\u011fl\u0131 g\u00fcre\u015f finaliyle sona erdi. Ba\u015fpehlival\u0131\u011f\u0131 Edirneli \u00fcnl\u00fc g\u00fcre\u015f\u00e7i Ahmet Yavuz kazand\u0131. Se\u00e7ek Az\u0131nl\u0131k E\u011fitim ve K\u00fclt\u00fcr Derne\u011fi`nin d\u00fczenledi\u011fi ve 650 y\u0131ll\u0131k bir ge\u00e7mi\u015fe sahip tarihi ya\u011fl\u0131 g\u00fcre\u015fler ve k\u00fclt\u00fcrel\u2026","rel":"","context":"&quot;Haberler&quot; i\u00e7inde","block_context":{"text":"Haberler","link":"https:\/\/www.gocmeniz.biz\/?cat=5"},"img":{"alt_text":"","src":"","width":0,"height":0},"classes":[]}],"jetpack_sharing_enabled":true,"jetpack_likes_enabled":true,"_links":{"self":[{"href":"https:\/\/www.gocmeniz.biz\/index.php?rest_route=\/wp\/v2\/posts\/1630","targetHints":{"allow":["GET"]}}],"collection":[{"href":"https:\/\/www.gocmeniz.biz\/index.php?rest_route=\/wp\/v2\/posts"}],"about":[{"href":"https:\/\/www.gocmeniz.biz\/index.php?rest_route=\/wp\/v2\/types\/post"}],"author":[{"embeddable":true,"href":"https:\/\/www.gocmeniz.biz\/index.php?rest_route=\/wp\/v2\/users\/331"}],"replies":[{"embeddable":true,"href":"https:\/\/www.gocmeniz.biz\/index.php?rest_route=%2Fwp%2Fv2%2Fcomments&post=1630"}],"version-history":[{"count":1,"href":"https:\/\/www.gocmeniz.biz\/index.php?rest_route=\/wp\/v2\/posts\/1630\/revisions"}],"predecessor-version":[{"id":9039,"href":"https:\/\/www.gocmeniz.biz\/index.php?rest_route=\/wp\/v2\/posts\/1630\/revisions\/9039"}],"wp:attachment":[{"href":"https:\/\/www.gocmeniz.biz\/index.php?rest_route=%2Fwp%2Fv2%2Fmedia&parent=1630"}],"wp:term":[{"taxonomy":"category","embeddable":true,"href":"https:\/\/www.gocmeniz.biz\/index.php?rest_route=%2Fwp%2Fv2%2Fcategories&post=1630"},{"taxonomy":"post_tag","embeddable":true,"href":"https:\/\/www.gocmeniz.biz\/index.php?rest_route=%2Fwp%2Fv2%2Ftags&post=1630"}],"curies":[{"name":"wp","href":"https:\/\/api.w.org\/{rel}","templated":true}]}}