{"id":1634,"date":"2009-08-03T09:20:50","date_gmt":"2009-08-03T06:20:50","guid":{"rendered":"http:\/\/www.gocmeniz.biz\/?p=1634"},"modified":"2026-04-03T12:25:38","modified_gmt":"2026-04-03T09:25:38","slug":"cocuklar-daha-cesurdu","status":"publish","type":"post","link":"https:\/\/www.gocmeniz.biz\/?p=1634","title":{"rendered":"&#8216;\u00c7ocuklar daha cesurdu&#8217;"},"content":{"rendered":"<p><b><img data-recalc-dims=\"1\"  title=\"\"  alt=\"eaefd613-0f98-4bff-aeea-3557eff56961 &#039;\u00c7ocuklar daha cesurdu&#039;\" decoding=\"async\" style=\"float: left; margin-top: 10px; margin-bottom: 10px; margin-right: 10px;\" src=\"https:\/\/i0.wp.com\/i.sabah.com.tr\/2009\/08\/03\/eaefd613-0f98-4bff-aeea-3557eff56961.jpg?w=640\" \/> Bulgaristan&#8217;da soyguncular\u0131n hedefi olan Ak\u0131n-Nalan Aksoy \u00e7ifti, &#8220;Bizim yapmam\u0131z gerekeni \u00e7ocuklar yapt\u0131. Hande bizi tek eliyle \u0131s\u0131tarak, kurtulaca\u011f\u0131m\u0131z\u0131 s\u00f6yleyip durdu&#8221; dedi&nbsp; <\/b><\/p>\n<p>Almanya&#8217;da otomobil firmas\u0131nda \u00e7al\u0131\u015fan Ak\u0131n &#8211; Nalan Aksoy \u00e7ifti, 21 ya\u015f\u0131ndaki k\u0131zlar\u0131 Hande ve 17 ya\u015f\u0131ndaki o\u011fullar\u0131yla tatil yapmak i\u00e7in cipleri ile T\u00fcrkiye&#8217;ye gelirken, Bulgaristan Sofya&#8217;da \u00f6nlerini kesen kar maskeli ve polis k\u0131yafetli iki soyguncu taraf\u0131ndan ara\u00e7tan indirilip kollar\u0131 arkadan kelep\u00e7elendi. Ancak 21 ya\u015f\u0131ndaki Hande, sinirlerini gev\u015fetsin diye koluna takt\u0131\u011f\u0131 bandaj\u0131 g\u00f6sterip, ameliyatl\u0131 oldu\u011funu s\u00f6yledi. Soyguncular k\u0131z\u0131n di\u011fer koluna kelep\u00e7e tak\u0131p erkek karde\u015fiyle birbirine ba\u011flad\u0131. Ard\u0131ndan hepsini ormanl\u0131k bir alana b\u0131rak\u0131p otomobillerini de yakt\u0131lar. Almanya&#8217;da muhasebecilik yapan Hande Aksoy, cep telefonunu nas\u0131l gizledi\u011fini, ya\u015fad\u0131\u011f\u0131 dakikalar\u0131 anlatt\u0131; &#8220;Bir ki\u015fi arac\u0131 kulland\u0131, di\u011feri silah\u0131 \u00fczerimize do\u011frulttu. O kar\u0131\u015f\u0131kl\u0131kta tek elimi kullanarak amcam\u0131 aray\u0131p telefonu yan\u0131ma koydum. Bizi ka\u00e7\u0131rd\u0131lar diye T\u00fcrk\u00e7e ba\u011f\u0131r\u0131yordum. Silah do\u011frultan soyguncu durumu fark etti. Silah\u0131 karde\u015fimin karn\u0131na bast\u0131rarak telefonu istedi. Ancak kendiminkini verirken Alper&#8217;in cebinden telefonu al\u0131p i\u00e7 \u00e7ama\u015f\u0131r\u0131ma koydum. Gitmelerini bekleyip, amcam\u0131 ve polisi arad\u0131m.&#8221; Gen\u00e7 k\u0131z, &#8220;Hepimiz so\u011fuktan titriyorduk. \u0130ki saat boyunca tek elimle onlar\u0131 \u0131s\u0131tmaya \u00e7al\u0131\u015ft\u0131m. Umutsuzlu\u011fa kap\u0131lmad\u0131m. \u00c7\u00fcnk\u00fc hayatlar\u0131ndan ben sorumluydum&#8221; diye konu\u015ftu. K\u0131z\u0131yla gurur duydu\u011funu anlatan 44 ya\u015f\u0131ndaki Ak\u0131n Aksoy, g\u00f6zya\u015flar\u0131 i\u00e7inde &#8220;Onlar\u0131 koruyamad\u0131m. Benim yapmam gerekeni k\u0131z\u0131m yapt\u0131. \u00c7ocuklar\u0131m\u0131z bizden daha cesurdu. \u0130kisiyle de gurur duyuyoruz&#8221; diye konu\u015ftu.<\/p>\n<div class=\"zemanta-pixie\"><img data-recalc-dims=\"1\"  title=\"\" decoding=\"async\" class=\"zemanta-pixie-img\"  alt=\"pixy &#039;\u00c7ocuklar daha cesurdu&#039;\"  src=\"https:\/\/i0.wp.com\/img.zemanta.com\/pixy.gif?w=640\" \/><\/div>\n","protected":false},"excerpt":{"rendered":"<p>Bulgaristan&#8217;da soyguncular\u0131n hedefi olan Ak\u0131n-Nalan Aksoy \u00e7ifti, &#8220;Bizim yapmam\u0131z gerekeni \u00e7ocuklar yapt\u0131. Hande bizi tek eliyle \u0131s\u0131tarak, kurtulaca\u011f\u0131m\u0131z\u0131 s\u00f6yleyip durdu&#8221; dedi&nbsp; Almanya&#8217;da otomobil firmas\u0131nda \u00e7al\u0131\u015fan Ak\u0131n &#8211; Nalan Aksoy \u00e7ifti, 21 ya\u015f\u0131ndaki k\u0131zlar\u0131 Hande ve 17 ya\u015f\u0131ndaki o\u011fullar\u0131yla tatil yapmak i\u00e7in cipleri ile T\u00fcrkiye&#8217;ye gelirken, Bulgaristan Sofya&#8217;da \u00f6nlerini kesen kar maskeli ve polis k\u0131yafetli iki [&hellip;]<\/p>\n","protected":false},"author":331,"featured_media":0,"comment_status":"open","ping_status":"open","sticky":false,"template":"","format":"standard","meta":{"advanced_seo_description":"","jetpack_seo_html_title":"","jetpack_seo_noindex":false,"ngg_post_thumbnail":0,"jetpack_post_was_ever_published":false,"_jetpack_newsletter_access":"","_jetpack_dont_email_post_to_subs":false,"_jetpack_newsletter_tier_id":0,"_jetpack_memberships_contains_paywalled_content":false,"_jetpack_memberships_contains_paid_content":false,"footnotes":""},"categories":[5],"tags":[],"class_list":["post-1634","post","type-post","status-publish","format-standard","hentry","category-haberler"],"jetpack_featured_media_url":"","jetpack_shortlink":"https:\/\/wp.me\/paHHlZ-qm","jetpack-related-posts":[{"id":1632,"url":"https:\/\/www.gocmeniz.biz\/?p=1632","url_meta":{"origin":1634,"position":0},"title":"Gurbet\u00e7i, Bulgaristan`\u0131 A\u0130HM`e \u015fikayet ediyor","author":"Haberci","date":"01 A\u011fustos 2009","format":false,"excerpt":"Bulgaristan`da bir gurbet\u00e7i ailesini soyup arac\u0131n\u0131 kundaklayan Bulgar otoyol mafyas\u0131n\u0131n ya\u015fatt\u0131\u011f\u0131 deh\u015fet i\u00e7in Almanya`da \u00e7al\u0131\u015fan Naci Aksoy A\u0130HM`ne gidiyor. AA - Bulgaristan`da, yaz ba\u015f\u0131nda bir T\u00fcrk gurbet\u00e7i ailesini soyup arac\u0131n\u0131 kundaklayan Bulgar otoyol mafyas\u0131 yine eyleme ge\u00e7erek, ba\u015fka bir T\u00fcrk ailesine daha ayn\u0131 deh\u015feti ya\u015fatt\u0131. Almanya`n\u0131n M\u00fcnih kenti b\u00f6lgesinde e\u015fiyle\u2026","rel":"","context":"&quot;Haberler&quot; i\u00e7inde","block_context":{"text":"Haberler","link":"https:\/\/www.gocmeniz.biz\/?cat=5"},"img":{"alt_text":"","src":"","width":0,"height":0},"classes":[]},{"id":735,"url":"https:\/\/www.gocmeniz.biz\/?p=735","url_meta":{"origin":1634,"position":1},"title":"Ortada kalan 3 karde\u015fe devlet sahip \u00e7\u0131kt\u0131","author":"Admin","date":"26 Aral\u0131k 2008","format":false,"excerpt":"ANTALYA\u2019n\u0131n Alanya \u0130l\u00e7esi'nde anneleri taraf\u0131ndan terk edilen, babalar\u0131n\u0131n da cezaevine girmesiyle kimsesiz kalan 3 \u00e7ocuk, savc\u0131l\u0131\u011f\u0131n talimat\u0131yla Antalya \u00c7ocuk Esirgeme Kurumu'na g\u00f6nderildi. Babalar\u0131 hapse girdikten sonra kira \u00f6deyemedikleri i\u00e7in evden \u00e7\u0131kar\u0131lan \u00e7ocuklara kalmalar\u0131 i\u00e7in hamamda yer veren 2 ki\u015fi ise al\u0131koymak su\u00e7undan g\u00f6zalt\u0131na al\u0131n\u0131p, daha sonra serbest b\u0131rak\u0131ld\u0131. SSK\u2019dan emekli\u2026","rel":"","context":"&quot;Haberler&quot; i\u00e7inde","block_context":{"text":"Haberler","link":"https:\/\/www.gocmeniz.biz\/?cat=5"},"img":{"alt_text":"","src":"https:\/\/i0.wp.com\/www.hurriyet.com.tr\/_np\/4860\/7034860.jpg?resize=350%2C200","width":350,"height":200},"classes":[]},{"id":1941,"url":"https:\/\/www.gocmeniz.biz\/?p=1941","url_meta":{"origin":1634,"position":2},"title":"Doland\u0131r\u0131lan \u00e7ift A\u0130HM yolunda","author":"Haberci","date":"19 Kas\u0131m 2009","format":false,"excerpt":"Bulgaristan\u2019dan mecburi g\u00f6\u00e7 sebebiyle T\u00fcrkiye\u2019ye gelerek Bursa\u2019ya yerle\u015fen Hayriye ve Turgut Topalo\u011flu, in\u015faat ve pazarlarda \u00e7al\u0131\u015farak 10 y\u0131l \u00f6nce Yunuseli Mahallesi\u2019nde iki katl\u0131 bir ev yapt\u0131. 1999\u2019da do\u011fan torunlar\u0131n\u0131 g\u00f6rmek i\u00e7in Amerika\u2019da ikamet eden o\u011fullar\u0131n\u0131n yan\u0131na giden Topalo\u011flu \u00e7ifti, orada 11 ay kal\u0131p evlerine geldiklerinde cam\u0131n k\u0131r\u0131lm\u0131\u015f, baz\u0131 e\u015fyalarla birlikte\u2026","rel":"","context":"&quot;Haberler&quot; i\u00e7inde","block_context":{"text":"Haberler","link":"https:\/\/www.gocmeniz.biz\/?cat=5"},"img":{"alt_text":"","src":"","width":0,"height":0},"classes":[]},{"id":1155,"url":"https:\/\/www.gocmeniz.biz\/?p=1155","url_meta":{"origin":1634,"position":3},"title":"BULGAR F\u0130LM\u0130YLE CANNES&#8217;A G\u0130D\u0130YORLAR","author":"Haberci","date":"04 May\u0131s 2009","format":false,"excerpt":"HAT\u0130CE ASLAN, SAADET I\u015eIL ATASOY VE KEREM ATABEYO\u011eLU, BULGAR Y\u00d6NETMEN KAMEN KALEV'\u0130N 'EASTREN PLAYS' \u0130S\u0130ML\u0130 F\u0130LM\u0130NDE ROL ALMI\u015eLARDI....Uluslararas\u0131 bir oyuncu kadrosuyla \u00e7ekilen film i\u00e7in Hatice Aslan, y\u00f6netmen Kamen Kalev'in k\u0131sa filmlerinin de \u00e7ok g\u00fczel oldu\u011funa dikkat \u00e7ekti.Filmle ilgili bilgiler veren oyunculardan Kerem Atabeyo\u011flu, 'Ak\u0131l dolu bir ekiple \u00e7al\u0131\u015ft\u0131k. T\u00fcrkiye'de de\u2026","rel":"","context":"&quot;Haberler&quot; i\u00e7inde","block_context":{"text":"Haberler","link":"https:\/\/www.gocmeniz.biz\/?cat=5"},"img":{"alt_text":"","src":"","width":0,"height":0},"classes":[]},{"id":2029,"url":"https:\/\/www.gocmeniz.biz\/?p=2029","url_meta":{"origin":1634,"position":4},"title":"Bulgaristan&#8217;daki &#8220;Erken ya\u015fta annelik sorunu&#8221;na e\u011fitimle \u00e7\u00f6z\u00fcm aranacak","author":"Haberci","date":"11 Ocak 2010","format":false,"excerpt":"\u00dclkede re\u015fit olmayan 16 ya\u015f\u0131n alt\u0131ndaki gen\u00e7ler, tecr\u00fcbesizlik ve sorumsuzluk nedeniyle erken ya\u015fta do\u011fum yap\u0131yor. \u00dclke genelinde kimsesiz \u00e7ocuklar yurtlar\u0131nda \u015fuan itibar\u0131 ile 16 ya\u015f\u0131ndan k\u00fc\u00e7\u00fck k\u0131zlar\u0131n d\u00fcnyaya getirdi\u011fi yakla\u015f\u0131k 250 bebek kal\u0131yor. Yakla\u015f\u0131k bir y\u0131l \u00f6nce 12 ya\u015f\u0131ndaki bir k\u0131z\u0131n do\u011fum yapmas\u0131 herkesi \u015fa\u015f\u0131rtm\u0131\u015ft\u0131.\u00a0 Daha sonra \u00fczerinden birka\u00e7 ay\u2026","rel":"","context":"&quot;Haberler&quot; i\u00e7inde","block_context":{"text":"Haberler","link":"https:\/\/www.gocmeniz.biz\/?cat=5"},"img":{"alt_text":"","src":"","width":0,"height":0},"classes":[]},{"id":427,"url":"https:\/\/www.gocmeniz.biz\/?p=427","url_meta":{"origin":1634,"position":5},"title":"\u0130\u015eTE \u0130LG\u0130N\u00c7 MEZUN\u0130YET T\u00d6REN\u0130","author":"Admin","date":"14 Haziran 2008","format":false,"excerpt":"N\u0130\u015eANTA\u015eI NUR\u0130 AKIN L\u0130SES\u0130'NDE SON YILLARIN EN \u0130LG\u0130N\u00c7 MEZUN\u0130YET T\u00d6REN\u0130NE \u0130MZA ATILDI.Bulgaristan'da 'Survivor' yar\u0131\u015fmas\u0131na kat\u0131lan ve 'Avrupa'da slikonun en \u00e7ok yak\u0131\u015ft\u0131\u011f\u0131 kad\u0131n' yar\u0131\u015fmas\u0131nda birinci oldu\u011funu s\u00f6yleyen Bulgar \u015fark\u0131c\u0131 Margo, s\u00fcper dekoltesiyle okul bah\u00e7esinde gece kul\u00fcb\u00fc havas\u0131 ya\u015fatt\u0131.D\u00f6nem d\u00f6nem T\u00fcrkiye'ye gelen ve be\u015f par\u00e7al\u0131k T\u00fcrk\u00e7e bir alb\u00fcm \u00e7\u0131karmaya haz\u0131rlanan Margo, hem\u2026","rel":"","context":"Benzer yaz\u0131","block_context":{"text":"Benzer yaz\u0131","link":""},"img":{"alt_text":"","src":"","width":0,"height":0},"classes":[]}],"jetpack_sharing_enabled":true,"jetpack_likes_enabled":true,"_links":{"self":[{"href":"https:\/\/www.gocmeniz.biz\/index.php?rest_route=\/wp\/v2\/posts\/1634","targetHints":{"allow":["GET"]}}],"collection":[{"href":"https:\/\/www.gocmeniz.biz\/index.php?rest_route=\/wp\/v2\/posts"}],"about":[{"href":"https:\/\/www.gocmeniz.biz\/index.php?rest_route=\/wp\/v2\/types\/post"}],"author":[{"embeddable":true,"href":"https:\/\/www.gocmeniz.biz\/index.php?rest_route=\/wp\/v2\/users\/331"}],"replies":[{"embeddable":true,"href":"https:\/\/www.gocmeniz.biz\/index.php?rest_route=%2Fwp%2Fv2%2Fcomments&post=1634"}],"version-history":[{"count":1,"href":"https:\/\/www.gocmeniz.biz\/index.php?rest_route=\/wp\/v2\/posts\/1634\/revisions"}],"predecessor-version":[{"id":9038,"href":"https:\/\/www.gocmeniz.biz\/index.php?rest_route=\/wp\/v2\/posts\/1634\/revisions\/9038"}],"wp:attachment":[{"href":"https:\/\/www.gocmeniz.biz\/index.php?rest_route=%2Fwp%2Fv2%2Fmedia&parent=1634"}],"wp:term":[{"taxonomy":"category","embeddable":true,"href":"https:\/\/www.gocmeniz.biz\/index.php?rest_route=%2Fwp%2Fv2%2Fcategories&post=1634"},{"taxonomy":"post_tag","embeddable":true,"href":"https:\/\/www.gocmeniz.biz\/index.php?rest_route=%2Fwp%2Fv2%2Ftags&post=1634"}],"curies":[{"name":"wp","href":"https:\/\/api.w.org\/{rel}","templated":true}]}}