{"id":1656,"date":"2009-08-04T14:42:10","date_gmt":"2009-08-04T11:42:10","guid":{"rendered":"http:\/\/www.gocmeniz.biz\/?p=1656"},"modified":"2026-04-03T12:17:07","modified_gmt":"2026-04-03T09:17:07","slug":"balkan-ulkelerinin-kalbi-bursada-atacak","status":"publish","type":"post","link":"https:\/\/www.gocmeniz.biz\/?p=1656","title":{"rendered":"Balkan \u00dclkelerinin Kalbi Bursa`da Atacak"},"content":{"rendered":"<p><b><img data-recalc-dims=\"1\"  title=\"\"  alt=\"balkan-ulkelerinin-kalbi-bursada-atacak-bursa-58367 Balkan \u00dclkelerinin Kalbi Bursa`da Atacak\" decoding=\"async\" style=\"float: left; margin-top: 10px; margin-bottom: 10px; margin-right: 10px;\" src=\"https:\/\/i0.wp.com\/www.haberciniz.biz\/images\/news\/balkan-ulkelerinin-kalbi-bursada-atacak-bursa-58367.jpg?w=640\" \/>BURSA(\u0130HA) &#8211; Nam\u0131kkemal Halk Oyunlar\u0131 Gen\u00e7lik ve Spor Kul\u00fcb\u00fc Derne\u011fi (NAKEM) taraf\u0131ndan bu y\u0131l 5. d\u00fczenlenecek olan, &#8220;5. NAKEM Balkan Festivali&#8220; 11-16 A\u011fustos tarihleri aras\u0131nda yap\u0131lacak.<\/b><\/p>\n<p>NAKEM Ba\u015fkan Yard\u0131mc\u0131s\u0131 Taner \u00d6demi\u015f, yapt\u0131\u011f\u0131 a\u00e7\u0131klamada, geleneksel hale getirdikleri festivale bu y\u0131l Bulgaristan, Yunanistan, Romanya, Bosna Hersek, Makedonya, Kosova, Arnavutluk, S\u0131rbistan ve Karada\u011f`dan \u00e7ok say\u0131da halk oyunu ekibinin kat\u0131laca\u011f\u0131n\u0131 s\u00f6yledi.<\/p>\n<p>Ekiplerin kentin de\u011fi\u015fik yerlerinde g\u00f6steriler yapaca\u011f\u0131n\u0131, 15 A\u011fustos`ta Demirta\u015f Rumeli Halk Oyunlar\u0131 Gen\u00e7lik ve Spor Kul\u00fcb\u00fc Derne\u011fi`nin \u015f\u00f6lenine de kat\u0131laca\u011f\u0131n\u0131 belirten \u00d6demi\u015f, festivalin 16 A\u011fustos`ta t\u00fcm ekiplerin A\u00e7\u0131khava Tiyatrosu`nda sunaca\u011f\u0131 g\u00f6sterilerle sona erece\u011fini bildirdi.<\/p>\n<p>\u00d6demi\u015f, festivalin bu y\u0131l ilk kez 6 g\u00fcn yap\u0131laca\u011f\u0131n\u0131 belirterek, &#8220;Bu y\u0131l 5. d\u00fczenledi\u011fimiz festivale ilgi her ge\u00e7en g\u00fcn art\u0131yor. Bir\u00e7ok ekip festivale kat\u0131lmak i\u00e7in kendisi m\u00fcracaat ediyor. T\u00fcm balkan \u00fclkelerinden ekipler festivalimize kat\u0131lmak isteyince, s\u00fcreyi uzatmak zorunda kald\u0131k&#8220; dedi.<\/p>\n<p>Bursa`da \u00e7ok say\u0131da Balkan g\u00f6\u00e7meni bulundu\u011funu hat\u0131rlatan \u00d6demi\u015f, \u015funlar\u0131 s\u00f6yledi: `Bursa`da Bulgaristan`dan, Yunanistan`dan, Romanya`dan, Kosova`dan, Makedonya`dan, Kosova`dan, Arnavutluk`tan ve Karada\u011f`dan g\u00f6\u00e7 etmi\u015f \u00e7ok say\u0131da T\u00fcrk vatanda\u015f\u0131 var. Festival sayesinde Bursa`da ya\u015fayan g\u00f6\u00e7menler, k\u00fclt\u00fcrlerini yeniden ya\u015fama f\u0131rsat\u0131 buluyor. Nakem Balkan Festivali, bu anlamda Balkanlar`\u0131n en \u00f6nemli organizasyonu. 11-16 A\u011fustos tarihleri aras\u0131nda Balkan \u00fclkelerinin kalbi Bursa`da atacak.&#8220;<\/p>\n<div class=\"zemanta-pixie\"><img data-recalc-dims=\"1\"  title=\"\" decoding=\"async\" class=\"zemanta-pixie-img\"  alt=\"pixy Balkan \u00dclkelerinin Kalbi Bursa`da Atacak\"  src=\"https:\/\/i0.wp.com\/img.zemanta.com\/pixy.gif?w=640\" \/><\/div>\n","protected":false},"excerpt":{"rendered":"<p>BURSA(\u0130HA) &#8211; Nam\u0131kkemal Halk Oyunlar\u0131 Gen\u00e7lik ve Spor Kul\u00fcb\u00fc Derne\u011fi (NAKEM) taraf\u0131ndan bu y\u0131l 5. d\u00fczenlenecek olan, &#8220;5. NAKEM Balkan Festivali&#8220; 11-16 A\u011fustos tarihleri aras\u0131nda yap\u0131lacak. NAKEM Ba\u015fkan Yard\u0131mc\u0131s\u0131 Taner \u00d6demi\u015f, yapt\u0131\u011f\u0131 a\u00e7\u0131klamada, geleneksel hale getirdikleri festivale bu y\u0131l Bulgaristan, Yunanistan, Romanya, Bosna Hersek, Makedonya, Kosova, Arnavutluk, S\u0131rbistan ve Karada\u011f`dan \u00e7ok say\u0131da halk oyunu ekibinin [&hellip;]<\/p>\n","protected":false},"author":331,"featured_media":0,"comment_status":"open","ping_status":"open","sticky":false,"template":"","format":"standard","meta":{"advanced_seo_description":"","jetpack_seo_html_title":"","jetpack_seo_noindex":false,"ngg_post_thumbnail":0,"jetpack_post_was_ever_published":false,"_jetpack_newsletter_access":"","_jetpack_dont_email_post_to_subs":false,"_jetpack_newsletter_tier_id":0,"_jetpack_memberships_contains_paywalled_content":false,"_jetpack_memberships_contains_paid_content":false,"footnotes":""},"categories":[5],"tags":[],"class_list":["post-1656","post","type-post","status-publish","format-standard","hentry","category-haberler"],"jetpack_featured_media_url":"","jetpack_shortlink":"https:\/\/wp.me\/paHHlZ-qI","jetpack-related-posts":[{"id":483,"url":"https:\/\/www.gocmeniz.biz\/?p=483","url_meta":{"origin":1656,"position":0},"title":"BURSA&#8217;DA ZAFER BAYRAMI KUTLAMALARINA BALKAN EK\u0130PLER\u0130 KATILACAK","author":"Haberci","date":"07 A\u011fustos 2008","format":false,"excerpt":"Nam\u0131kkemal Halk Oyunlar\u0131 Derne\u011fi'nin (NAKEM), Osmangazi Belediyesi ile ortakla\u015fa d\u00fczenledi\u011fi ''Zafer Bayram\u0131 Kutlamalar\u0131''na Makedonya, Arnautluk, Kosova, Bosna Hersek ve Bulgaristan'dan 6 halkoyunu ekibi kat\u0131lacak.Bu y\u0131l 4.s\u00fc d\u00fczenlenecek olan kutlamalar hakk\u0131nda bilgi veren Nakem Ba\u015fkan\u0131 H\u00fcseyin \u00d6zkan, 23-24 A\u011fustos tarihlerinde ger\u00e7ekle\u015ftirilecek kutlamalarla ilgili haz\u0131rl\u0131klar\u0131n son a\u015famaya geldi\u011fini s\u00f6yledi.Balkan ekiplerinin davetlerini kabul\u2026","rel":"","context":"&quot;Haberler&quot; i\u00e7inde","block_context":{"text":"Haberler","link":"https:\/\/www.gocmeniz.biz\/?cat=5"},"img":{"alt_text":"","src":"","width":0,"height":0},"classes":[]},{"id":413,"url":"https:\/\/www.gocmeniz.biz\/?p=413","url_meta":{"origin":1656,"position":1},"title":"ZEUS K\u00dcLT\u00dcR VE SANAT FEST\u0130VAL\u0130NDE BULGAR R\u00dcZGARI ESECEK","author":"Haberci","date":"05 Haziran 2008","format":false,"excerpt":"\u00c7anakkale'nin Ayvac\u0131k il\u00e7esine ba\u011fl\u0131 K\u00fc\u00e7\u00fckkuyu Beldesinde 22-23-24 A\u011fustos tarihleri aras\u0131nda yap\u0131lacak olan \"Zeus K\u00fclt\u00fcr ve Sanat Festivali\"nde Bulgaristan'\u0131n Ruse Belediyesi Gen\u00e7lik Merkezi Halk Danslar\u0131 ve Bale ekibinin iki g\u00f6steri yapaca\u011f\u0131 a\u00e7\u0131kland\u0131.K\u00fc\u00e7\u00fckkuyu'da Ruse \u015eehri Gen\u00e7lik Merkezi M\u00fcd\u00fcr\u00fc Marian Savov ve Organizat\u00f6r Evin \u0130bisheva ile g\u00f6r\u00fc\u015fen K\u00fc\u00e7\u00fckkuyu Belediyesi Halkla ili\u015fkiler M\u00fcd\u00fcr\u00fc Serken\u2026","rel":"","context":"Benzer yaz\u0131","block_context":{"text":"Benzer yaz\u0131","link":""},"img":{"alt_text":"","src":"https:\/\/i0.wp.com\/resimler.haberler.com\/haber\/976\/zeus-kultur-ve-sanat-festivalinde-bulgar-ruzgari-1_b.jpg?resize=350%2C200","width":350,"height":200},"classes":[]},{"id":470,"url":"https:\/\/www.gocmeniz.biz\/?p=470","url_meta":{"origin":1656,"position":2},"title":"KONAK BELED\u0130YES\u0130 HALK OYUNLARI EK\u0130B\u0130 SOFYA&#8217;YI RENKLEND\u0130RD\u0130","author":"Haberci","date":"22 Temmuz 2008","format":false,"excerpt":"Bulgaristan'\u0131n ba\u015f\u015fehri Sofya'da d\u00fczenlenen Vito\u015fa 12. Uluslararas\u0131 Halk Oyunlar\u0131 Festivali'ne kat\u0131lan T\u00fcrk ekibi ilgi oda\u011f\u0131 oldu. Sofya'n\u0131n \u00e7e\u015fitli b\u00f6lgelerindeki g\u00f6sterilere kat\u0131lan ve Semazen, \u00c2\u015fuk-M\u00e2\u015fuk, Kafkas, Fethiye ve Artvin gibi y\u00f6re oyunlar\u0131n\u0131 ba\u015far\u0131yla sergileyen Konak Belediyesi Halk Oyunlar\u0131 Ekibi, festivalin en ba\u015far\u0131l\u0131s\u0131 se\u00e7ildi. T\u00fcrkiye, Bulgaristan, Karada\u011f, Kore ve \u0130rlanda'dan dans\u00e7\u0131 ve\u2026","rel":"","context":"&quot;Haberler&quot; i\u00e7inde","block_context":{"text":"Haberler","link":"https:\/\/www.gocmeniz.biz\/?cat=5"},"img":{"alt_text":"","src":"https:\/\/i0.wp.com\/resimler.haberler.com\/haber\/383\/konak-belediyesi-halk-oyunlari-ekibi-sofya-yi_o.jpg?resize=350%2C200","width":350,"height":200},"classes":[]},{"id":922,"url":"https:\/\/www.gocmeniz.biz\/?p=922","url_meta":{"origin":1656,"position":3},"title":"&#8220;13. SOFYA F\u0130LM FEST&#8221;DE 2 T\u00dcRK Y\u00d6NETMEN \u00d6D\u00dcL ALDI","author":"Haberci","date":"17 Mart 2009","format":false,"excerpt":"Bulgaristan'da her y\u0131l geleneksel olarak d\u00fczenlenen, \u00fclkenin en \u00f6nemli uluslararas\u0131 film etkinli\u011fi olarak kabul edilen \"Sofya Film Fest\" festivalinde iki T\u00fcrk y\u00f6netmen \u00f6d\u00fcl ald\u0131.Bu y\u0131l 13'\u00fcnc\u00fcs\u00fc d\u00fczenlenen festivalde \u00d6zkan Alper, T\u00fcrk-Alman ortak yap\u0131m\u0131 \"Sonbahar\" filmiyle \"En \u0130yi Y\u00f6netmen\", H\u00fcseyin Karabey de \"Benim Marlon ve Brandom\" filmiyle \"En \u0130yi Balkan Filmi\"\u2026","rel":"","context":"&quot;Haberler&quot; i\u00e7inde","block_context":{"text":"Haberler","link":"https:\/\/www.gocmeniz.biz\/?cat=5"},"img":{"alt_text":"","src":"","width":0,"height":0},"classes":[]},{"id":176,"url":"https:\/\/www.gocmeniz.biz\/?p=176","url_meta":{"origin":1656,"position":4},"title":"T\u00fcrk Hekimlerinin Sorumluluk Duygusu Bulgaristanl\u0131lar\u0131 \u015ea\u015f\u0131rtt\u0131","author":"Admin","date":"05 Eyl\u00fcl 2007","format":false,"excerpt":"Nazilli'nin d\u00fc\u015fman i\u015fgalinden kurtulu\u015f y\u0131l d\u00f6n\u00fcm\u00fc kutlamalar\u0131na Bulgaristan'\u0131n halk oyunlar\u0131n\u0131 sergilemek i\u00e7in kat\u0131lan bir k\u0131z \u00f6\u011frenci fenala\u015farak hastaneye kald\u0131r\u0131ld\u0131. Hastanede doktor kontrol\u00fcnden ge\u00e7irilen \u00f6\u011frencinin apandisit ameliyat\u0131 olmas\u0131 gerekti\u011fi anla\u015f\u0131ld\u0131. Bunun \u00fczerine Nazilli Devlet Hastanesinde ameliyat olan \u00f6\u011frencinin durumunun iyi oldu\u011fu bildirildi. Ameliyat sonras\u0131 \u00e7ok \u015fa\u015f\u0131rd\u0131klar\u0131n\u0131 belirten Bulgaristan Halk Oyunlar\u0131 Ekibi\u2026","rel":"","context":"&quot;Haberler&quot; i\u00e7inde","block_context":{"text":"Haberler","link":"https:\/\/www.gocmeniz.biz\/?cat=5"},"img":{"alt_text":"","src":"https:\/\/i0.wp.com\/resimler.haberler.com\/haber\/022\/turk-hekimlerinin-sorumluluk-duygusu_o.jpg?resize=350%2C200","width":350,"height":200},"classes":[]},{"id":2283,"url":"https:\/\/www.gocmeniz.biz\/?p=2283","url_meta":{"origin":1656,"position":5},"title":"Denizli B\u00fcy\u00fck\u015fehir Belediyesi&#8217;nin Halk Danslar\u0131 Festivali ba\u015flad\u0131","author":"Haberci","date":"24 Haziran 2014","format":false,"excerpt":"Denizli B\u00fcy\u00fck\u015fehir Belediyesi taraf\u0131ndan d\u00fczenlenen 14. Uluslararas\u0131 Halk Danslar\u0131 Festivali ba\u015flad\u0131. Bu y\u0131l Bulgaristan, Endonezya, G\u00fcrcistan, KKTC, Kore, Kosova, Macaristan, Makedonya, Polonya, S\u0131rbistan ve evsahibi Denizli B\u00fcy\u00fck\u015fehir Belediyesi PAHOY Halk Danslar\u0131 Toplulu\u011fu olmak \u00fczere toplamda 11 \u00fclkeden 350 dans\u00e7\u0131 kat\u0131l\u0131yor. Alt\u0131 g\u00fcn boyunca farkl\u0131 k\u00fclt\u00fcrlerin Denizli'de bulu\u015faca\u011f\u0131n\u0131 belirten B\u00fcy\u00fck\u015fehir Belediye\u2026","rel":"","context":"&quot;Haberler&quot; i\u00e7inde","block_context":{"text":"Haberler","link":"https:\/\/www.gocmeniz.biz\/?cat=5"},"img":{"alt_text":"","src":"https:\/\/i0.wp.com\/i.medya73.com\/images\/news\/1097054.jpg?resize=350%2C200","width":350,"height":200},"classes":[]}],"jetpack_sharing_enabled":true,"jetpack_likes_enabled":true,"_links":{"self":[{"href":"https:\/\/www.gocmeniz.biz\/index.php?rest_route=\/wp\/v2\/posts\/1656","targetHints":{"allow":["GET"]}}],"collection":[{"href":"https:\/\/www.gocmeniz.biz\/index.php?rest_route=\/wp\/v2\/posts"}],"about":[{"href":"https:\/\/www.gocmeniz.biz\/index.php?rest_route=\/wp\/v2\/types\/post"}],"author":[{"embeddable":true,"href":"https:\/\/www.gocmeniz.biz\/index.php?rest_route=\/wp\/v2\/users\/331"}],"replies":[{"embeddable":true,"href":"https:\/\/www.gocmeniz.biz\/index.php?rest_route=%2Fwp%2Fv2%2Fcomments&post=1656"}],"version-history":[{"count":1,"href":"https:\/\/www.gocmeniz.biz\/index.php?rest_route=\/wp\/v2\/posts\/1656\/revisions"}],"predecessor-version":[{"id":8714,"href":"https:\/\/www.gocmeniz.biz\/index.php?rest_route=\/wp\/v2\/posts\/1656\/revisions\/8714"}],"wp:attachment":[{"href":"https:\/\/www.gocmeniz.biz\/index.php?rest_route=%2Fwp%2Fv2%2Fmedia&parent=1656"}],"wp:term":[{"taxonomy":"category","embeddable":true,"href":"https:\/\/www.gocmeniz.biz\/index.php?rest_route=%2Fwp%2Fv2%2Fcategories&post=1656"},{"taxonomy":"post_tag","embeddable":true,"href":"https:\/\/www.gocmeniz.biz\/index.php?rest_route=%2Fwp%2Fv2%2Ftags&post=1656"}],"curies":[{"name":"wp","href":"https:\/\/api.w.org\/{rel}","templated":true}]}}