{"id":1682,"date":"2009-08-11T08:17:56","date_gmt":"2009-08-11T05:17:56","guid":{"rendered":"http:\/\/www.gocmeniz.biz\/?p=1682"},"modified":"2026-04-03T12:25:38","modified_gmt":"2026-04-03T09:25:38","slug":"bulgarlardan-soykirim-siyaseti","status":"publish","type":"post","link":"https:\/\/www.gocmeniz.biz\/?p=1682","title":{"rendered":"Bulgarlardan soyk\u0131r\u0131m siyaseti"},"content":{"rendered":"<p><b><img data-recalc-dims=\"1\"  title=\"\"  alt=\"090809-014611-206577-B Bulgarlardan soyk\u0131r\u0131m siyaseti\" decoding=\"async\" style=\"max-width: 800px; float: left; margin-top: 10px; margin-bottom: 10px; margin-right: 10px;\" src=\"https:\/\/i0.wp.com\/91.93.103.35\/haber\/090809-014611-206577-B.jpg?w=640\" \/>Bulgaristan`da a\u015f\u0131r\u0131 milliyet\u00e7i ATAKA partisi Osmanl\u0131 d\u00f6neminde Bulgarlar`a soyk\u0131r\u0131m yap\u0131ld\u0131\u011f\u0131n\u0131 iddia ederek ulusal bir anma g\u00fcn\u00fc ilan edilmesi talebinde bulundu. \u0130\u015fte bu \u015fok talep \u00fclkenin Ba\u015fbakan\u0131 Boyko Borisov taraf\u0131ndan olumlu kar\u015f\u0131land\u0131.<\/b><\/p>\n<p>Borisov`Bulgarlar`a soyk\u0131r\u0131m yap\u0131ld\u0131\u011f\u0131na ben de inan\u0131yorum. Soyk\u0131r\u0131m\u0131 anma g\u00fcn\u00fcne destek verebilirim` dedi. ATAKA`n\u0131n devlet televizyonlar\u0131na T\u00fcrk\u00e7e yay\u0131n yasa\u011f\u0131 \u00f6nerisinin de tart\u0131\u015f\u0131ld\u0131\u011f\u0131n\u0131 s\u00f6yledi. Okullarda se\u00e7meli ders olarak uygulanan T\u00fcrk\u00e7e e\u011fitimin kald\u0131r\u0131lmas\u0131 ve camilerde hoparl\u00f6rle ezan okunmas\u0131n\u0131n yasaklanmas\u0131n\u0131 da isteyen ATAKA partisi h\u00fck\u00fcmete d\u0131\u015far\u0131dan destek veriyor.<\/p>\n","protected":false},"excerpt":{"rendered":"<p>Bulgaristan`da a\u015f\u0131r\u0131 milliyet\u00e7i ATAKA partisi Osmanl\u0131 d\u00f6neminde Bulgarlar`a soyk\u0131r\u0131m yap\u0131ld\u0131\u011f\u0131n\u0131 iddia ederek ulusal bir anma g\u00fcn\u00fc ilan edilmesi talebinde bulundu. \u0130\u015fte bu \u015fok talep \u00fclkenin Ba\u015fbakan\u0131 Boyko Borisov taraf\u0131ndan olumlu kar\u015f\u0131land\u0131. Borisov`Bulgarlar`a soyk\u0131r\u0131m yap\u0131ld\u0131\u011f\u0131na ben de inan\u0131yorum. Soyk\u0131r\u0131m\u0131 anma g\u00fcn\u00fcne destek verebilirim` dedi. ATAKA`n\u0131n devlet televizyonlar\u0131na T\u00fcrk\u00e7e yay\u0131n yasa\u011f\u0131 \u00f6nerisinin de tart\u0131\u015f\u0131ld\u0131\u011f\u0131n\u0131 s\u00f6yledi. Okullarda se\u00e7meli [&hellip;]<\/p>\n","protected":false},"author":331,"featured_media":0,"comment_status":"open","ping_status":"open","sticky":false,"template":"","format":"standard","meta":{"advanced_seo_description":"","jetpack_seo_html_title":"","jetpack_seo_noindex":false,"ngg_post_thumbnail":0,"jetpack_post_was_ever_published":false,"_jetpack_newsletter_access":"","_jetpack_dont_email_post_to_subs":false,"_jetpack_newsletter_tier_id":0,"_jetpack_memberships_contains_paywalled_content":false,"_jetpack_memberships_contains_paid_content":false,"footnotes":""},"categories":[5],"tags":[],"class_list":["post-1682","post","type-post","status-publish","format-standard","hentry","category-haberler"],"jetpack_featured_media_url":"","jetpack_shortlink":"https:\/\/wp.me\/paHHlZ-r8","jetpack-related-posts":[{"id":1981,"url":"https:\/\/www.gocmeniz.biz\/?p=1981","url_meta":{"origin":1682,"position":0},"title":"\u2018T\u00fcrk\u00e7e haberlerde tuza\u011fa d\u00fc\u015f\u00fcr\u00fcld\u00fcm\u2019","author":"Haberci","date":"21 Aral\u0131k 2009","format":false,"excerpt":"Irk\u00e7\u0131 partinin ATAKA\u2019n\u0131n referandum \u00f6nerisine destek veren Ba\u015fbakan geri ad\u0131m att\u0131Merkez sa\u011fc\u0131 Ba\u015fbakan Borisov, \u201cReferandum az\u0131nl\u0131k haklar\u0131na ayk\u0131r\u0131 olur\u201d dedi.Bulgaristan\u2019da \u0131rk\u00e7\u0131 parti ATAKA\u2019n\u0131n \u201cDevlet televizyonundaki T\u00fcrk\u00e7e haberlerin kald\u0131r\u0131lmas\u0131 i\u00e7in referandum yap\u0131ls\u0131n\u201d \u00f6nerisine destek veren Ba\u015fbakan Borisov geri ad\u0131m att\u0131. Borisov \u201cKarar\u0131m yanl\u0131\u015ft\u0131. Tuza\u011fa d\u00fc\u015ft\u00fcm\u201d dedi.BULGAR\u0130STAN\u2019DA \u0131rk\u00e7\u0131 ve a\u015f\u0131r\u0131 milliyet\u00e7i ATAKA\u2026","rel":"","context":"&quot;Haberler&quot; i\u00e7inde","block_context":{"text":"Haberler","link":"https:\/\/www.gocmeniz.biz\/?cat=5"},"img":{"alt_text":"","src":"","width":0,"height":0},"classes":[]},{"id":1962,"url":"https:\/\/www.gocmeniz.biz\/?p=1962","url_meta":{"origin":1682,"position":1},"title":"Bulgarlar\u0131 \u00e7\u0131ld\u0131rtt\u0131!","author":"Haberci","date":"30 Kas\u0131m 2009","format":false,"excerpt":"\u2018T\u00fcrkler size soyk\u0131r\u0131m falan yapmad\u0131, tarihiniz uydurma!\u2019VATAN DI\u015e HABERLERBerlin Do\u011fu Avrupa Entit\u00fcs\u00fc\u2019nde g\u00f6revli Avusturyal\u0131 tarih\u00e7i Ulf Brunbauer, Sofya\u2019da verdi\u011fi konferansta, \u201cOsmanl\u0131 y\u00f6netimi alt\u0131ndaki Bulgaristan\u2019\u0131n tarih kitaplar\u0131nda yazan hali uydurmad\u0131r. Bulgar isyan\u0131 s\u0131ras\u0131nda Batak\u2019ta soyk\u0131r\u0131m oldu\u011fu iddialar\u0131 da as\u0131ls\u0131zd\u0131r\u201d deyince Bulgar \u0131rk\u00e7\u0131lar \u00e7\u0131ld\u0131rd\u0131.Bulgaristan\u2019\u0131n Osmanl\u0131 egemenli\u011finde bulundu\u011fu s\u0131ralarda \u00fclkenin Batak k\u00f6y\u00fcnde, 131\u2026","rel":"","context":"&quot;Haberler&quot; i\u00e7inde","block_context":{"text":"Haberler","link":"https:\/\/www.gocmeniz.biz\/?cat=5"},"img":{"alt_text":"","src":"","width":0,"height":0},"classes":[]},{"id":323,"url":"https:\/\/www.gocmeniz.biz\/?p=323","url_meta":{"origin":1682,"position":2},"title":"Cihan Haber Ajans\u0131 Bulgaristan T\u00fcrklerine \u2018T\u00fcrk as\u0131ll\u0131 Bulgarlar\u2019 diyor","author":"Haberci","date":"11 Nisan 2008","format":false,"excerpt":"Cihan Haber Ajans\u0131, d\u00fcn Sofya \u015eehir Mahkemesi taraf\u0131ndan Ataka Partisi lideri Volen Siderov\u2019un T\u00fcrklere y\u00f6nelik \u0131rk ayr\u0131mc\u0131l\u0131\u011f\u0131 su\u00e7undan uyar\u0131lmas\u0131n\u0131 duyururken Bulgaristan T\u00fcrkleri i\u00e7in \u2018T\u00fcrk as\u0131ll\u0131 Bulgarlar ifadesini\u2019 kulland\u0131. Bulgaristan\u2019da gazetesi olan ve muhabirleri bulunan CHA\u2019n\u0131n Bulgaristan\u2019daki T\u00fcrklere \u2018T\u00fcrk as\u0131ll\u0131 Bulgarlar\u2019 demesi d\u00fc\u015f\u00fcnd\u00fcr\u00fcc\u00fc. Bulgaristan Hadise","rel":"","context":"&quot;Haberler&quot; i\u00e7inde","block_context":{"text":"Haberler","link":"https:\/\/www.gocmeniz.biz\/?cat=5"},"img":{"alt_text":"","src":"","width":0,"height":0},"classes":[]},{"id":849,"url":"https:\/\/www.gocmeniz.biz\/?p=849","url_meta":{"origin":1682,"position":3},"title":"ATAKA PART\u0130S\u0130, T\u00dcRK\u0130YE B\u00dcY\u00dcKEL\u00c7\u0130L\u0130\u011e\u0130 \u00d6N\u00dcNDE G\u00d6STER\u0130 D\u00dcZENLED\u0130","author":"Haberci","date":"23 \u015eubat 2009","format":false,"excerpt":"Bulgaristan'da, Osmanl\u0131lara kar\u015f\u0131 ayaklanma ba\u015flatan ve 19 \u015eubat 1873 tarihinde idam edilen Vasil Levski'nin \u00f6l\u00fcm y\u0131l d\u00f6n\u00fcm\u00fcnde a\u015f\u0131r\u0131 milliyet\u00e7i ATAKA partisi, T\u00fcrkiye B\u00fcy\u00fckel\u00e7ili\u011fi \u00f6n\u00fcnde g\u00f6steri d\u00fczenledi.ATAKA taraf\u0131ndan Bulgaristan'\u0131n en b\u00fcy\u00fck ulusal kahraman\u0131 olarak kabul edilen Vasil Levski'nin \u00f6l\u00fcm\u00fcn\u00fcn 136. y\u0131l d\u00f6n\u00fcm\u00fc dolay\u0131s\u0131yla d\u00fczenlenen anma t\u00f6reni, Levski Heykeline \u00e7elenk konmas\u0131yla ba\u015flad\u0131.Yakla\u015f\u0131k\u2026","rel":"","context":"&quot;Haberler&quot; i\u00e7inde","block_context":{"text":"Haberler","link":"https:\/\/www.gocmeniz.biz\/?cat=5"},"img":{"alt_text":"","src":"","width":0,"height":0},"classes":[]},{"id":855,"url":"https:\/\/www.gocmeniz.biz\/?p=855","url_meta":{"origin":1682,"position":4},"title":"Melih A\u015f\u0131k&#8217;\u0131n K\u00f6\u015fe Yaz\u0131s\u0131ndan;","author":"Haberci","date":"23 \u015eubat 2009","format":false,"excerpt":"Uyumay\u0131n beyler!G\u00f6z\u00fcm\u00fcz ayd\u0131n! Ermeni, Pontus, S\u00fcryani, Keldani derken nurtopu gibi bir \u00e7ocu\u011fumuz daha oldu: Bulgar soyk\u0131r\u0131m\u0131. Bulgaristan\u2019daki a\u015f\u0131r\u0131 sa\u011fc\u0131 Ataka (Sald\u0131r\u0131) partisi Sofya B\u00fcy\u00fckel\u00e7ili\u011fimiz \u00f6n\u00fcnde d\u00fczenledi\u011fi protesto g\u00f6sterisinde T\u00fcrkiye\u2019nin, \u201cOsmanl\u0131 \u0130mparatorlu\u011fu d\u00f6neminde uygulad\u0131\u011f\u0131 Bulgar soyk\u0131r\u0131m\u0131\u201d nedeniyle \u00f6z\u00fcr dilemesini istedi. Okurumuz Ercan D\u00fcz, g\u00f6nderdi\u011fi notta aynen \u015f\u00f6yle diyor:\u201cHaberi gazetelerde okuyunca fena\u2026","rel":"","context":"&quot;Haberler&quot; i\u00e7inde","block_context":{"text":"Haberler","link":"https:\/\/www.gocmeniz.biz\/?cat=5"},"img":{"alt_text":"","src":"https:\/\/i0.wp.com\/www.internethaber.com\/images\/news\/32386.jpg?resize=350%2C200","width":350,"height":200},"classes":[]},{"id":1741,"url":"https:\/\/www.gocmeniz.biz\/?p=1741","url_meta":{"origin":1682,"position":5},"title":"&#8220;T\u00fcrk\u00e7e yay\u0131n durdurulsun&#8221;","author":"Haberci","date":"28 A\u011fustos 2009","format":false,"excerpt":"AABulgaristan'da \u0131rk\u00e7\u0131 ve a\u015f\u0131r\u0131 milliyet\u00e7i ATAKA partisinin yay\u0131n organ\u0131 olarak bilinen \"Skat TV\" adl\u0131 \u00f6zel televizyon kanal\u0131 Bulgaristan Devlet Televizyonu'nda (BNT) T\u00fcrk\u00e7e haberlerin yay\u0131ndan kald\u0131r\u0131lmas\u0131 i\u00e7in imza kampanyas\u0131 ba\u015flatt\u0131.\u00dclkede 8 y\u0131ld\u0131r g\u00fcnde 15 dakika olarak yay\u0131nlanan T\u00fcrk\u00e7e haber b\u00fclteninin yasaklanmas\u0131n\u0131 talep eden ATAKA partisinin iste\u011fi \u00fczerine ba\u015flat\u0131lan kampanya \u00e7er\u00e7evesinde SKAT\u2026","rel":"","context":"&quot;Haberler&quot; i\u00e7inde","block_context":{"text":"Haberler","link":"https:\/\/www.gocmeniz.biz\/?cat=5"},"img":{"alt_text":"","src":"","width":0,"height":0},"classes":[]}],"jetpack_sharing_enabled":true,"jetpack_likes_enabled":true,"_links":{"self":[{"href":"https:\/\/www.gocmeniz.biz\/index.php?rest_route=\/wp\/v2\/posts\/1682","targetHints":{"allow":["GET"]}}],"collection":[{"href":"https:\/\/www.gocmeniz.biz\/index.php?rest_route=\/wp\/v2\/posts"}],"about":[{"href":"https:\/\/www.gocmeniz.biz\/index.php?rest_route=\/wp\/v2\/types\/post"}],"author":[{"embeddable":true,"href":"https:\/\/www.gocmeniz.biz\/index.php?rest_route=\/wp\/v2\/users\/331"}],"replies":[{"embeddable":true,"href":"https:\/\/www.gocmeniz.biz\/index.php?rest_route=%2Fwp%2Fv2%2Fcomments&post=1682"}],"version-history":[{"count":1,"href":"https:\/\/www.gocmeniz.biz\/index.php?rest_route=\/wp\/v2\/posts\/1682\/revisions"}],"predecessor-version":[{"id":9031,"href":"https:\/\/www.gocmeniz.biz\/index.php?rest_route=\/wp\/v2\/posts\/1682\/revisions\/9031"}],"wp:attachment":[{"href":"https:\/\/www.gocmeniz.biz\/index.php?rest_route=%2Fwp%2Fv2%2Fmedia&parent=1682"}],"wp:term":[{"taxonomy":"category","embeddable":true,"href":"https:\/\/www.gocmeniz.biz\/index.php?rest_route=%2Fwp%2Fv2%2Fcategories&post=1682"},{"taxonomy":"post_tag","embeddable":true,"href":"https:\/\/www.gocmeniz.biz\/index.php?rest_route=%2Fwp%2Fv2%2Ftags&post=1682"}],"curies":[{"name":"wp","href":"https:\/\/api.w.org\/{rel}","templated":true}]}}