{"id":1684,"date":"2009-08-11T08:20:31","date_gmt":"2009-08-11T05:20:31","guid":{"rendered":"http:\/\/www.gocmeniz.biz\/?p=1684"},"modified":"2026-04-03T12:25:38","modified_gmt":"2026-04-03T09:25:38","slug":"tarihi-komedi","status":"publish","type":"post","link":"https:\/\/www.gocmeniz.biz\/?p=1684","title":{"rendered":"Tarihi komedi"},"content":{"rendered":"<p><b><img data-recalc-dims=\"1\"  title=\"\"  alt=\"ihlas%285154%29 Tarihi komedi\" decoding=\"async\" style=\"max-width: 800px; float: left; margin-top: 10px; margin-bottom: 10px; margin-right: 10px;\" src=\"https:\/\/i0.wp.com\/images.ihlassondakika.com\/ihlas%285154%29.jpg?w=640\" \/>Bulgar profes\u00f6r, kaz\u0131larda buldu\u011fu ta\u015ftaki yaz\u0131n\u0131n 15 y\u00fczy\u0131ll\u0131k oldu\u011funu s\u00f6yledi. Ama ta\u015ftaki yaz\u0131, T\u00fcrk \u00e7oban Niyazi Kaz\u0131m`\u0131n, kendi kaz\u0131d\u0131\u011f\u0131 ad\u0131ndan ba\u015fka bir \u015fey de\u011fildi.<\/b><\/p>\n<p><b>Antik d\u00f6nem yaz\u0131s\u0131 T\u00fcrk \u00e7oban\u0131n \u00e7\u0131kt\u0131<\/b><\/p>\n<p>Antik \u015fehirdeki ta\u015flar\u0131n \u00fczerine ad\u0131n\u0131 kaz\u0131yan T\u00fcrk \u00e7oban neredeyse Bulgaristan`da tarihe ge\u00e7ecekti! Filmleri aratmayan ilgin\u00e7 olay, Bulgar profes\u00f6r Nikolay Ov\u00e7arov`un, `Perperikon` antik kentinde yapt\u0131\u011f\u0131 kaz\u0131 ve incelemelerle ilgili ge\u00e7en hafta K\u0131rcaali kentinde d\u00fczenledi\u011fi bas\u0131n toplant\u0131s\u0131yla ortaya \u00e7\u0131kt\u0131.<\/p>\n<p>Perperikon`da yapt\u0131\u011f\u0131 kaz\u0131 ve incelemelerle ilgili gazetecilere a\u00e7\u0131klamalarda bulunan Ov\u00e7arov, yeni bir antik yol kal\u0131nt\u0131s\u0131 buldu\u011funu s\u00f6yledi.<\/p>\n<p><b>MUHAB\u0130R\u0130 AZARLADI<\/b><\/p>\n<p>Daha sonra da, \u00fczerinde yaz\u0131 bulunan bir ta\u015f\u0131 gazetecilere g\u00f6stererek, yaz\u0131lar\u0131n M.S. 4 ve 6. y\u00fczy\u0131l\u0131 kapsayan ge\u00e7 antik d\u00f6neme ait oldu\u011funu, yaz\u0131n\u0131n da kentin tarih boyunca ald\u0131\u011f\u0131 isimlerden biri olabilece\u011fini ileri s\u00fcrd\u00fc.<\/p>\n<p>Ancak T\u00fcrk k\u00f6kenli bir foto muhabiri, kendisinin \u00e7ok az T\u00fcrk\u00e7e bildi\u011fini ve ta\u015ftaki yaz\u0131lar\u0131n T\u00fcrk\u00e7e`ye benzedi\u011fini s\u00f6yledi. Bunun \u00fczerine \u00f6fkelenen Ov\u00e7arov gazeteciye, `Biz \u00e7\u00f6zemedik, sen iki dakikada nas\u0131l \u00e7\u00f6zd\u00fcn?` diyerek tepki g\u00f6sterdi. Muhabir olay\u0131n \u00fczerine gitmeyince de konu unutuldu.<\/p>\n<p><b>T\u00dcRK ED\u0130T\u00d6R ANLADI<\/b><!--more--><\/p>\n<p>Ov\u00e7arov`un `tarihi` bulu\u015fu, Bulgar bas\u0131n\u0131nda geni\u015f yank\u0131 buldu. Ancak K\u0131rcaali b\u00f6lgesinde yay\u0131n yapan `Yeni Hayat` gazetesi edit\u00f6r\u00fc T\u00fcrk gazeteci Nahit Do\u011fu, ta\u015f\u0131n \u00fczerinde T\u00fcrk\u00e7e olarak `Niyazi Kaz\u0131m` yazd\u0131\u011f\u0131n\u0131 fark etti. Yaz\u0131, bilgisayar yard\u0131m\u0131yla belirginle\u015ftirince de ger\u00e7ek ortaya \u00e7\u0131kt\u0131. Gazete, epigrafi (yaz\u0131t bilimi) konusunda \u00fclkede otorite olan Prof. Dr. Kaz\u0131m\u0131r Popkonstantinov`dan da g\u00f6r\u00fc\u015f istedi. Popkonstantinov da s\u00f6z konusu ta\u015fta `Niyazi Kaz\u0131m` yazd\u0131\u011f\u0131n\u0131 do\u011frulad\u0131.<\/p>\n<p>Bu ilgin\u00e7 durumun ard\u0131ndan ara\u015ft\u0131rmalar\u0131na devam eden gazete, ta\u015f\u0131n \u00fczerindeki yaz\u0131n\u0131n y\u0131llar \u00f6nce b\u00f6lgede \u00e7obanl\u0131k yapan Niyazi Kaz\u0131m taraf\u0131ndan yaz\u0131ld\u0131\u011f\u0131n\u0131 belirledi.<\/p>\n<p>Kaz\u0131m`\u0131n 1989 y\u0131l\u0131nda ya\u015fanan g\u00f6\u00e7ten \u00f6nce b\u00f6lgede \u00e7obanl\u0131k yapt\u0131\u011f\u0131 ve s\u00fcr\u00fcs\u00fcn\u00fc tarihi kent kal\u0131nt\u0131lar\u0131 aras\u0131nda otlat\u0131rken can s\u0131k\u0131nt\u0131s\u0131 nedeniyle buldu\u011fu bir ta\u015f\u0131n \u00fczerine ad\u0131n\u0131 ve soyad\u0131n\u0131 kaz\u0131d\u0131\u011f\u0131 belirlendi. B\u00f6ylece `tarihi yaz\u0131` tart\u0131\u015fmalar\u0131na da son nokta konulmu\u015f oldu.<\/p>\n<p><b>`\u00c7OBANLIK YAPARKEN YAZIYORDUK`<\/b><\/p>\n<p>BULGAR\u0130STAN`DAN T\u00fcrkiye`ye g\u00f6\u00e7 eden ve \u0130zmir`de ya\u015fayan 54 ya\u015f\u0131ndaki Niyazi Kaz\u0131m, y\u0131llar \u00f6nce b\u00f6lgede \u00e7obanl\u0131k yaparken ta\u015flara yaz\u0131lar yazd\u0131\u011f\u0131n\u0131 s\u00f6yleyerek \u015f\u00f6yle dedi: `Hayvanlar\u0131 otlat\u0131rken can\u0131n s\u0131k\u0131l\u0131r. E\u015fe\u011fimi ba\u011flad\u0131\u011f\u0131m uzun demirle ta\u015flara ismimi kaz\u0131rd\u0131m. Kaya ya da ta\u015flar\u0131n etraf\u0131nda eski d\u00f6nemlere ait ta\u015flar da vard\u0131. Onlar\u0131n \u00fczerine hayvan, nal, ha\u00e7 gibi resimler yap\u0131lm\u0131\u015ft\u0131. Ben de onlardan esinlenirdim.`<\/p>\n<div class=\"zemanta-pixie\"><img data-recalc-dims=\"1\"  title=\"\" decoding=\"async\" class=\"zemanta-pixie-img\"  alt=\"pixy Tarihi komedi\"  src=\"https:\/\/i0.wp.com\/img.zemanta.com\/pixy.gif?w=640\" \/><\/div>\n","protected":false},"excerpt":{"rendered":"<p>Bulgar profes\u00f6r, kaz\u0131larda buldu\u011fu ta\u015ftaki yaz\u0131n\u0131n 15 y\u00fczy\u0131ll\u0131k oldu\u011funu s\u00f6yledi. Ama ta\u015ftaki yaz\u0131, T\u00fcrk \u00e7oban Niyazi Kaz\u0131m`\u0131n, kendi kaz\u0131d\u0131\u011f\u0131 ad\u0131ndan ba\u015fka bir \u015fey de\u011fildi. Antik d\u00f6nem yaz\u0131s\u0131 T\u00fcrk \u00e7oban\u0131n \u00e7\u0131kt\u0131 Antik \u015fehirdeki ta\u015flar\u0131n \u00fczerine ad\u0131n\u0131 kaz\u0131yan T\u00fcrk \u00e7oban neredeyse Bulgaristan`da tarihe ge\u00e7ecekti! Filmleri aratmayan ilgin\u00e7 olay, Bulgar profes\u00f6r Nikolay Ov\u00e7arov`un, `Perperikon` antik kentinde yapt\u0131\u011f\u0131 kaz\u0131 [&hellip;]<\/p>\n","protected":false},"author":331,"featured_media":0,"comment_status":"open","ping_status":"open","sticky":false,"template":"","format":"standard","meta":{"advanced_seo_description":"","jetpack_seo_html_title":"","jetpack_seo_noindex":false,"ngg_post_thumbnail":0,"jetpack_post_was_ever_published":false,"_jetpack_newsletter_access":"","_jetpack_dont_email_post_to_subs":false,"_jetpack_newsletter_tier_id":0,"_jetpack_memberships_contains_paywalled_content":false,"_jetpack_memberships_contains_paid_content":false,"footnotes":""},"categories":[5],"tags":[],"class_list":["post-1684","post","type-post","status-publish","format-standard","hentry","category-haberler"],"jetpack_featured_media_url":"","jetpack_shortlink":"https:\/\/wp.me\/paHHlZ-ra","jetpack-related-posts":[{"id":554,"url":"https:\/\/www.gocmeniz.biz\/?p=554","url_meta":{"origin":1684,"position":0},"title":"Traklara ait ilk tap\u0131nak Tekirda\u011f&#8217;da bulundu","author":"Haberci","date":"27 Ekim 2008","format":false,"excerpt":"Tekirda\u011f Arkeoloji ve Etnografya M\u00fczesi taraf\u0131ndan, 8 y\u0131ld\u0131r Herainteikos Antik Kenti'nde s\u00fcrd\u00fcr\u00fclen kaz\u0131 \u00e7al\u0131\u015fmalar\u0131nda ortaya \u00e7\u0131kar\u0131lan antik yap\u0131n\u0131n Traklara ait ilk tap\u0131nak oldu\u011fu tespit edildi. Do\u00e7. Dr. Ne\u015fe Atik'in ba\u015fkanl\u0131\u011f\u0131nda Tekirda\u011f'\u0131n Karaevli k\u00f6y\u00fc s\u0131n\u0131rlar\u0131 i\u00e7erisindeki Herainteikos Antik Kenti'nde yap\u0131lan kaz\u0131 \u00e7al\u0131\u015fmalar\u0131nda M.\u00d6. 2. y\u00fczy\u0131lda yap\u0131ld\u0131\u011f\u0131 tahmin edilen Traklara ait ilk\u2026","rel":"","context":"&quot;Haberler&quot; i\u00e7inde","block_context":{"text":"Haberler","link":"https:\/\/www.gocmeniz.biz\/?cat=5"},"img":{"alt_text":"","src":"","width":0,"height":0},"classes":[]},{"id":1844,"url":"https:\/\/www.gocmeniz.biz\/?p=1844","url_meta":{"origin":1684,"position":1},"title":"Bulgaristan'\u0131n TV-ART adl\u0131 televizyon kanal\u0131\u2026","author":"Haberci","date":"24 Ekim 2009","format":false,"excerpt":"Bulgaristan'\u0131n TV-ART adl\u0131 televizyon kanal\u0131 ''Anadolu'da \u0130nsan Uygarl\u0131klar\u0131'' adl\u0131 belgesel i\u00e7in Ka\u015f ve Demre'de \u00e7ekimler yapt\u0131. Bulgar TV-Art kanal\u0131ndan yap\u0131mc\u0131 Stiliyan \u0130vanov, kameraman Miroslav Evdosiev ve prod\u00fckt\u00f6r Dlian Nedeltcher'ten olu\u015fan ekip, Demre ve Ka\u015f'a geldi. Demre'de Noel Baba M\u00fczesi, Myra, Andirake, Simena Antik kentleri, Bat\u0131k Kent'te ve \u00dc\u00e7a\u011f\u0131z K\u00f6y\u00fc'nde \u00e7ekimler\u2026","rel":"","context":"&quot;Haberler&quot; i\u00e7inde","block_context":{"text":"Haberler","link":"https:\/\/www.gocmeniz.biz\/?cat=5"},"img":{"alt_text":"","src":"https:\/\/i0.wp.com\/www.haberantalya.com\/resimler\/haber\/44444444444444444444444444444444444444.jpg?resize=350%2C200","width":350,"height":200},"classes":[]},{"id":1417,"url":"https:\/\/www.gocmeniz.biz\/?p=1417","url_meta":{"origin":1684,"position":2},"title":"Bulgaristan&#8217;da T\u00fcrk ailesine sald\u0131r\u0131n\u0131n ard\u0131ndan","author":"Haberci","date":"24 Haziran 2009","format":false,"excerpt":"AAD\u0131\u015fi\u015fleri Bakanl\u0131\u011f\u0131 S\u00f6zc\u00fcs\u00fc Burak \u00d6z\u00fcgergin, Bulgaristan'da bir T\u00fcrk ailesine y\u00f6nelik sald\u0131r\u0131ya ili\u015fkin olarak, bu olay\u0131n Bulgaristan'\u0131n tamam\u0131na, T\u00fcrk-Bulgar ili\u015fkilerine ve oradaki T\u00fcrk vatanda\u015flar\u0131n\u0131n i\u00e7inde ya\u015famakta oldu\u011fu ko\u015fullara te\u015fmil edilmemesi gerekti\u011fini s\u00f6yledi.Ankara- D\u0131\u015fi\u015fleri Bakanl\u0131\u011f\u0131 S\u00f6zc\u00fcs\u00fc Burak \u00d6z\u00fcgergin, Bulgaristan'da bir T\u00fcrk ailesine y\u00f6nelik sald\u0131r\u0131ya ili\u015fkin olarak, bunun, T\u00fcrk-Bulgar ili\u015fkilerinin genel resmi i\u00e7inde\u2026","rel":"","context":"&quot;Haberler&quot; i\u00e7inde","block_context":{"text":"Haberler","link":"https:\/\/www.gocmeniz.biz\/?cat=5"},"img":{"alt_text":"","src":"","width":0,"height":0},"classes":[]},{"id":886,"url":"https:\/\/www.gocmeniz.biz\/?p=886","url_meta":{"origin":1684,"position":3},"title":"Bulgaristan&#8217;da T\u00fcrk kar\u015f\u0131t\u0131 duvar yaz\u0131lar\u0131na tepki","author":"Haberci","date":"05 Mart 2009","format":false,"excerpt":"Bulgaristan'da T\u00fcrklerin yo\u011fun olarak ya\u015fad\u0131\u011f\u0131 \u00fclkenin kuzeydo\u011fusundaki Razgrad kentinde bir okulun duvarlar\u0131na yaz\u0131lan T\u00fcrk kar\u015f\u0131t\u0131 yaz\u0131lar tepkiye neden oldu.Razgrad B\u00f6lge Emniyet M\u00fcd\u00fcrl\u00fc\u011f\u00fcn\u00fcn bas\u0131n a\u00e7\u0131klamas\u0131nda, Nikola Vaptzarov okulunun duvar\u0131na \"T\u00fcrklere \u00d6l\u00fcm\" \u015feklinde bir yaz\u0131n\u0131n yaz\u0131ld\u0131\u011f\u0131, alt\u0131na gamal\u0131 ha\u00e7 \u00e7izildi\u011fi ve yaz\u0131n\u0131n \"Razgrad boys\" \u015feklinde imzaland\u0131\u011f\u0131 belirtildi.Bulgaristan'\u0131n Osmanl\u0131 \u0130mparatorlu\u011fu'ndan ba\u011f\u0131ms\u0131zl\u0131\u011f\u0131n\u0131 ilan etmesinin\u2026","rel":"","context":"&quot;Haberler&quot; i\u00e7inde","block_context":{"text":"Haberler","link":"https:\/\/www.gocmeniz.biz\/?cat=5"},"img":{"alt_text":"","src":"","width":0,"height":0},"classes":[]},{"id":1568,"url":"https:\/\/www.gocmeniz.biz\/?p=1568","url_meta":{"origin":1684,"position":4},"title":"Eski Bulgar Cumhurba\u015fkan\u0131: E\u011fitim yat\u0131r\u0131mlar\u0131ndan etkilendim","author":"Haberci","date":"20 Temmuz 2009","format":false,"excerpt":"Marmara \u00dcniversitesi`nde Avrupa Birli\u011fi ile ilgili bir seminere kat\u0131lan eski Bulgaristan Cumhurba\u015fkan\u0131 Jelu Jelev, T\u00fcrkiye`de e\u011fitime yap\u0131lan harcamadan \u00e7ok etkilendi\u011fini s\u00f6yledi.Seminerde etnik konular\u0131n ele al\u0131nd\u0131\u011f\u0131n\u0131 ifade eden eski Bulgaristan Cumhurba\u015fkan\u0131 Jelev, `E\u011fitime ayr\u0131lan paralar\u0131 \u00e7ok \u00f6nemli buluyorum. Bu yat\u0131r\u0131m\u0131n e\u011fitim seviyesini daha iyi yerlere getirece\u011fine inan\u0131yorum. T\u00fcrkiye e\u011fitime ve teknolojiye\u2026","rel":"","context":"&quot;Haberler&quot; i\u00e7inde","block_context":{"text":"Haberler","link":"https:\/\/www.gocmeniz.biz\/?cat=5"},"img":{"alt_text":"","src":"","width":0,"height":0},"classes":[]},{"id":8421,"url":"https:\/\/www.gocmeniz.biz\/?p=8421","url_meta":{"origin":1684,"position":5},"title":"\u00c7ikolata kutusundan servet \u00e7\u0131kt\u0131! T\u00fcm birikimi &#8220;kom\u015fuya&#8221; kald\u0131","author":"Admin","date":"24 Mart 2026","format":false,"excerpt":"Edirne Kap\u0131kule S\u0131n\u0131r Kap\u0131s\u0131'na gelmek isteyen bir t\u0131r s\u00fcr\u00fcc\u00fcs\u00fcn\u00fcn kabininde, beyan edilmemi\u015f 220 bin Euro para yakaland\u0131. Paran\u0131n \u00e7ikolata dolu bir \u00e7antan\u0131n i\u00e7ine gizlendi\u011fi ortaya \u00e7\u0131kt\u0131. R\u0130SK ANAL\u0130Z\u0130 SONUCU DURDURULDURomanya'dan yola \u00e7\u0131kan ve Bulgaristan \u00fczerinden T\u00fcrkiye'ye giri\u015f yapmak isteyen, y\u00fck ta\u015f\u0131mad\u0131\u011f\u0131 belirlenen t\u0131r, Bulgaristan'daki Kaptan Andreevo S\u0131n\u0131r Kap\u0131s\u0131'nda risk analizi\u2026","rel":"","context":"&quot;Haberler&quot; i\u00e7inde","block_context":{"text":"Haberler","link":"https:\/\/www.gocmeniz.biz\/?cat=5"},"img":{"alt_text":"","src":"https:\/\/i0.wp.com\/www.gocmeniz.biz\/wp-content\/cikolata-dolu-cantadan-220-bin-euro-cikti-19683117_o.jpg?fit=640%2C399&ssl=1&resize=350%2C200","width":350,"height":200,"srcset":"https:\/\/i0.wp.com\/www.gocmeniz.biz\/wp-content\/cikolata-dolu-cantadan-220-bin-euro-cikti-19683117_o.jpg?fit=640%2C399&ssl=1&resize=350%2C200 1x, https:\/\/i0.wp.com\/www.gocmeniz.biz\/wp-content\/cikolata-dolu-cantadan-220-bin-euro-cikti-19683117_o.jpg?fit=640%2C399&ssl=1&resize=525%2C300 1.5x"},"classes":[]}],"jetpack_sharing_enabled":true,"jetpack_likes_enabled":true,"_links":{"self":[{"href":"https:\/\/www.gocmeniz.biz\/index.php?rest_route=\/wp\/v2\/posts\/1684","targetHints":{"allow":["GET"]}}],"collection":[{"href":"https:\/\/www.gocmeniz.biz\/index.php?rest_route=\/wp\/v2\/posts"}],"about":[{"href":"https:\/\/www.gocmeniz.biz\/index.php?rest_route=\/wp\/v2\/types\/post"}],"author":[{"embeddable":true,"href":"https:\/\/www.gocmeniz.biz\/index.php?rest_route=\/wp\/v2\/users\/331"}],"replies":[{"embeddable":true,"href":"https:\/\/www.gocmeniz.biz\/index.php?rest_route=%2Fwp%2Fv2%2Fcomments&post=1684"}],"version-history":[{"count":1,"href":"https:\/\/www.gocmeniz.biz\/index.php?rest_route=\/wp\/v2\/posts\/1684\/revisions"}],"predecessor-version":[{"id":9030,"href":"https:\/\/www.gocmeniz.biz\/index.php?rest_route=\/wp\/v2\/posts\/1684\/revisions\/9030"}],"wp:attachment":[{"href":"https:\/\/www.gocmeniz.biz\/index.php?rest_route=%2Fwp%2Fv2%2Fmedia&parent=1684"}],"wp:term":[{"taxonomy":"category","embeddable":true,"href":"https:\/\/www.gocmeniz.biz\/index.php?rest_route=%2Fwp%2Fv2%2Fcategories&post=1684"},{"taxonomy":"post_tag","embeddable":true,"href":"https:\/\/www.gocmeniz.biz\/index.php?rest_route=%2Fwp%2Fv2%2Ftags&post=1684"}],"curies":[{"name":"wp","href":"https:\/\/api.w.org\/{rel}","templated":true}]}}