{"id":1686,"date":"2009-08-11T08:23:29","date_gmt":"2009-08-11T05:23:29","guid":{"rendered":"http:\/\/www.gocmeniz.biz\/?p=1686"},"modified":"2026-04-03T12:24:55","modified_gmt":"2026-04-03T09:24:55","slug":"agustos-ayi-depremlerle-basladi","status":"publish","type":"post","link":"https:\/\/www.gocmeniz.biz\/?p=1686","title":{"rendered":"A\u011fustos ay\u0131 depremlerle ba\u015flad\u0131"},"content":{"rendered":"<p><b><img data-recalc-dims=\"1\"  title=\"\"  alt=\"49787 A\u011fustos ay\u0131 depremlerle ba\u015flad\u0131\" decoding=\"async\" style=\"float: left; margin-top: 10px; margin-bottom: 10px; margin-right: 10px;\" src=\"https:\/\/i0.wp.com\/www.haberaktuel.com\/images\/news\/49787.jpg?w=640\" \/>\u00c7anakkale`nin Biga il\u00e7esinde ya\u015fanan son deprem ile A\u011fustos`un ilk 8 g\u00fcn\u00fcnde T\u00fcrkiye genelinde kaydedilen k\u00fc\u00e7\u00fck ve orta \u015fiddetteki deprem say\u0131s\u0131 109 olarak belirlendi.<\/b><\/p>\n<p>Kandilli Rasathanesi`nin verilerine g\u00f6re, A\u011fustos`un ilk 8 g\u00fcn\u00fcnde T\u00fcrkiye genelinde tam 109 deprem kaydedildi. Bu depremlerden en b\u00fcy\u00fc\u011f\u00fc 5 A\u011fustos tarihinde saat 10.49`da Karadeniz`de Bulgaristan a\u00e7\u0131klar\u0131nda kaydedildi.<\/p>\n<p>5.1 b\u00fcy\u00fckl\u00fc\u011f\u00fcndeki bu deprem karada da hissedildi. Bu depremden sonra ikinci b\u00fcy\u00fck deprem bug\u00fcn \u00c7anakkale Biga`da 4.4. b\u00fcy\u00fckl\u00fc\u011f\u00fcnde oldu. A\u011fustos ay\u0131n\u0131n ilk 8 g\u00fcn\u00fcnde Saroz K\u00f6rfezi, Manisa Gelenbe-K\u0131rka\u011fa\u00e7 ve Akdeniz`de de iki deprem kay\u0131tlara ge\u00e7ti.<\/p>\n<div class=\"zemanta-pixie\"><img data-recalc-dims=\"1\"  title=\"\" decoding=\"async\" class=\"zemanta-pixie-img\"  alt=\"pixy A\u011fustos ay\u0131 depremlerle ba\u015flad\u0131\"  src=\"https:\/\/i0.wp.com\/img.zemanta.com\/pixy.gif?w=640\" \/><\/div>\n","protected":false},"excerpt":{"rendered":"<p>\u00c7anakkale`nin Biga il\u00e7esinde ya\u015fanan son deprem ile A\u011fustos`un ilk 8 g\u00fcn\u00fcnde T\u00fcrkiye genelinde kaydedilen k\u00fc\u00e7\u00fck ve orta \u015fiddetteki deprem say\u0131s\u0131 109 olarak belirlendi. Kandilli Rasathanesi`nin verilerine g\u00f6re, A\u011fustos`un ilk 8 g\u00fcn\u00fcnde T\u00fcrkiye genelinde tam 109 deprem kaydedildi. Bu depremlerden en b\u00fcy\u00fc\u011f\u00fc 5 A\u011fustos tarihinde saat 10.49`da Karadeniz`de Bulgaristan a\u00e7\u0131klar\u0131nda kaydedildi. 5.1 b\u00fcy\u00fckl\u00fc\u011f\u00fcndeki bu deprem karada [&hellip;]<\/p>\n","protected":false},"author":331,"featured_media":0,"comment_status":"open","ping_status":"open","sticky":false,"template":"","format":"standard","meta":{"advanced_seo_description":"","jetpack_seo_html_title":"","jetpack_seo_noindex":false,"ngg_post_thumbnail":0,"jetpack_post_was_ever_published":false,"_jetpack_newsletter_access":"","_jetpack_dont_email_post_to_subs":false,"_jetpack_newsletter_tier_id":0,"_jetpack_memberships_contains_paywalled_content":false,"_jetpack_memberships_contains_paid_content":false,"footnotes":""},"categories":[5],"tags":[],"class_list":["post-1686","post","type-post","status-publish","format-standard","hentry","category-haberler"],"jetpack_featured_media_url":"","jetpack_shortlink":"https:\/\/wp.me\/paHHlZ-rc","jetpack-related-posts":[{"id":167,"url":"https:\/\/www.gocmeniz.biz\/?p=167","url_meta":{"origin":1686,"position":0},"title":"T\u00fcrkiye&#8217;den Peru ve Bulgaristan&#8217;a 100&#8217;er Bin Dolar Yard\u0131m","author":"Admin","date":"27 A\u011fustos 2007","format":false,"excerpt":"T\u00fcrkiye, deprem felaketi ya\u015fayan Peru ve sellerle bo\u011fu\u015fan Bulgaristan'a 100'er bin dolar yard\u0131mda bulundu. D\u0131\u015fi\u015fleri Bakanl\u0131\u011f\u0131'ndan yap\u0131lan a\u00e7\u0131klamada, Peru'da 16 A\u011fustos'ta meydana gelen b\u00fcy\u00fck \u00f6l\u00e7ekli depremin, \u00e7ok say\u0131da insan\u0131n hayat\u0131n\u0131 kaybetmesine ve yaralanmas\u0131na neden oldu\u011fu, b\u00fcy\u00fck \u00f6l\u00e7\u00fcde maddi zarara yol a\u00e7t\u0131\u011f\u0131 hat\u0131rlat\u0131ld\u0131. \"Deprem felaketlerinin yaratt\u0131\u011f\u0131 y\u0131k\u0131m ve ac\u0131lar\u0131 yak\u0131ndan bilen\u2026","rel":"","context":"&quot;Haberler&quot; i\u00e7inde","block_context":{"text":"Haberler","link":"https:\/\/www.gocmeniz.biz\/?cat=5"},"img":{"alt_text":"","src":"","width":0,"height":0},"classes":[]},{"id":632,"url":"https:\/\/www.gocmeniz.biz\/?p=632","url_meta":{"origin":1686,"position":1},"title":"Sofya\u2019da iki deprem meydana geldi","author":"Haberci","date":"17 Kas\u0131m 2008","format":false,"excerpt":"Pazar sabah\u0131 saat 7.05 sular\u0131nda Rihter \u00f6l\u00e7e\u011finde 3,5 \u015fiddetinde bir deprem daha Sofya\u2019y\u0131 sallad\u0131.Depremin merkezi Sofya\u2019n\u0131n 5 kilometre g\u00fcneyinde tespit edildi.Sivil Savunma ekipleri ve Merkez Polis M\u00fcd\u00fcrl\u00fc\u011f\u00fcne g\u00f6reikince depremden sonra Sofya\u2019da hasar yoktur.Elekrik kesintisi ya\u015fanmazken,baraj ve su \u015febekesinde de hasar tespit edilmemi\u015ftir.\u015eehir metrosu da normal \u00e7al\u0131\u015fmaktad\u0131r.Rihter \u00f6l\u00e7e\u011fine g\u00f6re 4 \u015fiddetinde\u2026","rel":"","context":"&quot;Haberler&quot; i\u00e7inde","block_context":{"text":"Haberler","link":"https:\/\/www.gocmeniz.biz\/?cat=5"},"img":{"alt_text":"","src":"","width":0,"height":0},"classes":[]},{"id":582,"url":"https:\/\/www.gocmeniz.biz\/?p=582","url_meta":{"origin":1686,"position":2},"title":"BULGAR\u0130STAN&#8217;DA HAF\u0130F \u015e\u0130DDETL\u0130 DEPREM","author":"Haberci","date":"06 Kas\u0131m 2008","format":false,"excerpt":"Bulgaristan'\u0131n Varna ile Burgaz \u015fehirleri aras\u0131nda 4.0 b\u00fcy\u00fckl\u00fc\u011f\u00fcnde bir deprem meydana geldi.Bo\u011fazi\u00e7i \u00dcniversitesi Kandilli Rasathanesi ve Deprem Ara\u015ft\u0131rma Enstit\u00fcs\u00fcnden al\u0131nan bilgiye g\u00f6re, saat 09.36 s\u0131ralar\u0131nda 4.0 b\u00fcy\u00fckl\u00fc\u011f\u00fcnde bir sars\u0131nt\u0131 kaydedildi.Sars\u0131nt\u0131n\u0131n, Edirne Deprem \u0130stasyonu'na yakla\u015f\u0131k 183 kilometre mesafede oldu\u011fu bildirildi.","rel":"","context":"&quot;Haberler&quot; i\u00e7inde","block_context":{"text":"Haberler","link":"https:\/\/www.gocmeniz.biz\/?cat=5"},"img":{"alt_text":"","src":"","width":0,"height":0},"classes":[]},{"id":326,"url":"https:\/\/www.gocmeniz.biz\/?p=326","url_meta":{"origin":1686,"position":3},"title":"Bulgaristan&#8217;da 4,2 B\u00fcy\u00fckl\u00fc\u011f\u00fcnde Deprem","author":"Haberci","date":"16 Nisan 2008","format":false,"excerpt":"Bulgaristan'da sabah saatlerinde meydana gelen, Richter \u00f6l\u00e7e\u011fine g\u00f6re 4,2 b\u00fcy\u00fckl\u00fc\u011f\u00fcndeki deprem pani\u011fe yol a\u00e7t\u0131.Bulgaristan Bilimler Akademisi Merkez Rasathanesinden yap\u0131lan a\u00e7\u0131klamaya g\u00f6re, saat 06.30'da meydana gelen ve merkez \u00fcss\u00fc ba\u015fkent Sofya'n\u0131n 170 kilometre do\u011fusunda olan deprem, Gabrovo kentinde de hissedildi.Pani\u011fe yol a\u00e7an depremde, ilk belirlemelere g\u00f6re can ve mal kayb\u0131 olmad\u0131.\u2026","rel":"","context":"&quot;Haberler&quot; i\u00e7inde","block_context":{"text":"Haberler","link":"https:\/\/www.gocmeniz.biz\/?cat=5"},"img":{"alt_text":"","src":"","width":0,"height":0},"classes":[]},{"id":1656,"url":"https:\/\/www.gocmeniz.biz\/?p=1656","url_meta":{"origin":1686,"position":4},"title":"Balkan \u00dclkelerinin Kalbi Bursa`da Atacak","author":"Haberci","date":"04 A\u011fustos 2009","format":false,"excerpt":"BURSA(\u0130HA) - Nam\u0131kkemal Halk Oyunlar\u0131 Gen\u00e7lik ve Spor Kul\u00fcb\u00fc Derne\u011fi (NAKEM) taraf\u0131ndan bu y\u0131l 5. d\u00fczenlenecek olan, ``5. NAKEM Balkan Festivali`` 11-16 A\u011fustos tarihleri aras\u0131nda yap\u0131lacak.NAKEM Ba\u015fkan Yard\u0131mc\u0131s\u0131 Taner \u00d6demi\u015f, yapt\u0131\u011f\u0131 a\u00e7\u0131klamada, geleneksel hale getirdikleri festivale bu y\u0131l Bulgaristan, Yunanistan, Romanya, Bosna Hersek, Makedonya, Kosova, Arnavutluk, S\u0131rbistan ve Karada\u011f`dan \u00e7ok\u2026","rel":"","context":"&quot;Haberler&quot; i\u00e7inde","block_context":{"text":"Haberler","link":"https:\/\/www.gocmeniz.biz\/?cat=5"},"img":{"alt_text":"","src":"","width":0,"height":0},"classes":[]},{"id":1251,"url":"https:\/\/www.gocmeniz.biz\/?p=1251","url_meta":{"origin":1686,"position":5},"title":"Makedonya&#8217;daki deprem Bulgaristan&#8217;da panik yaratt\u0131","author":"Haberci","date":"24 May\u0131s 2009","format":false,"excerpt":"A.A.Makedonya'n\u0131n Doyran G\u00f6l\u00fc b\u00f6lgesinde meydana gelen 5.2 b\u00fcy\u00fckl\u00fc\u011f\u00fcndeki deprem, Bulgaristan'da da panik yaratt\u0131.Ak\u015fam meydana gelen ve ard\u0131ndan \u00e7ok say\u0131da art\u00e7\u0131 sars\u0131nt\u0131larla s\u00fcren deprem, ba\u015fta Makedonya s\u0131n\u0131r\u0131na yak\u0131n Blagoevgrad kenti olmak \u00fczere t\u00fcm \u00fclkede halk\u0131n pani\u011fe kap\u0131lmas\u0131na neden oldu. Bulgar medyas\u0131, deprem nedeniyle E-79 otoyolunda meydana gelen heyelan\u0131n yolu trafi\u011fe kapatt\u0131\u011f\u0131n\u0131\u2026","rel":"","context":"&quot;Haberler&quot; i\u00e7inde","block_context":{"text":"Haberler","link":"https:\/\/www.gocmeniz.biz\/?cat=5"},"img":{"alt_text":"","src":"","width":0,"height":0},"classes":[]}],"jetpack_sharing_enabled":true,"jetpack_likes_enabled":true,"_links":{"self":[{"href":"https:\/\/www.gocmeniz.biz\/index.php?rest_route=\/wp\/v2\/posts\/1686","targetHints":{"allow":["GET"]}}],"collection":[{"href":"https:\/\/www.gocmeniz.biz\/index.php?rest_route=\/wp\/v2\/posts"}],"about":[{"href":"https:\/\/www.gocmeniz.biz\/index.php?rest_route=\/wp\/v2\/types\/post"}],"author":[{"embeddable":true,"href":"https:\/\/www.gocmeniz.biz\/index.php?rest_route=\/wp\/v2\/users\/331"}],"replies":[{"embeddable":true,"href":"https:\/\/www.gocmeniz.biz\/index.php?rest_route=%2Fwp%2Fv2%2Fcomments&post=1686"}],"version-history":[{"count":1,"href":"https:\/\/www.gocmeniz.biz\/index.php?rest_route=\/wp\/v2\/posts\/1686\/revisions"}],"predecessor-version":[{"id":8859,"href":"https:\/\/www.gocmeniz.biz\/index.php?rest_route=\/wp\/v2\/posts\/1686\/revisions\/8859"}],"wp:attachment":[{"href":"https:\/\/www.gocmeniz.biz\/index.php?rest_route=%2Fwp%2Fv2%2Fmedia&parent=1686"}],"wp:term":[{"taxonomy":"category","embeddable":true,"href":"https:\/\/www.gocmeniz.biz\/index.php?rest_route=%2Fwp%2Fv2%2Fcategories&post=1686"},{"taxonomy":"post_tag","embeddable":true,"href":"https:\/\/www.gocmeniz.biz\/index.php?rest_route=%2Fwp%2Fv2%2Ftags&post=1686"}],"curies":[{"name":"wp","href":"https:\/\/api.w.org\/{rel}","templated":true}]}}