{"id":1690,"date":"2009-08-16T10:56:49","date_gmt":"2009-08-16T07:56:49","guid":{"rendered":"http:\/\/www.gocmeniz.biz\/?p=1690"},"modified":"2026-04-03T12:25:38","modified_gmt":"2026-04-03T09:25:38","slug":"kapikuleden-rekor-sayida-cikis-yapildi","status":"publish","type":"post","link":"https:\/\/www.gocmeniz.biz\/?p=1690","title":{"rendered":"Kap\u0131kule`den rekor say\u0131da \u00e7\u0131k\u0131\u015f yap\u0131ld\u0131"},"content":{"rendered":"<p><b><img data-recalc-dims=\"1\"  title=\"\"  alt=\"657620090518114430459 Kap\u0131kule`den rekor say\u0131da \u00e7\u0131k\u0131\u015f yap\u0131ld\u0131\" decoding=\"async\" style=\"max-width: 800px; float: left; margin-top: 10px; margin-bottom: 10px; margin-right: 10px;\" src=\"https:\/\/i0.wp.com\/image.haber7.com\/haber\/haber7\/photos\/657620090518114430459.jpg?w=640\" \/>Edirne`de bulunan Kap\u0131kule S\u0131n\u0131r Kap\u0131s\u0131`nda yurda 24 saatte en \u00e7ok ara\u00e7 ve yolcu giri\u015fiyle k\u0131r\u0131lan rekor, yurt d\u0131\u015f\u0131na \u00e7\u0131k\u0131\u015flarda da k\u0131r\u0131ld\u0131.<\/b><\/p>\n<p>Edirne G\u00fcmr\u00fckleri ve Muhafaza Ba\u015fm\u00fcd\u00fcr\u00fc Kaptan K\u0131l\u0131\u00e7, AA muhabirine yapt\u0131\u011f\u0131 a\u00e7\u0131klamada, son 24 saatte Kap\u0131kule S\u0131n\u0131r Kap\u0131s\u0131ndan 6 bin 331 ara\u00e7la, 39 bin 622 yolcunun yurt d\u0131\u015f\u0131na \u00e7\u0131k\u0131\u015f yapt\u0131\u011f\u0131n\u0131 bildirdi.<\/p>\n<p>Ge\u00e7en y\u0131l en \u00e7ok yurt d\u0131\u015f\u0131 \u00e7\u0131k\u0131\u015f\u0131n\u0131n 28 A\u011fustosta 3 bin 810 ara\u00e7la ya\u015fand\u0131\u011f\u0131na dikkati \u00e7eken K\u0131l\u0131\u00e7, \u015f\u00f6yle konu\u015ftu:<\/p>\n<p>&#8220;Bu y\u0131l, ge\u00e7en sene 24 saatte s\u0131n\u0131r kap\u0131s\u0131ndan ge\u00e7en ara\u00e7larda y\u00fczde 66`l\u0131k art\u0131\u015fla, rekor say\u0131da ara\u00e7 ve yolcu s\u0131n\u0131r kap\u0131s\u0131ndan yurt d\u0131\u015f\u0131na g\u00f6nderildi. Bu kadar \u00e7ok say\u0131da ara\u00e7 ve yolcu olmas\u0131na ra\u011fmen s\u0131n\u0131r kap\u0131s\u0131nda s\u0131k\u0131nt\u0131 ya\u015fanmadan, kuyruk olmadan i\u015flemleri yapt\u0131k.&#8220;<\/p>\n<p>S\u0131n\u0131r kap\u0131s\u0131ndan ge\u00e7i\u015flerin seri \u015fekilde yap\u0131lmas\u0131nda Bulgaristan taraf\u0131ndaki Kapitan Andreowe S\u0131n\u0131r Kap\u0131s\u0131`nda bulunan g\u00fcmr\u00fck\u00e7\u00fclerle yap\u0131lan g\u00f6r\u00fc\u015fmelerin de etkili oldu\u011funu ifade eden K\u0131l\u0131\u00e7, \u015funlar\u0131 kaydetti:<\/p>\n<p>&#8220;Biz seri \u015fekilde i\u015flemleri tamamlasak bile Bulgaristan`a giri\u015fte ayn\u0131 h\u0131za ula\u015f\u0131lamay\u0131nca kuyruklar oluyordu. Yapt\u0131\u011f\u0131m\u0131z g\u00f6r\u00fc\u015fmeler sonras\u0131 Bulgaristan`da da ge\u00e7i\u015fler daha seri hale geldi. Bunun sonucunda s\u0131k\u0131nt\u0131 kalmadan gurbet\u00e7iler ve di\u011fer yolcular g\u00fcmr\u00fckleri ge\u00e7ebiliyor. Son 24 saatte ge\u00e7en ara\u00e7 say\u0131s\u0131yla rekor k\u0131r\u0131lmas\u0131na ra\u011fmen, bunun sa\u011flanmas\u0131 da ayr\u0131 bir g\u00fczellik.&#8220;<\/p>\n<p>T\u00fcrkiye`ye giri\u015fte de bu y\u0131l 12 Temmuzda 7 bin 200 ara\u00e7 ve 46 bin yolcuyla rekor k\u0131rd\u0131klar\u0131n\u0131 anlatan K\u0131l\u0131\u00e7, &#8220;Bir \u00f6nceki y\u0131l en \u00e7ok giri\u015f 5 bin 600 ara\u00e7t\u0131. T\u00fcrkiye`ye giri\u015fte de y\u00fczde 28 art\u0131\u015fla, bu rekoru k\u0131rm\u0131\u015ft\u0131k&#8220; dedi.<\/p>\n<p>Bu arada, Kap\u0131kule S\u0131n\u0131r Kap\u0131s\u0131`nda yolcu ve ara\u00e7 yo\u011funlu\u011funun oldu\u011fu g\u00fcnlerde ba\u015fm\u00fcd\u00fcr dahil olmak \u00fczere \u00fcst d\u00fczey idarecilerin de 24 saat g\u00f6rev yapt\u0131klar\u0131 \u00f6\u011frenildi.<br \/><i>(aa)<\/i><\/p>\n<div class=\"zemanta-pixie\"><img data-recalc-dims=\"1\"  title=\"\" decoding=\"async\" class=\"zemanta-pixie-img\"  alt=\"pixy Kap\u0131kule`den rekor say\u0131da \u00e7\u0131k\u0131\u015f yap\u0131ld\u0131\"  src=\"https:\/\/i0.wp.com\/img.zemanta.com\/pixy.gif?w=640\" \/><\/div>\n","protected":false},"excerpt":{"rendered":"<p>Edirne`de bulunan Kap\u0131kule S\u0131n\u0131r Kap\u0131s\u0131`nda yurda 24 saatte en \u00e7ok ara\u00e7 ve yolcu giri\u015fiyle k\u0131r\u0131lan rekor, yurt d\u0131\u015f\u0131na \u00e7\u0131k\u0131\u015flarda da k\u0131r\u0131ld\u0131. Edirne G\u00fcmr\u00fckleri ve Muhafaza Ba\u015fm\u00fcd\u00fcr\u00fc Kaptan K\u0131l\u0131\u00e7, AA muhabirine yapt\u0131\u011f\u0131 a\u00e7\u0131klamada, son 24 saatte Kap\u0131kule S\u0131n\u0131r Kap\u0131s\u0131ndan 6 bin 331 ara\u00e7la, 39 bin 622 yolcunun yurt d\u0131\u015f\u0131na \u00e7\u0131k\u0131\u015f yapt\u0131\u011f\u0131n\u0131 bildirdi. Ge\u00e7en y\u0131l en \u00e7ok [&hellip;]<\/p>\n","protected":false},"author":331,"featured_media":0,"comment_status":"open","ping_status":"open","sticky":false,"template":"","format":"standard","meta":{"advanced_seo_description":"","jetpack_seo_html_title":"","jetpack_seo_noindex":false,"ngg_post_thumbnail":0,"jetpack_post_was_ever_published":false,"_jetpack_newsletter_access":"","_jetpack_dont_email_post_to_subs":false,"_jetpack_newsletter_tier_id":0,"_jetpack_memberships_contains_paywalled_content":false,"_jetpack_memberships_contains_paid_content":false,"footnotes":""},"categories":[5],"tags":[],"class_list":["post-1690","post","type-post","status-publish","format-standard","hentry","category-haberler"],"jetpack_featured_media_url":"","jetpack_shortlink":"https:\/\/wp.me\/paHHlZ-rg","jetpack-related-posts":[{"id":1666,"url":"https:\/\/www.gocmeniz.biz\/?p=1666","url_meta":{"origin":1690,"position":0},"title":"Kap\u0131kule`de 3 kilometrelik ara\u00e7 kuyru\u011fu","author":"Haberci","date":"07 A\u011fustos 2009","format":false,"excerpt":"Yo\u011funluktan dolay\u0131 Kap\u0131kule`de \u00e7ift s\u0131ra ara\u00e7 kuyru\u011fu meydana geldi.> \u0130brahim\u2008Arslan ED\u0130RNE \u0130HAT\u00fcrkiye`de tatil yapt\u0131ktan sonra \u00e7al\u0131\u015ft\u0131klar\u0131 \u00fclkelere do\u011fru d\u00f6n\u00fc\u015fe ge\u00e7en gurbet\u00e7iler, Kap\u0131kule S\u0131n\u0131r Kap\u0131s\u0131`nda yo\u011funlu\u011fa sebep oldu. Kap\u0131kule`de uzun kuyruklar olu\u015fmas\u0131 \u00fczerine gurbet\u00e7iler Hamzabeyli ve Pazarkule S\u0131n\u0131r Kap\u0131s\u0131`na y\u00f6nlendirildi. \u00c7ift s\u0131ra kuyruk sebebiyle yakla\u015f\u0131k 15 dakika ula\u015f\u0131ma kapanan Kap\u0131kule yolu,\u2026","rel":"","context":"&quot;Haberler&quot; i\u00e7inde","block_context":{"text":"Haberler","link":"https:\/\/www.gocmeniz.biz\/?cat=5"},"img":{"alt_text":"","src":"https:\/\/i0.wp.com\/www.turkiyegazetesi.com\/images\/news\/415554_2.gif?resize=350%2C200","width":350,"height":200},"classes":[]},{"id":2252,"url":"https:\/\/www.gocmeniz.biz\/?p=2252","url_meta":{"origin":1690,"position":1},"title":"Otob\u00fcs\u00fcn havaland\u0131rma bo\u015flu\u011funda yakaland\u0131lar","author":"Haberci","date":"20 Haziran 2014","format":false,"excerpt":"\u0130nsan ka\u00e7ak\u00e7\u0131lar\u0131n\u0131n buldu\u011fu y\u00f6ntemler her ge\u00e7en g\u00fcn de\u011fi\u015fiyor. Son olarak d\u00fcn Kap\u0131kule S\u0131n\u0131r Kap\u0131s\u0131'nda kar\u015f\u0131la\u015f\u0131lan manzara g\u00fcvenlik g\u00fc\u00e7lerini bile \u015fa\u015fk\u0131na \u00e7evirdi. Edirne'den Bulgaristan\u2019a \u00e7\u0131k\u0131\u015f yapmak \u00fczere gelen yolcu otob\u00fcs\u00fcn\u00fcn havaland\u0131rma bo\u015flu\u011fu ile tavan\u0131 aras\u0131na gizlenmi\u015f 15 Suriyeli yakaland\u0131. Hamzabeyli S\u0131n\u0131r Kap\u0131s\u0131\u2019ndan ise TIR\u2019\u0131n dorsesinde ise 9 Suriyeli ka\u00e7ak yakaland\u0131. Ka\u00e7aklar\u2026","rel":"","context":"&quot;Haberler&quot; i\u00e7inde","block_context":{"text":"Haberler","link":"https:\/\/www.gocmeniz.biz\/?cat=5"},"img":{"alt_text":"","src":"https:\/\/i0.wp.com\/www.hurriyet.com.tr\/_np\/9374\/24839374.jpg?resize=350%2C200","width":350,"height":200},"classes":[]},{"id":1387,"url":"https:\/\/www.gocmeniz.biz\/?p=1387","url_meta":{"origin":1690,"position":2},"title":"Kap\u0131kule&#8217;yi Erdo\u011fan a\u00e7acak","author":"Haberci","date":"18 Haziran 2009","format":false,"excerpt":"Modernizasyonu TOBB taraf\u0131ndan yap\u0131lan Kap\u0131kule ve Hamzabeyli a\u00e7\u0131l\u0131yor.Modernizasyonu T\u00fcrkiye Odalar ve Borsalar Birli\u011fi (TOBB)\u00a0 taraf\u0131ndan yap\u0131lanKap\u0131kule ve Hamzabeyli S\u0131n\u0131r Kap\u0131lar\u0131, Ba\u015fbakan Recep Tayyip Erdo\u011fan,G\u00fcmr\u00fcklerden Sorumlu Devlet Bakan\u0131 Hayati Yaz\u0131c\u0131, T\u00fcrkiye Odalar ve Borsalar Birli\u011fi (TOBB)\u00a0 Ba\u015fkan\u0131 M. Rifat Hisarc\u0131kl\u0131o\u011flu, Milletvekilleri ve\u00a0 i\u015fadamlar\u0131n\u0131n kat\u0131l\u0131m\u0131yla 19 Haziran 2009 Cuma g\u00fcn\u00fc, saat 15.00'de\u2026","rel":"","context":"&quot;Haberler&quot; i\u00e7inde","block_context":{"text":"Haberler","link":"https:\/\/www.gocmeniz.biz\/?cat=5"},"img":{"alt_text":"","src":"","width":0,"height":0},"classes":[]},{"id":1601,"url":"https:\/\/www.gocmeniz.biz\/?p=1601","url_meta":{"origin":1690,"position":3},"title":"Kap\u0131kule&#8217;den bir g\u00fcnde 47 bin ki\u015fi giri\u015f yapt\u0131","author":"Haberci","date":"28 Temmuz 2009","format":false,"excerpt":"YAZ izinlerini ge\u00e7irmek i\u00e7in Avrupa\u2019n\u0131n de\u011fi\u015fik \u00fclkelerinden yola koyulan i\u015f\u00e7ilerin yurda giri\u015fleri devam ediyor. Temmuz ay\u0131n\u0131n 26 g\u00fcnl\u00fck s\u00fcresinde Kap\u0131kule S\u0131n\u0131r Kap\u0131s\u0131\u2019n\u0131 kullanarak yurda 605 bin ki\u015fi giri\u015f yapt\u0131. Modernizasyon \u00e7al\u0131\u015fmalar\u0131n\u0131n tamamlanmas\u0131 ve giri\u015f \u00e7\u0131k\u0131\u015flarda ya\u015fanan rahatl\u0131\u011f\u0131n ard\u0131ndan, s\u0131n\u0131r kap\u0131s\u0131 tarihinde bir rekora imza at\u0131ld\u0131 ve Temmuz ay\u0131nda bir g\u00fcnde\u2026","rel":"","context":"&quot;Haberler&quot; i\u00e7inde","block_context":{"text":"Haberler","link":"https:\/\/www.gocmeniz.biz\/?cat=5"},"img":{"alt_text":"","src":"","width":0,"height":0},"classes":[]},{"id":452,"url":"https:\/\/www.gocmeniz.biz\/?p=452","url_meta":{"origin":1690,"position":4},"title":"GURBET\u00c7\u0130N\u0130N \u00c7ORBA PARASI \u0130SYANI","author":"Haberci","date":"30 Haziran 2008","format":false,"excerpt":"Avrupa'n\u0131n \u00e7e\u015fitli \u00fclkelerinde \u00e7al\u0131\u015fan ve yaz tatillerini ge\u00e7irmek \u00fczere T\u00fcrkiye'ye gelen gurbet\u00e7iler s\u0131n\u0131r kap\u0131lar\u0131nda uzun kuyruklar olu\u015fturdu. Gurbet\u00e7iler S\u0131rbistan ve Bulgaristan'da \"\u00c7orba paras\u0131\" ad\u0131 alt\u0131nda al\u0131nan r\u00fc\u015fvetten \u015fikayet ettiler. R\u00fc\u015fvet vermek istemeyen gurbet\u00e7iler bagajlar\u0131n\u0131n bo\u015falt\u0131lmas\u0131 ve ara\u00e7lar\u0131nda arama yap\u0131lmakla tehdit edildiklerini belirttiler. Gurbet\u00e7i sezonunun ba\u015flamas\u0131 ile birlikte Pazarkule ve Kap\u0131kule\u2026","rel":"","context":"Benzer yaz\u0131","block_context":{"text":"Benzer yaz\u0131","link":""},"img":{"alt_text":"","src":"","width":0,"height":0},"classes":[]},{"id":1349,"url":"https:\/\/www.gocmeniz.biz\/?p=1349","url_meta":{"origin":1690,"position":5},"title":"SINIR KAPILARI GURBET\u00c7\u0130 SEZONUNA HAZIRLANIYOR","author":"Haberci","date":"12 Haziran 2009","format":false,"excerpt":"ED\u0130RNE - G\u00fcmr\u00fck M\u00fcste\u015far\u0131 Emin Zarars\u0131z, Avrupa'n\u0131n \u00e7e\u015fitli \u00fclkelerinde \u00e7al\u0131\u015fan T\u00fcrk i\u015f\u00e7ilerinin tatil i\u00e7in yurda geli\u015flerinin 10 g\u00fcn sonra ba\u015flayaca\u011f\u0131n\u0131 belirterek, ''Gurbet\u00e7ilerimizin geli\u015fleriyle yo\u011funla\u015fan ara\u00e7 trafi\u011finin b\u00fcy\u00fck sorunlara yol a\u00e7madan idare edilebilmesi i\u00e7in T\u00fcrk ve Bulgar g\u00fcmr\u00fck yetkilileriyle en do\u011fru \u00e7\u00f6z\u00fcm yolunu bulaca\u011f\u0131z'' dedi. \u00a0\u00a0\u00a0\u00a0 Zarars\u0131z, Kap\u0131kule S\u0131n\u0131r Kap\u0131s\u0131'nda gurbet\u00e7ilerin\u2026","rel":"","context":"&quot;Haberler&quot; i\u00e7inde","block_context":{"text":"Haberler","link":"https:\/\/www.gocmeniz.biz\/?cat=5"},"img":{"alt_text":"","src":"","width":0,"height":0},"classes":[]}],"jetpack_sharing_enabled":true,"jetpack_likes_enabled":true,"_links":{"self":[{"href":"https:\/\/www.gocmeniz.biz\/index.php?rest_route=\/wp\/v2\/posts\/1690","targetHints":{"allow":["GET"]}}],"collection":[{"href":"https:\/\/www.gocmeniz.biz\/index.php?rest_route=\/wp\/v2\/posts"}],"about":[{"href":"https:\/\/www.gocmeniz.biz\/index.php?rest_route=\/wp\/v2\/types\/post"}],"author":[{"embeddable":true,"href":"https:\/\/www.gocmeniz.biz\/index.php?rest_route=\/wp\/v2\/users\/331"}],"replies":[{"embeddable":true,"href":"https:\/\/www.gocmeniz.biz\/index.php?rest_route=%2Fwp%2Fv2%2Fcomments&post=1690"}],"version-history":[{"count":1,"href":"https:\/\/www.gocmeniz.biz\/index.php?rest_route=\/wp\/v2\/posts\/1690\/revisions"}],"predecessor-version":[{"id":9028,"href":"https:\/\/www.gocmeniz.biz\/index.php?rest_route=\/wp\/v2\/posts\/1690\/revisions\/9028"}],"wp:attachment":[{"href":"https:\/\/www.gocmeniz.biz\/index.php?rest_route=%2Fwp%2Fv2%2Fmedia&parent=1690"}],"wp:term":[{"taxonomy":"category","embeddable":true,"href":"https:\/\/www.gocmeniz.biz\/index.php?rest_route=%2Fwp%2Fv2%2Fcategories&post=1690"},{"taxonomy":"post_tag","embeddable":true,"href":"https:\/\/www.gocmeniz.biz\/index.php?rest_route=%2Fwp%2Fv2%2Ftags&post=1690"}],"curies":[{"name":"wp","href":"https:\/\/api.w.org\/{rel}","templated":true}]}}