{"id":1694,"date":"2009-08-16T11:02:37","date_gmt":"2009-08-16T08:02:37","guid":{"rendered":"http:\/\/www.gocmeniz.biz\/?p=1694"},"modified":"2026-04-03T12:17:07","modified_gmt":"2026-04-03T09:17:07","slug":"tir-viyadukten-asagi-uctu","status":"publish","type":"post","link":"https:\/\/www.gocmeniz.biz\/?p=1694","title":{"rendered":"T\u0131r viyad\u00fckten a\u015fa\u011f\u0131 u\u00e7tu"},"content":{"rendered":"<p><b><img data-recalc-dims=\"1\"  title=\"\"  alt=\"69473 T\u0131r viyad\u00fckten a\u015fa\u011f\u0131 u\u00e7tu\" decoding=\"async\" style=\"max-width: 800px; float: left; margin-top: 10px; margin-bottom: 10px; margin-right: 10px;\" src=\"https:\/\/i0.wp.com\/www.dunyabulteni.net\/images\/news\/69473.jpg?w=640\" \/>Edirne`de, lasti\u011fi patlayarak bariyerlere \u00e7arpan bir TIR, 14 metre y\u00fckseklikteki viyad\u00fckten d\u00fc\u015ft\u00fc.<br \/><\/b><br \/>\u0130ran`dan y\u00fckledi\u011fi PVC`yi Bulgaristan`a g\u00f6t\u00fcrmek \u00fczere yola \u00e7\u0131kan, Bahram Bayati Khatabi y\u00f6netimindeki THR 68613\/14 plakal\u0131 TIR`\u0131n, TEM Otoyolu`nun Edirne y\u00f6n\u00fcndeki Kemal Hay\u0131rl\u0131o\u011flu Viyad\u00fc\u011f\u00fc`nde lasti\u011fi patlad\u0131.<\/p>\n<p>S\u00fcr\u00fcc\u00fcn\u00fcn direksiyon hakimiyetini yitirmesi sonucu TIR bariyerlere \u00e7arpt\u0131. \u00c7arpman\u0131n \u015fiddetiyle \u015fof\u00f6r mahalli, dorseden ayr\u0131larak 14 metre y\u00fckseklikteki viyad\u00fckten d\u00fc\u015ft\u00fc ve TIR`\u0131n her iki par\u00e7as\u0131 da yanmaya ba\u015flad\u0131.<\/p>\n<p>Khatabi ile \u0130ran`dan yola \u00e7\u0131kan ve nakliyat \u015firketinde birlikte \u00e7al\u0131\u015ft\u0131\u011f\u0131 Novzer Abbasi, olay\u0131 g\u00f6r\u00fcnce durarak telefonla polisten yard\u0131m istedi. Abbasi, viyad\u00fckten a\u015fa\u011f\u0131 inerek yaral\u0131 arkada\u015f\u0131n\u0131 \u015fof\u00f6r mahallinden \u00e7\u0131kard\u0131.<\/p>\n<p>Olay yerine gelen sa\u011fl\u0131k ekipleri, kazada yaralanan s\u00fcr\u00fcc\u00fcy\u00fc Trakya \u00dcniversitesi T\u0131p Fak\u00fcltesi Hastanesi`ne kald\u0131rd\u0131lar.<\/p>\n<p>\u00d6te yandan, otoyolda yanan dorse nedeniyle trafik bir s\u00fcre durdu. Babaeski Belediyesi itfaiye ekiplerinin dorseyi s\u00f6nd\u00fcrmesi sonucu yol yeniden trafi\u011fe a\u00e7\u0131ld\u0131.<b><br \/><\/b><\/p>\n<div class=\"zemanta-pixie\"><img data-recalc-dims=\"1\"  title=\"\" decoding=\"async\" class=\"zemanta-pixie-img\"  alt=\"pixy T\u0131r viyad\u00fckten a\u015fa\u011f\u0131 u\u00e7tu\"  src=\"https:\/\/i0.wp.com\/img.zemanta.com\/pixy.gif?w=640\" \/><\/div>\n","protected":false},"excerpt":{"rendered":"<p>Edirne`de, lasti\u011fi patlayarak bariyerlere \u00e7arpan bir TIR, 14 metre y\u00fckseklikteki viyad\u00fckten d\u00fc\u015ft\u00fc.\u0130ran`dan y\u00fckledi\u011fi PVC`yi Bulgaristan`a g\u00f6t\u00fcrmek \u00fczere yola \u00e7\u0131kan, Bahram Bayati Khatabi y\u00f6netimindeki THR 68613\/14 plakal\u0131 TIR`\u0131n, TEM Otoyolu`nun Edirne y\u00f6n\u00fcndeki Kemal Hay\u0131rl\u0131o\u011flu Viyad\u00fc\u011f\u00fc`nde lasti\u011fi patlad\u0131. S\u00fcr\u00fcc\u00fcn\u00fcn direksiyon hakimiyetini yitirmesi sonucu TIR bariyerlere \u00e7arpt\u0131. \u00c7arpman\u0131n \u015fiddetiyle \u015fof\u00f6r mahalli, dorseden ayr\u0131larak 14 metre y\u00fckseklikteki viyad\u00fckten d\u00fc\u015ft\u00fc [&hellip;]<\/p>\n","protected":false},"author":331,"featured_media":0,"comment_status":"open","ping_status":"open","sticky":false,"template":"","format":"standard","meta":{"advanced_seo_description":"","jetpack_seo_html_title":"","jetpack_seo_noindex":false,"ngg_post_thumbnail":0,"jetpack_post_was_ever_published":false,"_jetpack_newsletter_access":"","_jetpack_dont_email_post_to_subs":false,"_jetpack_newsletter_tier_id":0,"_jetpack_memberships_contains_paywalled_content":false,"_jetpack_memberships_contains_paid_content":false,"footnotes":""},"categories":[5],"tags":[],"class_list":["post-1694","post","type-post","status-publish","format-standard","hentry","category-haberler"],"jetpack_featured_media_url":"","jetpack_shortlink":"https:\/\/wp.me\/paHHlZ-rk","jetpack-related-posts":[{"id":300,"url":"https:\/\/www.gocmeniz.biz\/?p=300","url_meta":{"origin":1694,"position":0},"title":"Bulgaristan plakali TIR, Kap\u0131kule yak\u0131nlar\u0131nda yand\u0131","author":"Admin","date":"27 \u015eubat 2008","format":false,"excerpt":"\u0130stanbul'dan y\u00fckledi\u011fi demir-\u00e7eli\u011fi Bulgaristan'a g\u00f6t\u00fcren bir TIR, Kap\u0131kule S\u0131n\u0131r Kap\u0131s\u0131 yak\u0131nlar\u0131nda alev alev yand\u0131. Yang\u0131n Edirne Belediyesi \u0130tfaiye ekipleri taraf\u0131ndan s\u00f6nd\u00fcr\u00fcl\u00fcrken, TEM Otoyolu yang\u0131n nedeniyle bir saat boyunca trafi\u011fe kapat\u0131ld\u0131. TEM Otoyolu'nun Edirne-Kap\u0131kule g\u00fczergah\u0131nda, elektrik aksam\u0131nda ar\u0131za meydana gelen TIR'da yang\u0131n \u00e7\u0131kt\u0131. Yang\u0131n sonucu TIR'\u0131n \u015fof\u00f6r mahalli tamam\u0131yla yand\u0131. \u0130stanbul'dan\u2026","rel":"","context":"&quot;Haberler&quot; i\u00e7inde","block_context":{"text":"Haberler","link":"https:\/\/www.gocmeniz.biz\/?cat=5"},"img":{"alt_text":"","src":"https:\/\/i0.wp.com\/bp0.blogger.com\/_1Mf-Mz8vkrM\/R77H4GA4X_I\/AAAAAAAABAM\/JLaXQ2PDv9k\/s400\/tir.jpg?resize=350%2C200","width":350,"height":200},"classes":[]},{"id":647,"url":"https:\/\/www.gocmeniz.biz\/?p=647","url_meta":{"origin":1694,"position":1},"title":"Kuyrukta bekleyen TIR alev alev yand\u0131","author":"Haberci","date":"24 Kas\u0131m 2008","format":false,"excerpt":"F\u0131rat KESK\u0130NKILI\u00c7\/ED\u0130RNE, (DHA)KAPIKULE S\u0131n\u0131r Kap\u0131s\u0131'nda, i\u015flem s\u0131ras\u0131 kuyru\u011fundaki Bulgar plakal\u0131 mobilya y\u00fckl\u00fc TIR, elektrik aksam\u0131nda meydana gelen k\u0131sa devre sonucu yand\u0131.Alevlere teslim olan TIR'\u0131n \u00e7ekicisi ve dorsesi itfaiye ekiplerini yakla\u015f\u0131k 1 saat s\u00fcren \u00e7al\u0131\u015fmas\u0131 sonras\u0131 s\u00f6nd\u00fcr\u00fclebildi.Yang\u0131n, saat 16.30 s\u0131ralar\u0131nda Kap\u0131kule yolu \u00fczerinde meydana geldi.\u0130stanbul'dan y\u00fckledi\u011fi mobilya e\u015fyalar\u0131n\u0131 Bulgaristan'\u0131n Plovdiv kentine\u2026","rel":"","context":"&quot;Haberler&quot; i\u00e7inde","block_context":{"text":"Haberler","link":"https:\/\/www.gocmeniz.biz\/?cat=5"},"img":{"alt_text":"","src":"","width":0,"height":0},"classes":[]},{"id":8421,"url":"https:\/\/www.gocmeniz.biz\/?p=8421","url_meta":{"origin":1694,"position":2},"title":"\u00c7ikolata kutusundan servet \u00e7\u0131kt\u0131! T\u00fcm birikimi &#8220;kom\u015fuya&#8221; kald\u0131","author":"Admin","date":"24 Mart 2026","format":false,"excerpt":"Edirne Kap\u0131kule S\u0131n\u0131r Kap\u0131s\u0131'na gelmek isteyen bir t\u0131r s\u00fcr\u00fcc\u00fcs\u00fcn\u00fcn kabininde, beyan edilmemi\u015f 220 bin Euro para yakaland\u0131. Paran\u0131n \u00e7ikolata dolu bir \u00e7antan\u0131n i\u00e7ine gizlendi\u011fi ortaya \u00e7\u0131kt\u0131. R\u0130SK ANAL\u0130Z\u0130 SONUCU DURDURULDURomanya'dan yola \u00e7\u0131kan ve Bulgaristan \u00fczerinden T\u00fcrkiye'ye giri\u015f yapmak isteyen, y\u00fck ta\u015f\u0131mad\u0131\u011f\u0131 belirlenen t\u0131r, Bulgaristan'daki Kaptan Andreevo S\u0131n\u0131r Kap\u0131s\u0131'nda risk analizi\u2026","rel":"","context":"&quot;Haberler&quot; i\u00e7inde","block_context":{"text":"Haberler","link":"https:\/\/www.gocmeniz.biz\/?cat=5"},"img":{"alt_text":"","src":"https:\/\/i0.wp.com\/www.gocmeniz.biz\/wp-content\/cikolata-dolu-cantadan-220-bin-euro-cikti-19683117_o.jpg?fit=640%2C399&ssl=1&resize=350%2C200","width":350,"height":200,"srcset":"https:\/\/i0.wp.com\/www.gocmeniz.biz\/wp-content\/cikolata-dolu-cantadan-220-bin-euro-cikti-19683117_o.jpg?fit=640%2C399&ssl=1&resize=350%2C200 1x, https:\/\/i0.wp.com\/www.gocmeniz.biz\/wp-content\/cikolata-dolu-cantadan-220-bin-euro-cikti-19683117_o.jpg?fit=640%2C399&ssl=1&resize=525%2C300 1.5x"},"classes":[]},{"id":9711,"url":"https:\/\/www.gocmeniz.biz\/?p=9711","url_meta":{"origin":1694,"position":3},"title":"TIR \u015fof\u00f6rleri Kap\u0131kule&#8217;de beklemekten isyan etti: &#8216;T\u00fcrkiye&#8217;nin ticareti etkileniyor&#8217;","author":"Admin","date":"07 Nisan 2026","format":false,"excerpt":"T\u00dcRK\u0130YE'den ald\u0131klar\u0131 ihra\u00e7 y\u00fcklerini Avrupa'daki \u00fclkelere g\u00f6t\u00fcrmek i\u00e7in Edirne'den Bulgaristan'a a\u00e7\u0131lan Kap\u0131kule S\u0131n\u0131r Kap\u0131s\u0131'na gelen TIR \u015fof\u00f6rleri, son g\u00fcnlerde 90 saati a\u015fan bekleme s\u00fcreleri nedeniyle bir araya gelerek a\u00e7\u0131klama yapt\u0131. TIR \u015fof\u00f6r\u00fc Koray Torun, \"Bu sadece bir meslek sorunu de\u011fil. Bu T\u00fcrkiye ihracat\u0131n\u0131n, ticaretinin ve ekonomisinin sorunudur\" dedi. Bulgaristan'a a\u00e7\u0131lan\u2026","rel":"","context":"&quot;Haberler&quot; i\u00e7inde","block_context":{"text":"Haberler","link":"https:\/\/www.gocmeniz.biz\/?cat=5"},"img":{"alt_text":"","src":"https:\/\/i0.wp.com\/www.gocmeniz.biz\/wp-content\/kapikule-de-bekleme-sureleri-90-saati-asan-ti-19726003_amp.jpg?fit=1200%2C900&ssl=1&resize=350%2C200","width":350,"height":200,"srcset":"https:\/\/i0.wp.com\/www.gocmeniz.biz\/wp-content\/kapikule-de-bekleme-sureleri-90-saati-asan-ti-19726003_amp.jpg?fit=1200%2C900&ssl=1&resize=350%2C200 1x, https:\/\/i0.wp.com\/www.gocmeniz.biz\/wp-content\/kapikule-de-bekleme-sureleri-90-saati-asan-ti-19726003_amp.jpg?fit=1200%2C900&ssl=1&resize=525%2C300 1.5x, https:\/\/i0.wp.com\/www.gocmeniz.biz\/wp-content\/kapikule-de-bekleme-sureleri-90-saati-asan-ti-19726003_amp.jpg?fit=1200%2C900&ssl=1&resize=700%2C400 2x, https:\/\/i0.wp.com\/www.gocmeniz.biz\/wp-content\/kapikule-de-bekleme-sureleri-90-saati-asan-ti-19726003_amp.jpg?fit=1200%2C900&ssl=1&resize=1050%2C600 3x"},"classes":[]},{"id":853,"url":"https:\/\/www.gocmeniz.biz\/?p=853","url_meta":{"origin":1694,"position":4},"title":"KAR YA\u011eI\u015eI NEDEN\u0130YLE BULGAR\u0130STAN \u0130LE KARA ULA\u015eIMI DURDU","author":"Haberci","date":"23 \u015eubat 2009","format":false,"excerpt":"Bulgaristan'da kar ya\u011f\u0131\u015f\u0131 nedeniyle yollar\u0131n kapanmas\u0131 Hamzabeyli S\u0131n\u0131r Kap\u0131s\u0131 \u00fczerinden bu \u00fclkeye yap\u0131lan kara ula\u015f\u0131m\u0131n\u0131 tamamen durdurdu. Bulgaristan taraf\u0131na ara\u00e7lar\u0131n ge\u00e7i\u015fine izin verilmemesi nedeniyle s\u0131n\u0131r kap\u0131s\u0131 yolunda ak\u015famdan bu yana yakla\u015f\u0131k 5 kilometrelik TIR kuyru\u011fu olu\u015ftu.Balkanlar'da etkili olan kar ya\u011f\u0131\u015f\u0131 ve tipi Trakya B\u00f6lgesi'nin y\u00fcksek kesimlerinde de etkisini hissettiriyor. B\u00f6lgenin\u2026","rel":"","context":"&quot;Haberler&quot; i\u00e7inde","block_context":{"text":"Haberler","link":"https:\/\/www.gocmeniz.biz\/?cat=5"},"img":{"alt_text":"","src":"","width":0,"height":0},"classes":[]},{"id":519,"url":"https:\/\/www.gocmeniz.biz\/?p=519","url_meta":{"origin":1694,"position":5},"title":"Kap\u0131kule \u00e7\u00f6kt\u00fc","author":"Haberci","date":"29 Eyl\u00fcl 2008","format":false,"excerpt":"KAPIKULE G\u00fcmr\u00fck Kap\u0131s\u0131'na \u00e7\u0131k\u0131\u015f i\u00e7in gelen ve Avrupa \u00fclkelerine ihracat \u00fcr\u00fcn\u00fc ta\u015f\u0131yan TIR'lar yakla\u015f\u0131k 30 kilometre kuyruk olu\u015fturdu. Kap\u0131kule'de yeterli personel olmamas\u0131 nedeniyle g\u00fcnlerce kuyrukta bekleyen TIR s\u00fcr\u00fcc\u00fcleri isyan etti. Kap\u0131kule'nin i\u015flem y\u00f6n\u00fcnden \u00e7\u00f6kmesi nedeniyle T\u00fcrk ihra\u00e7 \u00fcr\u00fcnleri de zamanda teslim noktalar\u0131na ula\u015fam\u0131yor. T\u00fcrkiye'de i\u00e7 g\u00fcmr\u00fcklerden ald\u0131klar\u0131 narenciye, tekstil ve\u2026","rel":"","context":"&quot;Haberler&quot; i\u00e7inde","block_context":{"text":"Haberler","link":"https:\/\/www.gocmeniz.biz\/?cat=5"},"img":{"alt_text":"","src":"","width":0,"height":0},"classes":[]}],"jetpack_sharing_enabled":true,"jetpack_likes_enabled":true,"_links":{"self":[{"href":"https:\/\/www.gocmeniz.biz\/index.php?rest_route=\/wp\/v2\/posts\/1694","targetHints":{"allow":["GET"]}}],"collection":[{"href":"https:\/\/www.gocmeniz.biz\/index.php?rest_route=\/wp\/v2\/posts"}],"about":[{"href":"https:\/\/www.gocmeniz.biz\/index.php?rest_route=\/wp\/v2\/types\/post"}],"author":[{"embeddable":true,"href":"https:\/\/www.gocmeniz.biz\/index.php?rest_route=\/wp\/v2\/users\/331"}],"replies":[{"embeddable":true,"href":"https:\/\/www.gocmeniz.biz\/index.php?rest_route=%2Fwp%2Fv2%2Fcomments&post=1694"}],"version-history":[{"count":1,"href":"https:\/\/www.gocmeniz.biz\/index.php?rest_route=\/wp\/v2\/posts\/1694\/revisions"}],"predecessor-version":[{"id":8708,"href":"https:\/\/www.gocmeniz.biz\/index.php?rest_route=\/wp\/v2\/posts\/1694\/revisions\/8708"}],"wp:attachment":[{"href":"https:\/\/www.gocmeniz.biz\/index.php?rest_route=%2Fwp%2Fv2%2Fmedia&parent=1694"}],"wp:term":[{"taxonomy":"category","embeddable":true,"href":"https:\/\/www.gocmeniz.biz\/index.php?rest_route=%2Fwp%2Fv2%2Fcategories&post=1694"},{"taxonomy":"post_tag","embeddable":true,"href":"https:\/\/www.gocmeniz.biz\/index.php?rest_route=%2Fwp%2Fv2%2Ftags&post=1694"}],"curies":[{"name":"wp","href":"https:\/\/api.w.org\/{rel}","templated":true}]}}