{"id":1696,"date":"2009-08-16T11:08:51","date_gmt":"2009-08-16T08:08:51","guid":{"rendered":"http:\/\/www.gocmeniz.biz\/?p=1696"},"modified":"2026-04-03T12:25:38","modified_gmt":"2026-04-03T09:25:38","slug":"iki-turk-ailesi-bulgaristanda-zehirlendi","status":"publish","type":"post","link":"https:\/\/www.gocmeniz.biz\/?p=1696","title":{"rendered":"\u0130ki T\u00fcrk ailesi Bulgaristan`da zehirlendi"},"content":{"rendered":"<p><b><img data-recalc-dims=\"1\"  title=\"\"  alt=\"585420081016014648604 \u0130ki T\u00fcrk ailesi Bulgaristan`da zehirlendi\" decoding=\"async\" style=\"max-width: 800px; float: left; margin-top: 10px; margin-bottom: 10px; margin-right: 10px;\" src=\"https:\/\/i0.wp.com\/image.haber7.com\/haber\/haber7\/photos\/585420081016014648604.jpg?w=640\" \/>T\u00fcrkiye`de tatilini ge\u00e7iren iki gurbet\u00e7i ailesinden 5`i \u00e7ocuk 5 ki\u015fi, Bulgaristan`dan ge\u00e7erken, besin zehirlenmesi tan\u0131s\u0131yla Sofya`da hastaneye kald\u0131r\u0131ld\u0131.<\/b><\/p>\n<p>Bulgaristan \u0130\u00e7i\u015fleri Bakanl\u0131\u011f\u0131`ndan edinilen bilgiye g\u00f6re Sofya yak\u0131nlar\u0131ndaki Slivnitza kasabas\u0131 b\u00f6lgesinde yol kenar\u0131nda duran Frans\u0131z plakal\u0131 2 ara\u00e7 polisin dikkatini \u00e7ekti.<\/p>\n<p>Polisler, ara\u00e7larda bulunan iki T\u00fcrk ailesinden 3 ile 15 ya\u015flar\u0131 aras\u0131nda 5 \u00e7ocuk ve \u00e7ocuklar\u0131n annelerinden 36 ya\u015f\u0131ndaki bir kad\u0131n\u0131n bir rahats\u0131zl\u0131k ge\u00e7irdiklerini farkettiler. Amb\u00fclans \u00e7a\u011f\u0131ran polisler, hasta gurbet\u00e7ileri eskortla Sofya`daki Pirogov Acil Yard\u0131m Hastanesi`ne g\u00f6t\u00fcrd\u00fc.<\/p>\n<p>Hastane yetkilileri, hastalar\u0131n, T\u00fcrkiye`den getirilen dolma, kavun ve kestane yediklerini, s\u0131caktan dolay\u0131 bozulmu\u015f olabilecek yemekten dolay\u0131 hastalar\u0131n t\u00fcm\u00fcn\u00fcn ciddi bir besin zehirlenmesi ge\u00e7irdiklerini s\u00f6ylediler.<\/p>\n<p>Bulgaristan Ulusal Televizyonu (BNT), hastalar\u0131n bir s\u00fcre yo\u011fun bak\u0131mda kalacaklar\u0131n\u0131, ancak hayati tehlikenin s\u00f6z konusu olmad\u0131\u011f\u0131n\u0131 a\u00e7\u0131klad\u0131lar.<\/p>\n<p>Bulgaristan sa\u011fl\u0131k yetkilileri, benzer durumlarda \u00fclkede sa\u011fl\u0131k yard\u0131m\u0131 \u00e7a\u011fr\u0131labilecek telefon numaras\u0131n\u0131n 00359 2 80 50 300 oldu\u011funu bildirdiler.<\/p>\n<div class=\"zemanta-pixie\"><img data-recalc-dims=\"1\"  title=\"\" decoding=\"async\" class=\"zemanta-pixie-img\"  alt=\"pixy \u0130ki T\u00fcrk ailesi Bulgaristan`da zehirlendi\"  src=\"https:\/\/i0.wp.com\/img.zemanta.com\/pixy.gif?w=640\" \/><\/div>\n","protected":false},"excerpt":{"rendered":"<p>T\u00fcrkiye`de tatilini ge\u00e7iren iki gurbet\u00e7i ailesinden 5`i \u00e7ocuk 5 ki\u015fi, Bulgaristan`dan ge\u00e7erken, besin zehirlenmesi tan\u0131s\u0131yla Sofya`da hastaneye kald\u0131r\u0131ld\u0131. Bulgaristan \u0130\u00e7i\u015fleri Bakanl\u0131\u011f\u0131`ndan edinilen bilgiye g\u00f6re Sofya yak\u0131nlar\u0131ndaki Slivnitza kasabas\u0131 b\u00f6lgesinde yol kenar\u0131nda duran Frans\u0131z plakal\u0131 2 ara\u00e7 polisin dikkatini \u00e7ekti. Polisler, ara\u00e7larda bulunan iki T\u00fcrk ailesinden 3 ile 15 ya\u015flar\u0131 aras\u0131nda 5 \u00e7ocuk ve \u00e7ocuklar\u0131n annelerinden [&hellip;]<\/p>\n","protected":false},"author":331,"featured_media":0,"comment_status":"open","ping_status":"open","sticky":false,"template":"","format":"standard","meta":{"advanced_seo_description":"","jetpack_seo_html_title":"","jetpack_seo_noindex":false,"ngg_post_thumbnail":0,"jetpack_post_was_ever_published":false,"_jetpack_newsletter_access":"","_jetpack_dont_email_post_to_subs":false,"_jetpack_newsletter_tier_id":0,"_jetpack_memberships_contains_paywalled_content":false,"_jetpack_memberships_contains_paid_content":false,"footnotes":""},"categories":[5],"tags":[],"class_list":["post-1696","post","type-post","status-publish","format-standard","hentry","category-haberler"],"jetpack_featured_media_url":"","jetpack_shortlink":"https:\/\/wp.me\/paHHlZ-rm","jetpack-related-posts":[{"id":1812,"url":"https:\/\/www.gocmeniz.biz\/?p=1812","url_meta":{"origin":1696,"position":0},"title":"Bursal\u0131 gen\u00e7ler Sofya`y\u0131 fethetti","author":"Haberci","date":"29 Eyl\u00fcl 2009","format":false,"excerpt":"Bursa B\u00fcy\u00fck\u015fehir Belediyesi`nin en \u00f6nemli sosyal projelerinden olan Kent G\u00f6n\u00fcll\u00fcleri Gen\u00e7lik Kamp\u0131`nda g\u00f6sterdikleri ba\u015far\u0131lardan dolay\u0131 yurtd\u0131\u015f\u0131 gezisine kat\u0131lan 30 gen\u00e7, Bulgaristan`\u0131n ba\u015fkenti Sofya`y\u0131 fethetti. BURFA\u015e Genel M\u00fcd\u00fcr\u00fc Zeynel Abidin Turan ba\u015fkanl\u0131\u011f\u0131ndaki heyet, Sofya`da demokrasi ile se\u00e7ilen ilk cumhurba\u015fkan\u0131 olma unvan\u0131n\u0131 ta\u015f\u0131yan Jeliou Jelev`i de ziyaret etti. Bulgaristan`daki soyda\u015flar\u0131n yan\u0131 s\u0131ra\u2026","rel":"","context":"&quot;Haberler&quot; i\u00e7inde","block_context":{"text":"Haberler","link":"https:\/\/www.gocmeniz.biz\/?cat=5"},"img":{"alt_text":"","src":"","width":0,"height":0},"classes":[]},{"id":1607,"url":"https:\/\/www.gocmeniz.biz\/?p=1607","url_meta":{"origin":1696,"position":1},"title":"Bulgaristan`da \u00f6len T\u00fcrk gencin kimli\u011fi","author":"Haberci","date":"28 Temmuz 2009","format":false,"excerpt":"Bulgaristan`da E-5 `Trakya` otoyolunda d\u00fcn gece meydana gelen trafik kazas\u0131nda \u00f6len T\u00fcrk \u00f6\u011frenci ve yaralanan iki arkada\u015f\u0131n\u0131n kimlikleri belirlendi.Sofya`da t\u0131p fak\u00fcltesinde \u00f6\u011frenim g\u00f6ren 7 T\u00fcrk \u00f6\u011frencinin bulundu\u011fu minib\u00fcs\u00fcn otoyolda bir kamyonla \u00e7arp\u0131\u015fmas\u0131 sonucu Diyarbak\u0131r do\u011fumlu Hac\u0131 Mehmet G\u00fcnd\u00fcz(21) adl\u0131 \u00f6\u011frencinin olay yerinde hayat\u0131n\u0131 kaybetti\u011fi bildirildi. Hac\u0131 Mehmet G\u00fcnd\u00fcz`\u00fcn cenazesinin Pazarc\u0131k\u2026","rel":"","context":"&quot;Haberler&quot; i\u00e7inde","block_context":{"text":"Haberler","link":"https:\/\/www.gocmeniz.biz\/?cat=5"},"img":{"alt_text":"","src":"","width":0,"height":0},"classes":[]},{"id":1058,"url":"https:\/\/www.gocmeniz.biz\/?p=1058","url_meta":{"origin":1696,"position":2},"title":"T\u00fczmen, 100 ki\u015filik bir heyet ile Bulgaristan\u2019a gidiyor","author":"Haberci","date":"14 Nisan 2009","format":false,"excerpt":"Devlet Bakan\u0131 K\u00fcr\u015fad T\u00fczmen, beraberinde 80\u2019den fazla i\u015f adam\u0131 olmak \u00fczere toplam 100 ki\u015filik bir heyet ile bu ak\u015fam Bulgaristan\u2019a gidiyor. D\u0131\u015f Ticaret M\u00fcste\u015farl\u0131\u011f\u0131 (DTM) koordinasyonu, Uluda\u011f \u0130hracat\u00e7\u0131 Birlikleri organizasyonunda d\u00fczenlenen ticaret heyet gezisi 3 g\u00fcn s\u00fcrecek ve T\u00fczmen, ziyaret s\u0131ras\u0131nda, Sofya\u2019da 4 bakan ile g\u00f6r\u00fc\u015fecek, iki \u00fclke aras\u0131nda Teknik\u2026","rel":"","context":"&quot;Haberler&quot; i\u00e7inde","block_context":{"text":"Haberler","link":"https:\/\/www.gocmeniz.biz\/?cat=5"},"img":{"alt_text":"","src":"","width":0,"height":0},"classes":[]},{"id":2025,"url":"https:\/\/www.gocmeniz.biz\/?p=2025","url_meta":{"origin":1696,"position":3},"title":"\u2018T\u00fcrk &#8211; Bulgar dostlu\u011fu her iki \u00fclkenin yarar\u0131na\u2019","author":"Haberci","date":"11 Ocak 2010","format":false,"excerpt":"Yurtd\u0131\u015f\u0131ndaki Bulgaristan vatanda\u015flar\u0131ndan Sorumlu Devlet Bakan\u0131 Bojidar Dimitrov\u2019un\u00a0 T\u00fcrkiye\u2019den g\u00f6\u00e7 eden Bulgarlar\u0131n T\u00fcrkiye\u2019de b\u0131rakmak zorunda kald\u0131klar\u0131 mal ve m\u00fclkleri i\u00e7in 20 milyar dolarl\u0131k tazminat istemesi k\u0131sa s\u00fcreli siyasi hareketlenmeye neden oldu. T\u00fcrkiye\u2019den istenecek tazminat\u0131n, T\u00fcrkiye\u2019nin Avrupa Birli\u011fi\u2019ne tam \u00fcyelik i\u00e7in \u00f6n ko\u015ful olarak \u00f6denmesi gerekti\u011fini savunan Dimitrov\u2019un a\u00e7\u0131klamalar\u0131na Ba\u015fbakan Boyko\u2026","rel":"","context":"&quot;Haberler&quot; i\u00e7inde","block_context":{"text":"Haberler","link":"https:\/\/www.gocmeniz.biz\/?cat=5"},"img":{"alt_text":"","src":"","width":0,"height":0},"classes":[]},{"id":2163,"url":"https:\/\/www.gocmeniz.biz\/?p=2163","url_meta":{"origin":1696,"position":4},"title":"&#8220;Bisikletle \u00f6n yarg\u0131lar\u0131 a\u015fmak&#8221;","author":"Haberci","date":"13 Temmuz 2010","format":false,"excerpt":"Edirne Do\u011fa Sporlar Kul\u00fcb\u00fc (EDOSK) ile Bulgaristan Sofya Uygulama Ara\u015ft\u0131rma Derne\u011fi'nce haz\u0131rlanan \u201cBisikletle \u00d6n yarg\u0131lar\u0131 A\u015fmak\u201d projesi toplant\u0131lar\u0131 ba\u015flad\u0131.Edirne Do\u011fa Sporlar\u0131 Kul\u00fcb\u00fc Ba\u015fkan\u0131 B\u00fclent Bac\u0131, yapt\u0131\u011f\u0131 a\u00e7\u0131klamada, Bulgaristan'\u0131n Sofya Uygulama Ara\u015ft\u0131rma Derne\u011fince ba\u015fvurusu ger\u00e7ekle\u015ftirilen, Bulgaristan Ulusal Ajans\u0131'nca Nisan 2010 d\u00f6neminde kabul edilen 'Bisikletle \u00d6n Yarg\u0131lar\u0131 A\u015fmak' projesinin \u00f6n haz\u0131rl\u0131k toplant\u0131s\u0131n\u0131n\u2026","rel":"","context":"&quot;Haberler&quot; i\u00e7inde","block_context":{"text":"Haberler","link":"https:\/\/www.gocmeniz.biz\/?cat=5"},"img":{"alt_text":"","src":"","width":0,"height":0},"classes":[]},{"id":979,"url":"https:\/\/www.gocmeniz.biz\/?p=979","url_meta":{"origin":1696,"position":5},"title":"Bulgaristan s\u0131n\u0131r\u0131nda vurulan T\u00fcrk\u2019\u00fcn e\u015fi endi\u015feli","author":"Haberci","date":"27 Mart 2009","format":false,"excerpt":"F\u0131rat KESK\u0130NKILI\u00c7\/ED\u0130RNE, (DHA)ED\u0130RNE\u2019de \u00e7i\u00e7ek\u00e7ilik yapan ve 7 ay \u00f6nce Bulgaristan s\u0131n\u0131r\u0131ndan T\u00fcrkiye\u2019ye yabanc\u0131 uyruklu ka\u00e7aklar\u0131 sokmaya \u00e7al\u0131\u015fan Hayati G\u00fcndo\u011fan, Bulgar askerleri taraf\u0131ndan silahla vuruldu. 10 ay hapis cezas\u0131 alan G\u00fcndo\u011fan, tedavisi tamamlan\u0131nca Sofya Cezaevi konuldu. T\u00fcrkiye'deki e\u015fi Dilek G\u00fcndo\u011fan ise kocas\u0131yla ilgilenilmedi\u011fini iddia edip sa\u011fl\u0131\u011f\u0131ndan endi\u015fe duyuyor.22 A\u011fustos g\u00fcn\u00fc evinden\u2026","rel":"","context":"&quot;Haberler&quot; i\u00e7inde","block_context":{"text":"Haberler","link":"https:\/\/www.gocmeniz.biz\/?cat=5"},"img":{"alt_text":"","src":"","width":0,"height":0},"classes":[]}],"jetpack_sharing_enabled":true,"jetpack_likes_enabled":true,"_links":{"self":[{"href":"https:\/\/www.gocmeniz.biz\/index.php?rest_route=\/wp\/v2\/posts\/1696","targetHints":{"allow":["GET"]}}],"collection":[{"href":"https:\/\/www.gocmeniz.biz\/index.php?rest_route=\/wp\/v2\/posts"}],"about":[{"href":"https:\/\/www.gocmeniz.biz\/index.php?rest_route=\/wp\/v2\/types\/post"}],"author":[{"embeddable":true,"href":"https:\/\/www.gocmeniz.biz\/index.php?rest_route=\/wp\/v2\/users\/331"}],"replies":[{"embeddable":true,"href":"https:\/\/www.gocmeniz.biz\/index.php?rest_route=%2Fwp%2Fv2%2Fcomments&post=1696"}],"version-history":[{"count":1,"href":"https:\/\/www.gocmeniz.biz\/index.php?rest_route=\/wp\/v2\/posts\/1696\/revisions"}],"predecessor-version":[{"id":9026,"href":"https:\/\/www.gocmeniz.biz\/index.php?rest_route=\/wp\/v2\/posts\/1696\/revisions\/9026"}],"wp:attachment":[{"href":"https:\/\/www.gocmeniz.biz\/index.php?rest_route=%2Fwp%2Fv2%2Fmedia&parent=1696"}],"wp:term":[{"taxonomy":"category","embeddable":true,"href":"https:\/\/www.gocmeniz.biz\/index.php?rest_route=%2Fwp%2Fv2%2Fcategories&post=1696"},{"taxonomy":"post_tag","embeddable":true,"href":"https:\/\/www.gocmeniz.biz\/index.php?rest_route=%2Fwp%2Fv2%2Ftags&post=1696"}],"curies":[{"name":"wp","href":"https:\/\/api.w.org\/{rel}","templated":true}]}}