{"id":1704,"date":"2009-08-18T12:00:13","date_gmt":"2009-08-18T09:00:13","guid":{"rendered":"http:\/\/www.gocmeniz.biz\/?p=1704"},"modified":"2026-04-03T12:25:38","modified_gmt":"2026-04-03T09:25:38","slug":"bulgaristanda-turkce-haber-tartismasi","status":"publish","type":"post","link":"https:\/\/www.gocmeniz.biz\/?p=1704","title":{"rendered":"Bulgaristan&#8217;da T\u00fcrk\u00e7e haber tart\u0131\u015fmas\u0131"},"content":{"rendered":"<p><b><img data-recalc-dims=\"1\"  title=\"\"  alt=\"0,,3736749_1,00 Bulgaristan&#039;da T\u00fcrk\u00e7e haber tart\u0131\u015fmas\u0131\" decoding=\"async\" style=\"float: left; margin-top: 10px; margin-bottom: 10px; margin-right: 10px;\" src=\"https:\/\/i0.wp.com\/www.dw-world.de\/image\/0%2C%2C3736749_1%2C00.jpg?w=640\" \/>Devlet televizyonunda T\u00fcrk\u00e7e haber b\u00fcltenlerinin yay\u0131n\u0131na devam edilip edilmeyece\u011fi, Bulgaristan&#8217;da siyasi g\u00fcndemi me\u015fgul ediyor. Karar\u0131 h\u00fck\u00fcmet verecek.<\/p>\n<p><\/b>Bulgaristan k\u0131sa bir s\u00fcre \u00f6ncesine kadar daha \u00e7ok, yolsuzluk olaylar\u0131yla gazete man\u015fetlerine ta\u015f\u0131n\u0131yordu. Yeni se\u00e7ilen merkez sa\u011f h\u00fck\u00fcmet de geni\u015f kapsaml\u0131 bir temizlik operasyonu vaadiyle i\u015f ba\u015f\u0131na gelmi\u015fti. Bu y\u00fczden Sofya\u2019daki yeni h\u00fck\u00fcmetin enerjisini, ba\u015fka bir konuya y\u00f6nlendirmesi \u015fa\u015f\u0131rt\u0131c\u0131. Bu konu, \u00fclkede ya\u015fayan yakla\u015f\u0131k 700 bin T\u00fcrk k\u00f6kenli i\u00e7in ulusal televizyonda T\u00fcrk\u00e7e haber okunmas\u0131na devam edilip edilmemesi.<\/p>\n<p><b>B\u00fcltenin kald\u0131r\u0131lmamas\u0131 halinde abluka tehdidi<\/b><\/p>\n<p>\u00dc\u00e7 g\u00fcn i\u00e7inde 12 binden fazla imza. Bu, \u00fclkenin \u00fc\u00e7\u00fcnc\u00fc b\u00fcy\u00fck kenti olan Karadeniz k\u0131y\u0131s\u0131ndaki Varna\u2019da, Bulgar Erkekleri Partisi taraf\u0131ndan organize edilen bir kampanyan\u0131n sonucu. \u0130mza kampanyas\u0131na kat\u0131lanlar, kamu televizyonunda T\u00fcrk\u00e7e haberlerin yay\u0131nlanmas\u0131na kar\u015f\u0131lar. Parti lideri Rosen Markov, toplanan imzalar\u0131, devlet televizyonunun genel m\u00fcd\u00fcr\u00fcne g\u00f6ndermeyi planl\u0131yor. Markov, T\u00fcrk\u00e7e haber b\u00fclteni 10 Kas\u0131m tarihine kadar yay\u0131ndan kald\u0131r\u0131lmad\u0131\u011f\u0131 takdirde, Sofya\u2019daki televizyon binas\u0131n\u0131 abluka alt\u0131na alma tehdidinde bulunuyor.<\/p>\n<p>Markov\u2019un g\u00fcndeme getirdi\u011fi konu,<!--more--> y\u00fczlerce internet forumunda ve say\u0131s\u0131z blogda tart\u0131\u015f\u0131lmaya devam ediliyor. T\u00fcrk\u00e7e haber b\u00fcltenine kar\u015f\u0131 \u00e7\u0131kanlar, gerek\u00e7e olarak t\u00fcm radyo ve televizyon kanallar\u0131n\u0131n, \u00fclkenin resmi dilinde, yani Bulgarca yay\u0131n yapmak zorunda oldu\u011funu belirleyen Bas\u0131n Yasas\u0131&#8217;n\u0131 \u00f6ne s\u00fcr\u00fcyor. Ancak devlet televizyonundaki T\u00fcrk\u00e7e haber b\u00fclteni, 2000 y\u0131l\u0131ndan beri yay\u0131nlan\u0131yor. Pekala, bu konuda neden \u015fimdi bir tart\u0131\u015fma patlak verdi?<\/p>\n<p><b>Tart\u0131\u015fman\u0131n siyasi perde arkas\u0131<\/b><\/p>\n<p>Temmuz ay\u0131ndaki parlamento se\u00e7imleri ile siyasi tablo epey de\u011fi\u015fti. Bulgaristan\u2019daki T\u00fcrkleri temsil eden Hak ve \u00d6zg\u00fcrl\u00fckler Hareketi, sekiz y\u0131l aradan sonra, ilk kez koalisyon h\u00fck\u00fcmetinin d\u0131\u015f\u0131nda kald\u0131. Bir\u00e7ok Bulgar, partinin, az\u0131nl\u0131\u011f\u0131n entegrasyonu konusunda yeterli \u00e7aba g\u00f6stermedi\u011fi, aksine adlar\u0131 yolsuzluk vakalar\u0131na kar\u0131\u015fm\u0131\u015f parti y\u00f6neticilerinin \u00e7\u0131kar\u0131na \u00e7al\u0131\u015ft\u0131\u011f\u0131 g\u00f6r\u00fc\u015f\u00fcnde.<\/p>\n<p>Hak ve \u00d6zg\u00fcrl\u00fckler Hareketi Genel Ba\u015fkan\u0131 Ahmet Do\u011fan, se\u00e7imlerden hemen \u00f6nce, \u00fclkede para ve iktidar da\u011f\u0131l\u0131m\u0131ndan sorumlu ki\u015fi oldu\u011fu y\u00f6n\u00fcndeki a\u00e7\u0131klamas\u0131yla b\u00fcy\u00fck tepki \u00e7ekmi\u015f ve oylar\u0131n \u015fimdi iktidarda olan Boyko Borisov\u2019un partisine y\u00f6nelmesine neden olmu\u015ftu. Borisov da \u015fimdi T\u00fcrk\u00e7e haber b\u00fcltenlerine devam edilip edilmeyece\u011fine karar verecek. Ba\u015fbakan, se\u00e7imlerden \u00f6nce T\u00fcrk n\u00fcfusa ayr\u0131mc\u0131l\u0131k uygulanmas\u0131na izin vermeyece\u011fini, sadece Hak ve \u00d6zg\u00fcrl\u00fckler Hareketi\u2019nden yolsuzluk yapan politikac\u0131lar ile m\u00fccadele edece\u011fini s\u00f6ylemi\u015fti.<\/p>\n<p><b>Se\u00e7ilen zaman sorunlu<\/b><\/p>\n<p>Bulgaristan\u2019\u0131n tan\u0131nm\u0131\u015f sosyolog ve antropologlar\u0131ndan Profes\u00f6r \u0130vaylo Di\u00e7ev, s\u00f6z konusu tart\u0131\u015fma i\u00e7in se\u00e7ilen zaman\u0131n \u00f6nemli bir sorun te\u015fkil etti\u011fi g\u00f6r\u00fc\u015f\u00fcnde:<\/p>\n<p>\u201c\u0130ki konu aras\u0131nda tehlikeli bir ba\u011flant\u0131 yap\u0131lmas\u0131 riski var. \u015eu anda Hak ve \u00d6zg\u00fcrl\u00fckler Hareketi\u2019nin \u00f6nde gelenleri ile ilgili yolsuzluk su\u00e7lamalar\u0131 inceleniyor. E\u011fer bu konudaki iddialar, mahkeme kar\u015f\u0131s\u0131nda do\u011frulan\u0131rsa, \u00fclkedeki T\u00fcrk n\u00fcfus ile su\u00e7 e\u011filimi aras\u0131nda do\u011frudan bir ba\u011flant\u0131 oldu\u011fu izlenimi do\u011facak. O y\u00fczden h\u00fck\u00fcmet yetkililerine, T\u00fcrk\u00e7e televizyon haberlerine devam edilip edilmeyece\u011fi y\u00f6n\u00fcndeki karar\u0131 ileri bir tarihte vermeleri \u00e7a\u011fr\u0131s\u0131nda bulunuyorum.\u201d<\/p>\n<p><b>\u00d6ncelikle bir sorun de\u011fil<\/b><\/p>\n<p>T\u00fcrk\u00e7e haber b\u00fclteninin, yeni se\u00e7ilen parlamentonun g\u00fcndeminde en \u00f6n s\u0131ralara \u00e7ekilmesi, \u00fclkede \u00e7\u00f6z\u00fcm bekleyen sorunlar listesine ters d\u00fc\u015f\u00fcyor. Bulgar devlet televizyonunda T\u00fcrk\u00e7e haberleri haz\u0131rlayan ekip ise yay\u0131na son verilece\u011fine inanm\u0131yor. Yay\u0131n\u0131 haz\u0131rlayanlardan \u0130zzet \u0130smailov,<\/p>\n<p>\u201cB\u00f6yle bir karar, kurumumuzun genel m\u00fcd\u00fcrl\u00fc\u011f\u00fc veya Bas\u0131n Konseyi taraf\u0131ndan al\u0131nmayacak. Karar\u0131 h\u00fck\u00fcmetin vermesi gerek. Yani bu sonu\u00e7ta siyasi bir karar olacak.\u201d \u015feklinde konu\u015fuyor.<\/p>\n<p><b>Yeni Ba\u015fbakan Borisov&#8217;dan \u015foke edici a\u00e7\u0131klamalar<\/b><\/p>\n<p>Bulgaristan\u2019\u0131n yeni ba\u015fbakan\u0131 Borisov, birka\u00e7 ay \u00f6nce, 80\u2019li y\u0131llar\u0131n sonunda \u00fclkedeki T\u00fcrklerin zorla isimlerinin de\u011fi\u015ftirilmesinin asl\u0131nda \u00e7ok yanl\u0131\u015f bir karar olmad\u0131\u011f\u0131, sadece karar uygulan\u0131rken hatalar yap\u0131ld\u0131\u011f\u0131 y\u00f6n\u00fcndeki a\u00e7\u0131klamas\u0131yla \u015fok yaratm\u0131\u015ft\u0131. Borisov, \u015fimdi de \u0131rk\u00e7\u0131 ve a\u015f\u0131r\u0131 milliyet\u00e7i Ataka Partisi\u2019nin bir \u00f6nerisini benimseyerek, Osmanl\u0131lar\u2019a kar\u015f\u0131 hayatlar\u0131n\u0131 kaybeden Bulgarlar i\u00e7in bir anma g\u00fcn\u00fc olu\u015fturulmas\u0131na s\u0131cak bakmaya ba\u015flad\u0131. Borisov\u2019un karar\u0131n\u0131, en az\u0131ndan, konunun kamuoyunda tart\u0131\u015f\u0131lmas\u0131ndan sonra verece\u011fi bildiriliyor.<\/p>\n<p><b>Bistra Seiler \/ \u00c7eviren: Ayd\u0131n \u00dcst\u00fcnel<\/b><br \/>\n<b><i>Edit\u00f6r: H\u00fclya K\u00f6yl\u00fc<\/i><br \/>\n<\/b><\/p>\n<div class=\"zemanta-pixie\"><img data-recalc-dims=\"1\"  title=\"\" decoding=\"async\" class=\"zemanta-pixie-img\"  alt=\"pixy Bulgaristan&#039;da T\u00fcrk\u00e7e haber tart\u0131\u015fmas\u0131\"  src=\"https:\/\/i0.wp.com\/img.zemanta.com\/pixy.gif?w=640\" \/><\/div>\n","protected":false},"excerpt":{"rendered":"<p>Devlet televizyonunda T\u00fcrk\u00e7e haber b\u00fcltenlerinin yay\u0131n\u0131na devam edilip edilmeyece\u011fi, Bulgaristan&#8217;da siyasi g\u00fcndemi me\u015fgul ediyor. Karar\u0131 h\u00fck\u00fcmet verecek. Bulgaristan k\u0131sa bir s\u00fcre \u00f6ncesine kadar daha \u00e7ok, yolsuzluk olaylar\u0131yla gazete man\u015fetlerine ta\u015f\u0131n\u0131yordu. Yeni se\u00e7ilen merkez sa\u011f h\u00fck\u00fcmet de geni\u015f kapsaml\u0131 bir temizlik operasyonu vaadiyle i\u015f ba\u015f\u0131na gelmi\u015fti. Bu y\u00fczden Sofya\u2019daki yeni h\u00fck\u00fcmetin enerjisini, ba\u015fka bir konuya y\u00f6nlendirmesi [&hellip;]<\/p>\n","protected":false},"author":331,"featured_media":0,"comment_status":"open","ping_status":"open","sticky":false,"template":"","format":"standard","meta":{"advanced_seo_description":"","jetpack_seo_html_title":"","jetpack_seo_noindex":false,"ngg_post_thumbnail":0,"jetpack_post_was_ever_published":false,"_jetpack_newsletter_access":"","_jetpack_dont_email_post_to_subs":false,"_jetpack_newsletter_tier_id":0,"_jetpack_memberships_contains_paywalled_content":false,"_jetpack_memberships_contains_paid_content":false,"footnotes":""},"categories":[5],"tags":[],"class_list":["post-1704","post","type-post","status-publish","format-standard","hentry","category-haberler"],"jetpack_featured_media_url":"","jetpack_shortlink":"https:\/\/wp.me\/paHHlZ-ru","jetpack-related-posts":[{"id":1903,"url":"https:\/\/www.gocmeniz.biz\/?p=1903","url_meta":{"origin":1704,"position":0},"title":"T\u00fcrk\u00e7e yay\u0131n\u0131 protesto i\u00e7in kendini yakt\u0131","author":"Haberci","date":"11 Kas\u0131m 2009","format":false,"excerpt":"Bulgaristan\u2019da \u0131rk\u00e7\u0131 lider Rosen Markov, devlet kanal\u0131nda T\u00fcrk\u00e7e haber yay\u0131n\u0131 yap\u0131lmas\u0131n\u0131 protesto etmek i\u00e7in kendini yakt\u0131.KEND\u0130N\u0130 B\u00d6YLE YAKTI\u201cBulgar Erkekleri Partisi\u201d lideri Markov d\u00fcn gece Bulgar Ulusal Kanal\u0131 (BRT) \u00f6n\u00fcne gelerek cadde ortas\u0131na bir masa kurdu ve \u00fczerinde \u201cBNT\u2019de T\u00fcrk\u00e7e habere hay\u0131r. Bu rezillere ne gerek var?\u201d yaz\u0131l\u0131 bir pankart a\u00e7t\u0131.Markov\u2026","rel":"","context":"&quot;Haberler&quot; i\u00e7inde","block_context":{"text":"Haberler","link":"https:\/\/www.gocmeniz.biz\/?cat=5"},"img":{"alt_text":"","src":"","width":0,"height":0},"classes":[]},{"id":1741,"url":"https:\/\/www.gocmeniz.biz\/?p=1741","url_meta":{"origin":1704,"position":1},"title":"&#8220;T\u00fcrk\u00e7e yay\u0131n durdurulsun&#8221;","author":"Haberci","date":"28 A\u011fustos 2009","format":false,"excerpt":"AABulgaristan'da \u0131rk\u00e7\u0131 ve a\u015f\u0131r\u0131 milliyet\u00e7i ATAKA partisinin yay\u0131n organ\u0131 olarak bilinen \"Skat TV\" adl\u0131 \u00f6zel televizyon kanal\u0131 Bulgaristan Devlet Televizyonu'nda (BNT) T\u00fcrk\u00e7e haberlerin yay\u0131ndan kald\u0131r\u0131lmas\u0131 i\u00e7in imza kampanyas\u0131 ba\u015flatt\u0131.\u00dclkede 8 y\u0131ld\u0131r g\u00fcnde 15 dakika olarak yay\u0131nlanan T\u00fcrk\u00e7e haber b\u00fclteninin yasaklanmas\u0131n\u0131 talep eden ATAKA partisinin iste\u011fi \u00fczerine ba\u015flat\u0131lan kampanya \u00e7er\u00e7evesinde SKAT\u2026","rel":"","context":"&quot;Haberler&quot; i\u00e7inde","block_context":{"text":"Haberler","link":"https:\/\/www.gocmeniz.biz\/?cat=5"},"img":{"alt_text":"","src":"","width":0,"height":0},"classes":[]},{"id":1912,"url":"https:\/\/www.gocmeniz.biz\/?p=1912","url_meta":{"origin":1704,"position":2},"title":"BNT M\u00fcd\u00fcr\u00fc: T\u00fcrk\u00e7e haberleri yasaklam\u0131yoruz","author":"Haberci","date":"12 Kas\u0131m 2009","format":false,"excerpt":"T\u00fcrk\u00e7e haber yay\u0131nlar\u0131na tepkilerin y\u00fckseldi\u011fi Bulgaristan'da ulusal televizyon genel m\u00fcd\u00fcr\u00fc, \"T\u00fcrk\u00e7e haberlerin yasaklanmas\u0131na gerek\u00e7e yok, T\u00fcrkiye ileri giderken biz geri mi gidelim\" dedi.SOFYA - Bulgaristan Ulusal Televizyonu (BNT) Genel M\u00fcd\u00fcr\u00fc Ulyana Pr\u0131mova, BNT'de hafta i\u00e7i her g\u00fcn yay\u0131mlanan T\u00fcrk\u00e7e haber program\u0131n\u0131n yasaklanmas\u0131n\u0131n s\u00f6z konusu olmad\u0131\u011f\u0131n\u0131, ayr\u0131ca kabul edilebilir bir gerek\u00e7enin\u2026","rel":"","context":"&quot;Haberler&quot; i\u00e7inde","block_context":{"text":"Haberler","link":"https:\/\/www.gocmeniz.biz\/?cat=5"},"img":{"alt_text":"","src":"","width":0,"height":0},"classes":[]},{"id":2632,"url":"https:\/\/www.gocmeniz.biz\/?p=2632","url_meta":{"origin":1704,"position":3},"title":"Bulgarlar \u015eimdi de Bu Afi\u015fi Konu\u015fuyor!","author":"Haberci","date":"15 \u015eubat 2019","format":false,"excerpt":"Edirne Belediyesinin haz\u0131rlad\u0131\u011f\u0131 yeni y\u0131l kutlama afi\u015flerinde Edirne\u2019nin ad\u0131n\u0131n\u00a0Adrianopolis ve Odrin olarak yaz\u0131lmas\u0131 bir kesimin b\u00fcy\u00fck tepkisini g\u00f6rm\u00fc\u015f ve bu durum Yunan ve Bulgar medyas\u0131na yans\u0131m\u0131\u015ft\u0131. \u015eimdi de Edirne\u2019de bir giyim ma\u011fazas\u0131n\u0131n haz\u0131rlad\u0131\u011f\u0131 Bulgarca afi\u015f Bulgar medyas\u0131na haber oldu. Edirne\u2019deki bir erkek giyim ma\u011fazas\u0131, haz\u0131rlad\u0131\u011f\u0131 T\u00fcrk\u00e7e ve Bulgarca reklamlarda \u201cDonunuza\u2026","rel":"","context":"&quot;Haberler&quot; i\u00e7inde","block_context":{"text":"Haberler","link":"https:\/\/www.gocmeniz.biz\/?cat=5"},"img":{"alt_text":"","src":"https:\/\/i0.wp.com\/www.gocmeniz.biz\/wp-content\/odrin.jpg?fit=640%2C569&ssl=1&resize=350%2C200","width":350,"height":200,"srcset":"https:\/\/i0.wp.com\/www.gocmeniz.biz\/wp-content\/odrin.jpg?fit=640%2C569&ssl=1&resize=350%2C200 1x, https:\/\/i0.wp.com\/www.gocmeniz.biz\/wp-content\/odrin.jpg?fit=640%2C569&ssl=1&resize=525%2C300 1.5x"},"classes":[]},{"id":2621,"url":"https:\/\/www.gocmeniz.biz\/?p=2621","url_meta":{"origin":1704,"position":4},"title":"\u201cBulgaristan\u2019da 1,5 Milyon Ki\u015fi T\u00fcrk\u00e7e Konu\u015fuyor\u201d","author":"Haberci","date":"15 \u015eubat 2019","format":false,"excerpt":"Trakya \u00dcniversitesi Edebiyat Fak\u00fcltesi Tarih B\u00f6l\u00fcm\u00fc \u00d6\u011fretim \u00dcyesi Dr. B\u00fclent Y\u0131ld\u0131r\u0131m, Balkanlar\u2019da 2 milyon civar\u0131nda ki\u015finin T\u00fcrk\u00e7e konu\u015ftu\u011funu belirtti. Y\u0131ld\u0131r\u0131m, gazetecilere yapt\u0131\u011f\u0131 a\u00e7\u0131klamada, T\u00fcrkler\u2019in ve T\u00fcrk\u00e7e\u2019nin Balkanlar\u2019daki varl\u0131\u011f\u0131n\u0131 korudu\u011funu ifade etti. T\u00fcrk\u00e7e\u2019nin Balkanlar\u2019da ya\u015fat\u0131ld\u0131\u011f\u0131n\u0131 ifade eden Y\u0131ld\u0131r\u0131m, b\u00f6lgedeki en yo\u011fun T\u00fcrk n\u00fcfusun Bulgaristan\u2019da oldu\u011funu s\u00f6yledi. T\u00fcrklerin, Bulgaristan n\u00fcfusunun \u00f6nemli bir\u2026","rel":"","context":"&quot;Haberler&quot; i\u00e7inde","block_context":{"text":"Haberler","link":"https:\/\/www.gocmeniz.biz\/?cat=5"},"img":{"alt_text":"","src":"https:\/\/i0.wp.com\/www.gocmeniz.biz\/wp-content\/i.jpg?fit=636%2C372&ssl=1&resize=350%2C200","width":350,"height":200,"srcset":"https:\/\/i0.wp.com\/www.gocmeniz.biz\/wp-content\/i.jpg?fit=636%2C372&ssl=1&resize=350%2C200 1x, https:\/\/i0.wp.com\/www.gocmeniz.biz\/wp-content\/i.jpg?fit=636%2C372&ssl=1&resize=525%2C300 1.5x"},"classes":[]},{"id":1923,"url":"https:\/\/www.gocmeniz.biz\/?p=1923","url_meta":{"origin":1704,"position":5},"title":"Bulgaristan`da,M\u00fcsl\u00fcman T\u00fcrklere tav\u0131r","author":"Haberci","date":"16 Kas\u0131m 2009","format":false,"excerpt":"FHA- Halk\u0131 M\u00fcsl\u00fcman olan T\u00fcrkiye`nin AB`ye girmesini istemeyen g\u00fc\u00e7ler, olmad\u0131k oyunlara ba\u015fvuruyorlar. Milli duygular\u0131n s\u00f6m\u00fcr\u00fcs\u00fc,bunun en kolay ve pis olan\u0131..FHA-M\u00fcsl\u00fcman n\u00fcfusun da ya\u015fad\u0131\u011f\u0131 Bulgaristan`da \u0131rk\u00e7\u0131 lider Rosen Markov`un, devlet kanal\u0131nda T\u00fcrk\u00e7e haber yay\u0131n\u0131 yap\u0131lmas\u0131n\u0131 protesto etmek i\u00e7in kendini yakmas\u0131 hayretle kar\u015f\u0131land\u0131.\"Bulgar Erkekleri Partisi\" lideri Markov d\u00fcn gece Bulgar Ulusal Kanal\u0131(BRT)\u2026","rel":"","context":"&quot;Haberler&quot; i\u00e7inde","block_context":{"text":"Haberler","link":"https:\/\/www.gocmeniz.biz\/?cat=5"},"img":{"alt_text":"","src":"","width":0,"height":0},"classes":[]}],"jetpack_sharing_enabled":true,"jetpack_likes_enabled":true,"_links":{"self":[{"href":"https:\/\/www.gocmeniz.biz\/index.php?rest_route=\/wp\/v2\/posts\/1704","targetHints":{"allow":["GET"]}}],"collection":[{"href":"https:\/\/www.gocmeniz.biz\/index.php?rest_route=\/wp\/v2\/posts"}],"about":[{"href":"https:\/\/www.gocmeniz.biz\/index.php?rest_route=\/wp\/v2\/types\/post"}],"author":[{"embeddable":true,"href":"https:\/\/www.gocmeniz.biz\/index.php?rest_route=\/wp\/v2\/users\/331"}],"replies":[{"embeddable":true,"href":"https:\/\/www.gocmeniz.biz\/index.php?rest_route=%2Fwp%2Fv2%2Fcomments&post=1704"}],"version-history":[{"count":1,"href":"https:\/\/www.gocmeniz.biz\/index.php?rest_route=\/wp\/v2\/posts\/1704\/revisions"}],"predecessor-version":[{"id":9024,"href":"https:\/\/www.gocmeniz.biz\/index.php?rest_route=\/wp\/v2\/posts\/1704\/revisions\/9024"}],"wp:attachment":[{"href":"https:\/\/www.gocmeniz.biz\/index.php?rest_route=%2Fwp%2Fv2%2Fmedia&parent=1704"}],"wp:term":[{"taxonomy":"category","embeddable":true,"href":"https:\/\/www.gocmeniz.biz\/index.php?rest_route=%2Fwp%2Fv2%2Fcategories&post=1704"},{"taxonomy":"post_tag","embeddable":true,"href":"https:\/\/www.gocmeniz.biz\/index.php?rest_route=%2Fwp%2Fv2%2Ftags&post=1704"}],"curies":[{"name":"wp","href":"https:\/\/api.w.org\/{rel}","templated":true}]}}