{"id":1708,"date":"2009-08-19T08:07:53","date_gmt":"2009-08-19T05:07:53","guid":{"rendered":"http:\/\/www.gocmeniz.biz\/?p=1708"},"modified":"2026-04-03T12:25:38","modified_gmt":"2026-04-03T09:25:38","slug":"rusvet-almayan-polis-sohret-oldu","status":"publish","type":"post","link":"https:\/\/www.gocmeniz.biz\/?p=1708","title":{"rendered":"R\u00fc\u015fvet almayan polis \u015f\u00f6hret oldu"},"content":{"rendered":"<p><b><img data-recalc-dims=\"1\"  title=\"\"  alt=\"8623977 R\u00fc\u015fvet almayan polis \u015f\u00f6hret oldu\" decoding=\"async\" style=\"max-width: 800px; float: left; margin-top: 10px; margin-bottom: 10px; margin-right: 10px;\" src=\"https:\/\/i0.wp.com\/www.hurriyet.com.tr\/_np\/3977\/8623977.jpg?w=640\" \/>Polisler aras\u0131nda r\u00fc\u015fvet olaylar\u0131n yayg\u0131n oldu\u011fu Bulgaristan&#8217;da son iki ayda 6 ayr\u0131 r\u00fc\u015fvet teklifini reddeden bir trafik polisi \u015f\u00f6hret oldu.<\/b><\/p>\n<p>&#8220;BTV&#8221; adl\u0131 \u00fclkenin en b\u00fcy\u00fck \u00f6zel TV kanal\u0131n\u0131n haber b\u00fclteninde yer verdi\u011fi olay, k\u0131sa s\u00fcrede \u00fclkenin t\u00fcm medyas\u0131nda man\u015fetlere ta\u015f\u0131n\u0131nca, Hask\u00f6y Emniyet M\u00fcd\u00fcrl\u00fc\u011f\u00fcnde g\u00f6revli polis memuru Andon Dimitdov, kamuoyu g\u00fcndeminin birinci s\u0131ras\u0131na oturdu.<\/p>\n<p>Polis memuru Dimitrov&#8217;un son iki ay i\u00e7inde 6 ayr\u0131 r\u00fc\u015fvet teklifiyle kar\u015f\u0131la\u015ft\u0131\u011f\u0131 ve kendisine r\u00fc\u015fvet vermeye \u00e7al\u0131\u015fan s\u00fcr\u00fcc\u00fcler hakk\u0131nda yasal i\u015flem yapt\u0131\u011f\u0131 bildirildi.<br \/>R\u00fc\u015fvet almad\u0131\u011f\u0131 i\u00e7in bir anda \u00fcne kavu\u015fan Dimitrov, haber a\u011f\u0131rl\u0131kl\u0131 internet sitelerinde de &#8220;g\u00fcn\u00fcn adam\u0131&#8221; haline geldi. \u0130nternet sitelerindeki okuyucu yorumlar\u0131nda, &#8220;R\u00fc\u015fvet alan polislerin haber olmas\u0131 gerekirken, \u00fclkemizde almayanlar haber oluyor. Bu utan\u00e7 vericidir&#8221; yolunda ifadeler kullan\u0131ld\u0131.<\/p>\n<p>Bu arada Trafik Polis M\u00fcd\u00fcrl\u00fc\u011f\u00fcnden yap\u0131lan a\u00e7\u0131klamada, n\u00fcfusu 7,5 milyon olan \u00fclkede 2009 y\u0131l\u0131n\u0131n ilk 7 ay\u0131nda, trafik kurallar\u0131n\u0131 \u00e7i\u011fneyen toplam 600 bin s\u00fcr\u00fcc\u00fcye ceza kesildi\u011fi duyuruldu.<\/p>\n<p>Ba\u015fbakan Boyko Borisov da \u0130\u00e7i\u015fleri Bakanl\u0131\u011f\u0131na d\u00fcn yapt\u0131\u011f\u0131 ilk ziyaret s\u0131ras\u0131nda, &#8220;Vatanda\u015fla 5 ya da 20 leval\u0131k r\u00fc\u015fvet pazarl\u0131\u011f\u0131 yaparak bizi utand\u0131r\u0131p rezil eden trafik polisleriyle m\u00fccadele etmemiz gerekiyor&#8221; demi\u015fti.<\/p>\n<div class=\"zemanta-pixie\"><img data-recalc-dims=\"1\"  title=\"\" decoding=\"async\" class=\"zemanta-pixie-img\"  alt=\"pixy R\u00fc\u015fvet almayan polis \u015f\u00f6hret oldu\"  src=\"https:\/\/i0.wp.com\/img.zemanta.com\/pixy.gif?w=640\" \/><\/div>\n","protected":false},"excerpt":{"rendered":"<p>Polisler aras\u0131nda r\u00fc\u015fvet olaylar\u0131n yayg\u0131n oldu\u011fu Bulgaristan&#8217;da son iki ayda 6 ayr\u0131 r\u00fc\u015fvet teklifini reddeden bir trafik polisi \u015f\u00f6hret oldu. &#8220;BTV&#8221; adl\u0131 \u00fclkenin en b\u00fcy\u00fck \u00f6zel TV kanal\u0131n\u0131n haber b\u00fclteninde yer verdi\u011fi olay, k\u0131sa s\u00fcrede \u00fclkenin t\u00fcm medyas\u0131nda man\u015fetlere ta\u015f\u0131n\u0131nca, Hask\u00f6y Emniyet M\u00fcd\u00fcrl\u00fc\u011f\u00fcnde g\u00f6revli polis memuru Andon Dimitdov, kamuoyu g\u00fcndeminin birinci s\u0131ras\u0131na oturdu. Polis memuru [&hellip;]<\/p>\n","protected":false},"author":331,"featured_media":0,"comment_status":"open","ping_status":"open","sticky":false,"template":"","format":"standard","meta":{"advanced_seo_description":"","jetpack_seo_html_title":"","jetpack_seo_noindex":false,"ngg_post_thumbnail":0,"jetpack_post_was_ever_published":false,"_jetpack_newsletter_access":"","_jetpack_dont_email_post_to_subs":false,"_jetpack_newsletter_tier_id":0,"_jetpack_memberships_contains_paywalled_content":false,"_jetpack_memberships_contains_paid_content":false,"footnotes":""},"categories":[5],"tags":[],"class_list":["post-1708","post","type-post","status-publish","format-standard","hentry","category-haberler"],"jetpack_featured_media_url":"","jetpack_shortlink":"https:\/\/wp.me\/paHHlZ-ry","jetpack-related-posts":[{"id":1860,"url":"https:\/\/www.gocmeniz.biz\/?p=1860","url_meta":{"origin":1708,"position":0},"title":"Baca\u011f\u0131ndan kur\u015funland\u0131 paralar\u0131 \u00e7al\u0131nd\u0131, r\u00fc\u015fvet verip \u00fclkesine d\u00f6nebildi","author":"Haberci","date":"26 Ekim 2009","format":false,"excerpt":"Bulgaristan`n\u0131n Svilengrad kenti yak\u0131nlar\u0131ndan ge\u00e7erken durdurularak aya\u011f\u0131ndan vurulan T\u00fcrk TIR s\u00fcr\u00fcc\u00fcs\u00fc, gasp edildi. 5 g\u00fcn sonra Bulgar polisine r\u00fc\u015fvet verilerek T\u00fcrkiye`ye getirilen s\u00fcr\u00fcc\u00fc, tedavi alt\u0131na al\u0131nd\u0131.18 y\u0131ll\u0131k TIR s\u00fcr\u00fcc\u00fcs\u00fc Hasan Pehlivan 20 Ekim tarihinde Kap\u0131kule s\u0131n\u0131r kap\u0131s\u0131ndan Bulgaristan`a ge\u00e7ti. Pehlivan, Bulgaristan`a girdikten sonra Swelingrat-Harmanl\u0131 kenti aras\u0131nda seyir halindeyken arac\u0131n\u0131n \u00f6n\u2026","rel":"","context":"&quot;Haberler&quot; i\u00e7inde","block_context":{"text":"Haberler","link":"https:\/\/www.gocmeniz.biz\/?cat=5"},"img":{"alt_text":"","src":"","width":0,"height":0},"classes":[]},{"id":1395,"url":"https:\/\/www.gocmeniz.biz\/?p=1395","url_meta":{"origin":1708,"position":1},"title":"T\u00fcrk k\u00f6kenli bakan yard\u0131mc\u0131s\u0131na dava","author":"Haberci","date":"18 Haziran 2009","format":false,"excerpt":"Ad\u0131 bir yolsuzluk ve r\u00fc\u015fvet skandal\u0131na kar\u0131\u015ft\u0131\u011f\u0131 i\u00e7in bir s\u00fcre \u00f6nce g\u00f6revinden istifa eden T\u00fcrk k\u00f6kenli \u0130\u00e7i\u015fleri Bakan Yard\u0131mc\u0131s\u0131 Raif Mustafa hakk\u0131nda `r\u00fc\u015fvet istemek` su\u00e7lamas\u0131yla dava a\u00e7\u0131ld\u0131.Bulgaristan`da savc\u0131l\u0131kta ifade veren Raif Mustafa, tutuklanmas\u0131 talebiyle \u00e7\u0131kar\u0131ld\u0131\u011f\u0131 mahkeme taraf\u0131ndan 10 bin Leva(yakla\u015f\u0131k 10,8 bin TL) kefaletle serbest b\u0131rak\u0131ld\u0131.\u0130ddianamede Raif Mustafa, `Avtoinjenering` adl\u0131\u2026","rel":"","context":"&quot;Haberler&quot; i\u00e7inde","block_context":{"text":"Haberler","link":"https:\/\/www.gocmeniz.biz\/?cat=5"},"img":{"alt_text":"","src":"","width":0,"height":0},"classes":[]},{"id":1506,"url":"https:\/\/www.gocmeniz.biz\/?p=1506","url_meta":{"origin":1708,"position":2},"title":"Sahte Bulgar polisinden domuz gribi kontrol\u00fc","author":"Haberci","date":"06 Temmuz 2009","format":false,"excerpt":"Almanya\u2019da ya\u015fayan T\u00fcrkler, izin yolunda Bulgaristan\u2019da yeni bir oyunla kar\u015f\u0131 kar\u015f\u0131ya. Kulaktan kula\u011fa yay\u0131lan \u201cPolisin domuz gribi olunmad\u0131\u011f\u0131na dair rapor istedi\u011fi\u201d iddialar\u0131na en \u00fcst d\u00fczey yetkililerden yan\u0131t geldi. Almanya'da ya\u015fayan T\u00fcrklerin \u015fik\u00e2yetleri Berlin'deki Bulgaristan B\u00fcy\u00fckel\u00e7ili\u011fi'ne kadar ula\u015ft\u0131. B\u00fcy\u00fckel\u00e7ili\u011fi arayan T\u00fcrk vatanda\u015flar\u0131 hep ayn\u0131 soruyu y\u00f6neltiyor: \u201cBulgaristan s\u0131n\u0131r\u0131nda polisler domuz gribi\u2026","rel":"","context":"&quot;Haberler&quot; i\u00e7inde","block_context":{"text":"Haberler","link":"https:\/\/www.gocmeniz.biz\/?cat=5"},"img":{"alt_text":"","src":"","width":0,"height":0},"classes":[]},{"id":452,"url":"https:\/\/www.gocmeniz.biz\/?p=452","url_meta":{"origin":1708,"position":3},"title":"GURBET\u00c7\u0130N\u0130N \u00c7ORBA PARASI \u0130SYANI","author":"Haberci","date":"30 Haziran 2008","format":false,"excerpt":"Avrupa'n\u0131n \u00e7e\u015fitli \u00fclkelerinde \u00e7al\u0131\u015fan ve yaz tatillerini ge\u00e7irmek \u00fczere T\u00fcrkiye'ye gelen gurbet\u00e7iler s\u0131n\u0131r kap\u0131lar\u0131nda uzun kuyruklar olu\u015fturdu. Gurbet\u00e7iler S\u0131rbistan ve Bulgaristan'da \"\u00c7orba paras\u0131\" ad\u0131 alt\u0131nda al\u0131nan r\u00fc\u015fvetten \u015fikayet ettiler. R\u00fc\u015fvet vermek istemeyen gurbet\u00e7iler bagajlar\u0131n\u0131n bo\u015falt\u0131lmas\u0131 ve ara\u00e7lar\u0131nda arama yap\u0131lmakla tehdit edildiklerini belirttiler. Gurbet\u00e7i sezonunun ba\u015flamas\u0131 ile birlikte Pazarkule ve Kap\u0131kule\u2026","rel":"","context":"Benzer yaz\u0131","block_context":{"text":"Benzer yaz\u0131","link":""},"img":{"alt_text":"","src":"","width":0,"height":0},"classes":[]},{"id":170,"url":"https:\/\/www.gocmeniz.biz\/?p=170","url_meta":{"origin":1708,"position":4},"title":"Kap\u0131kule&#8217;de R\u00fc\u015fveti \u00d6nlemek i\u00e7in Ak\u0131ll\u0131 Kart Sistemi Uygulanacak","author":"Admin","date":"30 A\u011fustos 2007","format":false,"excerpt":"R\u00fc\u015fvet ve ka\u00e7ak\u00e7\u0131l\u0131k operasyonlar\u0131yla g\u00fcndeme gelen d\u00fcnyan\u0131n ikinci, T\u00fcrkiye'nin ise en b\u00fcy\u00fck ve en \u00f6nemli kara s\u0131n\u0131r kap\u0131s\u0131 olan Kap\u0131kule S\u0131n\u0131r Kap\u0131s\u0131'nda, Bulgaristan'\u0131n Lesova S\u0131n\u0131r Kap\u0131s\u0131'nda uygulamaya koydu\u011fu ve ba\u015far\u0131 elde etti\u011fi Ak\u0131ll\u0131 Kart sistemi \u00f6rnek al\u0131nacak. Ayr\u0131ca Kap\u0131kule g\u00fcmr\u00fck sahas\u0131 ve \u00e7evresi 24 saat gizli kameralarla g\u00f6zetlenecek. Edirne Valisi\u2026","rel":"","context":"&quot;Haberler&quot; i\u00e7inde","block_context":{"text":"Haberler","link":"https:\/\/www.gocmeniz.biz\/?cat=5"},"img":{"alt_text":"","src":"https:\/\/i0.wp.com\/resimler.haberler.com\/haber\/632\/kapikule-de-rusveti-onlemek-icin-akilli-kart_o.jpg?resize=350%2C200","width":350,"height":200},"classes":[]},{"id":1863,"url":"https:\/\/www.gocmeniz.biz\/?p=1863","url_meta":{"origin":1708,"position":5},"title":"Bulgar mafyas\u0131n\u0131n sald\u0131r\u0131s\u0131na u\u011frayan T\u00fcrk gurbet\u00e7i konu\u015ftu","author":"Haberci","date":"28 Ekim 2009","format":false,"excerpt":"Almanya\u2019dan T\u00fcrkiye\u2019ye gitmek \u00fczere Bulgaristan\u2019dan transit ge\u00e7i\u015f yaparken kar maskeli ve polis k\u0131yafetli Bulgar otoyol mafyas\u0131n\u0131n sald\u0131r\u0131s\u0131na u\u011frayan T\u00fcrk gurbet\u00e7i \u00c7etin Yald\u0131z, \u201cBir daha Bulgaristan \u00fczerinden u\u00e7akla dahi ge\u00e7mem\u201d dedi.\u00a0 Almanya\u2019da \u00e7al\u0131\u015fan ve Almanya vatanda\u015f\u0131 da olan Yald\u0131z, arkada\u015f\u0131 Macit Yalak ile birlikte Bulgaristan\u2019da ba\u015flar\u0131na gelen olay\u0131n tam bir \u201ckabus\u201d\u2026","rel":"","context":"&quot;Haberler&quot; i\u00e7inde","block_context":{"text":"Haberler","link":"https:\/\/www.gocmeniz.biz\/?cat=5"},"img":{"alt_text":"","src":"","width":0,"height":0},"classes":[]}],"jetpack_sharing_enabled":true,"jetpack_likes_enabled":true,"_links":{"self":[{"href":"https:\/\/www.gocmeniz.biz\/index.php?rest_route=\/wp\/v2\/posts\/1708","targetHints":{"allow":["GET"]}}],"collection":[{"href":"https:\/\/www.gocmeniz.biz\/index.php?rest_route=\/wp\/v2\/posts"}],"about":[{"href":"https:\/\/www.gocmeniz.biz\/index.php?rest_route=\/wp\/v2\/types\/post"}],"author":[{"embeddable":true,"href":"https:\/\/www.gocmeniz.biz\/index.php?rest_route=\/wp\/v2\/users\/331"}],"replies":[{"embeddable":true,"href":"https:\/\/www.gocmeniz.biz\/index.php?rest_route=%2Fwp%2Fv2%2Fcomments&post=1708"}],"version-history":[{"count":1,"href":"https:\/\/www.gocmeniz.biz\/index.php?rest_route=\/wp\/v2\/posts\/1708\/revisions"}],"predecessor-version":[{"id":9023,"href":"https:\/\/www.gocmeniz.biz\/index.php?rest_route=\/wp\/v2\/posts\/1708\/revisions\/9023"}],"wp:attachment":[{"href":"https:\/\/www.gocmeniz.biz\/index.php?rest_route=%2Fwp%2Fv2%2Fmedia&parent=1708"}],"wp:term":[{"taxonomy":"category","embeddable":true,"href":"https:\/\/www.gocmeniz.biz\/index.php?rest_route=%2Fwp%2Fv2%2Fcategories&post=1708"},{"taxonomy":"post_tag","embeddable":true,"href":"https:\/\/www.gocmeniz.biz\/index.php?rest_route=%2Fwp%2Fv2%2Ftags&post=1708"}],"curies":[{"name":"wp","href":"https:\/\/api.w.org\/{rel}","templated":true}]}}