{"id":1712,"date":"2009-08-20T08:06:20","date_gmt":"2009-08-20T05:06:20","guid":{"rendered":"http:\/\/www.gocmeniz.biz\/?p=1712"},"modified":"2026-04-03T12:25:38","modified_gmt":"2026-04-03T09:25:38","slug":"bulgaristan-kabile-210-asker-gonderiyor","status":"publish","type":"post","link":"https:\/\/www.gocmeniz.biz\/?p=1712","title":{"rendered":"Bulgaristan Kabil&#8217;e 210 asker g\u00f6nderiyor"},"content":{"rendered":"<p><b>Bulgaristan h\u00fck\u00fcmeti Afganistan&#8217;daki Bulgar askeri birli\u011finin de\u011fi\u015fim ve g\u00f6rev de\u011fi\u015fikli\u011fini \u00f6ng\u00f6ren karar\u0131 onaylad\u0131.<\/b><\/p>\n<p>H\u00fck\u00fcmetin bug\u00fcn ald\u0131\u011f\u0131 karara g\u00f6re Kabil&#8217;de &#8220;Ba\u015fkent B\u00f6lgesel Komutanl\u0131\u011f\u0131&#8221;nda g\u00f6rev yapan Bulgar birli\u011fi 25 Ekime kadar geri \u00e7ekilecek ve yerine Kabil Havaalan\u0131&#8217;n\u0131n koruma ve g\u00fcvenli\u011finden sorumlu olacak 210 ki\u015filik bir birlik g\u00f6nderilecek.<\/p>\n<p>Kabil&#8217;e 1 Ekim 2009 tarihinde g\u00f6reve ba\u015flamak \u00fczere g\u00f6nderilecek 210 Bulgar askerinin, NATO g\u00fc\u00e7leri ve bu \u00fclkede \u00e7al\u0131\u015fan di\u011fer uluslararas\u0131 \u00f6rg\u00fctler i\u00e7in stratejik \u00f6nem ta\u015f\u0131yan Kabil Havaalan\u0131&#8217;n\u0131n g\u00fcvenli\u011fini sa\u011flayaca\u011f\u0131 a\u00e7\u0131kland\u0131.<\/p>\n<div class=\"zemanta-pixie\"><img data-recalc-dims=\"1\"  title=\"\" decoding=\"async\" class=\"zemanta-pixie-img\"  alt=\"pixy Bulgaristan Kabil&#039;e 210 asker g\u00f6nderiyor\"  src=\"https:\/\/i0.wp.com\/img.zemanta.com\/pixy.gif?w=640\" \/><\/div>\n","protected":false},"excerpt":{"rendered":"<p>Bulgaristan h\u00fck\u00fcmeti Afganistan&#8217;daki Bulgar askeri birli\u011finin de\u011fi\u015fim ve g\u00f6rev de\u011fi\u015fikli\u011fini \u00f6ng\u00f6ren karar\u0131 onaylad\u0131. H\u00fck\u00fcmetin bug\u00fcn ald\u0131\u011f\u0131 karara g\u00f6re Kabil&#8217;de &#8220;Ba\u015fkent B\u00f6lgesel Komutanl\u0131\u011f\u0131&#8221;nda g\u00f6rev yapan Bulgar birli\u011fi 25 Ekime kadar geri \u00e7ekilecek ve yerine Kabil Havaalan\u0131&#8217;n\u0131n koruma ve g\u00fcvenli\u011finden sorumlu olacak 210 ki\u015filik bir birlik g\u00f6nderilecek. Kabil&#8217;e 1 Ekim 2009 tarihinde g\u00f6reve ba\u015flamak \u00fczere g\u00f6nderilecek 210 [&hellip;]<\/p>\n","protected":false},"author":331,"featured_media":0,"comment_status":"open","ping_status":"open","sticky":false,"template":"","format":"standard","meta":{"advanced_seo_description":"","jetpack_seo_html_title":"","jetpack_seo_noindex":false,"ngg_post_thumbnail":0,"jetpack_post_was_ever_published":false,"_jetpack_newsletter_access":"","_jetpack_dont_email_post_to_subs":false,"_jetpack_newsletter_tier_id":0,"_jetpack_memberships_contains_paywalled_content":false,"_jetpack_memberships_contains_paid_content":false,"footnotes":""},"categories":[5],"tags":[],"class_list":["post-1712","post","type-post","status-publish","format-standard","hentry","category-haberler"],"jetpack_featured_media_url":"","jetpack_shortlink":"https:\/\/wp.me\/paHHlZ-rC","jetpack-related-posts":[{"id":1178,"url":"https:\/\/www.gocmeniz.biz\/?p=1178","url_meta":{"origin":1712,"position":0},"title":"Bulgaristan&#8217;da 100 y\u0131l bayram\u0131","author":"Haberci","date":"06 May\u0131s 2009","format":false,"excerpt":"Bulgaristan'da \"6 May\u0131s Ordu ve Cesaret Bayram\u0131\" kutlamalar\u0131na Bulgaristan'\u0131n ba\u011f\u0131ms\u0131zl\u0131k ilan\u0131n\u0131n 100. y\u0131l d\u00f6n\u00fcm\u00fcne denk gelmesi nedeniyle bug\u00fcnden ba\u015fland\u0131.Kutlamalar \u00e7er\u00e7evesinde ba\u015fkent Sofya'ya 11 \u00fclkeden gelen askeri bando ve orkestralar, kentin park ve meydanlar\u0131nda konserler d\u00fczenledi. Askeri bandolar Sofya'n\u0131n yan\u0131 s\u0131ra Plevne, Varna ve Filibe gibi b\u00fcy\u00fck kentlerde de \u00e7e\u015fitli etkinliklere\u2026","rel":"","context":"&quot;Haberler&quot; i\u00e7inde","block_context":{"text":"Haberler","link":"https:\/\/www.gocmeniz.biz\/?cat=5"},"img":{"alt_text":"","src":"","width":0,"height":0},"classes":[]},{"id":1506,"url":"https:\/\/www.gocmeniz.biz\/?p=1506","url_meta":{"origin":1712,"position":1},"title":"Sahte Bulgar polisinden domuz gribi kontrol\u00fc","author":"Haberci","date":"06 Temmuz 2009","format":false,"excerpt":"Almanya\u2019da ya\u015fayan T\u00fcrkler, izin yolunda Bulgaristan\u2019da yeni bir oyunla kar\u015f\u0131 kar\u015f\u0131ya. Kulaktan kula\u011fa yay\u0131lan \u201cPolisin domuz gribi olunmad\u0131\u011f\u0131na dair rapor istedi\u011fi\u201d iddialar\u0131na en \u00fcst d\u00fczey yetkililerden yan\u0131t geldi. Almanya'da ya\u015fayan T\u00fcrklerin \u015fik\u00e2yetleri Berlin'deki Bulgaristan B\u00fcy\u00fckel\u00e7ili\u011fi'ne kadar ula\u015ft\u0131. B\u00fcy\u00fckel\u00e7ili\u011fi arayan T\u00fcrk vatanda\u015flar\u0131 hep ayn\u0131 soruyu y\u00f6neltiyor: \u201cBulgaristan s\u0131n\u0131r\u0131nda polisler domuz gribi\u2026","rel":"","context":"&quot;Haberler&quot; i\u00e7inde","block_context":{"text":"Haberler","link":"https:\/\/www.gocmeniz.biz\/?cat=5"},"img":{"alt_text":"","src":"","width":0,"height":0},"classes":[]},{"id":623,"url":"https:\/\/www.gocmeniz.biz\/?p=623","url_meta":{"origin":1712,"position":2},"title":"BULGAR\u0130STAN IRAK&#8217;TAK\u0130 ASKER\u0130 B\u0130RL\u0130\u011e\u0130N\u0130 GER\u0130 \u00c7EK\u0130YOR","author":"Haberci","date":"14 Kas\u0131m 2008","format":false,"excerpt":"Bulgaristan Savunma bakan\u0131 Nikolay Tzonev, \u00fclkenin Irak'ta bulundurdu\u011fu askeri birli\u011fini y\u0131l sonuna kadar geri \u00e7ekece\u011fini bildirdi.Tzonev, Bulgar h\u00fck\u00fcmetinin bug\u00fcn, birlik personelinin 15 ile 20 Aral\u0131k tarihleri aras\u0131nda iki u\u00e7ak seferi ile yurda d\u00f6nmesine karar verdi\u011fini a\u00e7\u0131klad\u0131.Ba\u015fbakan Sergey Stani\u015fev de Irak, Afganistan, Kosova ve Bosna Hersek'de asker bulunduran Bulgaristan'\u0131n Irak'taki g\u00f6revini\u2026","rel":"","context":"&quot;Haberler&quot; i\u00e7inde","block_context":{"text":"Haberler","link":"https:\/\/www.gocmeniz.biz\/?cat=5"},"img":{"alt_text":"","src":"","width":0,"height":0},"classes":[]},{"id":1272,"url":"https:\/\/www.gocmeniz.biz\/?p=1272","url_meta":{"origin":1712,"position":3},"title":"Emekli generalden SAVA\u015e itiraf\u0131","author":"Haberci","date":"28 May\u0131s 2009","format":false,"excerpt":"BULGAR\u0130STAN Cumhurba\u015fkan\u0131 Yard\u0131mc\u0131s\u0131 emekli General Angel Marin ilgin\u00e7 bir itirafta bulundu. BULGAR\u0130STAN Cumhurba\u015fkan\u0131 Yard\u0131mc\u0131s\u0131 emekli General Angel Marin \u00fclkesinde silahl\u0131 kuvvetlerde g\u00f6rev yapt\u0131\u011f\u0131 s\u0131rada kendilerinin s\u00fcrekli olarak T\u00fcrkiye ile sava\u015f yap\u0131lmas\u0131 konusunda e\u011fitildi\u011fini s\u00f6yledi. Trakya \u00dcniversitesi Yabanc\u0131 Diller Y\u00fcksek Okulu T\u00fcrk- Bulgar Akademisyenler ve \u00d6\u011frenciler Bulu\u015fma Noktas\u0131'n\u0131n a\u00e7\u0131l\u0131\u015f\u0131 Bulgaristan Cumhurba\u015fkan\u0131\u2026","rel":"","context":"&quot;Haberler&quot; i\u00e7inde","block_context":{"text":"Haberler","link":"https:\/\/www.gocmeniz.biz\/?cat=5"},"img":{"alt_text":"","src":"","width":0,"height":0},"classes":[]},{"id":403,"url":"https:\/\/www.gocmeniz.biz\/?p=403","url_meta":{"origin":1712,"position":4},"title":"KIRCAAL\u0130&#8217;L\u0130 SOYDA\u015eLARDAN TEK\u0130RDA\u011e BELED\u0130YES\u0130&#8217;NE Z\u0130YARET","author":"Admin","date":"31 May\u0131s 2008","format":false,"excerpt":"Bulgaristan'\u0131n K\u0131rcaali Belediye Ba\u015fkan\u0131 Hasan Aziz ve K\u0131rcaali'de g\u00f6rev yapan yerel ve ulusal gazetecilerden olu\u015fan bir ekip, Tekirda\u011f Belediyesi'ni ziyaret etti.Karde\u015f \u015fehir projesi \u00e7er\u00e7evesinde Tekirda\u011f'a gelen Bulgaristan'\u0131n K\u0131rcaali kentinin Belediye Ba\u015fkan\u0131 Hasan Aziz ve K\u0131rcaali'de g\u00f6rev yapan yerel ve ulusal gazeteciler, Ba\u015fkan yard\u0131mc\u0131lar\u0131 M\u00fcrsel \u00d6zcan ve Fevzi K\u0131ran taraf\u0131ndan kar\u015f\u0131land\u0131.\u2026","rel":"","context":"Benzer yaz\u0131","block_context":{"text":"Benzer yaz\u0131","link":""},"img":{"alt_text":"","src":"","width":0,"height":0},"classes":[]},{"id":27,"url":"https:\/\/www.gocmeniz.biz\/?p=27","url_meta":{"origin":1712,"position":5},"title":"Bulgar gazetelerinde bug\u00fcn. 6 Mart 2007 Sal\u0131.","author":"Admin","date":"06 Mart 2007","format":false,"excerpt":"GENEL VE POL\u0130T\u0130KA D\u00fcnya Ekonomi Forumu\u2019nun, turizmde rekabet g\u00fcc\u00fcne ili\u015fkin haz\u0131rlad\u0131\u011f\u0131 bir s\u0131ralamada Bulgaristan 124 \u015firket aras\u0131nda 4. yerde bulunuyor. (Pari) - Devlet \u0130daresi Bakan\u0131 Nikolay Vasilev, Avrupa Parlamentosu i\u00e7in milletvekilli\u011fi se\u00e7imlerinin Bulgaristan\u2019a 12 milyon levaya mal olaca\u011f\u0131n\u0131 a\u00e7\u0131klad\u0131. (Standart) - Ba\u015fbakan Sergey Stani\u015fev, yak\u0131nda Avrupa \u0130\u015flerinden sorumlu bakan olarak\u2026","rel":"","context":"&quot;Haberler&quot; i\u00e7inde","block_context":{"text":"Haberler","link":"https:\/\/www.gocmeniz.biz\/?cat=5"},"img":{"alt_text":"","src":"","width":0,"height":0},"classes":[]}],"jetpack_sharing_enabled":true,"jetpack_likes_enabled":true,"_links":{"self":[{"href":"https:\/\/www.gocmeniz.biz\/index.php?rest_route=\/wp\/v2\/posts\/1712","targetHints":{"allow":["GET"]}}],"collection":[{"href":"https:\/\/www.gocmeniz.biz\/index.php?rest_route=\/wp\/v2\/posts"}],"about":[{"href":"https:\/\/www.gocmeniz.biz\/index.php?rest_route=\/wp\/v2\/types\/post"}],"author":[{"embeddable":true,"href":"https:\/\/www.gocmeniz.biz\/index.php?rest_route=\/wp\/v2\/users\/331"}],"replies":[{"embeddable":true,"href":"https:\/\/www.gocmeniz.biz\/index.php?rest_route=%2Fwp%2Fv2%2Fcomments&post=1712"}],"version-history":[{"count":1,"href":"https:\/\/www.gocmeniz.biz\/index.php?rest_route=\/wp\/v2\/posts\/1712\/revisions"}],"predecessor-version":[{"id":9022,"href":"https:\/\/www.gocmeniz.biz\/index.php?rest_route=\/wp\/v2\/posts\/1712\/revisions\/9022"}],"wp:attachment":[{"href":"https:\/\/www.gocmeniz.biz\/index.php?rest_route=%2Fwp%2Fv2%2Fmedia&parent=1712"}],"wp:term":[{"taxonomy":"category","embeddable":true,"href":"https:\/\/www.gocmeniz.biz\/index.php?rest_route=%2Fwp%2Fv2%2Fcategories&post=1712"},{"taxonomy":"post_tag","embeddable":true,"href":"https:\/\/www.gocmeniz.biz\/index.php?rest_route=%2Fwp%2Fv2%2Ftags&post=1712"}],"curies":[{"name":"wp","href":"https:\/\/api.w.org\/{rel}","templated":true}]}}