{"id":1716,"date":"2009-08-20T15:54:49","date_gmt":"2009-08-20T12:54:49","guid":{"rendered":"http:\/\/www.gocmeniz.biz\/?p=1716"},"modified":"2026-04-03T12:17:07","modified_gmt":"2026-04-03T09:17:07","slug":"uc-gunde-uc-ulke","status":"publish","type":"post","link":"https:\/\/www.gocmeniz.biz\/?p=1716","title":{"rendered":"\u00dc\u00e7 g\u00fcnde \u00fc\u00e7 \u00fclke"},"content":{"rendered":"<p><b><img data-recalc-dims=\"1\"  title=\"\"  alt=\"8636376 \u00dc\u00e7 g\u00fcnde \u00fc\u00e7 \u00fclke\" decoding=\"async\" style=\"max-width: 800px; float: left; margin-top: 10px; margin-bottom: 10px; margin-right: 10px;\" src=\"https:\/\/i0.wp.com\/www.hurriyet.com.tr\/_np\/6376\/8636376.jpg?w=640\" \/>Edirne&#8217;de bir seyahat acentesi b\u00fct\u00fcn masraflar dahil 220 Avro&#8217;ya yerli ve yabanc\u0131 turistlere 3 g\u00fcnde 3 \u00fclke gezme f\u0131rsat\u0131 sunuyor.<\/b><\/p>\n<p>\u00c7a\u011flar \u015eirketler Grubu Sahibi Recep Z\u0131pk\u0131nkurt, T\u00fcrkiye&#8217;de \u015fengen vizesi olan vatanda\u015flara Edirne, Bulgaristan, Yunanistan ve Makedonya&#8217;y\u0131 kapsayan gezi d\u00fczenleyeceklerini belirtti.<\/p>\n<p>Geziye kat\u0131lan yerli turistlere Edirne&#8217;de ba\u015fta Selimiye Cami, Sa\u011fl\u0131k M\u00fczesi, Alipa\u015fa ve Arasta \u00c7ar\u015f\u0131s\u0131 olmak \u00fczere kentin tarihi ve turisttik yerlerini gezdireceklerini ifade eden Z\u0131pk\u0131nkurt, Edirne gezisinin ard\u0131ndan Bulgaristan, Yunanistan ve Makedonya&#8217;ya gidilece\u011fini bildirdi.<\/p>\n<p>T\u00fcrkiye&#8217;deki ekonomik kriz nedeniyle tatile gidemeyen vatanda\u015flara b\u00fcy\u00fck bir imkan sunduklar\u0131n\u0131 anlatan Z\u0131pk\u0131nkurt, \u015funlar\u0131 s\u00f6yledi:<\/p>\n<p>\u201cBizim as\u0131l amac\u0131m\u0131z insanlar\u0131m\u0131za Edirne&#8217;yi tan\u0131tmakt\u0131. Fakat turumuzu daha cazip hale getirmek i\u00e7in Bulgaristan, Yunanistan ve Makedonya ziyaretlerini de ekledik. Bulgaristan&#8217;da Plovdiv, Makedonya&#8217;da \u00dcsk\u00fcp, Yunanistan&#8217;da da G\u00fcm\u00fclcine ve Kavala kentlerinin tarihi ve turistik b\u00f6lgeleri ziyaret edilecek. Tur 220 Avro. Tura kat\u0131lacak T\u00fcrk vatanda\u015flar\u0131, Bulgaristan, Yunanistan ve Makedonya&#8217;da bir g\u00fcn bir gece konaklayacak. Bu \u00fc\u00e7 g\u00fcnl\u00fck seyahat sonunda mutlu olacaklar\u0131n\u0131 d\u00fc\u015f\u00fcn\u00fcyorum.<\/p>\n<p>\u00c7\u00fcnk\u00fc her b\u00f6lgenin kendine has \u00f6zelliklerinin yan\u0131nda Osmanl\u0131&#8217;dan kalan tarihi miraslar\u0131 da g\u00f6recekler. Bu miraslar\u0131 g\u00f6rmek, payla\u015fmak ve anlatmak herkesin hakk\u0131d\u0131r.\u201d<\/p>\n<p>D\u00fczenleyecekleri 3 g\u00fcnde 3 \u00fclke gezisine, Bulgaristan ve Yunanistan Ba\u015fkonsolosluklar\u0131n\u0131n da destek verdi\u011fini anlatan Z\u0131pk\u0131nkurt, Trakya&#8217;dan geziye kat\u0131lacak ki\u015filere vize alma konusunda kolayl\u0131k sa\u011flayacaklar\u0131n\u0131 bildirdi.<\/p>\n<div class=\"zemanta-pixie\"><img data-recalc-dims=\"1\"  title=\"\" decoding=\"async\" class=\"zemanta-pixie-img\"  alt=\"pixy \u00dc\u00e7 g\u00fcnde \u00fc\u00e7 \u00fclke\"  src=\"https:\/\/i0.wp.com\/img.zemanta.com\/pixy.gif?w=640\" \/><\/div>\n","protected":false},"excerpt":{"rendered":"<p>Edirne&#8217;de bir seyahat acentesi b\u00fct\u00fcn masraflar dahil 220 Avro&#8217;ya yerli ve yabanc\u0131 turistlere 3 g\u00fcnde 3 \u00fclke gezme f\u0131rsat\u0131 sunuyor. \u00c7a\u011flar \u015eirketler Grubu Sahibi Recep Z\u0131pk\u0131nkurt, T\u00fcrkiye&#8217;de \u015fengen vizesi olan vatanda\u015flara Edirne, Bulgaristan, Yunanistan ve Makedonya&#8217;y\u0131 kapsayan gezi d\u00fczenleyeceklerini belirtti. Geziye kat\u0131lan yerli turistlere Edirne&#8217;de ba\u015fta Selimiye Cami, Sa\u011fl\u0131k M\u00fczesi, Alipa\u015fa ve Arasta \u00c7ar\u015f\u0131s\u0131 olmak [&hellip;]<\/p>\n","protected":false},"author":331,"featured_media":0,"comment_status":"open","ping_status":"open","sticky":false,"template":"","format":"standard","meta":{"advanced_seo_description":"","jetpack_seo_html_title":"","jetpack_seo_noindex":false,"ngg_post_thumbnail":0,"jetpack_post_was_ever_published":false,"_jetpack_newsletter_access":"","_jetpack_dont_email_post_to_subs":false,"_jetpack_newsletter_tier_id":0,"_jetpack_memberships_contains_paywalled_content":false,"_jetpack_memberships_contains_paid_content":false,"footnotes":""},"categories":[5],"tags":[],"class_list":["post-1716","post","type-post","status-publish","format-standard","hentry","category-haberler"],"jetpack_featured_media_url":"","jetpack_shortlink":"https:\/\/wp.me\/paHHlZ-rG","jetpack-related-posts":[{"id":1581,"url":"https:\/\/www.gocmeniz.biz\/?p=1581","url_meta":{"origin":1716,"position":0},"title":"BULGAR TUR\u0130ST T\u00dcRK\u0130YE`Y\u0130 TERC\u0130H ETT\u0130","author":"Haberci","date":"23 Temmuz 2009","format":false,"excerpt":"Ekonomik kriz nedeniyle \u00fclkeye gelen yabanc\u0131 turist say\u0131s\u0131nda b\u00fcy\u00fck azalma oldu\u011funu kaydeden Kru\u015fkova, yerli turistlerin T\u00fcrkiye ve Yunanistan`a gittiklerini s\u00f6yledi.BULGAR\u0130STAN da bakanl\u0131k stat\u00fcs\u00fcne sahip Devlet Turizm Ajans\u0131n\u0131n(DTA) Ba\u015fkan\u0131 Aneliya Kru\u015fkova, ajans\u0131n t\u00fcm \u00e7abalar\u0131na ra\u011fmen, yerli turistin yaz tatili i\u00e7in yurt d\u0131\u015f\u0131na gitmesinin \u00f6n\u00fcne ge\u00e7emediklerini s\u00f6yledi.Kru\u015fkova, DTA n\u0131n i\u00e7 turizmi canland\u0131rmak\u2026","rel":"","context":"&quot;Haberler&quot; i\u00e7inde","block_context":{"text":"Haberler","link":"https:\/\/www.gocmeniz.biz\/?cat=5"},"img":{"alt_text":"","src":"","width":0,"height":0},"classes":[]},{"id":1692,"url":"https:\/\/www.gocmeniz.biz\/?p=1692","url_meta":{"origin":1716,"position":1},"title":"Kriz Bulgaristan turizmini vurdu","author":"Haberci","date":"16 A\u011fustos 2009","format":false,"excerpt":"Bulgaristan`da ekonomik kriz, turizm sekt\u00f6r\u00fcn\u00fc de olumsuz etkilerken, yaz sezonunda otellerin y\u00fczde 60 kapasiteyle \u00e7al\u0131\u015ft\u0131\u011f\u0131 a\u00e7\u0131kland\u0131. Ekonomi, Enerji ve Turizm Bakan Yard\u0131mc\u0131s\u0131 \u0130vo Marinov, \u00f6zel `bTV` kanal\u0131na yapt\u0131\u011f\u0131 a\u00e7\u0131klamada, turizm sekt\u00f6r\u00fcne devlet deste\u011fi verilmesi amac\u0131yla h\u00fck\u00fcmetin, en az 6 gece \u00fclkedeki otellerde kalan yerli turistlere vergi indirimi yapmay\u0131 planlad\u0131\u011f\u0131n\u0131 a\u00e7\u0131klad\u0131.\u2026","rel":"","context":"&quot;Haberler&quot; i\u00e7inde","block_context":{"text":"Haberler","link":"https:\/\/www.gocmeniz.biz\/?cat=5"},"img":{"alt_text":"","src":"","width":0,"height":0},"classes":[]},{"id":336,"url":"https:\/\/www.gocmeniz.biz\/?p=336","url_meta":{"origin":1716,"position":2},"title":"Edirne&#8217;de Nehirlerde Arsenik Alarm\u0131","author":"Haberci","date":"18 Nisan 2008","format":false,"excerpt":"Bulgaristan'\u0131n Poibren kasabas\u0131n\u0131n i\u00e7me suyuna arsenik kar\u0131\u015ft\u0131\u011f\u0131, T\u00fcrkiye ve Yunanistan'\u0131n da bu durumdan etkilenebilece\u011fi y\u00f6n\u00fcndeki s\u00f6ylemler yetkilileri harekete ge\u00e7irdi. Edirne \u00c7evre M\u00fcd\u00fcrl\u00fc\u011f\u00fc uzmanlar\u0131 Meri\u00e7, Tunca ve Arda nehirlerinden su \u00f6rnekleri alarak tahlile g\u00f6nderdi. Edirne Valisi Nusret Miro\u011flu ise \"Olay\u0131n do\u011frulu\u011funu ara\u015ft\u0131r\u0131yoruz\" dedi. Meri\u00e7 Nehri'ne Arsenik kar\u0131\u015ft\u0131\u011f\u0131 iddialar\u0131 T\u00fcrk makamlar\u0131 harekete\u2026","rel":"","context":"&quot;Haberler&quot; i\u00e7inde","block_context":{"text":"Haberler","link":"https:\/\/www.gocmeniz.biz\/?cat=5"},"img":{"alt_text":"","src":"https:\/\/i0.wp.com\/resimler.haberler.com\/haber\/756\/edirne-de-nehirlerde-arsenik-alarmi_o.jpg?resize=350%2C200","width":350,"height":200},"classes":[]},{"id":1593,"url":"https:\/\/www.gocmeniz.biz\/?p=1593","url_meta":{"origin":1716,"position":3},"title":"Bulgaristan \u0130\u00e7 Turizme \u00c7a\u011f\u0131rd\u0131 Bulgar Turist T\u00fcrkiye&#8217;ye Geldi","author":"Haberci","date":"24 Temmuz 2009","format":false,"excerpt":"BULGAR\u0130STAN\u2019da bakanl\u0131k stat\u00fcs\u00fcne sahip Devlet Turizm Ajans\u0131n\u0131n (DTA) Ba\u015fkan\u0131 Aneliya Kru\u015fkova, ajans\u0131n t\u00fcm \u00e7abalar\u0131na ra\u011fmen, yerli turistin yaz tatili i\u00e7in yurt d\u0131\u015f\u0131na gitmesinin \u00f6n\u00fcne\u00a0 ge\u00e7emediklerini s\u00f6yledi. Kru\u015fkova, DTA\u2019n\u0131n i\u00e7 turizmi canland\u0131rmak amac\u0131yla yakla\u015f\u0131k 6 milyon leva (3 milyon Euro) reklam harcamas\u0131 yapt\u0131\u011f\u0131n\u0131 belirterek, \u201cBuna ra\u011fmen maalesef Bulgar turistler yine T\u00fcrkiye\u2026","rel":"","context":"&quot;Haberler&quot; i\u00e7inde","block_context":{"text":"Haberler","link":"https:\/\/www.gocmeniz.biz\/?cat=5"},"img":{"alt_text":"","src":"","width":0,"height":0},"classes":[]},{"id":8478,"url":"https:\/\/www.gocmeniz.biz\/?p=8478","url_meta":{"origin":1716,"position":4},"title":"T\u00fcrkiye&#8217;deki \u00e7ifte vatanda\u015flara 19 Nisan Bulgaristan se\u00e7imleri i\u00e7in &#8220;sand\u0131\u011fa gidin&#8221; \u00e7a\u011fr\u0131s\u0131","author":"Admin","date":"28 Mart 2026","format":false,"excerpt":"Trakya Balkan T\u00fcrkleri K\u00fclt\u00fcr ve Dayan\u0131\u015fma Derne\u011fi Ba\u015fkan\u0131 Cevat G\u00fcne\u015f, 19 Nisan'da Bulgaristan'da yap\u0131lacak milletvekili se\u00e7imleri i\u00e7in T\u00fcrkiye'de ya\u015fayan \u00e7ifte vatanda\u015flara \"sand\u0131\u011fa gidin\" \u00e7a\u011fr\u0131s\u0131nda bulundu. Bulgaristan'\u0131n erken genel se\u00e7im s\u00fcrecine ili\u015fkin AA muhabirine de\u011ferlendirmelerde bulunan G\u00fcne\u015f, \u00fclkede siyasal zeminin uzun s\u00fcredir \u00e7\u0131kmazda oldu\u011funu s\u00f6yledi. Kurulan h\u00fck\u00fcmetlerin devaml\u0131l\u0131k sa\u011flayamad\u0131\u011f\u0131n\u0131 belirten G\u00fcne\u015f,\u2026","rel":"","context":"&quot;Haberler&quot; i\u00e7inde","block_context":{"text":"Haberler","link":"https:\/\/www.gocmeniz.biz\/?cat=5"},"img":{"alt_text":"","src":"https:\/\/i0.wp.com\/www.gocmeniz.biz\/wp-content\/turkiye-deki-cifte-vatandaslara-19-nisan-19695039_amp.jpg?fit=1200%2C800&ssl=1&resize=350%2C200","width":350,"height":200,"srcset":"https:\/\/i0.wp.com\/www.gocmeniz.biz\/wp-content\/turkiye-deki-cifte-vatandaslara-19-nisan-19695039_amp.jpg?fit=1200%2C800&ssl=1&resize=350%2C200 1x, https:\/\/i0.wp.com\/www.gocmeniz.biz\/wp-content\/turkiye-deki-cifte-vatandaslara-19-nisan-19695039_amp.jpg?fit=1200%2C800&ssl=1&resize=525%2C300 1.5x, https:\/\/i0.wp.com\/www.gocmeniz.biz\/wp-content\/turkiye-deki-cifte-vatandaslara-19-nisan-19695039_amp.jpg?fit=1200%2C800&ssl=1&resize=700%2C400 2x, https:\/\/i0.wp.com\/www.gocmeniz.biz\/wp-content\/turkiye-deki-cifte-vatandaslara-19-nisan-19695039_amp.jpg?fit=1200%2C800&ssl=1&resize=1050%2C600 3x"},"classes":[]},{"id":968,"url":"https:\/\/www.gocmeniz.biz\/?p=968","url_meta":{"origin":1716,"position":5},"title":"BALKAN SAVA\u015eI \u015eEH\u0130TLER\u0130 T\u00d6RENLE ANILDI","author":"Haberci","date":"27 Mart 2009","format":false,"excerpt":"Balkan Sava\u015flar\u0131 s\u0131ras\u0131nda \u015fehit d\u00fc\u015fen askerler Edirne'de d\u00fczenlenen t\u00f6renle an\u0131ld\u0131. Her y\u0131l 26 mart tarihinde yap\u0131lan anma t\u00f6reni \u015e\u00fckr\u00fc Pa\u015fa An\u0131t\u0131'n\u0131n bulundu\u011fu Bu\u00e7uktepe'de d\u00fczenlendi. T\u00f6rene Edirne Valisi Mustafa B\u00fcy\u00fck, Belediye Ba\u015fkanvekili Nam\u0131k Kemal D\u00f6leneken, Garnizon Komutan\u0131 Tu\u011fgeneral Pa\u015fa \u00d6zen ve \u00e7ok say\u0131da daire m\u00fcd\u00fcr\u00fc kat\u0131ld\u0131. Sayg\u0131 duru\u015funun yap\u0131lmas\u0131 ve \u0130stiklal\u2026","rel":"","context":"&quot;Haberler&quot; i\u00e7inde","block_context":{"text":"Haberler","link":"https:\/\/www.gocmeniz.biz\/?cat=5"},"img":{"alt_text":"","src":"","width":0,"height":0},"classes":[]}],"jetpack_sharing_enabled":true,"jetpack_likes_enabled":true,"_links":{"self":[{"href":"https:\/\/www.gocmeniz.biz\/index.php?rest_route=\/wp\/v2\/posts\/1716","targetHints":{"allow":["GET"]}}],"collection":[{"href":"https:\/\/www.gocmeniz.biz\/index.php?rest_route=\/wp\/v2\/posts"}],"about":[{"href":"https:\/\/www.gocmeniz.biz\/index.php?rest_route=\/wp\/v2\/types\/post"}],"author":[{"embeddable":true,"href":"https:\/\/www.gocmeniz.biz\/index.php?rest_route=\/wp\/v2\/users\/331"}],"replies":[{"embeddable":true,"href":"https:\/\/www.gocmeniz.biz\/index.php?rest_route=%2Fwp%2Fv2%2Fcomments&post=1716"}],"version-history":[{"count":1,"href":"https:\/\/www.gocmeniz.biz\/index.php?rest_route=\/wp\/v2\/posts\/1716\/revisions"}],"predecessor-version":[{"id":8704,"href":"https:\/\/www.gocmeniz.biz\/index.php?rest_route=\/wp\/v2\/posts\/1716\/revisions\/8704"}],"wp:attachment":[{"href":"https:\/\/www.gocmeniz.biz\/index.php?rest_route=%2Fwp%2Fv2%2Fmedia&parent=1716"}],"wp:term":[{"taxonomy":"category","embeddable":true,"href":"https:\/\/www.gocmeniz.biz\/index.php?rest_route=%2Fwp%2Fv2%2Fcategories&post=1716"},{"taxonomy":"post_tag","embeddable":true,"href":"https:\/\/www.gocmeniz.biz\/index.php?rest_route=%2Fwp%2Fv2%2Ftags&post=1716"}],"curies":[{"name":"wp","href":"https:\/\/api.w.org\/{rel}","templated":true}]}}