{"id":1718,"date":"2009-08-21T08:35:55","date_gmt":"2009-08-21T05:35:55","guid":{"rendered":"http:\/\/www.gocmeniz.biz\/?p=1718"},"modified":"2026-04-03T12:25:38","modified_gmt":"2026-04-03T09:25:38","slug":"bulgaristan-sinir-polis-muduru-gorevinden-alindi","status":"publish","type":"post","link":"https:\/\/www.gocmeniz.biz\/?p=1718","title":{"rendered":"Bulgaristan s\u0131n\u0131r polis m\u00fcd\u00fcr\u00fc g\u00f6revinden al\u0131nd\u0131"},"content":{"rendered":"<p><b>Bulgaristan S\u0131n\u0131r Polisi Genel M\u00fcd\u00fcr\u00fc Komiser Krasimir Petrov&#8217;un g\u00f6revden al\u0131nd\u0131\u011f\u0131 a\u00e7\u0131kland\u0131.<\/b><\/p>\n<p>Ba\u015fbakan Yard\u0131mc\u0131s\u0131 ve \u0130\u00e7i\u015fleri Bakan\u0131 Tzvetan Tzvetanov, Bulgar Ulusal Haber Ajans\u0131na (BTA) yapt\u0131\u011f\u0131 a\u00e7\u0131klamada, baz\u0131 s\u0131n\u0131r kap\u0131lar\u0131nda yolsuzluklar yap\u0131ld\u0131\u011f\u0131 ve sorunlar bulundu\u011fu s\u00f6ylentileri \u00fczerine Petrov&#8217;un g\u00f6revine son verme karar ald\u0131\u011f\u0131n\u0131 s\u00f6yledi.<\/p>\n<p>Bakanl\u0131k m\u00fcfetti\u015fleriyle g\u00f6r\u00fc\u015ft\u00fckten sonra ald\u0131\u011f\u0131 karar\u0131n do\u011fru oldu\u011funa inand\u0131\u011f\u0131n\u0131 ifade eden Tzvetanov, Petrov&#8217;un yerine atanacak ki\u015finin \u00fc\u00e7 aday aras\u0131nda se\u00e7ilece\u011fini kaydetti.<\/p>\n<p>Komiser Petrov, eski \u0130\u00e7i\u015fleri Bakan\u0131 Rumen Petkov taraf\u0131ndan 2005 y\u0131l\u0131nda atanm\u0131\u015ft\u0131. Bakan Petkov, Bulgar bas\u0131n\u0131nda &#8220;yeralt\u0131 d\u00fcnyas\u0131yla ili\u015fkisi oldu\u011fu&#8221; y\u00f6n\u00fcnde \u00e7\u0131kan haberler \u00fczerine g\u00f6revden al\u0131nm\u0131\u015ft\u0131. <\/p>\n<div class=\"zemanta-pixie\"><img data-recalc-dims=\"1\"  title=\"\" decoding=\"async\" class=\"zemanta-pixie-img\"  alt=\"pixy Bulgaristan s\u0131n\u0131r polis m\u00fcd\u00fcr\u00fc g\u00f6revinden al\u0131nd\u0131\"  src=\"https:\/\/i0.wp.com\/img.zemanta.com\/pixy.gif?w=640\" \/><\/div>\n","protected":false},"excerpt":{"rendered":"<p>Bulgaristan S\u0131n\u0131r Polisi Genel M\u00fcd\u00fcr\u00fc Komiser Krasimir Petrov&#8217;un g\u00f6revden al\u0131nd\u0131\u011f\u0131 a\u00e7\u0131kland\u0131. Ba\u015fbakan Yard\u0131mc\u0131s\u0131 ve \u0130\u00e7i\u015fleri Bakan\u0131 Tzvetan Tzvetanov, Bulgar Ulusal Haber Ajans\u0131na (BTA) yapt\u0131\u011f\u0131 a\u00e7\u0131klamada, baz\u0131 s\u0131n\u0131r kap\u0131lar\u0131nda yolsuzluklar yap\u0131ld\u0131\u011f\u0131 ve sorunlar bulundu\u011fu s\u00f6ylentileri \u00fczerine Petrov&#8217;un g\u00f6revine son verme karar ald\u0131\u011f\u0131n\u0131 s\u00f6yledi. Bakanl\u0131k m\u00fcfetti\u015fleriyle g\u00f6r\u00fc\u015ft\u00fckten sonra ald\u0131\u011f\u0131 karar\u0131n do\u011fru oldu\u011funa inand\u0131\u011f\u0131n\u0131 ifade eden Tzvetanov, Petrov&#8217;un [&hellip;]<\/p>\n","protected":false},"author":331,"featured_media":0,"comment_status":"open","ping_status":"open","sticky":false,"template":"","format":"standard","meta":{"advanced_seo_description":"","jetpack_seo_html_title":"","jetpack_seo_noindex":false,"ngg_post_thumbnail":0,"jetpack_post_was_ever_published":false,"_jetpack_newsletter_access":"","_jetpack_dont_email_post_to_subs":false,"_jetpack_newsletter_tier_id":0,"_jetpack_memberships_contains_paywalled_content":false,"_jetpack_memberships_contains_paid_content":false,"footnotes":""},"categories":[5],"tags":[],"class_list":["post-1718","post","type-post","status-publish","format-standard","hentry","category-haberler"],"jetpack_featured_media_url":"","jetpack_shortlink":"https:\/\/wp.me\/paHHlZ-rI","jetpack-related-posts":[{"id":285,"url":"https:\/\/www.gocmeniz.biz\/?p=285","url_meta":{"origin":1718,"position":0},"title":"Bulgaristan Schengen \u00d6ncesi S\u0131n\u0131r G\u00fcvenli\u011fini Art\u0131r\u0131yor","author":"Admin","date":"30 Ocak 2008","format":false,"excerpt":"Bulgaristan \u0130\u00e7i\u015fleri Bakan\u0131 Rumen Petkov, \u00fclkesinin 2011 i\u00e7in \u00f6ng\u00f6r\u00fclen Schengen \u00fcyeli\u011fi \u00f6ncesinde s\u0131n\u0131r kontrollerini s\u0131kla\u015ft\u0131rd\u0131\u011f\u0131n\u0131 s\u00f6yledi.2011'in, Bulgaristan'\u0131n Avrupa serbest dola\u015f\u0131m b\u00f6lgesi Schengen'e \u00fcyeli\u011fi i\u00e7in iddial\u0131 bir tarih oldu\u011funu belirten Petkov, \"2007'de uygulamaya ba\u015flad\u0131\u011f\u0131m\u0131z \u00f6nlemler ciddi sonu\u00e7lar vermektedir\" dedi.Petkov, gazetecilere yapt\u0131\u011f\u0131 a\u00e7\u0131klamada, yolsuzluk ve ka\u00e7ak\u00e7\u0131l\u0131kla m\u00fccadele \u00e7er\u00e7evesinde farkl\u0131 s\u0131n\u0131r b\u00f6lgelerinde kontrol\u2026","rel":"","context":"&quot;Haberler&quot; i\u00e7inde","block_context":{"text":"Haberler","link":"https:\/\/www.gocmeniz.biz\/?cat=5"},"img":{"alt_text":"","src":"","width":0,"height":0},"classes":[]},{"id":1892,"url":"https:\/\/www.gocmeniz.biz\/?p=1892","url_meta":{"origin":1718,"position":1},"title":"Bulgaristan, yurt d\u0131\u015f\u0131ndaki vatanda\u015flar\u0131n\u0131n oy kullanmas\u0131n\u0131 yasaklamay\u0131 planl\u0131yor","author":"Haberci","date":"05 Kas\u0131m 2009","format":false,"excerpt":"Bulgaristan D\u0131\u015fileri Bakan\u0131 Rumyana Jeleva, yurt d\u0131\u015f\u0131ndaki Bulgaristan vatanda\u015flar\u0131n\u0131n bulunduklar\u0131 \u00fclkelerde oy kullanmalar\u0131n\u0131 yasaklayacak bir yasa tasar\u0131s\u0131 haz\u0131rlamay\u0131 d\u00fc\u015f\u00fcnd\u00fcklerini a\u00e7\u0131klad\u0131. Jeleva, \u00f6zel bir televizyon kanal\u0131na yapt\u0131\u011f\u0131 a\u00e7\u0131klamada, se\u00e7imler dolay\u0131s\u0131yla Bulgaristan vatanda\u015flar\u0131n\u0131n ya\u015fad\u0131\u011f\u0131 \u00fclkelerde kurulan se\u00e7im merkezlerinde oy verme i\u015flemi s\u0131ras\u0131nda ve sonras\u0131nda \u00e7ok say\u0131da sorun ve yasa ihlalleri oldu\u011funun tespit\u2026","rel":"","context":"&quot;Haberler&quot; i\u00e7inde","block_context":{"text":"Haberler","link":"https:\/\/www.gocmeniz.biz\/?cat=5"},"img":{"alt_text":"","src":"","width":0,"height":0},"classes":[]},{"id":653,"url":"https:\/\/www.gocmeniz.biz\/?p=653","url_meta":{"origin":1718,"position":2},"title":"T\u00fcrkiye ile Bulgaristan&#8217;dan g\u00fcvenlik i\u015fbirli\u011fi","author":"Haberci","date":"27 Kas\u0131m 2008","format":false,"excerpt":"A.A.Bulgaristan ile T\u00fcrkiye'nin sahil g\u00fcvenlik alan\u0131nda i\u015fbirli\u011fi yapaca\u011f\u0131 a\u00e7\u0131kland\u0131.Bulgaristan'\u0131n Burgaz kentinde bir araya gelen Bulgaristan S\u0131n\u0131r Polis Genel M\u00fcd\u00fcr\u00fc Komiser Krasimir Petrov ile T\u00fcrkiye Sahil G\u00fcvenlik Komutan\u0131 T\u00fcmamiral Atilla Kezek'in, iki \u00fclke aras\u0131nda daha \u00f6nce imzalanm\u0131\u015f bulunan Sahil G\u00fcvenlik \u0130\u015fbirli\u011fi Anla\u015fmas\u0131'n\u0131 temel alan yeni bir i\u015fbirli\u011fi protokol\u00fc imzalad\u0131klar\u0131 bildirildi.Protokolde, uyu\u015fturucu,\u2026","rel":"","context":"&quot;Haberler&quot; i\u00e7inde","block_context":{"text":"Haberler","link":"https:\/\/www.gocmeniz.biz\/?cat=5"},"img":{"alt_text":"","src":"","width":0,"height":0},"classes":[]},{"id":784,"url":"https:\/\/www.gocmeniz.biz\/?p=784","url_meta":{"origin":1718,"position":3},"title":"Bulgaristan ile Yunanistan aras\u0131nda kriz","author":"Haberci","date":"25 Ocak 2009","format":false,"excerpt":"Yunan \u00e7ift\u00e7ilerin s\u00fcrd\u00fcrd\u00fc\u011f\u00fc grev nedeniyle Bulgaristan\u2013Yunanistan s\u0131n\u0131r\u0131ndaki t\u00fcm kap\u0131lar\u0131n ku\u015fat\u0131lmas\u0131 ve giri\u015f \u00e7\u0131k\u0131\u015flar\u0131n engellenmesi \u00fczerine Bulgaristan'\u0131n, Yunanistan'a protesto notas\u0131 verdi\u011fi bildirildi.Bulgaristan Ula\u015ft\u0131rma Bakanl\u0131\u011f\u0131 Bas\u0131n Merkezi'nin a\u00e7\u0131klamaya g\u00f6re, Yunanistan'\u0131n Sofya B\u00fcy\u00fckel\u00e7ili\u011fine verilen notada, Yunan taraf\u0131n\u0131n iki \u00fclke aras\u0131ndaki t\u00fcm kara ba\u011flant\u0131lar\u0131n\u0131 bloke etmesinin \u015fiddetle k\u0131nand\u0131\u011f\u0131 kaydedildi.Notada, \"Kara yolundan iki \u00fclke aras\u0131nda\u2026","rel":"","context":"&quot;Haberler&quot; i\u00e7inde","block_context":{"text":"Haberler","link":"https:\/\/www.gocmeniz.biz\/?cat=5"},"img":{"alt_text":"","src":"","width":0,"height":0},"classes":[]},{"id":1349,"url":"https:\/\/www.gocmeniz.biz\/?p=1349","url_meta":{"origin":1718,"position":4},"title":"SINIR KAPILARI GURBET\u00c7\u0130 SEZONUNA HAZIRLANIYOR","author":"Haberci","date":"12 Haziran 2009","format":false,"excerpt":"ED\u0130RNE - G\u00fcmr\u00fck M\u00fcste\u015far\u0131 Emin Zarars\u0131z, Avrupa'n\u0131n \u00e7e\u015fitli \u00fclkelerinde \u00e7al\u0131\u015fan T\u00fcrk i\u015f\u00e7ilerinin tatil i\u00e7in yurda geli\u015flerinin 10 g\u00fcn sonra ba\u015flayaca\u011f\u0131n\u0131 belirterek, ''Gurbet\u00e7ilerimizin geli\u015fleriyle yo\u011funla\u015fan ara\u00e7 trafi\u011finin b\u00fcy\u00fck sorunlara yol a\u00e7madan idare edilebilmesi i\u00e7in T\u00fcrk ve Bulgar g\u00fcmr\u00fck yetkilileriyle en do\u011fru \u00e7\u00f6z\u00fcm yolunu bulaca\u011f\u0131z'' dedi. \u00a0\u00a0\u00a0\u00a0 Zarars\u0131z, Kap\u0131kule S\u0131n\u0131r Kap\u0131s\u0131'nda gurbet\u00e7ilerin\u2026","rel":"","context":"&quot;Haberler&quot; i\u00e7inde","block_context":{"text":"Haberler","link":"https:\/\/www.gocmeniz.biz\/?cat=5"},"img":{"alt_text":"","src":"","width":0,"height":0},"classes":[]},{"id":1914,"url":"https:\/\/www.gocmeniz.biz\/?p=1914","url_meta":{"origin":1718,"position":5},"title":"Bulgaristan&#8217;\u0131n Ankara b\u00fcy\u00fckel\u00e7isi istifa etti","author":"Haberci","date":"13 Kas\u0131m 2009","format":false,"excerpt":"A.A.\u00a0\u00a0\u00a0 Bulgaristan'\u0131n Ankara B\u00fcy\u00fckel\u00e7isi Branimir Mladenov g\u00f6revinden istifa etti.D\u0131\u015fi\u015fleri Bakanl\u0131\u011f\u0131 S\u00f6zc\u00fcs\u00fc Dragovest Goranov, A.A muhabirine yapt\u0131\u011f\u0131 a\u00e7\u0131klamada, Mladenov'un istifa dilek\u00e7esini verdi\u011fini ve Bulgaristan'a geri d\u00f6nece\u011fini bildirdi.Goranov, Ankara'ya g\u00f6nderilecek yeni b\u00fcy\u00fckel\u00e7inin en k\u0131sa s\u00fcrede belirlenece\u011fini de s\u00f6yledi.Branimir Mladenov, Bulgaristan'\u0131n Washington B\u00fcy\u00fckel\u00e7isi L\u0131\u00e7ezar Petkov ile birlikte, Bulgaristan'da 5 Temmuzda yap\u0131lan parlamento se\u00e7iminde\u2026","rel":"","context":"&quot;Haberler&quot; i\u00e7inde","block_context":{"text":"Haberler","link":"https:\/\/www.gocmeniz.biz\/?cat=5"},"img":{"alt_text":"","src":"","width":0,"height":0},"classes":[]}],"jetpack_sharing_enabled":true,"jetpack_likes_enabled":true,"_links":{"self":[{"href":"https:\/\/www.gocmeniz.biz\/index.php?rest_route=\/wp\/v2\/posts\/1718","targetHints":{"allow":["GET"]}}],"collection":[{"href":"https:\/\/www.gocmeniz.biz\/index.php?rest_route=\/wp\/v2\/posts"}],"about":[{"href":"https:\/\/www.gocmeniz.biz\/index.php?rest_route=\/wp\/v2\/types\/post"}],"author":[{"embeddable":true,"href":"https:\/\/www.gocmeniz.biz\/index.php?rest_route=\/wp\/v2\/users\/331"}],"replies":[{"embeddable":true,"href":"https:\/\/www.gocmeniz.biz\/index.php?rest_route=%2Fwp%2Fv2%2Fcomments&post=1718"}],"version-history":[{"count":1,"href":"https:\/\/www.gocmeniz.biz\/index.php?rest_route=\/wp\/v2\/posts\/1718\/revisions"}],"predecessor-version":[{"id":9020,"href":"https:\/\/www.gocmeniz.biz\/index.php?rest_route=\/wp\/v2\/posts\/1718\/revisions\/9020"}],"wp:attachment":[{"href":"https:\/\/www.gocmeniz.biz\/index.php?rest_route=%2Fwp%2Fv2%2Fmedia&parent=1718"}],"wp:term":[{"taxonomy":"category","embeddable":true,"href":"https:\/\/www.gocmeniz.biz\/index.php?rest_route=%2Fwp%2Fv2%2Fcategories&post=1718"},{"taxonomy":"post_tag","embeddable":true,"href":"https:\/\/www.gocmeniz.biz\/index.php?rest_route=%2Fwp%2Fv2%2Ftags&post=1718"}],"curies":[{"name":"wp","href":"https:\/\/api.w.org\/{rel}","templated":true}]}}