{"id":172,"date":"2007-09-02T10:31:15","date_gmt":"2007-09-02T07:31:15","guid":{"rendered":"http:\/\/www.gocmeniz.biz\/bulgar-irkcilara-turk-yaniti\/"},"modified":"2026-04-03T12:27:18","modified_gmt":"2026-04-03T09:27:18","slug":"bulgar-irkcilara-turk-yaniti","status":"publish","type":"post","link":"https:\/\/www.gocmeniz.biz\/?p=172","title":{"rendered":"Bulgar Irk\u00e7\u0131lara T\u00fcrk Yan\u0131t\u0131"},"content":{"rendered":"<p><img data-recalc-dims=\"1\"  title=\"\"  alt=\"bulgar-irkcilara-turk-yaniti_o Bulgar Irk\u00e7\u0131lara T\u00fcrk Yan\u0131t\u0131\" loading=\"lazy\" decoding=\"async\" src=\"https:\/\/i0.wp.com\/resimler.haberler.com\/haber\/560\/bulgar-irkcilara-turk-yaniti_o.jpg?resize=200%2C199\" height=\"199\" width=\"200\" \/><\/p>\n<p><strong>Kendilerine &#8220;Ayy\u0131ld\u0131z Team&#8221; ad\u0131n\u0131 veren bir grup T\u00fcrk internet korsan\u0131, &#8220;Bulgaristan\u2019da \u0131rk\u00e7\u0131 ve a\u015f\u0131r\u0131 milliyet\u00e7ilerin T\u00fcrklere kar\u015f\u0131 s\u00f6ylem ve eylemlerini protesto amac\u0131yla&#8221; iki bakanl\u0131\u011fa ait internet sitesine sald\u0131r\u0131 d\u00fczenledi. <\/strong><\/p>\n<p>Bulgaristan Tar\u0131m ve Orman Bakanl\u0131\u011f\u0131 ile Bulgaristan B\u00f6lgesel Kalk\u0131nma Bakanl\u0131\u011f\u0131n\u0131n web siteleri &#8220;Ayy\u0131ld\u0131z Team&#8221; taraf\u0131ndan bu sabah bloke edildi. Bu iki bakanl\u0131\u011f\u0131n sitesine girenler \u015fu notla kar\u015f\u0131la\u015ft\u0131lar:<\/p>\n<p>&#8220;ATAKA partisi ve Volen Siderov\u2019un sa\u00e7ma sapan s\u00f6ylemleri sebebiyle baz\u0131 devlet siteleriniz Ayy\u0131ld\u0131z Team taraf\u0131ndan hacklenmi\u015ftir. Son zamanlarda T\u00fcrklere kar\u015f\u0131 yap\u0131lan eylemlere (T\u00fcrk \u00e7e\u015fmesine yap\u0131lan sald\u0131r\u0131) Bulgar h\u00fck\u00fcmetinin sessiz kalmas\u0131 nedeniyle \u015fimdilik 2 bakanl\u0131k siteniz hacklenmi\u015ftir.&#8221;<\/p>\n","protected":false},"excerpt":{"rendered":"<p>Kendilerine &#8220;Ayy\u0131ld\u0131z Team&#8221; ad\u0131n\u0131 veren bir grup T\u00fcrk internet korsan\u0131, &#8220;Bulgaristan\u2019da \u0131rk\u00e7\u0131 ve a\u015f\u0131r\u0131 milliyet\u00e7ilerin T\u00fcrklere kar\u015f\u0131 s\u00f6ylem ve eylemlerini protesto amac\u0131yla&#8221; iki bakanl\u0131\u011fa ait internet sitesine sald\u0131r\u0131 d\u00fczenledi. Bulgaristan Tar\u0131m ve Orman Bakanl\u0131\u011f\u0131 ile Bulgaristan B\u00f6lgesel Kalk\u0131nma Bakanl\u0131\u011f\u0131n\u0131n web siteleri &#8220;Ayy\u0131ld\u0131z Team&#8221; taraf\u0131ndan bu sabah bloke edildi. Bu iki bakanl\u0131\u011f\u0131n sitesine girenler \u015fu notla [&hellip;]<\/p>\n","protected":false},"author":1,"featured_media":0,"comment_status":"open","ping_status":"open","sticky":false,"template":"","format":"standard","meta":{"advanced_seo_description":"","jetpack_seo_html_title":"","jetpack_seo_noindex":false,"ngg_post_thumbnail":0,"jetpack_post_was_ever_published":false,"_jetpack_newsletter_access":"","_jetpack_dont_email_post_to_subs":false,"_jetpack_newsletter_tier_id":0,"_jetpack_memberships_contains_paywalled_content":false,"_jetpack_memberships_contains_paid_content":false,"footnotes":""},"categories":[5],"tags":[],"class_list":["post-172","post","type-post","status-publish","format-standard","hentry","category-haberler"],"jetpack_featured_media_url":"","jetpack_shortlink":"https:\/\/wp.me\/paHHlZ-2M","jetpack-related-posts":[{"id":171,"url":"https:\/\/www.gocmeniz.biz\/?p=171","url_meta":{"origin":172,"position":0},"title":"T\u00fcrk \u00c7e\u015fmesine \u0131rk\u00e7\u0131 sald\u0131r\u0131.","author":"Admin","date":"01 Eyl\u00fcl 2007","format":false,"excerpt":"Bulgaristan'da \u0131rk\u00e7\u0131 ve a\u015f\u0131r\u0131 milliyet\u00e7i militanlar, Burgaz b\u00f6lgesindeki Dikenlik (Tr\u0131nak) k\u00f6y\u00fcnde an\u0131t olarak yapt\u0131r\u0131lan bir T\u00fcrk \u00e7e\u015fmesine kazmalarla sald\u0131rd\u0131. Militanlar, bununla da yetinmeyip \u0131rk\u00e7\u0131 sald\u0131r\u0131lar\u0131n\u0131 kamerayla \u00e7ekerek d\u00fcnyan\u0131n en b\u00fcy\u00fck g\u00f6r\u00fcnt\u00fc payla\u015f\u0131m sitesi 'You Tube' da yay\u0131na verdi. Video g\u00f6r\u00fcnt\u00fclerinde, tan\u0131nmamak i\u00e7in y\u00fczlerini kar maskesi ve atk\u0131yla kapatan iki sald\u0131rgan,\u2026","rel":"","context":"&quot;Haberler&quot; i\u00e7inde","block_context":{"text":"Haberler","link":"https:\/\/www.gocmeniz.biz\/?cat=5"},"img":{"alt_text":"","src":"","width":0,"height":0},"classes":[]},{"id":1962,"url":"https:\/\/www.gocmeniz.biz\/?p=1962","url_meta":{"origin":172,"position":1},"title":"Bulgarlar\u0131 \u00e7\u0131ld\u0131rtt\u0131!","author":"Haberci","date":"30 Kas\u0131m 2009","format":false,"excerpt":"\u2018T\u00fcrkler size soyk\u0131r\u0131m falan yapmad\u0131, tarihiniz uydurma!\u2019VATAN DI\u015e HABERLERBerlin Do\u011fu Avrupa Entit\u00fcs\u00fc\u2019nde g\u00f6revli Avusturyal\u0131 tarih\u00e7i Ulf Brunbauer, Sofya\u2019da verdi\u011fi konferansta, \u201cOsmanl\u0131 y\u00f6netimi alt\u0131ndaki Bulgaristan\u2019\u0131n tarih kitaplar\u0131nda yazan hali uydurmad\u0131r. Bulgar isyan\u0131 s\u0131ras\u0131nda Batak\u2019ta soyk\u0131r\u0131m oldu\u011fu iddialar\u0131 da as\u0131ls\u0131zd\u0131r\u201d deyince Bulgar \u0131rk\u00e7\u0131lar \u00e7\u0131ld\u0131rd\u0131.Bulgaristan\u2019\u0131n Osmanl\u0131 egemenli\u011finde bulundu\u011fu s\u0131ralarda \u00fclkenin Batak k\u00f6y\u00fcnde, 131\u2026","rel":"","context":"&quot;Haberler&quot; i\u00e7inde","block_context":{"text":"Haberler","link":"https:\/\/www.gocmeniz.biz\/?cat=5"},"img":{"alt_text":"","src":"","width":0,"height":0},"classes":[]},{"id":293,"url":"https:\/\/www.gocmeniz.biz\/?p=293","url_meta":{"origin":172,"position":2},"title":"Bulgaristan, T\u00fcrk s\u0131n\u0131r\u0131nda g\u00f6m\u00fcl\u00fc tanklar\u0131n\u0131 satacak","author":"Admin","date":"16 \u015eubat 2008","format":false,"excerpt":"Bulgaristan, So\u011fuk Sava\u015f d\u00f6neminde T\u00fcrkiye s\u0131n\u0131r\u0131na g\u00f6md\u00fc\u011f\u00fc tanklar\u0131n bir k\u0131sm\u0131n\u0131 satacak. Savunma Bakan\u0131 Veselin Bliznakov, profesyonel orduya ge\u00e7i\u015fle ilgili geli\u015fmeleri aktar\u0131rken, bu y\u0131l i\u00e7inde binlerce ordu mensubunun ordu s\u0131ralar\u0131ndan ayr\u0131laca\u011f\u0131n\u0131 kaydetti. Profesyonel ordu kurma yolunda mevcut askeri teknolojiyi de profesyonel orduya cevap verir nitelikte yenileme karar\u0131 ald\u0131klar\u0131n\u0131 kaydeden Bliznakov, Bulgaristan\u2026","rel":"","context":"&quot;Haberler&quot; i\u00e7inde","block_context":{"text":"Haberler","link":"https:\/\/www.gocmeniz.biz\/?cat=5"},"img":{"alt_text":"","src":"","width":0,"height":0},"classes":[]},{"id":621,"url":"https:\/\/www.gocmeniz.biz\/?p=621","url_meta":{"origin":172,"position":3},"title":"Bakan \u015eahin&#8217;den Bulgar meslekta\u015f\u0131na mektup","author":"Haberci","date":"14 Kas\u0131m 2008","format":false,"excerpt":"Adalet Bakan\u0131 Mehmet Ali \u015eahin, Bulgaristan Sahil G\u00fcvenli\u011finin, T\u00fcrk bal\u0131k\u00e7\u0131 teknesine a\u00e7t\u0131\u011f\u0131 ate\u015f sonucu Yal\u00e7\u0131n Ercan adl\u0131 bal\u0131k\u00e7\u0131n\u0131n \u00f6lmesine ili\u015fkin soru\u015fturma s\u00fcrecinin \u201ctarafs\u0131z, \u015feffaf ve siyasi bask\u0131lardan ar\u0131nd\u0131r\u0131lm\u0131\u015f bir ortamda ilerlemesi\u201d i\u00e7in Bulgaristan Adalet Bakan\u0131'na mektup g\u00f6nderdi.D\u0131\u015fi\u015fleri Bakan\u0131 Ali Babacan, DTP \u015e\u0131rnak Milletvekili Hasip Kaplan'\u0131n, Bulgaristan, Romanya ve Ukrayna gibi\u2026","rel":"","context":"&quot;Haberler&quot; i\u00e7inde","block_context":{"text":"Haberler","link":"https:\/\/www.gocmeniz.biz\/?cat=5"},"img":{"alt_text":"","src":"","width":0,"height":0},"classes":[]},{"id":1622,"url":"https:\/\/www.gocmeniz.biz\/?p=1622","url_meta":{"origin":172,"position":4},"title":"D\u0131\u015fi\u015fleri, Bulgaristan g\u00f6\u00e7menlerinin mallar\u0131 i\u00e7in d\u00fc\u011fmeye bast\u0131","author":"Haberci","date":"31 Temmuz 2009","format":false,"excerpt":"D\u0131\u015fi\u015fleri Bakanl\u0131\u011f\u0131, sava\u015f ve bask\u0131 d\u00f6nemlerinde Bulgaristan`dan T\u00fcrkiye`ye gelmek zorunda kalan T\u00fcrk k\u00f6kenli g\u00f6\u00e7menlerin \u00fclkelerinde b\u0131rakt\u0131klar\u0131 mallar\u0131 geri alabilmeleri i\u00e7in harekete ge\u00e7ti. Balkan sava\u015flar\u0131 s\u0131ras\u0131nda ve asimilasyon politikalar\u0131n\u0131n uyguland\u0131\u011f\u0131 1980`li y\u0131llarda yurtlar\u0131n\u0131 terk ederek T\u00fcrkiye`ye s\u0131\u011f\u0131nmak zorunda kalan binlerce Bulgar g\u00f6\u00e7meni T\u00fcrk`\u00fcn, Bulgaristan`da kalan mallar\u0131n\u0131 geri alma imk\u00e2n\u0131 do\u011fdu. D\u0131\u015fi\u015fleri\u2026","rel":"","context":"&quot;Haberler&quot; i\u00e7inde","block_context":{"text":"Haberler","link":"https:\/\/www.gocmeniz.biz\/?cat=5"},"img":{"alt_text":"","src":"","width":0,"height":0},"classes":[]},{"id":1572,"url":"https:\/\/www.gocmeniz.biz\/?p=1572","url_meta":{"origin":172,"position":5},"title":"T\u00fcrk heykelt\u0131ra\u015f can dostum Vejdi\u2019yi Bulgaristan K\u00fclt\u00fcr Bakan\u0131 yapaca\u011f\u0131m","author":"Haberci","date":"20 Temmuz 2009","format":false,"excerpt":"Bulgaristan\u2019da 5 Temmuz\u2019da yap\u0131lan genel se\u00e7imlerden, T\u00fcrklere \u00e7ifte vatanda\u015fl\u0131\u011f\u0131 kald\u0131raca\u011f\u0131ndan korkulan Boyko Borisov (49) galip \u00e7\u0131kt\u0131. Borisov\u2019un partisi GERB, oylar\u0131n y\u00fczde 40\u2019\u0131n\u0131 alarak parlamentoda 116 milletvekilli\u011fi al\u0131rken, son iki d\u00f6nemdir T\u00fcrklerin oyuyla koalisyon orta\u011f\u0131 olan Hak ve \u00d6zg\u00fcrl\u00fckler Hareketi (DPS) muhalefette kald\u0131. Yeni Ba\u015fbakan, korkulan\u0131n aksine Bulgaristan\u2019da dini ve etnik\u2026","rel":"","context":"&quot;Haberler&quot; i\u00e7inde","block_context":{"text":"Haberler","link":"https:\/\/www.gocmeniz.biz\/?cat=5"},"img":{"alt_text":"","src":"","width":0,"height":0},"classes":[]}],"jetpack_sharing_enabled":true,"jetpack_likes_enabled":true,"_links":{"self":[{"href":"https:\/\/www.gocmeniz.biz\/index.php?rest_route=\/wp\/v2\/posts\/172","targetHints":{"allow":["GET"]}}],"collection":[{"href":"https:\/\/www.gocmeniz.biz\/index.php?rest_route=\/wp\/v2\/posts"}],"about":[{"href":"https:\/\/www.gocmeniz.biz\/index.php?rest_route=\/wp\/v2\/types\/post"}],"author":[{"embeddable":true,"href":"https:\/\/www.gocmeniz.biz\/index.php?rest_route=\/wp\/v2\/users\/1"}],"replies":[{"embeddable":true,"href":"https:\/\/www.gocmeniz.biz\/index.php?rest_route=%2Fwp%2Fv2%2Fcomments&post=172"}],"version-history":[{"count":1,"href":"https:\/\/www.gocmeniz.biz\/index.php?rest_route=\/wp\/v2\/posts\/172\/revisions"}],"predecessor-version":[{"id":9501,"href":"https:\/\/www.gocmeniz.biz\/index.php?rest_route=\/wp\/v2\/posts\/172\/revisions\/9501"}],"wp:attachment":[{"href":"https:\/\/www.gocmeniz.biz\/index.php?rest_route=%2Fwp%2Fv2%2Fmedia&parent=172"}],"wp:term":[{"taxonomy":"category","embeddable":true,"href":"https:\/\/www.gocmeniz.biz\/index.php?rest_route=%2Fwp%2Fv2%2Fcategories&post=172"},{"taxonomy":"post_tag","embeddable":true,"href":"https:\/\/www.gocmeniz.biz\/index.php?rest_route=%2Fwp%2Fv2%2Ftags&post=172"}],"curies":[{"name":"wp","href":"https:\/\/api.w.org\/{rel}","templated":true}]}}