{"id":1726,"date":"2009-08-24T15:41:13","date_gmt":"2009-08-24T12:41:13","guid":{"rendered":"http:\/\/www.gocmeniz.biz\/?p=1726"},"modified":"2026-04-03T12:17:07","modified_gmt":"2026-04-03T09:17:07","slug":"otobus-firmasi-balkanlara-pir-pir-ucak-seferi-baslatiyor","status":"publish","type":"post","link":"https:\/\/www.gocmeniz.biz\/?p=1726","title":{"rendered":"Otob\u00fcs firmas\u0131 Balkanlar`a `p\u0131r p\u0131r` u\u00e7ak seferi ba\u015flat\u0131yor"},"content":{"rendered":"<p><b>Romanya ve Bulgaristan gibi Balkan \u00fclkelerine yolcu ta\u015f\u0131yan otob\u00fcs firmas\u0131 Ni\u015fikli Turizm, art\u0131k halk aras\u0131nda `p\u0131r p\u0131r` ad\u0131 verilen pervaneli u\u00e7aklarla ayn\u0131 \u00fclkelere a\u00e7\u0131lmaya haz\u0131rlan\u0131yor. Merkezi K\u0131rklareli`nde bulunan Ni\u015fikli Turizm, \u00f6n\u00fcm\u00fczdeki aylarda 4 ve 6 ki\u015filik u\u00e7aklar\u0131 b\u00fcnyesine katacak.<\/b><\/p>\n<p>Ni\u015fikli Turizm, bu ama\u00e7la K\u0131rklareli`ne bir de pist yapmay\u0131 planl\u0131yor. Balkan \u00fclkelerine ayda 3-4 bin yolcu ta\u015f\u0131yan Ni\u015fikli Turizm, bu hizmetini 2010 y\u0131l\u0131n\u0131n ilk aylar\u0131nda devreye sokuyor.<\/p>\n<p>Ni\u015fikli Turizm A\u015e Y\u00f6netim Kurulu Ba\u015fkan\u0131 Nurettin Ni\u015fikli, alacaklar\u0131 iki u\u00e7a\u011f\u0131n 2009 model otob\u00fcs ile yakla\u015f\u0131k olarak ayn\u0131 fiyata geldi\u011fine dikkat \u00e7ekiyor. Bu i\u015fi baba mesle\u011fi olarak yapan Ni\u015fikli, 25 sene \u00f6nce turizm i\u015fine Murat 124 ile ba\u015flad\u0131klar\u0131n\u0131, \u015fimdi de hava ta\u015f\u0131mac\u0131l\u0131\u011f\u0131na 4 veya 6 ki\u015filik u\u00e7akla ad\u0131m atmay\u0131 planlad\u0131klar\u0131n\u0131 anlat\u0131yor. 1974 y\u0131l\u0131nda sekt\u00f6re ad\u0131m at\u0131p 1999 y\u0131l\u0131nda ise yurtd\u0131\u015f\u0131 hizmetine ba\u015flad\u0131klar\u0131n\u0131 dile getiren Ni\u015fikli, Bulgaristan`a her g\u00fcn 5, Romanya`ya da 1 sefer yapt\u0131klar\u0131n\u0131 belirtti. Turizm \u015firketi, Balkanlar ve Romanya`ya her ay 3 ila 4 bin yolcu ta\u015f\u0131yor. Romanya ve Bulgaristan`da 40 ofislerinin bulundu\u011funu belirten Ni\u015fikli, m\u00fc\u015fteri profillerinin daha \u00e7ok Bulgaristan`dan \u00fclkemize g\u00f6\u00e7 etmi\u015f aileler ve \u00fcniversite \u00f6\u011frencilerinden olu\u015ftu\u011funu kaydediyor. <i>FATMA TURAN \u0130STANBUL<\/i><\/p>\n<div class=\"zemanta-pixie\"><img data-recalc-dims=\"1\"  title=\"\" decoding=\"async\" class=\"zemanta-pixie-img\"  alt=\"pixy Otob\u00fcs firmas\u0131 Balkanlar`a `p\u0131r p\u0131r` u\u00e7ak seferi ba\u015flat\u0131yor\"  src=\"https:\/\/i0.wp.com\/img.zemanta.com\/pixy.gif?w=640\" \/><\/div>\n","protected":false},"excerpt":{"rendered":"<p>Romanya ve Bulgaristan gibi Balkan \u00fclkelerine yolcu ta\u015f\u0131yan otob\u00fcs firmas\u0131 Ni\u015fikli Turizm, art\u0131k halk aras\u0131nda `p\u0131r p\u0131r` ad\u0131 verilen pervaneli u\u00e7aklarla ayn\u0131 \u00fclkelere a\u00e7\u0131lmaya haz\u0131rlan\u0131yor. Merkezi K\u0131rklareli`nde bulunan Ni\u015fikli Turizm, \u00f6n\u00fcm\u00fczdeki aylarda 4 ve 6 ki\u015filik u\u00e7aklar\u0131 b\u00fcnyesine katacak. Ni\u015fikli Turizm, bu ama\u00e7la K\u0131rklareli`ne bir de pist yapmay\u0131 planl\u0131yor. Balkan \u00fclkelerine ayda 3-4 bin yolcu [&hellip;]<\/p>\n","protected":false},"author":331,"featured_media":0,"comment_status":"open","ping_status":"open","sticky":false,"template":"","format":"standard","meta":{"advanced_seo_description":"","jetpack_seo_html_title":"","jetpack_seo_noindex":false,"ngg_post_thumbnail":0,"jetpack_post_was_ever_published":false,"_jetpack_newsletter_access":"","_jetpack_dont_email_post_to_subs":false,"_jetpack_newsletter_tier_id":0,"_jetpack_memberships_contains_paywalled_content":false,"_jetpack_memberships_contains_paid_content":false,"footnotes":""},"categories":[5],"tags":[],"class_list":["post-1726","post","type-post","status-publish","format-standard","hentry","category-haberler"],"jetpack_featured_media_url":"","jetpack_shortlink":"https:\/\/wp.me\/paHHlZ-rQ","jetpack-related-posts":[{"id":888,"url":"https:\/\/www.gocmeniz.biz\/?p=888","url_meta":{"origin":1726,"position":0},"title":"Bulgaristan&#8217;da T\u00fcrk yolcu otob\u00fcs\u00fc kaza yapt\u0131: 6 \u00f6l\u00fc","author":"Haberci","date":"08 Mart 2009","format":false,"excerpt":"Bulgaristan'\u0131n Eski Za\u011fara kenti b\u00f6lgesinde T\u00fcrk plakal\u0131 bir yolcu otob\u00fcs\u00fcn\u00fcn yapt\u0131\u011f\u0131 kazada 6 ki\u015fi hayat\u0131n\u0131 kaybetti.\"Focus\" ajans\u0131n\u0131n haberine g\u00f6re, B\u00fckre\u015f-\u0130stanbul seferini yapan T\u00fcrk plakal\u0131 yolcu otob\u00fcs\u00fc, d\u00fcn ak\u015fam Eski Za\u011fra kenti yak\u0131nlar\u0131nda kontrolden \u00e7\u0131karak takla att\u0131 ve kar\u015f\u0131 y\u00f6nden gelen otomobilin \u00fczerine d\u00fc\u015ft\u00fc. Kazada otob\u00fcs yolcular\u0131ndan iki Rumen kad\u0131n ile\u2026","rel":"","context":"&quot;Haberler&quot; i\u00e7inde","block_context":{"text":"Haberler","link":"https:\/\/www.gocmeniz.biz\/?cat=5"},"img":{"alt_text":"","src":"","width":0,"height":0},"classes":[]},{"id":716,"url":"https:\/\/www.gocmeniz.biz\/?p=716","url_meta":{"origin":1726,"position":1},"title":"Yeni\u015fehir Havaalan\u0131 d\u0131\u015f hatlara a\u00e7\u0131lacak","author":"Haberci","date":"23 Aral\u0131k 2008","format":false,"excerpt":"Bursa Valisi \u015eahabettin Harput, Yeni\u015fehir Uluslararas\u0131 Havalan\u0131'n\u0131n d\u0131\u015f hatlara a\u00e7\u0131lmas\u0131 i\u00e7in bir dizi \u00e7al\u0131\u015fma y\u00fcr\u00fctt\u00fcklerini s\u00f6yledi. Vali Harput, \u00f6zellikle onbinlerce soyda\u015f\u0131n ya\u015fad\u0131\u011f\u0131 Bursa'da, Balkan \u00fclkelerine d\u00fczenlenecek seferlerin doluluk oranlar\u0131n\u0131n y\u00fcksek olaca\u011f\u0131n\u0131 kaydetti. Balkan G\u00f6\u00e7menleri K\u00fclt\u00fcr ve Dayan\u0131\u015fyma Derne\u011fi (BAL-G\u00d6\u00c7) Ba\u015fkan\u0131 Prof. Dr. Emin Balkan da, Balkan \u00fclkelerine d\u00fczenlenecek u\u00e7ak seferlerinin\u2026","rel":"","context":"&quot;Haberler&quot; i\u00e7inde","block_context":{"text":"Haberler","link":"https:\/\/www.gocmeniz.biz\/?cat=5"},"img":{"alt_text":"","src":"","width":0,"height":0},"classes":[]},{"id":1692,"url":"https:\/\/www.gocmeniz.biz\/?p=1692","url_meta":{"origin":1726,"position":2},"title":"Kriz Bulgaristan turizmini vurdu","author":"Haberci","date":"16 A\u011fustos 2009","format":false,"excerpt":"Bulgaristan`da ekonomik kriz, turizm sekt\u00f6r\u00fcn\u00fc de olumsuz etkilerken, yaz sezonunda otellerin y\u00fczde 60 kapasiteyle \u00e7al\u0131\u015ft\u0131\u011f\u0131 a\u00e7\u0131kland\u0131. Ekonomi, Enerji ve Turizm Bakan Yard\u0131mc\u0131s\u0131 \u0130vo Marinov, \u00f6zel `bTV` kanal\u0131na yapt\u0131\u011f\u0131 a\u00e7\u0131klamada, turizm sekt\u00f6r\u00fcne devlet deste\u011fi verilmesi amac\u0131yla h\u00fck\u00fcmetin, en az 6 gece \u00fclkedeki otellerde kalan yerli turistlere vergi indirimi yapmay\u0131 planlad\u0131\u011f\u0131n\u0131 a\u00e7\u0131klad\u0131.\u2026","rel":"","context":"&quot;Haberler&quot; i\u00e7inde","block_context":{"text":"Haberler","link":"https:\/\/www.gocmeniz.biz\/?cat=5"},"img":{"alt_text":"","src":"","width":0,"height":0},"classes":[]},{"id":1763,"url":"https:\/\/www.gocmeniz.biz\/?p=1763","url_meta":{"origin":1726,"position":3},"title":"Bekta\u015fili\u011fin izleri, Balkanlar`da h\u00e2l\u00e2 ya\u015f\u0131yor","author":"Haberci","date":"03 Eyl\u00fcl 2009","format":false,"excerpt":"Sar\u0131 Salt\u0131k, H\u0131d\u0131r Baba, Harabati Baba, Tabtuk Baba... `Suleha-y\u0131 \u00fcmmet dervi\u015fleri gazaya giderken, \u00e2yende ve revendeye n\u00eemet-i nefise bezleden`, bug\u00fcnk\u00fc tabiriyle s\u00f6ylersek, `\u00fcmmetin salih dervi\u015fleri gazaya giderken bir ocak uyand\u0131r\u0131p gelene ge\u00e7ene nefis nimetler sa\u00e7an` Horasan erlerinin izleri Balkan topraklar\u0131nda h\u00e2l\u00e2 duruyor.K\u00fclt\u00fcr ve Turizm Bakanl\u0131\u011f\u0131, ger\u00e7ekle\u015ftirdi\u011fi bir proje ile Hac\u0131\u2026","rel":"","context":"&quot;Haberler&quot; i\u00e7inde","block_context":{"text":"Haberler","link":"https:\/\/www.gocmeniz.biz\/?cat=5"},"img":{"alt_text":"","src":"","width":0,"height":0},"classes":[]},{"id":1367,"url":"https:\/\/www.gocmeniz.biz\/?p=1367","url_meta":{"origin":1726,"position":4},"title":"DEREK\u00d6Y SINIR KAPISI YEN\u0130LENECEK","author":"Haberci","date":"13 Haziran 2009","format":false,"excerpt":"K\u0131rklareli Ticaret ve Sanayi Odas\u0131 Y\u00f6netim Kurulu Ba\u015fkan\u0131 Ertu\u011frul Ziya \u00c7etinta\u015f, Derek\u00f6y S\u0131n\u0131r Kap\u0131s\u0131'n\u0131n modern hale getirilece\u011fini bildirdi.S\u0131n\u0131r kap\u0131s\u0131n\u0131n Haziran ay\u0131 sonunda G\u00fcmr\u00fck Turizm i\u015fletmeleri A.\u015e. taraf\u0131ndan yap\u0131m ve onar\u0131m i\u00e7in ihaleye \u00e7\u0131kar\u0131laca\u011f\u0131n\u0131 ifade eden \u00c7etinta\u015f, \u015funlar\u0131 kaydetti:''K\u0131sa zamanda T\u0131r trafi\u011fine a\u00e7\u0131lmas\u0131 planlanan Derek\u00f6y s\u0131n\u0131r kap\u0131m\u0131z yetersiz kald\u0131\u011f\u0131ndan, t\u0131r yolcu\u2026","rel":"","context":"&quot;Haberler&quot; i\u00e7inde","block_context":{"text":"Haberler","link":"https:\/\/www.gocmeniz.biz\/?cat=5"},"img":{"alt_text":"","src":"","width":0,"height":0},"classes":[]},{"id":362,"url":"https:\/\/www.gocmeniz.biz\/?p=362","url_meta":{"origin":1726,"position":5},"title":"K\u0131rcaali&#8217;den \u0130stanbul&#8217;a giden yolcu otob\u00fcs\u00fcn\u00fcn sof\u00f6r\u00fc tutukland\u0131","author":"Haberci","date":"30 Nisan 2008","format":false,"excerpt":"K\u0131rcaali'den \u0130stanbul'a yolcu ta\u015f\u0131yan Marieta \u015eirketine ait otob\u00fcs sof\u00f6r\u00fc Kapukule s\u0131n\u0131r kap\u0131s\u0131nda alkol ve sigara y\u00fcz\u00fcnden tutukland\u0131.T\u00fcrkiye taraf\u0131nda 10 saat bekletilen otob\u00fcste m\u00fcsade edilenden \u00e7ok i\u00e7ki ve sigara bulunmas\u0131 \u00fczerine g\u00fcmr\u00fck g\u00f6revlilerince durduruldu.Otob\u00fcs \u015fof\u00f6r\u00fc tutukland\u0131\u011f\u0131 ve otob\u00fcste arama yap\u0131ld\u0131\u011f\u0131 i\u00e7in ba\u015fka bir otob\u00fcs g\u00f6nderildi ancak aralar\u0131nda k\u00fc\u00e7\u00fck ya\u015fta \u00e7ocuklar\u0131n da\u2026","rel":"","context":"&quot;Haberler&quot; i\u00e7inde","block_context":{"text":"Haberler","link":"https:\/\/www.gocmeniz.biz\/?cat=5"},"img":{"alt_text":"","src":"","width":0,"height":0},"classes":[]}],"jetpack_sharing_enabled":true,"jetpack_likes_enabled":true,"_links":{"self":[{"href":"https:\/\/www.gocmeniz.biz\/index.php?rest_route=\/wp\/v2\/posts\/1726","targetHints":{"allow":["GET"]}}],"collection":[{"href":"https:\/\/www.gocmeniz.biz\/index.php?rest_route=\/wp\/v2\/posts"}],"about":[{"href":"https:\/\/www.gocmeniz.biz\/index.php?rest_route=\/wp\/v2\/types\/post"}],"author":[{"embeddable":true,"href":"https:\/\/www.gocmeniz.biz\/index.php?rest_route=\/wp\/v2\/users\/331"}],"replies":[{"embeddable":true,"href":"https:\/\/www.gocmeniz.biz\/index.php?rest_route=%2Fwp%2Fv2%2Fcomments&post=1726"}],"version-history":[{"count":1,"href":"https:\/\/www.gocmeniz.biz\/index.php?rest_route=\/wp\/v2\/posts\/1726\/revisions"}],"predecessor-version":[{"id":8703,"href":"https:\/\/www.gocmeniz.biz\/index.php?rest_route=\/wp\/v2\/posts\/1726\/revisions\/8703"}],"wp:attachment":[{"href":"https:\/\/www.gocmeniz.biz\/index.php?rest_route=%2Fwp%2Fv2%2Fmedia&parent=1726"}],"wp:term":[{"taxonomy":"category","embeddable":true,"href":"https:\/\/www.gocmeniz.biz\/index.php?rest_route=%2Fwp%2Fv2%2Fcategories&post=1726"},{"taxonomy":"post_tag","embeddable":true,"href":"https:\/\/www.gocmeniz.biz\/index.php?rest_route=%2Fwp%2Fv2%2Ftags&post=1726"}],"curies":[{"name":"wp","href":"https:\/\/api.w.org\/{rel}","templated":true}]}}