{"id":1743,"date":"2009-08-29T08:40:08","date_gmt":"2009-08-29T05:40:08","guid":{"rendered":"http:\/\/www.gocmeniz.biz\/?p=1743"},"modified":"2009-08-29T08:43:14","modified_gmt":"2009-08-29T05:43:14","slug":"tayyip-erdogan%e2%80%99a-iklim-icin-%e2%80%9cvan-minut%e2%80%9d-cagrisi","status":"publish","type":"post","link":"https:\/\/www.gocmeniz.biz\/?p=1743","title":{"rendered":"Tayyip Erdo\u011fan\u2019a iklim i\u00e7in \u201cvan min\u00fct\u201d \u00e7a\u011fr\u0131s\u0131"},"content":{"rendered":"<p><img  title=\"\"  alt=\"copenhagen-countdown-mailing?c Tayyip Erdo\u011fan\u2019a iklim i\u00e7in \u201cvan min\u00fct\u201d \u00e7a\u011fr\u0131s\u0131\" loading=\"lazy\" decoding=\"async\" style=\"max-width: 800px;\" src=\"http:\/\/www.greenpeace.org\/turkey\/assets\/graphics\/copenhagen-countdown-mailing?c\" height=\"219\" width=\"450\" \/><\/p>\n<p><b>D\u00fcnya liderlerinin gezegenin kaderini belirleyece\u011fi Kopenhag \u0130klim Zirvesi\u2019nden \u00e7\u0131kacak kararlar yak\u0131n gelecekte nas\u0131l bir d\u00fcnyada ya\u015fayaca\u011f\u0131m\u0131z\u0131 da belirleyecek. <a target=\"_blank\" href=\"http:\/\/www.greenpeace.org\/turkey\/kopenhag\/\">\u015eimdi harekete ge\u00e7me zaman\u0131.<\/a> \u00c7\u00fcnk\u00fc d\u00fcnya hi\u00e7 bu kadar \u0131s\u0131nmam\u0131\u015ft\u0131 ve insanl\u0131k iklim felaketinin korkutucu etkilerine hi\u00e7 bug\u00fcn oldu\u011fu kadar yak\u0131ndan tan\u0131k olmam\u0131\u015ft\u0131.<\/b><\/p>\n<p>Greenpeace Gen\u00e7lik Grubu bug\u00fcn Ba\u015fbakan Tayyip Erdo\u011fan\u2019dan Kopenhag \u0130klim Zirvesi\u2019ne kat\u0131lmas\u0131n\u0131 ve <b><a target=\"_blank\" href=\"http:\/\/www.greenpeace.org\/turkey\/news\/kopenhag28082009\">iklim i\u00e7in gerekli sorumlulu\u011fu alarak herkese \u00f6rnek olmas\u0131n\u0131 istedi.<\/a><\/b> Bu \u00e7a\u011fr\u0131 ancak siz de destek verdi\u011finizde g\u00fc\u00e7lenerek yay\u0131labilir.<\/p>\n<p>D\u00fcnya duymay\u0131 bilenler i\u00e7in yard\u0131m \u00e7\u0131\u011fl\u0131klar\u0131 atarken Erdo\u011fan\u2019a yapt\u0131\u011f\u0131m\u0131z \u00e7a\u011fr\u0131ya l\u00fctfen siz de kat\u0131l\u0131n. \u0130klim i\u00e7in \u015fimdi \u201cvan min\u00fct\u201d de\u011filse ne zaman?<\/p>\n<p>Facebook ve Twitter kullan\u0131yorsan\u0131z daha \u00e7ok ki\u015finin Tayyip Erdo\u011fan\u2019a \u00e7a\u011fr\u0131s\u0131n\u0131 iletmesini sa\u011flay\u0131n.<\/p>\n<p><a target=\"_blank\" href=\"http:\/\/www.facebook.com\/sharer.php?src=bm&amp;amp;v=4&amp;amp;i=1193644123&amp;amp;u=http%3A\/\/www.greenpeace.org\/turkey\/news\/kopenhag28082009&amp;amp;t=?klim%20i%E7in%20?van%20min%FCt?%20%7C%20Greenpeace%20Akdeniz\"><b>&#8211; Kampanyan\u0131z\u0131 Facebook \u00fczerinden yapmak i\u00e7in t\u0131klay\u0131n.<\/b><\/a><\/p>\n<p><b><a target=\"_blank\" href=\"http:\/\/twitter.com\/login\">&#8211; Kampanyan\u0131z\u0131 Twitter \u00fczerinden yapmak i\u00e7in t\u0131klay\u0131n.<\/a><\/b><\/p>\n<p><a target=\"_blank\" href=\"http:\/\/www.greenpeace.org\/turkey\/kat-l-n\"><b>&#8211; \u0130klim kampanyam\u0131za online destek vermek i\u00e7in t\u0131klay\u0131n.<\/b><\/a><\/p>\n<p><i>Greenpeace Akdeniz\u2019deki herkes<\/i><\/p>\n<div class=\"zemanta-pixie\"><img data-recalc-dims=\"1\"  title=\"\" decoding=\"async\" class=\"zemanta-pixie-img\"  alt=\"pixy Tayyip Erdo\u011fan\u2019a iklim i\u00e7in \u201cvan min\u00fct\u201d \u00e7a\u011fr\u0131s\u0131\"  src=\"https:\/\/i0.wp.com\/img.zemanta.com\/pixy.gif?w=640\" \/><\/div>\n","protected":false},"excerpt":{"rendered":"<p>D\u00fcnya liderlerinin gezegenin kaderini belirleyece\u011fi Kopenhag \u0130klim Zirvesi\u2019nden \u00e7\u0131kacak kararlar yak\u0131n gelecekte nas\u0131l bir d\u00fcnyada ya\u015fayaca\u011f\u0131m\u0131z\u0131 da belirleyecek. \u015eimdi harekete ge\u00e7me zaman\u0131. \u00c7\u00fcnk\u00fc d\u00fcnya hi\u00e7 bu kadar \u0131s\u0131nmam\u0131\u015ft\u0131 ve insanl\u0131k iklim felaketinin korkutucu etkilerine hi\u00e7 bug\u00fcn oldu\u011fu kadar yak\u0131ndan tan\u0131k olmam\u0131\u015ft\u0131. Greenpeace Gen\u00e7lik Grubu bug\u00fcn Ba\u015fbakan Tayyip Erdo\u011fan\u2019dan Kopenhag \u0130klim Zirvesi\u2019ne kat\u0131lmas\u0131n\u0131 ve iklim i\u00e7in [&hellip;]<\/p>\n","protected":false},"author":331,"featured_media":0,"comment_status":"open","ping_status":"open","sticky":false,"template":"","format":"standard","meta":{"advanced_seo_description":"","jetpack_seo_html_title":"","jetpack_seo_noindex":false,"ngg_post_thumbnail":0,"jetpack_post_was_ever_published":false,"_jetpack_newsletter_access":"","_jetpack_dont_email_post_to_subs":false,"_jetpack_newsletter_tier_id":0,"_jetpack_memberships_contains_paywalled_content":false,"_jetpack_memberships_contains_paid_content":false,"footnotes":""},"categories":[8],"tags":[],"class_list":["post-1743","post","type-post","status-publish","format-standard","hentry","category-duyurular"],"jetpack_featured_media_url":"","jetpack_shortlink":"https:\/\/wp.me\/paHHlZ-s7","jetpack-related-posts":[{"id":2568,"url":"https:\/\/www.gocmeniz.biz\/?p=2568","url_meta":{"origin":1743,"position":0},"title":"Korkutucu iklim raporu: Himalaya&#8217;da buzullar eriyor, d\u00fcnyan\u0131n d\u00f6rtte biri tehdit alt\u0131nda","author":"Haberci","date":"05 \u015eubat 2019","format":false,"excerpt":"K\u00fcresel \u0131s\u0131nman\u0131n en fazla tehdit etti\u011fi b\u00f6lgelerden birinin Himalaya Da\u011flar\u0131 oldu\u011fu ve y\u00fczy\u0131l\u0131n sonuna kadar bu b\u00f6lgedeki 2 milyara yak\u0131n ki\u015finin k\u0131tl\u0131kla y\u00fczle\u015febilece\u011fi tespit edildi. Pazartesi g\u00fcn\u00fc yay\u0131mlanan ve 350 ara\u015ft\u0131rmac\u0131n\u0131n katk\u0131lar\u0131yla haz\u0131rlanan 'Hinduku\u015f Himalaya De\u011ferlendirmesi' (The Hindu Kush Himalaya Assessment), d\u00fcnyan\u0131n en kalabal\u0131k k\u0131tas\u0131ndaki n\u00fcfusun kar\u015f\u0131 kar\u015f\u0131ya oldu\u011fu tehlikeyi\u2026","rel":"","context":"&quot;Haberler&quot; i\u00e7inde","block_context":{"text":"Haberler","link":"https:\/\/www.gocmeniz.biz\/?cat=5"},"img":{"alt_text":"","src":"https:\/\/i0.wp.com\/www.gocmeniz.biz\/wp-content\/688x387_cmsv2_bf228be6-0f9e-56c3-aaf4-51348f22bb46-3375678.jpg?fit=688%2C387&ssl=1&resize=350%2C200","width":350,"height":200,"srcset":"https:\/\/i0.wp.com\/www.gocmeniz.biz\/wp-content\/688x387_cmsv2_bf228be6-0f9e-56c3-aaf4-51348f22bb46-3375678.jpg?fit=688%2C387&ssl=1&resize=350%2C200 1x, https:\/\/i0.wp.com\/www.gocmeniz.biz\/wp-content\/688x387_cmsv2_bf228be6-0f9e-56c3-aaf4-51348f22bb46-3375678.jpg?fit=688%2C387&ssl=1&resize=525%2C300 1.5x"},"classes":[]},{"id":1383,"url":"https:\/\/www.gocmeniz.biz\/?p=1383","url_meta":{"origin":1743,"position":1},"title":"D\u00f6rd\u00fcnc\u00fc uluslararas\u0131 kutup y\u0131l\u0131na Bulgaristan\u2019\u0131n katk\u0131s\u0131","author":"Haberci","date":"18 Haziran 2009","format":false,"excerpt":"Bir Bulgar bilimadam\u0131, ilk defa g\u00fcney kutupta bundan \u00f6nce belirsiz olan y\u00fczlerce co\u011frafik nesneyi harita kapsam\u0131 i\u00e7ine ald\u0131. Antarktika\u2019daki k\u00f6t\u00fc meteoroloji \u015fartlar\u0131na ra\u011fmen, L\u00fcbomir \u0130vanov, \u00e7e\u015fitli tepeleri, buzul, ada ve liman\u0131 ara\u015ft\u0131r\u0131p haritada i\u015faretini koydu. Haritaya 550 co\u011frafik nesne ad\u0131 eklendi. Bu adlar\u0131n %56\u2019l\u0131k b\u00f6l\u00fcm\u00fc Bulgar ad\u0131, geri kalan %44\u2019l\u00fck\u2026","rel":"","context":"&quot;Haberler&quot; i\u00e7inde","block_context":{"text":"Haberler","link":"https:\/\/www.gocmeniz.biz\/?cat=5"},"img":{"alt_text":"","src":"","width":0,"height":0},"classes":[]},{"id":1274,"url":"https:\/\/www.gocmeniz.biz\/?p=1274","url_meta":{"origin":1743,"position":2},"title":"Bulgaristan&#8217;da &#8220;Karadeniz B\u00f6lgesi Su Konferans\u0131&#8221;","author":"Haberci","date":"28 May\u0131s 2009","format":false,"excerpt":"Bulgaristan'\u0131n ba\u015fkenti Sofya'da \"Karadeniz B\u00f6lgesinde K\u00fc\u00e7\u00fck Yerle\u015fimler \u0130\u00e7in Su ve \u0130\u00e7me Suyu Temini\" konulu konferans d\u00fczenlendi.Hollanda Kraliyeti Orange Prensi Willem Alexander'in himayesinde d\u00fczenlenen konferansta konu\u015fan \u00c7evre ve Orman Bakanl\u0131\u011f\u0131 \u00c7evre Y\u00f6netimi Genel M\u00fcd\u00fcr\u00fc Prof. Dr. L\u00fctfi Ak\u00e7a, T\u00fcrkiye'nin su ar\u0131tma konusuna verdi\u011fi \u00f6nemi dile getirdi.\u00d6zellikle k\u0131rsal kesimindeki su ar\u0131tma tesis\u2026","rel":"","context":"&quot;Haberler&quot; i\u00e7inde","block_context":{"text":"Haberler","link":"https:\/\/www.gocmeniz.biz\/?cat=5"},"img":{"alt_text":"","src":"","width":0,"height":0},"classes":[]},{"id":835,"url":"https:\/\/www.gocmeniz.biz\/?p=835","url_meta":{"origin":1743,"position":3},"title":"Sofya&#8217;da \u0130klim de\u011fi\u015fikli\u011fi ve tar\u0131m konulu konferans\u0131 d\u00fczenleniyor","author":"Haberci","date":"13 \u015eubat 2009","format":false,"excerpt":"Ekonomik ve Sosyal Konseyi, Sofyya\u2019da, uluslararas\u0131 kat\u0131l\u0131mc\u0131lar\u0131n\u0131n da haz\u0131r bulundu\u011fu \u201c\u0130klim de\u011fi\u015fikli\u011fi paketi ve tar\u0131m\u201d konulu konferans ger\u00e7ekle\u015ftiriliyor. Bulgaristan\u2019dan sivil \u00f6rg\u00fct temsilcileri, tar\u0131m \u00fcreticisi birliklerive Abrupa tar\u0131m kurumlar\u0131 temsilcileri, Aral\u0131k 2008 tarihinde Avrupa Parlamentosu taraf\u0131ndan onaylanan iklim ve enerji alan\u0131nda \u00f6nlemler paketi \u00e7er\u00e7evesinde, tar\u0131m \u00fcreticilerinin kar\u015f\u0131 kar\u015f\u0131ya geldikleri zorluklar\u0131 tart\u0131\u015f\u0131yorlar.\u2026","rel":"","context":"&quot;Haberler&quot; i\u00e7inde","block_context":{"text":"Haberler","link":"https:\/\/www.gocmeniz.biz\/?cat=5"},"img":{"alt_text":"","src":"","width":0,"height":0},"classes":[]},{"id":2565,"url":"https:\/\/www.gocmeniz.biz\/?p=2565","url_meta":{"origin":1743,"position":4},"title":"Kahin Baba Vanga&#8217;dan t\u00fcyler \u00fcrperten kehanetler!","author":"Haberci","date":"05 \u015eubat 2019","format":false,"excerpt":"11 Eyl\u00fcl sald\u0131r\u0131s\u0131 ve Rusya'n\u0131n G\u00fcrcistan'\u0131 i\u015fgali gibi \u00f6nemli olaylar\u0131 \u00f6ng\u00f6rd\u00fc\u011f\u00fc s\u00f6ylenen g\u00f6rme engelli Bulgar kahin Baba Vanga (Vanga Nine), ard\u0131nda b\u0131rakt\u0131\u011f\u0131 felaket senaryolar\u0131yla aram\u0131zdan ayr\u0131lal\u0131 23 sene oldu. Ya\u015fad\u0131\u011f\u0131 d\u00f6nemde Bulgar y\u00f6netiminin \u00fcst d\u00fczey y\u00f6neticileri taraf\u0131ndan dan\u0131\u015f\u0131lan Baba Vanga yapt\u0131\u011f\u0131 kehanetlerle d\u00fcnya \u00e7ap\u0131nda \u00fcnlenmi\u015fti. Vanga'n\u0131n bundan sonraki y\u0131llar i\u00e7in\u2026","rel":"","context":"&quot;Haberler&quot; i\u00e7inde","block_context":{"text":"Haberler","link":"https:\/\/www.gocmeniz.biz\/?cat=5"},"img":{"alt_text":"","src":"https:\/\/i0.wp.com\/www.gocmeniz.biz\/wp-content\/f0c2f028e11m.jpg?fit=666%2C375&ssl=1&resize=350%2C200","width":350,"height":200,"srcset":"https:\/\/i0.wp.com\/www.gocmeniz.biz\/wp-content\/f0c2f028e11m.jpg?fit=666%2C375&ssl=1&resize=350%2C200 1x, https:\/\/i0.wp.com\/www.gocmeniz.biz\/wp-content\/f0c2f028e11m.jpg?fit=666%2C375&ssl=1&resize=525%2C300 1.5x"},"classes":[]},{"id":1258,"url":"https:\/\/www.gocmeniz.biz\/?p=1258","url_meta":{"origin":1743,"position":5},"title":"Naim S\u00fclaymano\u011fu iddialar\u0131 cevaplad\u0131","author":"Haberci","date":"26 May\u0131s 2009","format":false,"excerpt":"Aniden hastaneye kald\u0131r\u0131ld\u0131. `Kronik alkolik` denildi, `diyabet y\u00fcz\u00fcnden` yorumu yap\u0131ld\u0131, `Kollar\u0131 d\u00fcnyalar\u0131 kald\u0131rd\u0131 ama b\u00fcnyesi alkol\u00fc kald\u0131ramad\u0131,` ba\u015fl\u0131klar\u0131 at\u0131ld\u0131. `Cep Herk\u00fcl\u00fc` ilk kez konu\u015ftu. `Ben sporu b\u0131rakm\u0131\u015f\u0131m, 42 ya\u015f\u0131mday\u0131m. \u0130stedi\u011fim kadar i\u00e7ebilirim, kime ne? D\u00fcnyan\u0131n her yerinde sayg\u0131 g\u00f6r\u00fcyoruz ama T\u00fcrkiye`de resmen ayaklar alt\u0131na al\u0131n\u0131yoruz. Benim rahats\u0131z oldu\u011fum \u015fey bu!`\u2026","rel":"","context":"&quot;Haberler&quot; i\u00e7inde","block_context":{"text":"Haberler","link":"https:\/\/www.gocmeniz.biz\/?cat=5"},"img":{"alt_text":"","src":"","width":0,"height":0},"classes":[]}],"jetpack_sharing_enabled":true,"jetpack_likes_enabled":true,"_links":{"self":[{"href":"https:\/\/www.gocmeniz.biz\/index.php?rest_route=\/wp\/v2\/posts\/1743","targetHints":{"allow":["GET"]}}],"collection":[{"href":"https:\/\/www.gocmeniz.biz\/index.php?rest_route=\/wp\/v2\/posts"}],"about":[{"href":"https:\/\/www.gocmeniz.biz\/index.php?rest_route=\/wp\/v2\/types\/post"}],"author":[{"embeddable":true,"href":"https:\/\/www.gocmeniz.biz\/index.php?rest_route=\/wp\/v2\/users\/331"}],"replies":[{"embeddable":true,"href":"https:\/\/www.gocmeniz.biz\/index.php?rest_route=%2Fwp%2Fv2%2Fcomments&post=1743"}],"version-history":[{"count":0,"href":"https:\/\/www.gocmeniz.biz\/index.php?rest_route=\/wp\/v2\/posts\/1743\/revisions"}],"wp:attachment":[{"href":"https:\/\/www.gocmeniz.biz\/index.php?rest_route=%2Fwp%2Fv2%2Fmedia&parent=1743"}],"wp:term":[{"taxonomy":"category","embeddable":true,"href":"https:\/\/www.gocmeniz.biz\/index.php?rest_route=%2Fwp%2Fv2%2Fcategories&post=1743"},{"taxonomy":"post_tag","embeddable":true,"href":"https:\/\/www.gocmeniz.biz\/index.php?rest_route=%2Fwp%2Fv2%2Ftags&post=1743"}],"curies":[{"name":"wp","href":"https:\/\/api.w.org\/{rel}","templated":true}]}}