{"id":1747,"date":"2009-08-30T10:30:59","date_gmt":"2009-08-30T07:30:59","guid":{"rendered":"http:\/\/www.gocmeniz.biz\/?p=1747"},"modified":"2009-08-30T10:31:03","modified_gmt":"2009-08-30T07:31:03","slug":"30-agustos","status":"publish","type":"post","link":"https:\/\/www.gocmeniz.biz\/?p=1747","title":{"rendered":"30 A\u011eUSTOS"},"content":{"rendered":"<p><a href=\"https:\/\/i0.wp.com\/www.beykonak.bel.tr\/script\/news\/30Agustos.jpg\"><img data-recalc-dims=\"1\"  title=\"\"  alt=\"30Agustos 30 A\u011eUSTOS\" loading=\"lazy\" decoding=\"async\" style=\"max-width: 800px;\" src=\"https:\/\/i0.wp.com\/www.beykonak.bel.tr\/script\/news\/30Agustos.jpg?resize=450%2C329\" width=\"450\" height=\"329\" \/><\/a><\/p>\n<div class=\"zemanta-pixie\"><img data-recalc-dims=\"1\"  title=\"\" decoding=\"async\" class=\"zemanta-pixie-img\"  alt=\"pixy 30 A\u011eUSTOS\"  src=\"https:\/\/i0.wp.com\/img.zemanta.com\/pixy.gif?w=640\" \/><\/div>\n","protected":false},"excerpt":{"rendered":"","protected":false},"author":331,"featured_media":0,"comment_status":"open","ping_status":"open","sticky":false,"template":"","format":"standard","meta":{"advanced_seo_description":"","jetpack_seo_html_title":"","jetpack_seo_noindex":false,"ngg_post_thumbnail":0,"jetpack_post_was_ever_published":false,"_jetpack_newsletter_access":"","_jetpack_dont_email_post_to_subs":false,"_jetpack_newsletter_tier_id":0,"_jetpack_memberships_contains_paywalled_content":false,"_jetpack_memberships_contains_paid_content":false,"footnotes":""},"categories":[8],"tags":[],"class_list":["post-1747","post","type-post","status-publish","format-standard","hentry","category-duyurular"],"jetpack_featured_media_url":"","jetpack_shortlink":"https:\/\/wp.me\/paHHlZ-sb","jetpack-related-posts":[{"id":1686,"url":"https:\/\/www.gocmeniz.biz\/?p=1686","url_meta":{"origin":1747,"position":0},"title":"A\u011fustos ay\u0131 depremlerle ba\u015flad\u0131","author":"Haberci","date":"11 A\u011fustos 2009","format":false,"excerpt":"\u00c7anakkale`nin Biga il\u00e7esinde ya\u015fanan son deprem ile A\u011fustos`un ilk 8 g\u00fcn\u00fcnde T\u00fcrkiye genelinde kaydedilen k\u00fc\u00e7\u00fck ve orta \u015fiddetteki deprem say\u0131s\u0131 109 olarak belirlendi.Kandilli Rasathanesi`nin verilerine g\u00f6re, A\u011fustos`un ilk 8 g\u00fcn\u00fcnde T\u00fcrkiye genelinde tam 109 deprem kaydedildi. Bu depremlerden en b\u00fcy\u00fc\u011f\u00fc 5 A\u011fustos tarihinde saat 10.49`da Karadeniz`de Bulgaristan a\u00e7\u0131klar\u0131nda kaydedildi.5.1 b\u00fcy\u00fckl\u00fc\u011f\u00fcndeki\u2026","rel":"","context":"&quot;Haberler&quot; i\u00e7inde","block_context":{"text":"Haberler","link":"https:\/\/www.gocmeniz.biz\/?cat=5"},"img":{"alt_text":"","src":"","width":0,"height":0},"classes":[]},{"id":709,"url":"https:\/\/www.gocmeniz.biz\/?p=709","url_meta":{"origin":1747,"position":1},"title":"G\u00f6\u00e7men Konutlar\u0131 \u0130le \u0130lgili G\u00fcncel Duyurular","author":"Admin","date":"23 Aral\u0131k 2008","format":false,"excerpt":"!! YEN\u0130 !! G\u00f6\u00e7men Soyda\u015flar\u0131n Para \u0130adesi veya Konut Taleplerine \u0130li\u015fkin A\u00e7\u0131klama.","rel":"","context":"&quot;Duyurular&quot; i\u00e7inde","block_context":{"text":"Duyurular","link":"https:\/\/www.gocmeniz.biz\/?cat=8"},"img":{"alt_text":"","src":"https:\/\/i0.wp.com\/img528.imageshack.us\/img528\/8733\/tokikp6.jpg?resize=350%2C200","width":350,"height":200},"classes":[]},{"id":549,"url":"https:\/\/www.gocmeniz.biz\/?p=549","url_meta":{"origin":1747,"position":2},"title":"Yaz saati hafta sonu bitiyor","author":"Haberci","date":"23 Ekim 2008","format":false,"excerpt":"Yaz saati uygulamas\u0131na 30 Mart 2008 tarihinde ge\u00e7ilirken saatler 03.00\u2019de bir saat ileri al\u0131nm\u0131\u015ft\u0131. \u0130leri saat uygulamas\u0131 bu hafta sonu sona eriyor.26 Ekim Pazar g\u00fcn\u00fc saat 04.00\u2019de saatler 1 saat geri al\u0131nacak. Uygulama, g\u00fcnlerin k\u0131sald\u0131\u011f\u0131 k\u0131\u015f mevsiminde g\u00fcn \u0131\u015f\u0131\u011f\u0131ndan daha fazla yararlanmay\u0131 ama\u00e7l\u0131yor.","rel":"","context":"&quot;Duyurular&quot; i\u00e7inde","block_context":{"text":"Duyurular","link":"https:\/\/www.gocmeniz.biz\/?cat=8"},"img":{"alt_text":"","src":"","width":0,"height":0},"classes":[]},{"id":1656,"url":"https:\/\/www.gocmeniz.biz\/?p=1656","url_meta":{"origin":1747,"position":3},"title":"Balkan \u00dclkelerinin Kalbi Bursa`da Atacak","author":"Haberci","date":"04 A\u011fustos 2009","format":false,"excerpt":"BURSA(\u0130HA) - Nam\u0131kkemal Halk Oyunlar\u0131 Gen\u00e7lik ve Spor Kul\u00fcb\u00fc Derne\u011fi (NAKEM) taraf\u0131ndan bu y\u0131l 5. d\u00fczenlenecek olan, ``5. NAKEM Balkan Festivali`` 11-16 A\u011fustos tarihleri aras\u0131nda yap\u0131lacak.NAKEM Ba\u015fkan Yard\u0131mc\u0131s\u0131 Taner \u00d6demi\u015f, yapt\u0131\u011f\u0131 a\u00e7\u0131klamada, geleneksel hale getirdikleri festivale bu y\u0131l Bulgaristan, Yunanistan, Romanya, Bosna Hersek, Makedonya, Kosova, Arnavutluk, S\u0131rbistan ve Karada\u011f`dan \u00e7ok\u2026","rel":"","context":"&quot;Haberler&quot; i\u00e7inde","block_context":{"text":"Haberler","link":"https:\/\/www.gocmeniz.biz\/?cat=5"},"img":{"alt_text":"","src":"","width":0,"height":0},"classes":[]},{"id":1193,"url":"https:\/\/www.gocmeniz.biz\/?p=1193","url_meta":{"origin":1747,"position":4},"title":"DE\u011eERL\u0130 ANNELER\u0130M\u0130Z\u0130N G\u00dcN\u00dc KUTLU OLSUN!","author":"Haberci","date":"10 May\u0131s 2009","format":false,"excerpt":"","rel":"","context":"&quot;Duyurular&quot; i\u00e7inde","block_context":{"text":"Duyurular","link":"https:\/\/www.gocmeniz.biz\/?cat=8"},"img":{"alt_text":"","src":"https:\/\/i0.wp.com\/kuzum.biz\/wp-content\/gallery\/wp-contentgallery\/anneler-gunu22.jpg?resize=350%2C200","width":350,"height":200},"classes":[]},{"id":44,"url":"https:\/\/www.gocmeniz.biz\/?p=44","url_meta":{"origin":1747,"position":5},"title":"K\u00f6\u015fe yaz\u0131s\u0131..","author":"Admin","date":"04 Nisan 2007","format":false,"excerpt":"","rel":"","context":"&quot;Duyurular&quot; i\u00e7inde","block_context":{"text":"Duyurular","link":"https:\/\/www.gocmeniz.biz\/?cat=8"},"img":{"alt_text":"Melek - Bir \u00c7ocu\u011fun G\u00f6z\u00fcnden ","src":"https:\/\/i0.wp.com\/www.gocmeniz.biz\/images\/uzguncocuk.gif?resize=350%2C200","width":350,"height":200},"classes":[]}],"jetpack_sharing_enabled":true,"jetpack_likes_enabled":true,"_links":{"self":[{"href":"https:\/\/www.gocmeniz.biz\/index.php?rest_route=\/wp\/v2\/posts\/1747","targetHints":{"allow":["GET"]}}],"collection":[{"href":"https:\/\/www.gocmeniz.biz\/index.php?rest_route=\/wp\/v2\/posts"}],"about":[{"href":"https:\/\/www.gocmeniz.biz\/index.php?rest_route=\/wp\/v2\/types\/post"}],"author":[{"embeddable":true,"href":"https:\/\/www.gocmeniz.biz\/index.php?rest_route=\/wp\/v2\/users\/331"}],"replies":[{"embeddable":true,"href":"https:\/\/www.gocmeniz.biz\/index.php?rest_route=%2Fwp%2Fv2%2Fcomments&post=1747"}],"version-history":[{"count":0,"href":"https:\/\/www.gocmeniz.biz\/index.php?rest_route=\/wp\/v2\/posts\/1747\/revisions"}],"wp:attachment":[{"href":"https:\/\/www.gocmeniz.biz\/index.php?rest_route=%2Fwp%2Fv2%2Fmedia&parent=1747"}],"wp:term":[{"taxonomy":"category","embeddable":true,"href":"https:\/\/www.gocmeniz.biz\/index.php?rest_route=%2Fwp%2Fv2%2Fcategories&post=1747"},{"taxonomy":"post_tag","embeddable":true,"href":"https:\/\/www.gocmeniz.biz\/index.php?rest_route=%2Fwp%2Fv2%2Ftags&post=1747"}],"curies":[{"name":"wp","href":"https:\/\/api.w.org\/{rel}","templated":true}]}}