{"id":1753,"date":"2009-08-31T14:59:37","date_gmt":"2009-08-31T11:59:37","guid":{"rendered":"http:\/\/www.gocmeniz.biz\/?p=1753"},"modified":"2026-04-03T12:25:38","modified_gmt":"2026-04-03T09:25:38","slug":"zafer-yolunda-bulgarlar-guldu","status":"publish","type":"post","link":"https:\/\/www.gocmeniz.biz\/?p=1753","title":{"rendered":"Zafer Yolu\u2019nda Bulgarlar g\u00fcld\u00fc"},"content":{"rendered":"<p><b><img data-recalc-dims=\"1\"  title=\"\"  alt=\"8706727 Zafer Yolu\u2019nda Bulgarlar g\u00fcld\u00fc\" decoding=\"async\" style=\"float: left; margin-top: 10px; margin-bottom: 10px; margin-right: 10px;\" src=\"https:\/\/i0.wp.com\/www.hurriyet.com.tr\/_np\/6727\/8706727.jpg?w=640\" \/>T\u00fcrkiye Bisiklet Federasyonu\u2019nca d\u00fczenlenen ve 26 A\u011fustos\u2019ta Kastamonu\u2019nun \u0130nebolu il\u00e7esinde ba\u015flayan 3. Uluslararas\u0131 Atat\u00fcrk ve Zafer Yolu Bisiklet Turu d\u00fcn K\u00fctahya\u2019n\u0131n Dumlup\u0131nar il\u00e7esinde sona erdi.<\/b><\/p>\n<p>Yar\u0131\u015flar sonunda genel ferdi klasmanda Bulgaristan\u2019\u0131n Hemuz Troian Kul\u00fcb\u00fc\u2019nden Koev Vladimir birinci, Shumanov Pavel ikinci, Brisa-A tak\u0131m\u0131ndan da Bakhtiyar Mamyrov \u00fc\u00e7\u00fcnc\u00fc oldu. Genel tak\u0131m klasman\u0131nda da Hemuz Troian Kul\u00fcb\u00fc birincili\u011fi, Brisa-A tak\u0131m\u0131 ikincili\u011fi, Brisa-B tak\u0131m\u0131 da \u00fc\u00e7\u00fcnc\u00fcl\u00fc\u011f\u00fc elde etti.<\/p>\n<div class=\"zemanta-pixie\"><img data-recalc-dims=\"1\"  title=\"\" decoding=\"async\" class=\"zemanta-pixie-img\"  alt=\"pixy Zafer Yolu\u2019nda Bulgarlar g\u00fcld\u00fc\"  src=\"https:\/\/i0.wp.com\/img.zemanta.com\/pixy.gif?w=640\" \/><\/div>\n","protected":false},"excerpt":{"rendered":"<p>T\u00fcrkiye Bisiklet Federasyonu\u2019nca d\u00fczenlenen ve 26 A\u011fustos\u2019ta Kastamonu\u2019nun \u0130nebolu il\u00e7esinde ba\u015flayan 3. Uluslararas\u0131 Atat\u00fcrk ve Zafer Yolu Bisiklet Turu d\u00fcn K\u00fctahya\u2019n\u0131n Dumlup\u0131nar il\u00e7esinde sona erdi. Yar\u0131\u015flar sonunda genel ferdi klasmanda Bulgaristan\u2019\u0131n Hemuz Troian Kul\u00fcb\u00fc\u2019nden Koev Vladimir birinci, Shumanov Pavel ikinci, Brisa-A tak\u0131m\u0131ndan da Bakhtiyar Mamyrov \u00fc\u00e7\u00fcnc\u00fc oldu. Genel tak\u0131m klasman\u0131nda da Hemuz Troian Kul\u00fcb\u00fc birincili\u011fi, [&hellip;]<\/p>\n","protected":false},"author":331,"featured_media":0,"comment_status":"open","ping_status":"open","sticky":false,"template":"","format":"standard","meta":{"advanced_seo_description":"","jetpack_seo_html_title":"","jetpack_seo_noindex":false,"ngg_post_thumbnail":0,"jetpack_post_was_ever_published":false,"_jetpack_newsletter_access":"","_jetpack_dont_email_post_to_subs":false,"_jetpack_newsletter_tier_id":0,"_jetpack_memberships_contains_paywalled_content":false,"_jetpack_memberships_contains_paid_content":false,"footnotes":""},"categories":[5],"tags":[],"class_list":["post-1753","post","type-post","status-publish","format-standard","hentry","category-haberler"],"jetpack_featured_media_url":"","jetpack_shortlink":"https:\/\/wp.me\/paHHlZ-sh","jetpack-related-posts":[{"id":1008,"url":"https:\/\/www.gocmeniz.biz\/?p=1008","url_meta":{"origin":1753,"position":0},"title":"ED\u0130RNE &#8211; Edirne Do\u011fa Sporlar\u0131 Kul\u00fcb\u00fcnce (EDOSK), 12 Nisan Pazar g\u00fcn\u00fc Edirne 1. Bisiklet \u015eenli\u011fi d\u00fczenlendi.","author":"Haberci","date":"04 Nisan 2009","format":false,"excerpt":"EDOSK Y\u00f6netim Kurulu \u00fcyesi, Gen\u00e7lik ve Spor \u0130l M\u00fcd\u00fcrl\u00fc\u011f\u00fc Bisiklet \u0130l Temsilcili\u011fi Ali Kanar, AA muhabirine yapt\u0131\u011f\u0131 a\u00e7\u0131klamada, bu \u015fenli\u011fin Edirne'de ilk kez yap\u0131laca\u011f\u0131n\u0131 bildirdi. \u015eenli\u011fi geleneksel hale getirmeyi hedeflediklerini anlatan Kanar, ama\u00e7lar\u0131n\u0131n Edirne'de bisiklet sporunu yayg\u0131nla\u015ft\u0131rmak ve bisiklet k\u00fclt\u00fcr\u00fc olu\u015fturmak oldu\u011funu s\u00f6yledi.\u00a0\u00a0\u00a0\u00a0 \u015eenli\u011fin 12 Nisan Pazar g\u00fcn\u00fc saat 10.00'da\u2026","rel":"","context":"&quot;Haberler&quot; i\u00e7inde","block_context":{"text":"Haberler","link":"https:\/\/www.gocmeniz.biz\/?cat=5"},"img":{"alt_text":"","src":"","width":0,"height":0},"classes":[]},{"id":929,"url":"https:\/\/www.gocmeniz.biz\/?p=929","url_meta":{"origin":1753,"position":1},"title":"TUNA B\u0130S\u0130KLET TURU BA\u015eLIYOR&#8230;","author":"Haberci","date":"23 Mart 2009","format":false,"excerpt":"\"Avrupa'y\u0131 Hareket Halinde Ke\u015ffedin\" slogan\u0131yla organize edilecek olan 2009 Tuna Bisiklet Turu ba\u015fl\u0131yor 23-27 Haziran tarihleri aras\u0131nda ger\u00e7ekle\u015ftirilecek. Bisiklete binmeyi seven, \u00e7evreyi \u00f6nemseyen ve Avrupa'da yeni arkada\u015flar edinmek isteyenlere bir davet olarak ger\u00e7ekle\u015ftirilece\u011fi belirtilen ve 23-27 Haziran 2009 tarihleri aras\u0131nda Tuna Nehri boyunca d\u00fczenlenecek bisiklet turuna heyecan severlerin b\u00fcy\u00fck ilgi\u2026","rel":"","context":"&quot;Haberler&quot; i\u00e7inde","block_context":{"text":"Haberler","link":"https:\/\/www.gocmeniz.biz\/?cat=5"},"img":{"alt_text":"","src":"","width":0,"height":0},"classes":[]},{"id":2082,"url":"https:\/\/www.gocmeniz.biz\/?p=2082","url_meta":{"origin":1753,"position":2},"title":"Bulgar Bisiklet\u00e7i \u00c7evre Kirlili\u011fine Dikkat \u00c7ekmek i\u00e7in Akdeniz&#8217;i Dola\u015f\u0131yor","author":"Haberci","date":"19 \u015eubat 2010","format":false,"excerpt":"Bulgar bisiklet\u00e7i Vyoeheslav Stoyavov (36), \u00e7evre kirlili\u011fine dikkat \u00e7ekmek i\u00e7in \u00e7\u0131kt\u0131\u011f\u0131 Akdeniz sahil \u015feridi turunda, ikinci dura\u011f\u0131 Mu\u011fla'ya vard\u0131. Ge\u00e7ti\u011fi yerlerdeki insanlara bilgiler veren \u00e7evre g\u00f6n\u00fcll\u00fcs\u00fc sporcu, bu ama\u00e7la Mu\u011fla Belediyesi'ni de ziyaret etti. Bulgaristan'\u0131n ba\u015f\u015fehri Sofya'dan yola \u00e7\u0131kan Stoyavov, Belediye Ba\u015fkan\u0131 Osman G\u00fcr\u00fcn'le makam\u0131nda g\u00f6r\u00fc\u015ferek, \u00e7evre temizli\u011fine dikkat \u00e7ekmek\u2026","rel":"","context":"&quot;Haberler&quot; i\u00e7inde","block_context":{"text":"Haberler","link":"https:\/\/www.gocmeniz.biz\/?cat=5"},"img":{"alt_text":"","src":"","width":0,"height":0},"classes":[]},{"id":187,"url":"https:\/\/www.gocmeniz.biz\/?p=187","url_meta":{"origin":1753,"position":3},"title":"Sezonun \u0130lk Leblebileri Almanya ve Bulgaristan&#8217;a G\u00f6nderildi","author":"Admin","date":"08 Ekim 2007","format":false,"excerpt":"K\u00fctahya'n\u0131n Tav\u015fanl\u0131 il\u00e7esinde 3 as\u0131rdan bu yana ata mesle\u011fi olarak \u00fcretimi yap\u0131lan leblebinin bu sezon ilk ihracat\u0131 Almanya ve Bulgaristan'a ger\u00e7ekle\u015fti. Tav\u015fanl\u0131 leblebisini uluslararas\u0131 pazarlarda ba\u015far\u0131yla tan\u0131tan Leblebici Korkmazlar Ticaret, sezonun ilk leblebisini Almanya ve Bulgaristan'a g\u00f6nderdiklerini a\u00e7\u0131klad\u0131. Firma olarak hedeflerinin Tav\u015fanl\u0131 leblebisini d\u00fcnyaya tan\u0131tmak oldu\u011funu s\u00f6yleyen firma Genel M\u00fcd\u00fcr\u00fc\u2026","rel":"","context":"&quot;Haberler&quot; i\u00e7inde","block_context":{"text":"Haberler","link":"https:\/\/www.gocmeniz.biz\/?cat=5"},"img":{"alt_text":"","src":"https:\/\/i0.wp.com\/resimler.haberler.com\/haber\/874\/sezonun-ilk-leblebileri-almanya-ve-bulgaristan-a_o.jpg?resize=350%2C200","width":350,"height":200},"classes":[]},{"id":1907,"url":"https:\/\/www.gocmeniz.biz\/?p=1907","url_meta":{"origin":1753,"position":4},"title":"Bulgaristan Milli tak\u0131m\u0131 ile Shaktar Donetsk Antalya`ya gelecek","author":"Haberci","date":"12 Kas\u0131m 2009","format":false,"excerpt":"Bulgaristan Milli tak\u0131m\u0131 ile Ukrayna`n\u0131n Shaktar Donetsk tak\u0131m\u0131 \u00f6zel ma\u00e7 yapmak i\u00e7in Antalya`ya gelecek.Regna Sports Travel Genel M\u00fcd\u00fcr\u00fc Emre Almak, AA muhabirine yapt\u0131\u011f\u0131 a\u00e7\u0131klamada, kendileri taraf\u0131ndan organize edilen haz\u0131rl\u0131k ma\u00e7lar\u0131 kapsam\u0131nda, Bulgaristan A Milli Tak\u0131m\u0131 ile UEFA Kupas\u0131`n\u0131n son \u015fampiyonu Mircea Lucescu`nun \u00e7al\u0131\u015ft\u0131rd\u0131\u011f\u0131 Ukrayna`n\u0131n Shaktar Donetsk tak\u0131m\u0131n\u0131n 13 Kas\u0131m Cuma\u2026","rel":"","context":"&quot;Haberler&quot; i\u00e7inde","block_context":{"text":"Haberler","link":"https:\/\/www.gocmeniz.biz\/?cat=5"},"img":{"alt_text":"","src":"","width":0,"height":0},"classes":[]},{"id":476,"url":"https:\/\/www.gocmeniz.biz\/?p=476","url_meta":{"origin":1753,"position":5},"title":"GAZ\u00dc&#8217;L\u00dc \u00d6\u011eRENC\u0130LER, AB FONLARIYLA BULGAR\u0130STAN&#8217;DA PEDAL \u00c7EV\u0130RECEK","author":"Haberci","date":"29 Temmuz 2008","format":false,"excerpt":"Gaziantep \u00dcniversitesi (GAZ\u00dc) \u00f6\u011frencileri, Avrupa Birli\u011fi E\u011fitim ve Gen\u00e7lik Programlar\u0131 Merkezi Ba\u015fkanl\u0131\u011f\u0131 taraf\u0131ndan y\u00fcr\u00fct\u00fclen 'Avrupa G\u00f6n\u00fcll\u00fc Hizmeti Program\u0131 \u00e7er\u00e7evesinde Bulgaristan'a gitti. \u00dcniversiteli gen\u00e7ler, bu \u00fclkedeki bir ayl\u0131k zaman diliminde bisiklet kullan\u0131m e\u011fitiminin yan\u0131 s\u0131ra dil kursu ve bisiklet turlar\u0131na kat\u0131lacak. GAZ\u00dc AB Ofisi Koordinat\u00f6r\u00fc Prof. Dr. Mustafa \u00d6zak\u00e7a, \"Bikearea Association\"un\u2026","rel":"","context":"&quot;Haberler&quot; i\u00e7inde","block_context":{"text":"Haberler","link":"https:\/\/www.gocmeniz.biz\/?cat=5"},"img":{"alt_text":"","src":"","width":0,"height":0},"classes":[]}],"jetpack_sharing_enabled":true,"jetpack_likes_enabled":true,"_links":{"self":[{"href":"https:\/\/www.gocmeniz.biz\/index.php?rest_route=\/wp\/v2\/posts\/1753","targetHints":{"allow":["GET"]}}],"collection":[{"href":"https:\/\/www.gocmeniz.biz\/index.php?rest_route=\/wp\/v2\/posts"}],"about":[{"href":"https:\/\/www.gocmeniz.biz\/index.php?rest_route=\/wp\/v2\/types\/post"}],"author":[{"embeddable":true,"href":"https:\/\/www.gocmeniz.biz\/index.php?rest_route=\/wp\/v2\/users\/331"}],"replies":[{"embeddable":true,"href":"https:\/\/www.gocmeniz.biz\/index.php?rest_route=%2Fwp%2Fv2%2Fcomments&post=1753"}],"version-history":[{"count":1,"href":"https:\/\/www.gocmeniz.biz\/index.php?rest_route=\/wp\/v2\/posts\/1753\/revisions"}],"predecessor-version":[{"id":9012,"href":"https:\/\/www.gocmeniz.biz\/index.php?rest_route=\/wp\/v2\/posts\/1753\/revisions\/9012"}],"wp:attachment":[{"href":"https:\/\/www.gocmeniz.biz\/index.php?rest_route=%2Fwp%2Fv2%2Fmedia&parent=1753"}],"wp:term":[{"taxonomy":"category","embeddable":true,"href":"https:\/\/www.gocmeniz.biz\/index.php?rest_route=%2Fwp%2Fv2%2Fcategories&post=1753"},{"taxonomy":"post_tag","embeddable":true,"href":"https:\/\/www.gocmeniz.biz\/index.php?rest_route=%2Fwp%2Fv2%2Ftags&post=1753"}],"curies":[{"name":"wp","href":"https:\/\/api.w.org\/{rel}","templated":true}]}}