{"id":1755,"date":"2009-09-02T08:28:50","date_gmt":"2009-09-02T05:28:50","guid":{"rendered":"http:\/\/www.gocmeniz.biz\/?p=1755"},"modified":"2026-04-03T16:26:14","modified_gmt":"2026-04-03T13:26:14","slug":"girnata-uclusu","status":"publish","type":"post","link":"https:\/\/www.gocmeniz.biz\/?p=1755","title":{"rendered":"G\u0131rnata \u00dc\u00e7l\u00fcs\u00fc"},"content":{"rendered":"<p><b>Life Roof<br \/>\n04 Eyl\u00fcl 2009<br \/>\n21:30<\/b><\/p>\n<p><b>Klarnet virt\u00fc\u00f6zleri&nbsp; GIRNATA \u00dc\u00c7L\u00dcS\u00dc<\/b><\/p>\n<p>\u00c7orlulu Sava\u015f ve Serdar Say\u0131n h\u0131z konusunda bir anla\u015fmaya varamad\u0131klar\u0131 i\u00e7in \u00c7atalcal\u0131 \u00d6zkan&#8217;\u0131 da aralar\u0131na eklediler&#8230; \u00dc\u00e7 klarnet\u00e7i ne gibi bir i\u015f yaparlar dersiniz? Bu \u00fc\u00e7 klarnet\u00e7i ger\u00e7ekten ak\u0131l kar\u0131 bir i\u015f yapm\u0131yorlar&#8230; Bir b\u00fcy\u00fc yap\u0131yorlar, herkesi kendilerine \u00e7ekip sonrada ortal\u0131\u011f\u0131 bir birine kat\u0131yorlar&#8230; Sizde bu b\u00fcy\u00fcye kap\u0131lmak isterseniz 4 Eyl\u00fcl Cuma Gecesi Life Roof a davetlisiniz..<\/p>\n<p><b>\u00c7ORLULU SAVA\u015e<\/b><\/p>\n<p>16.03.1967 Tekirda\u011f \u00c7orlu il\u00e7esinde do\u011fdu. M\u00fczik ya\u015fam\u0131na amat\u00f6rce 5 ya\u015f\u0131nda ba\u015flad\u0131. 6 ki\u015fiden olu\u015fan ilk orkestras\u0131n\u0131 10 ya\u015f\u0131nda kurdu. \u00c7orlu Musiki derne\u011finde e\u011fitim ald\u0131ktan sonra folklor halk oyunlar\u0131na m\u00fczik olarak e\u015flik etti. CNN T\u00fcrk\u2019te Ku\u015ftepe Bulis Belgeseline film m\u00fczikleri yapt\u0131. 1997\u2019de okay temiz ile babylon\u2019da bir s\u00fcre sahne ald\u0131. 1998\u2019de Ankara Holt\u00fcr Halk Danslar\u0131 ekibinin Japonyadaki 6 ayl\u0131k g\u00f6sterisine s\u00fcresince e\u015flik etti. 1999\u2019da Paris\u2019te L\u00fcleburgazl\u0131 Ahmet \u00d6zden Kumpanya \u0130stanbul grubunda bulundu ve repertuar\u0131na yard\u0131mc\u0131 oldu. 2001 y\u0131l\u0131nda Burhan \u00d6cal\u2019\u0131n kurmu\u015f oldu\u011fu Trakya All Stars grubunun klarnet\u00e7isi oldu ve 2006\u2019ya kadar Burhan \u00d6cal\u2019\u0131n projelerinde (Yeni R\u00fcya, Istanbul Oriantal Assemble) bulundu. Bunlar\u0131n aras\u0131nda Frans\u0131z Jean Pierre Smadj elektronik DJ, ud, Buzuki Orhan Osman ve \u00c7orlulu Sava\u015f \u00fc\u00e7l\u00fc bir alb\u00fcmde bulu\u015ftu. 3 Ki\u015finin ba\u015f harfini alarak ismini koydu\u011fumuz S.O.S. alb\u00fcm\u00fcn\u00fc \u00e7\u0131kard\u0131.<\/p>\n<p>Yeni alb\u00fcm\u00fc \u015eehrin G\u00f6zya\u015flar\u0131 \/ Performance ad\u0131n\u0131 ta\u015f\u0131yor.<\/p>\n<p><b>SERDAR SAYIN<\/b><!--more--><\/p>\n<p>1983 y\u0131l\u0131nda istanbulda d\u00fcnyaya geldi. Ticaret lisesini bitirdikten sonra \u0130.T.\u00dc T\u00fcrk Mus\u0131kisi Devlet Konservatuar\u0131 T\u00fcrk Halk Oyunlar\u0131 B\u00f6l\u00fcm\u00fcne girdi.<\/p>\n<p>1993 y\u0131l\u0131ndan itibaren yurt i\u00e7i ve yurt d\u0131\u015f\u0131 bir \u00e7ok organizasyonda g\u00f6rev ald\u0131.<\/p>\n<p>Fransa, Portekiz, \u0130spanya, \u0130talya, Yunanistan, Bulgaristan ve Macaristan gibi bir \u00e7ok Avrupa \u00fclkesinde m\u00fczisyen, dans\u00e7\u0131 veya kareograf olarak g\u00f6rev yapt\u0131.<\/p>\n<p>Motiflerle Anadolu isimli bir dans projesinin m\u00fczik y\u00f6netmenli\u011fini \u00fcstlendi.<\/p>\n<p>Yapt\u0131\u011f\u0131 projeler d\u0131\u015f\u0131nda halen Bak\u0131rk\u00f6yl\u00fc Sanat\u00e7\u0131lar Derne\u011fi, B\u00fcy\u00fck\u00e7ekmece Belediyesi Bar\u0131\u015f Man\u00e7o K\u00fclt\u00fcr Merkezi, Avrasya Folklor ve Turizm Derne\u011fi gibi bir\u00e7ok kurumda g\u00f6rev almaktad\u0131r.<\/p>\n<p><b>Balkan Fiestaaaaa!!!<\/b><\/p>\n<p>Canl\u0131 m\u00fczik aras\u0131nda ritimler<\/p>\n<p>Bulgaristan, Yunanistan, Makedonya, Arnavutluk, Kosova, Bosna ve Romanya&#8217;n\u0131n sahip oldu\u011fu bu geni\u015f co\u011frafyan\u0131n en sevilen par\u00e7lar\u0131n\u0131n yan\u0131s\u0131ra; Balkan Beat Box, Goran Bregovic, Shantel, Kultur Shock, Gogol Bordello gibi isimlere dokunarak T\u00fcrkiye\u2019ye kadar ula\u015facak. Disco Disco Partizani derken \u00e7o\u015facak, Kultur Shock&#8217;tan &#8220;Mastika&#8221; dinleyerek zaman ve mekan kavram\u0131n\u0131 kaybederek kendinizden ge\u00e7ecek, Burhan \u00d6cal ritimleriyle ile g\u00f6bek atacak ve Emir Kusturica&#8217;n\u0131n filmlerini dev ekranda seyrederken Start Wearing Purple&#8217;la kendinizi Balkan m\u00fczi\u011fin inan\u0131lmaz girdab\u0131nda bulacak ve neye u\u011frad\u0131\u011f\u0131n\u0131z \u015fa\u015f\u0131racaks\u0131n\u0131z \ud83d\ude42<\/p>\n<p><b>Gecenin&nbsp; Dj&#8217;i : U\u011fur \u015eener<\/b><\/p>\n<p><b>Bilet Fiyatlar\u0131: 15,00 TL <\/b><\/p>\n<div class=\"zemanta-pixie\"><img data-recalc-dims=\"1\"  title=\"\" decoding=\"async\" class=\"zemanta-pixie-img\"  alt=\"pixy G\u0131rnata \u00dc\u00e7l\u00fcs\u00fc\"  src=\"https:\/\/i0.wp.com\/img.zemanta.com\/pixy.gif?w=640\" \/><\/div>\n","protected":false},"excerpt":{"rendered":"<p>Life Roof 04 Eyl\u00fcl 2009 21:30 Klarnet virt\u00fc\u00f6zleri&nbsp; GIRNATA \u00dc\u00c7L\u00dcS\u00dc \u00c7orlulu Sava\u015f ve Serdar Say\u0131n h\u0131z konusunda bir anla\u015fmaya varamad\u0131klar\u0131 i\u00e7in \u00c7atalcal\u0131 \u00d6zkan&#8217;\u0131 da aralar\u0131na eklediler&#8230; \u00dc\u00e7 klarnet\u00e7i ne gibi bir i\u015f yaparlar dersiniz? Bu \u00fc\u00e7 klarnet\u00e7i ger\u00e7ekten ak\u0131l kar\u0131 bir i\u015f yapm\u0131yorlar&#8230; Bir b\u00fcy\u00fc yap\u0131yorlar, herkesi kendilerine \u00e7ekip sonrada ortal\u0131\u011f\u0131 bir birine kat\u0131yorlar&#8230; Sizde [&hellip;]<\/p>\n","protected":false},"author":331,"featured_media":0,"comment_status":"open","ping_status":"open","sticky":false,"template":"","format":"standard","meta":{"advanced_seo_description":"","jetpack_seo_html_title":"","jetpack_seo_noindex":false,"ngg_post_thumbnail":0,"jetpack_post_was_ever_published":false,"_jetpack_newsletter_access":"","_jetpack_dont_email_post_to_subs":false,"_jetpack_newsletter_tier_id":0,"_jetpack_memberships_contains_paywalled_content":false,"_jetpack_memberships_contains_paid_content":false,"footnotes":""},"categories":[26,5,63],"tags":[419,421,417,416,418,420,422],"class_list":["post-1755","post","type-post","status-publish","format-standard","hentry","category-etkinlik","category-haberler","category-kultur-sanat","tag-corlulu-savas","tag-balkan-fiesta","tag-girnata-uclusu","tag-klarnet-virtuozleri","tag-life-roof","tag-serdar-sayin","tag-ugur-sener"],"jetpack_featured_media_url":"","jetpack_shortlink":"https:\/\/wp.me\/paHHlZ-sj","jetpack-related-posts":[{"id":946,"url":"https:\/\/www.gocmeniz.biz\/?p=946","url_meta":{"origin":1755,"position":0},"title":"STUD\u0130O LIVE&#8217;DA BALKAN ATE\u015e\u0130","author":"Haberci","date":"23 Mart 2009","format":false,"excerpt":"Bahara merhaba derken Balkan ate\u015fini yeniden yakmaya haz\u0131r olun!Balkan Fiesta Serkan \u00c7a\u011fr\u0131 Ve Rumeli Band 28 Mart Cumartesi gecesi Studio Live'da.\u00a0Studio Live'da art\u0131k bir klasik haline gelen Balkan Fiesta bu kez d\u00fcnya \u00e7ap\u0131nda \u00fcnl\u00fc bir klarnet virt\u00f6z\u00fcn\u00fc konuk ediyor: Serkan \u00c7a\u011fr\u0131 & Rumeli Band.Ge\u00e7mi\u015ften\u00a0 g\u00fcn\u00fcm\u00fcze Rumeli ad\u0131yla bilinen topraklarda ya\u015fam\u0131\u015f\u2026","rel":"","context":"&quot;Haberler&quot; i\u00e7inde","block_context":{"text":"Haberler","link":"https:\/\/www.gocmeniz.biz\/?cat=5"},"img":{"alt_text":"","src":"","width":0,"height":0},"classes":[]},{"id":2002,"url":"https:\/\/www.gocmeniz.biz\/?p=2002","url_meta":{"origin":1755,"position":1},"title":"Bulgar kahinden korkutan 2010 kehaneti","author":"Haberci","date":"04 Ocak 2010","format":false,"excerpt":"A.A.\u00a0\u00a0\u00a0 Bulgaristan'da halk\u0131n b\u00fcy\u00fck b\u00f6l\u00fcm\u00fc, bu y\u0131l yeni bir d\u00fcnya sava\u015f\u0131 \u00e7\u0131kaca\u011f\u0131na inan\u0131yor. Bulgarlar\u0131n y\u00fcre\u011fine \u00fc\u00e7\u00fcnc\u00fc d\u00fcnya sava\u015f\u0131 korkusunu salan ise \u00f6ng\u00f6rd\u00fcklerinin \u00e7o\u011fu ger\u00e7ekle\u015fen \u00fcnl\u00fc Bulgar kahin Baba Vanga'n\u0131n (Vanga Nine) son kehaneti. 1996 y\u0131l\u0131nda vefat eden ve g\u00f6rme engelli olan Bulgaristan'\u0131n Nostradamus'u \u00f6l\u00fcm\u00fcnden k\u0131sa s\u00fcre \u00f6nce, 2010 y\u0131l\u0131nda t\u00fcm\u2026","rel":"","context":"&quot;Haberler&quot; i\u00e7inde","block_context":{"text":"Haberler","link":"https:\/\/www.gocmeniz.biz\/?cat=5"},"img":{"alt_text":"","src":"","width":0,"height":0},"classes":[]},{"id":607,"url":"https:\/\/www.gocmeniz.biz\/?p=607","url_meta":{"origin":1755,"position":2},"title":"ABD, Obama&#8217;yla bitecek ( Baba Vanga ) &#8220;Vanga Nine&#8221; Kehanetlerinden.","author":"Haberci","date":"10 Kas\u0131m 2008","format":false,"excerpt":"Bulgar kahin Baba Vanga\u2019ya (Vanga nine) 18 y\u0131l \u00f6nce ABD'nin ba\u015f\u0131na bir siyah ba\u015fkan gelece\u011fini bilmi\u015fti. \u0130\u015fte bu kahine g\u00f6re Obama, ABD'nin sonunu getirecek.Amerika\u2019da 4 Kas\u0131m\u2019da yap\u0131lan se\u00e7imlerde \u00fclke tarihinde ilk defa siyahi bir aday\u0131n ba\u015fkanl\u0131k koltu\u011funa oturmas\u0131 t\u00fcm d\u00fcnyada co\u015fkuyla kar\u015f\u0131land\u0131. K\u00fcresel finans kriziyle bo\u011fu\u015fan d\u00fcnya liderleri, Demokrat Ba\u015fkan\u2026","rel":"","context":"&quot;Haberler&quot; i\u00e7inde","block_context":{"text":"Haberler","link":"https:\/\/www.gocmeniz.biz\/?cat=5"},"img":{"alt_text":"","src":"https:\/\/i0.wp.com\/www.ozturkler.com\/images\/haber\/1205056502607.jpg?resize=350%2C200","width":350,"height":200},"classes":[]},{"id":8521,"url":"https:\/\/www.gocmeniz.biz\/?p=8521","url_meta":{"origin":1755,"position":3},"title":"\u0130ran&#8217;dan NATO \u00fcyesi Bulgaristan&#8217;a nota","author":"Admin","date":"01 Nisan 2026","format":false,"excerpt":"\u0130ran D\u0131\u015fi\u015fleri Bakanl\u0131\u011f\u0131'n\u0131n NATO \u00fcyesi Bulgaristan'a ge\u00e7en ay diplomatik nota vererek ABD'ye ait askeri u\u00e7aklar\u0131n Bulgaristan havaalanlar\u0131n\u0131 kullanmamas\u0131 y\u00f6n\u00fcnde uyar\u0131da bulundu\u011fu ortaya \u00e7\u0131kt\u0131. \u0130ran D\u0131\u015fi\u015fleri Bakanl\u0131\u011f\u0131, NATO \u00fcyesi Bulgaristan'a ABD'ye ait askeri u\u00e7aklar\u0131n Bulgaristan havaalanlar\u0131n\u0131 kullanmamas\u0131 y\u00f6n\u00fcnde diplomatik nota verdi. Bulgaristan D\u0131\u015fi\u015fleri Bakan Yard\u0131mc\u0131s\u0131 Marin Raykov, Bulgaristan \u00fczerinden askeri operasyonlara\u2026","rel":"","context":"&quot;Haberler&quot; i\u00e7inde","block_context":{"text":"Haberler","link":"https:\/\/www.gocmeniz.biz\/?cat=5"},"img":{"alt_text":"","src":"https:\/\/i0.wp.com\/www.gocmeniz.biz\/wp-content\/irandan-bulgaristana-abd-uyarisi-19707250_8244_amp.jpg?fit=1200%2C800&ssl=1&resize=350%2C200","width":350,"height":200,"srcset":"https:\/\/i0.wp.com\/www.gocmeniz.biz\/wp-content\/irandan-bulgaristana-abd-uyarisi-19707250_8244_amp.jpg?fit=1200%2C800&ssl=1&resize=350%2C200 1x, https:\/\/i0.wp.com\/www.gocmeniz.biz\/wp-content\/irandan-bulgaristana-abd-uyarisi-19707250_8244_amp.jpg?fit=1200%2C800&ssl=1&resize=525%2C300 1.5x, https:\/\/i0.wp.com\/www.gocmeniz.biz\/wp-content\/irandan-bulgaristana-abd-uyarisi-19707250_8244_amp.jpg?fit=1200%2C800&ssl=1&resize=700%2C400 2x, https:\/\/i0.wp.com\/www.gocmeniz.biz\/wp-content\/irandan-bulgaristana-abd-uyarisi-19707250_8244_amp.jpg?fit=1200%2C800&ssl=1&resize=1050%2C600 3x"},"classes":[]},{"id":293,"url":"https:\/\/www.gocmeniz.biz\/?p=293","url_meta":{"origin":1755,"position":4},"title":"Bulgaristan, T\u00fcrk s\u0131n\u0131r\u0131nda g\u00f6m\u00fcl\u00fc tanklar\u0131n\u0131 satacak","author":"Admin","date":"16 \u015eubat 2008","format":false,"excerpt":"Bulgaristan, So\u011fuk Sava\u015f d\u00f6neminde T\u00fcrkiye s\u0131n\u0131r\u0131na g\u00f6md\u00fc\u011f\u00fc tanklar\u0131n bir k\u0131sm\u0131n\u0131 satacak. Savunma Bakan\u0131 Veselin Bliznakov, profesyonel orduya ge\u00e7i\u015fle ilgili geli\u015fmeleri aktar\u0131rken, bu y\u0131l i\u00e7inde binlerce ordu mensubunun ordu s\u0131ralar\u0131ndan ayr\u0131laca\u011f\u0131n\u0131 kaydetti. Profesyonel ordu kurma yolunda mevcut askeri teknolojiyi de profesyonel orduya cevap verir nitelikte yenileme karar\u0131 ald\u0131klar\u0131n\u0131 kaydeden Bliznakov, Bulgaristan\u2026","rel":"","context":"&quot;Haberler&quot; i\u00e7inde","block_context":{"text":"Haberler","link":"https:\/\/www.gocmeniz.biz\/?cat=5"},"img":{"alt_text":"","src":"","width":0,"height":0},"classes":[]},{"id":641,"url":"https:\/\/www.gocmeniz.biz\/?p=641","url_meta":{"origin":1755,"position":5},"title":"\u0130nan\u0131lmaz ke\u015fif","author":"Haberci","date":"22 Kas\u0131m 2008","format":false,"excerpt":"\u0130\u015fte Trakya Krall\u0131\u011f\u0131 d\u00f6nemine ait en eski sava\u015f arabas\u0131. Bulgaristan'\u0131n g\u00fcney do\u011fusundaki Karanovo K\u00f6y\u00fc'ndeki kaz\u0131 \u00e7al\u0131\u015fmalar\u0131nda ikinci y\u00fczy\u0131la ait bir sava\u015f arabas\u0131 at\u0131yla birlikte yan yana bulundu.Sava\u015f arabas\u0131n\u0131n tekerlekleri bronzdan yap\u0131lm\u0131\u015f ve tekerlekler \u00e7ok y\u0131pranmam\u0131\u015f olarak kaz\u0131 \u00e7al\u0131\u015fmas\u0131nda bulundu. Araban\u0131n yan\u0131nda bir at\u0131n iskeletine de rastland\u0131.At ve araba bir h\u00f6y\u00fck\u2026","rel":"","context":"&quot;Haberler&quot; i\u00e7inde","block_context":{"text":"Haberler","link":"https:\/\/www.gocmeniz.biz\/?cat=5"},"img":{"alt_text":"","src":"","width":0,"height":0},"classes":[]}],"jetpack_sharing_enabled":true,"jetpack_likes_enabled":true,"_links":{"self":[{"href":"https:\/\/www.gocmeniz.biz\/index.php?rest_route=\/wp\/v2\/posts\/1755","targetHints":{"allow":["GET"]}}],"collection":[{"href":"https:\/\/www.gocmeniz.biz\/index.php?rest_route=\/wp\/v2\/posts"}],"about":[{"href":"https:\/\/www.gocmeniz.biz\/index.php?rest_route=\/wp\/v2\/types\/post"}],"author":[{"embeddable":true,"href":"https:\/\/www.gocmeniz.biz\/index.php?rest_route=\/wp\/v2\/users\/331"}],"replies":[{"embeddable":true,"href":"https:\/\/www.gocmeniz.biz\/index.php?rest_route=%2Fwp%2Fv2%2Fcomments&post=1755"}],"version-history":[{"count":1,"href":"https:\/\/www.gocmeniz.biz\/index.php?rest_route=\/wp\/v2\/posts\/1755\/revisions"}],"predecessor-version":[{"id":8843,"href":"https:\/\/www.gocmeniz.biz\/index.php?rest_route=\/wp\/v2\/posts\/1755\/revisions\/8843"}],"wp:attachment":[{"href":"https:\/\/www.gocmeniz.biz\/index.php?rest_route=%2Fwp%2Fv2%2Fmedia&parent=1755"}],"wp:term":[{"taxonomy":"category","embeddable":true,"href":"https:\/\/www.gocmeniz.biz\/index.php?rest_route=%2Fwp%2Fv2%2Fcategories&post=1755"},{"taxonomy":"post_tag","embeddable":true,"href":"https:\/\/www.gocmeniz.biz\/index.php?rest_route=%2Fwp%2Fv2%2Ftags&post=1755"}],"curies":[{"name":"wp","href":"https:\/\/api.w.org\/{rel}","templated":true}]}}