{"id":1757,"date":"2009-09-02T08:30:45","date_gmt":"2009-09-02T05:30:45","guid":{"rendered":"http:\/\/www.gocmeniz.biz\/?p=1757"},"modified":"2026-04-03T12:25:38","modified_gmt":"2026-04-03T09:25:38","slug":"bulgar-mafyasi-anneyle-oglunu-havaya-ucurdu","status":"publish","type":"post","link":"https:\/\/www.gocmeniz.biz\/?p=1757","title":{"rendered":"Bulgar mafyas\u0131, anne ve o\u011flunu bomba ile \u00f6ld\u00fcrd\u00fc."},"content":{"rendered":"<p>A.A.&nbsp;&nbsp;&nbsp; <br \/><b>\u00dcyesi oldu\u011fu Avrupa Birli\u011fi taraf\u0131ndan \u00f6rg\u00fctl\u00fc su\u00e7larla m\u00fccadele alan\u0131nda ba\u015far\u0131s\u0131zl\u0131\u011f\u0131ndan dolay\u0131 s\u00fcrekli ele\u015ftirilen Bulgaristan&#8217;da mafya bir kad\u0131n ve 5 ya\u015f\u0131ndaki \u00e7ocu\u011funu bombayla \u00f6ld\u00fcrd\u00fc.<\/b><\/p>\n<p>\u0130\u00e7i\u015fleri Bakanl\u0131\u011f\u0131ndan edinilen bilgiye g\u00f6re, Razlog kentinde 37 ya\u015f\u0131ndaki bir kad\u0131n, yan\u0131nda o\u011flu ile birlikte garaj kap\u0131s\u0131n\u0131 a\u00e7maya \u00e7al\u0131\u015f\u0131rken uzaktan kumandal\u0131 bir bomba patlat\u0131ld\u0131. Olayda kad\u0131n ve \u00e7ocu\u011fu feci \u015fekilde hayat\u0131n\u0131 kaybetti.<\/p>\n<p>Polis yetkilileri, kad\u0131n\u0131n garaja yakla\u015fmas\u0131n\u0131 izleyen sald\u0131rganlar\u0131n bombay\u0131 cep telefonuyla ate\u015flediklerini ifade etti.<\/p>\n<p>G\u00f6rg\u00fc tan\u0131\u011f\u0131 kom\u015fular\u0131, patlamada \u00f6len kad\u0131n\u0131n m\u00fchendis Yavor Mandraciev&#8217;in e\u015fi oldu\u011funu ve t\u00fcm ailenin \u00e7evrede &#8220;sakin ve kibar insanlar&#8221; olarak tan\u0131nd\u0131\u011f\u0131n\u0131 s\u00f6yledi. Polis cinayetin ve ailenin mafya ba\u011flant\u0131s\u0131n\u0131 ara\u015ft\u0131r\u0131yor.<\/p>\n<p><\/p>\n<div class=\"zemanta-pixie\"><img data-recalc-dims=\"1\"  title=\"\" decoding=\"async\" class=\"zemanta-pixie-img\"  alt=\"pixy Bulgar mafyas\u0131, anne ve o\u011flunu bomba ile \u00f6ld\u00fcrd\u00fc.\"  src=\"https:\/\/i0.wp.com\/img.zemanta.com\/pixy.gif?w=640\" \/><\/div>\n","protected":false},"excerpt":{"rendered":"<p>A.A.&nbsp;&nbsp;&nbsp; \u00dcyesi oldu\u011fu Avrupa Birli\u011fi taraf\u0131ndan \u00f6rg\u00fctl\u00fc su\u00e7larla m\u00fccadele alan\u0131nda ba\u015far\u0131s\u0131zl\u0131\u011f\u0131ndan dolay\u0131 s\u00fcrekli ele\u015ftirilen Bulgaristan&#8217;da mafya bir kad\u0131n ve 5 ya\u015f\u0131ndaki \u00e7ocu\u011funu bombayla \u00f6ld\u00fcrd\u00fc. \u0130\u00e7i\u015fleri Bakanl\u0131\u011f\u0131ndan edinilen bilgiye g\u00f6re, Razlog kentinde 37 ya\u015f\u0131ndaki bir kad\u0131n, yan\u0131nda o\u011flu ile birlikte garaj kap\u0131s\u0131n\u0131 a\u00e7maya \u00e7al\u0131\u015f\u0131rken uzaktan kumandal\u0131 bir bomba patlat\u0131ld\u0131. Olayda kad\u0131n ve \u00e7ocu\u011fu feci \u015fekilde hayat\u0131n\u0131 [&hellip;]<\/p>\n","protected":false},"author":331,"featured_media":0,"comment_status":"open","ping_status":"open","sticky":false,"template":"","format":"standard","meta":{"advanced_seo_description":"","jetpack_seo_html_title":"","jetpack_seo_noindex":false,"ngg_post_thumbnail":0,"jetpack_post_was_ever_published":false,"_jetpack_newsletter_access":"","_jetpack_dont_email_post_to_subs":false,"_jetpack_newsletter_tier_id":0,"_jetpack_memberships_contains_paywalled_content":false,"_jetpack_memberships_contains_paid_content":false,"footnotes":""},"categories":[5],"tags":[424,423],"class_list":["post-1757","post","type-post","status-publish","format-standard","hentry","category-haberler","tag-anneyle-oglunu-havaya-ucurdu","tag-bulgar-mafyasi"],"jetpack_featured_media_url":"","jetpack_shortlink":"https:\/\/wp.me\/paHHlZ-sl","jetpack-related-posts":[{"id":1153,"url":"https:\/\/www.gocmeniz.biz\/?p=1153","url_meta":{"origin":1757,"position":0},"title":"T\u00fcrkler i\u00e7in tehlikeli bir yol","author":"Haberci","date":"03 May\u0131s 2009","format":false,"excerpt":"Bulgaristan'da 24 ya\u015f\u0131ndaki bir erkek, kimli\u011fi bilinmeyen maskeli ki\u015filer taraf\u0131ndan ka\u00e7\u0131r\u0131ld\u0131.\u0130\u00e7i\u015fleri Bakanl\u0131\u011f\u0131 yetkilileri, 24 ya\u015f\u0131ndaki ki\u015finin, Eski Za\u011fara kentindeki bir al\u0131\u015fveri\u015f merkezinin \u00f6n\u00fcnde maskeli ki\u015filer taraf\u0131ndan zorla bir otomobilin i\u00e7ine bindirildi\u011finin belirlendi\u011fini bildirdi.\u00dclkede son bir ayda 4 ki\u015fi ka\u00e7\u0131r\u0131ld\u0131. Sofya'da ka\u00e7\u0131r\u0131lan i\u015f adam\u0131 Kiro Kirov, fidye kar\u015f\u0131l\u0131\u011f\u0131nda serbest b\u0131rak\u0131lm\u0131\u015ft\u0131. Kirov'dan\u2026","rel":"","context":"&quot;Haberler&quot; i\u00e7inde","block_context":{"text":"Haberler","link":"https:\/\/www.gocmeniz.biz\/?cat=5"},"img":{"alt_text":"","src":"","width":0,"height":0},"classes":[]},{"id":490,"url":"https:\/\/www.gocmeniz.biz\/?p=490","url_meta":{"origin":1757,"position":1},"title":"Bulgar kad\u0131n savc\u0131 ve k\u0131z\u0131 Alanya&#8217;da s\u0131r oldu","author":"Haberci","date":"21 A\u011fustos 2008","format":false,"excerpt":"BULGAR\u0130STAN\u2019\u0131n ba\u015fkenti Sofya'dan tatil i\u00e7in Antalya'n\u0131n Alanya \u0130l\u00e7esi'ne gelen kad\u0131n savc\u0131 Lilia Terwiska ve k\u0131z\u0131 Betya\u2019dan ailesi bir haftad\u0131r haber alam\u0131yor.Ba\u015fkent Sofya'da savc\u0131 olan 51 ya\u015f\u0131ndaki Lilia Terwiska, 17 ya\u015f\u0131ndaki k\u0131z\u0131 Betya Terwiska'y\u0131 da yan\u0131na alarak, \u0130zmir\u2019de oturan ve ayn\u0131 zamanda Bulgaristan'da yay\u0131mlanan \u2018Monitor' adl\u0131 gazetenin muhabiri olarak g\u00f6rev yapan\u2026","rel":"","context":"&quot;Haberler&quot; i\u00e7inde","block_context":{"text":"Haberler","link":"https:\/\/www.gocmeniz.biz\/?cat=5"},"img":{"alt_text":"","src":"","width":0,"height":0},"classes":[]},{"id":477,"url":"https:\/\/www.gocmeniz.biz\/?p=477","url_meta":{"origin":1757,"position":2},"title":"BULGAR\u0130STAN&#8217;DA MAFYA EYLEMLER\u0130 DEVAM ED\u0130YOR","author":"Haberci","date":"30 Temmuz 2008","format":false,"excerpt":"Bulgaristan'da, mafya ile ba\u011flant\u0131l\u0131 oldu\u011fu san\u0131lan iki sald\u0131r\u0131da bir ki\u015fi ya\u015fam\u0131n\u0131 yitirdi.Ba\u015fkent Sofya'n\u0131n do\u011fusundaki Kazanl\u0131k kentinde sab\u0131kal\u0131 oldu\u011fu bildirilen Tot\u00f6 Totev (36) adl\u0131 bir ki\u015finin, kimli\u011fi belirlenemeyen tetik\u00e7ilerce \u00f6ld\u00fcr\u00fcld\u00fc\u011f\u00fc bildirildi. Medyan\u0131n haberlerine g\u00f6re, uyu\u015fturucu ve fuhu\u015f sekt\u00f6r\u00fcnde \u00e7e\u015fitli su\u00e7 olaylar\u0131na kar\u0131\u015fmaktan sab\u0131kal\u0131 olan Totev, evinin \u00f6n\u00fcnde kur\u015funland\u0131.Sofya'n\u0131n 70 kilometre kuzeyindeki\u2026","rel":"","context":"&quot;Haberler&quot; i\u00e7inde","block_context":{"text":"Haberler","link":"https:\/\/www.gocmeniz.biz\/?cat=5"},"img":{"alt_text":"","src":"","width":0,"height":0},"classes":[]},{"id":2711,"url":"https:\/\/www.gocmeniz.biz\/?p=2711","url_meta":{"origin":1757,"position":3},"title":"Bulgaristan&#8217;a yasad\u0131\u015f\u0131 yollardan giren T\u00fcrk vatanda\u015f\u0131 koronavir\u00fcs \u015f\u00fcphesiyle karantinaya al\u0131nd\u0131!","author":"Haberci","date":"11 Mart 2020","format":false,"excerpt":"Yunanistan \u00fczerinden Bulgaristan'a yasad\u0131\u015f\u0131 yollardan giren bir T\u00fcrk vatanda\u015f\u0131 Svilengrad kenti yak\u0131nlar\u0131ndaki bir k\u00f6yde polis taraf\u0131ndan yakaland\u0131. T\u00fcrk vatanda\u015f\u0131, koronavir\u00fcs \u015f\u00fcphesiyle Haskova'ya g\u00f6t\u00fcr\u00fcl\u00fcrek karantinaya al\u0131nd\u0131. Ki\u015fiye koronavir\u00fcs testi yap\u0131ld\u0131\u011f\u0131 ve sonu\u00e7lar\u0131n beklendi\u011fi a\u00e7\u0131kland\u0131. BULGAR\u0130STAN\u2019DA \u0130LK \u00d6L\u00dcM VAKASI YA\u015eANDI D\u00fcnyay\u0131 etkisi alt\u0131na alan koronavir\u00fcs salg\u0131n\u0131ndan Bulgaristan\u2019da ilk \u00f6l\u00fcm vakas\u0131 ya\u015fand\u0131. Sal\u0131\u2026","rel":"","context":"&quot;Haberler&quot; i\u00e7inde","block_context":{"text":"Haberler","link":"https:\/\/www.gocmeniz.biz\/?cat=5"},"img":{"alt_text":"","src":"https:\/\/i0.wp.com\/www.gocmeniz.biz\/wp-content\/kapak_213812_1726577..jpg?fit=760%2C450&ssl=1&resize=350%2C200","width":350,"height":200,"srcset":"https:\/\/i0.wp.com\/www.gocmeniz.biz\/wp-content\/kapak_213812_1726577..jpg?fit=760%2C450&ssl=1&resize=350%2C200 1x, https:\/\/i0.wp.com\/www.gocmeniz.biz\/wp-content\/kapak_213812_1726577..jpg?fit=760%2C450&ssl=1&resize=525%2C300 1.5x, https:\/\/i0.wp.com\/www.gocmeniz.biz\/wp-content\/kapak_213812_1726577..jpg?fit=760%2C450&ssl=1&resize=700%2C400 2x"},"classes":[]},{"id":2111,"url":"https:\/\/www.gocmeniz.biz\/?p=2111","url_meta":{"origin":1757,"position":4},"title":"Kemal Ey\u00fcp: Bulgaristan\u2019da T\u00fcrklere ve Romenlere kar\u015f\u0131 ayr\u0131mc\u0131l\u0131k yap\u0131l\u0131yor","author":"Haberci","date":"14 Nisan 2010","format":false,"excerpt":"Etnik Az\u0131nl\u0131\u011fa Mensup Kad\u0131n\u0131n Avrupa\u2019daki Sosyal Entegrasyonu Avrupa Parlamentosu AP Kad\u0131n Haklar\u0131 ve Cinsiyet E\u015fitli\u011fi Komisyonu'nda ele al\u0131nd\u0131.Oturuma bir\u00e7ok AP Milletvekilinin yan\u0131 s\u0131ra Bulgaristan Cumhuriyeti Ayr\u0131mc\u0131l\u0131\u011fa Kar\u015f\u0131 Koruma Komisyonu Ba\u015fkan\u0131 Kemal Ey\u00fcp, Danimarka Kad\u0131n ve Cinsiyet Bilgi Merkezi\u2019nden Elisabeth MOLLER JENSEN, Avrupa Kad\u0131n Lobisi\u2019nden Amandine Bach kat\u0131ld\u0131. Oturum, ba\u015fkanl\u0131\u011f\u0131n\u0131 AP\u2026","rel":"","context":"&quot;Haberler&quot; i\u00e7inde","block_context":{"text":"Haberler","link":"https:\/\/www.gocmeniz.biz\/?cat=5"},"img":{"alt_text":"","src":"","width":0,"height":0},"classes":[]},{"id":1968,"url":"https:\/\/www.gocmeniz.biz\/?p=1968","url_meta":{"origin":1757,"position":5},"title":"Berbatov ailesini mafyadan ka\u00e7\u0131rd\u0131","author":"Haberci","date":"02 Aral\u0131k 2009","format":false,"excerpt":"D\u00fcnyan\u0131n en zengin kul\u00fcb\u00fc Manchester United formas\u0131 giyen Bulgar oyuncu Dimitar Berbatov\u2019un son 2 haftas\u0131 aksiyon filmlerini aratm\u0131yor.Bulgar mafyas\u0131 ilk olarak 50 milyon dolara Tottenham\u2019dan Manchester\u2019a transfer olan y\u0131ld\u0131z\u0131n annesiyle irtibata ge\u00e7ti. 500 bin pound (Yakla\u015f\u0131k 1 milyon 250 bin TL) hara\u00e7 talep eden \u2018karanl\u0131k ki\u015fi\u2019ler paran\u0131n verilmemesi durumunda 28\u2026","rel":"","context":"&quot;Haberler&quot; i\u00e7inde","block_context":{"text":"Haberler","link":"https:\/\/www.gocmeniz.biz\/?cat=5"},"img":{"alt_text":"","src":"","width":0,"height":0},"classes":[]}],"jetpack_sharing_enabled":true,"jetpack_likes_enabled":true,"_links":{"self":[{"href":"https:\/\/www.gocmeniz.biz\/index.php?rest_route=\/wp\/v2\/posts\/1757","targetHints":{"allow":["GET"]}}],"collection":[{"href":"https:\/\/www.gocmeniz.biz\/index.php?rest_route=\/wp\/v2\/posts"}],"about":[{"href":"https:\/\/www.gocmeniz.biz\/index.php?rest_route=\/wp\/v2\/types\/post"}],"author":[{"embeddable":true,"href":"https:\/\/www.gocmeniz.biz\/index.php?rest_route=\/wp\/v2\/users\/331"}],"replies":[{"embeddable":true,"href":"https:\/\/www.gocmeniz.biz\/index.php?rest_route=%2Fwp%2Fv2%2Fcomments&post=1757"}],"version-history":[{"count":1,"href":"https:\/\/www.gocmeniz.biz\/index.php?rest_route=\/wp\/v2\/posts\/1757\/revisions"}],"predecessor-version":[{"id":9011,"href":"https:\/\/www.gocmeniz.biz\/index.php?rest_route=\/wp\/v2\/posts\/1757\/revisions\/9011"}],"wp:attachment":[{"href":"https:\/\/www.gocmeniz.biz\/index.php?rest_route=%2Fwp%2Fv2%2Fmedia&parent=1757"}],"wp:term":[{"taxonomy":"category","embeddable":true,"href":"https:\/\/www.gocmeniz.biz\/index.php?rest_route=%2Fwp%2Fv2%2Fcategories&post=1757"},{"taxonomy":"post_tag","embeddable":true,"href":"https:\/\/www.gocmeniz.biz\/index.php?rest_route=%2Fwp%2Fv2%2Ftags&post=1757"}],"curies":[{"name":"wp","href":"https:\/\/api.w.org\/{rel}","templated":true}]}}