{"id":1761,"date":"2009-09-02T11:18:21","date_gmt":"2009-09-02T08:18:21","guid":{"rendered":"http:\/\/www.gocmeniz.biz\/?p=1761"},"modified":"2026-04-03T12:25:38","modified_gmt":"2026-04-03T09:25:38","slug":"genclerin-yeni-umudu-bulgaristan","status":"publish","type":"post","link":"https:\/\/www.gocmeniz.biz\/?p=1761","title":{"rendered":"GEN\u00c7LER\u0130N YEN\u0130 UMUDU BULGAR\u0130STAN"},"content":{"rendered":"<p><b><img data-recalc-dims=\"1\"  title=\"\"  alt=\"universite_2 GEN\u00c7LER\u0130N YEN\u0130 UMUDU BULGAR\u0130STAN\" decoding=\"async\" style=\"max-width: 800px; float: left; margin-top: 10px; margin-bottom: 10px; margin-right: 10px;\" src=\"https:\/\/i0.wp.com\/www.aa.com.tr\/images\/stories\/AA_KATEGORILER\/EGITIM_BILIM_001\/universite_2.jpg?w=640\" \/>\u00d6\u011frenci Se\u00e7me S\u0131nav\u0131(\u00d6SS) ba\u015far\u0131s\u0131 d\u00fc\u015f\u00fck olan G\u00fcneydo\u011fu illerindeki \u00f6\u011frenciler, sadece orta \u00f6\u011fretim puan ortalamas\u0131n\u0131n dikkate al\u0131nmas\u0131 ve okul \u00fccretlerinin d\u00fc\u015f\u00fck olmas\u0131 nedeniyle Bulgaristan`daki \u00fcniversitelere gidiyor.<\/b><\/p>\n<p>Al\u0131nan bilgiye g\u00f6re, 1 Ocak 2007`de Avrupa Birli\u011fi(AB) \u00fcyesi olan Bulgaristan`da verilen diplomalar\u0131n T\u00fcrkiye ve AB \u00fclkelerinde tan\u0131nmas\u0131 nedeniyle, \u00f6\u011frencilerin bu \u00fclkeye ilgisi giderek art\u0131yor.<\/p>\n<p>T\u00fcrkiye`den Bulgaristan`daki \u00fcniversitelere son 2 y\u0131lda yakla\u015f\u0131k 4 bin \u00f6\u011frencinin kaydoldu\u011fu ve bu rakam\u0131n \u00f6nemli bir k\u0131sm\u0131n\u0131, \u0130stanbul ile G\u00fcneydo\u011fu illerinden \u015e\u0131rnak, Hakkari, Mardin ve Diyarbak\u0131r`dan gelenlerin olu\u015fturdu\u011fu \u00f6\u011frenildi.<\/p>\n<p>Ankara 06 EOOD adl\u0131 dan\u0131\u015fmanl\u0131k firmas\u0131n\u0131n Bulgaristan`daki yetkilisi Ubeydullah Dalm\u0131\u015f, gen\u00e7lerin T\u00fcrkiye`den Bulgaristan`a e\u011fitim i\u00e7in gidi\u015flerinin 2007 y\u0131l\u0131nda ba\u015flad\u0131\u011f\u0131na de\u011finerek, \u015funlar\u0131 s\u00f6yledi:<\/p>\n<p>&#8220;Bulgaristan`da \u00e7o\u011funlu\u011fu \u0130stanbul, \u00e7evresi ve G\u00fcneydo\u011fu`dan gelenlerin olu\u015fturdu\u011fu 4 bin kadar T\u00fcrk \u00f6\u011frenci var. G\u00fcneydo\u011fu`dan gelen \u00f6\u011frenciler daha \u00e7ok okul ve di\u011fer giderler a\u00e7\u0131s\u0131ndan daha ucuz olan Plovdiv gibi \u00fclkenin i\u00e7 kesimlerindeki \u00fcniversiteleri tercih ediyor. \u00d6rne\u011fin T\u00fcrkiye`den Plovdiv`e<!--more--> giden \u00f6\u011frencilerin y\u00fczde 80`inden fazlas\u0131n\u0131 Do\u011fu`dan gelenler olu\u015fturuyor. \u0130stanbul`dan gidenler ise daha \u00e7ok ba\u015fkent Sofya ile Karadeniz k\u0131y\u0131s\u0131ndaki Varna \u015fehrini tercih ediyor.&#8220;<\/p>\n<p>Bulgaristan`da ge\u00e7en y\u0131l \u00fcniversiteye ba\u015flayan Mardinli Rojbin Tellio\u011flu, \u00d6SS`yi kazanamay\u0131nca Bulgaristan`daki Plovdiv \u00dcniversitesi Bilgisayar M\u00fchendisli\u011fine kay\u0131t yapt\u0131rd\u0131\u011f\u0131n\u0131 belirtti.<\/p>\n<p>Ge\u00e7en y\u0131l Bulgaristan`da haz\u0131rl\u0131k okuyan Tellio\u011flu ile Benda K\u0131z\u0131lkan, Bulgaristan`daki baz\u0131 \u00fcniversitelerdeki yabanc\u0131 \u00f6\u011frencilerin y\u00fczde 80`den fazlas\u0131n\u0131n T\u00fcrkiye`den oldu\u011funu belirterek, di\u011fer yabanc\u0131 \u00f6\u011frencilerin ise \u00e7o\u011funlukla Yunanistan`dan geldi\u011fini ifade etti.<\/p>\n<p><b>KORSAN DANI\u015eMANLARA D\u0130KKAT<\/b><\/p>\n<p>Bulgaristan`daki \u00fcniversiteler konusunda Diyarbak\u0131r`da dan\u0131\u015fmanl\u0131k yapan Selma K\u0131z\u0131lkan ise, \u00f6zellikle G\u00fcneydo\u011fu`da \u00d6SS`de istedi\u011fi puan\u0131 elde edemeyen \u00f6\u011frencilerin yeni umudunun, daha ucuz ve \u00d6SS puan\u0131n\u0131 dikkate almayan Bulgaristan \u00fcniversiteleri olmaya ba\u015flad\u0131\u011f\u0131na dikkat \u00e7ekti.<\/p>\n<p>&#8220;T\u00fcrkiye`deki \u00d6SS sonu\u00e7lar\u0131na bakmaks\u0131z\u0131n \u00f6\u011frenci kabul eden Bulgaristan \u00fcniversitelerinde sadece orta \u00f6\u011fretim puan\u0131 ortalamas\u0131na bak\u0131l\u0131yor. \u00d6\u011frencilerin haz\u0131rlad\u0131\u011f\u0131 dosyalar\u0131 g\u00f6nderiyoruz. Onay geldikten sonra kay\u0131tlar\u0131 yap\u0131l\u0131yor. 1 Ocak 2007 tarihinde AB \u00fcyesi olan Bulgaristan`daki \u00fcniversitelerin denkli\u011fi Y\u00fcksek \u00d6\u011fretim Kurulunca(Y\u00d6K) kabul ediliyor&#8220; diyen K\u0131z\u0131lkan, \u00f6\u011frencilerin yo\u011fun ilgisi \u00fczerine korsan dan\u0131\u015fmanl\u0131k firmalar\u0131n\u0131n t\u00fcredi\u011fini vurgulayarak, gen\u00e7ler ve velilerden dikkatli olmalar\u0131n\u0131 istedi.<\/p>\n<div class=\"zemanta-pixie\"><img data-recalc-dims=\"1\"  title=\"\" decoding=\"async\" class=\"zemanta-pixie-img\"  alt=\"pixy GEN\u00c7LER\u0130N YEN\u0130 UMUDU BULGAR\u0130STAN\"  src=\"https:\/\/i0.wp.com\/img.zemanta.com\/pixy.gif?w=640\" \/><\/div>\n","protected":false},"excerpt":{"rendered":"<p>\u00d6\u011frenci Se\u00e7me S\u0131nav\u0131(\u00d6SS) ba\u015far\u0131s\u0131 d\u00fc\u015f\u00fck olan G\u00fcneydo\u011fu illerindeki \u00f6\u011frenciler, sadece orta \u00f6\u011fretim puan ortalamas\u0131n\u0131n dikkate al\u0131nmas\u0131 ve okul \u00fccretlerinin d\u00fc\u015f\u00fck olmas\u0131 nedeniyle Bulgaristan`daki \u00fcniversitelere gidiyor. Al\u0131nan bilgiye g\u00f6re, 1 Ocak 2007`de Avrupa Birli\u011fi(AB) \u00fcyesi olan Bulgaristan`da verilen diplomalar\u0131n T\u00fcrkiye ve AB \u00fclkelerinde tan\u0131nmas\u0131 nedeniyle, \u00f6\u011frencilerin bu \u00fclkeye ilgisi giderek art\u0131yor. T\u00fcrkiye`den Bulgaristan`daki \u00fcniversitelere son 2 [&hellip;]<\/p>\n","protected":false},"author":331,"featured_media":0,"comment_status":"open","ping_status":"open","sticky":false,"template":"","format":"standard","meta":{"advanced_seo_description":"","jetpack_seo_html_title":"","jetpack_seo_noindex":false,"ngg_post_thumbnail":0,"jetpack_post_was_ever_published":false,"_jetpack_newsletter_access":"","_jetpack_dont_email_post_to_subs":false,"_jetpack_newsletter_tier_id":0,"_jetpack_memberships_contains_paywalled_content":false,"_jetpack_memberships_contains_paid_content":false,"footnotes":""},"categories":[5],"tags":[],"class_list":["post-1761","post","type-post","status-publish","format-standard","hentry","category-haberler"],"jetpack_featured_media_url":"","jetpack_shortlink":"https:\/\/wp.me\/paHHlZ-sp","jetpack-related-posts":[{"id":1340,"url":"https:\/\/www.gocmeniz.biz\/?p=1340","url_meta":{"origin":1761,"position":0},"title":"Bulgaristan bizi ma\u011fdur ediyor","author":"Haberci","date":"10 Haziran 2009","format":false,"excerpt":"T\u00fcrkiye`de \u00e7eltik \u00fcretiminin yakla\u015f\u0131k yar\u0131s\u0131n\u0131n yap\u0131ld\u0131\u011f\u0131 Edirne`de \u00e7ift\u00e7inin en \u00f6nemli kaynaklar\u0131ndan olan Meri\u00e7, Arda ve Tunca nehirlerindeki su seviyesi, Bulgaristan`\u0131n barajlarda su tutmas\u0131 nedeniyle \u00f6nemli oranda d\u00fc\u015ft\u00fc. DS\u0130 11. B\u00f6lge M\u00fcd\u00fcrl\u00fc\u011f\u00fc yetkilileri, AA muhabirine yapt\u0131\u011f\u0131 a\u00e7\u0131klamada, b\u00f6lgede ya\u011f\u0131\u015flar\u0131n azalmas\u0131 ve Bulgaristan`\u0131n barajlarda su tutmas\u0131 nedeniyle, 1 Haziran`da saniyede 120 metrek\u00fcp\u2026","rel":"","context":"&quot;Haberler&quot; i\u00e7inde","block_context":{"text":"Haberler","link":"https:\/\/www.gocmeniz.biz\/?cat=5"},"img":{"alt_text":"","src":"","width":0,"height":0},"classes":[]},{"id":1494,"url":"https:\/\/www.gocmeniz.biz\/?p=1494","url_meta":{"origin":1761,"position":1},"title":"T\u00fcrkiye`deki 300 bin Bulgaristan vatanda\u015f\u0131n\u0131n g\u00f6z\u00fc se\u00e7imlerde","author":"Haberci","date":"05 Temmuz 2009","format":false,"excerpt":"Bulgaristan`\u0131n devrik liderlerinden Jivkov d\u00f6neminde asimilasyon tehdidine maruz kald\u0131\u011f\u0131 i\u00e7in T\u00fcrkiye`ye g\u00f6\u00e7 etmek zorunda kalan 300 bin T\u00fcrk`\u00fcn kalbi, bir kez daha se\u00e7imler i\u00e7in \u00e7arp\u0131yor. Bulgaristan T\u00fcrkleri K\u00fclt\u00fcr ve Yard\u0131mla\u015fma Derne\u011fi`nin verdi\u011fi bilgiye g\u00f6re 250 bine yak\u0131n T\u00fcrk, T\u00fcrkiye`de, geri kalan\u0131 ise Bulgaristan`da se\u00e7ime kat\u0131lacak.Bu rakam Bulgaristan d\u0131\u015f\u0131nda, genel se\u00e7imlerde\u2026","rel":"","context":"&quot;Haberler&quot; i\u00e7inde","block_context":{"text":"Haberler","link":"https:\/\/www.gocmeniz.biz\/?cat=5"},"img":{"alt_text":"","src":"","width":0,"height":0},"classes":[]},{"id":1355,"url":"https:\/\/www.gocmeniz.biz\/?p=1355","url_meta":{"origin":1761,"position":2},"title":"Bulgaristan`da misyonerlerin faaliyetleri","author":"Haberci","date":"12 Haziran 2009","format":false,"excerpt":"Protestan H\u0131ristiyan cemaatlerin (Evangelist, Metodist, Yehova \u015eahitleri vb.-) Bulgaristan`daki faaliyetleri olduk\u00e7a g\u00fc\u00e7l\u00fc. Bu misyoner gruplar\u0131,\u00c2\u00a0 daha \u00e7ok M\u00fcsl\u00fcman Romanlar aras\u0131nda propaganda faaliyetlerini y\u00fcr\u00fct\u00fcyorlar. Bulgaristan`daki Roman n\u00fcfusunun, gayr\u0131 resmi verilere g\u00f6re, bir milyon civar\u0131nda oldu\u011fu tahmin ediliyor. Romanlar\u0131n \u00e7o\u011fun-lu\u011fu 10 y\u0131l \u00f6ncesine kadar M\u00fcsl\u00fcman`d\u0131. Ancak bug\u00fcn pek \u00e7o\u011fu H\u0131ristiyan oldu. Romanlar\u2026","rel":"","context":"&quot;Haberler&quot; i\u00e7inde","block_context":{"text":"Haberler","link":"https:\/\/www.gocmeniz.biz\/?cat=5"},"img":{"alt_text":"","src":"","width":0,"height":0},"classes":[]},{"id":1568,"url":"https:\/\/www.gocmeniz.biz\/?p=1568","url_meta":{"origin":1761,"position":3},"title":"Eski Bulgar Cumhurba\u015fkan\u0131: E\u011fitim yat\u0131r\u0131mlar\u0131ndan etkilendim","author":"Haberci","date":"20 Temmuz 2009","format":false,"excerpt":"Marmara \u00dcniversitesi`nde Avrupa Birli\u011fi ile ilgili bir seminere kat\u0131lan eski Bulgaristan Cumhurba\u015fkan\u0131 Jelu Jelev, T\u00fcrkiye`de e\u011fitime yap\u0131lan harcamadan \u00e7ok etkilendi\u011fini s\u00f6yledi.Seminerde etnik konular\u0131n ele al\u0131nd\u0131\u011f\u0131n\u0131 ifade eden eski Bulgaristan Cumhurba\u015fkan\u0131 Jelev, `E\u011fitime ayr\u0131lan paralar\u0131 \u00e7ok \u00f6nemli buluyorum. Bu yat\u0131r\u0131m\u0131n e\u011fitim seviyesini daha iyi yerlere getirece\u011fine inan\u0131yorum. T\u00fcrkiye e\u011fitime ve teknolojiye\u2026","rel":"","context":"&quot;Haberler&quot; i\u00e7inde","block_context":{"text":"Haberler","link":"https:\/\/www.gocmeniz.biz\/?cat=5"},"img":{"alt_text":"","src":"","width":0,"height":0},"classes":[]},{"id":1622,"url":"https:\/\/www.gocmeniz.biz\/?p=1622","url_meta":{"origin":1761,"position":4},"title":"D\u0131\u015fi\u015fleri, Bulgaristan g\u00f6\u00e7menlerinin mallar\u0131 i\u00e7in d\u00fc\u011fmeye bast\u0131","author":"Haberci","date":"31 Temmuz 2009","format":false,"excerpt":"D\u0131\u015fi\u015fleri Bakanl\u0131\u011f\u0131, sava\u015f ve bask\u0131 d\u00f6nemlerinde Bulgaristan`dan T\u00fcrkiye`ye gelmek zorunda kalan T\u00fcrk k\u00f6kenli g\u00f6\u00e7menlerin \u00fclkelerinde b\u0131rakt\u0131klar\u0131 mallar\u0131 geri alabilmeleri i\u00e7in harekete ge\u00e7ti. Balkan sava\u015flar\u0131 s\u0131ras\u0131nda ve asimilasyon politikalar\u0131n\u0131n uyguland\u0131\u011f\u0131 1980`li y\u0131llarda yurtlar\u0131n\u0131 terk ederek T\u00fcrkiye`ye s\u0131\u011f\u0131nmak zorunda kalan binlerce Bulgar g\u00f6\u00e7meni T\u00fcrk`\u00fcn, Bulgaristan`da kalan mallar\u0131n\u0131 geri alma imk\u00e2n\u0131 do\u011fdu. D\u0131\u015fi\u015fleri\u2026","rel":"","context":"&quot;Haberler&quot; i\u00e7inde","block_context":{"text":"Haberler","link":"https:\/\/www.gocmeniz.biz\/?cat=5"},"img":{"alt_text":"","src":"","width":0,"height":0},"classes":[]},{"id":1737,"url":"https:\/\/www.gocmeniz.biz\/?p=1737","url_meta":{"origin":1761,"position":5},"title":"35 bin Bulgaristan g\u00f6\u00e7menine hak tan\u0131nd\u0131 be\u015f bini emekli oldu","author":"Haberci","date":"26 A\u011fustos 2009","format":false,"excerpt":"Ge\u00e7en y\u0131l \u00e7\u0131kar\u0131lan Sosyal G\u00fcvenlik Reformu, Bulgaristan`dan zorunlu g\u00f6\u00e7e tabi tutulan T\u00fcrklerin emeklilik \u00e7ilesini bitirdi. Yeni d\u00fczenleme ile g\u00f6\u00e7menlere, Bulgaristan`daki sigortal\u0131 \u00e7al\u0131\u015fmalar\u0131n\u0131 T\u00fcrkiye`de bor\u00e7lanma hakk\u0131 tan\u0131nm\u0131\u015ft\u0131. \u015eimdiye kadar 35 bin g\u00f6\u00e7men, prim bor\u00e7lanmas\u0131 yapt\u0131. Bunlardan 5 bini emekli olarak ayl\u0131k almaya ba\u015fla- d\u0131. Kalanlar\u0131 ise ya\u015f ve sigortal\u0131l\u0131k s\u00fcreleri- nin\u2026","rel":"","context":"&quot;Haberler&quot; i\u00e7inde","block_context":{"text":"Haberler","link":"https:\/\/www.gocmeniz.biz\/?cat=5"},"img":{"alt_text":"","src":"","width":0,"height":0},"classes":[]}],"jetpack_sharing_enabled":true,"jetpack_likes_enabled":true,"_links":{"self":[{"href":"https:\/\/www.gocmeniz.biz\/index.php?rest_route=\/wp\/v2\/posts\/1761","targetHints":{"allow":["GET"]}}],"collection":[{"href":"https:\/\/www.gocmeniz.biz\/index.php?rest_route=\/wp\/v2\/posts"}],"about":[{"href":"https:\/\/www.gocmeniz.biz\/index.php?rest_route=\/wp\/v2\/types\/post"}],"author":[{"embeddable":true,"href":"https:\/\/www.gocmeniz.biz\/index.php?rest_route=\/wp\/v2\/users\/331"}],"replies":[{"embeddable":true,"href":"https:\/\/www.gocmeniz.biz\/index.php?rest_route=%2Fwp%2Fv2%2Fcomments&post=1761"}],"version-history":[{"count":1,"href":"https:\/\/www.gocmeniz.biz\/index.php?rest_route=\/wp\/v2\/posts\/1761\/revisions"}],"predecessor-version":[{"id":9010,"href":"https:\/\/www.gocmeniz.biz\/index.php?rest_route=\/wp\/v2\/posts\/1761\/revisions\/9010"}],"wp:attachment":[{"href":"https:\/\/www.gocmeniz.biz\/index.php?rest_route=%2Fwp%2Fv2%2Fmedia&parent=1761"}],"wp:term":[{"taxonomy":"category","embeddable":true,"href":"https:\/\/www.gocmeniz.biz\/index.php?rest_route=%2Fwp%2Fv2%2Fcategories&post=1761"},{"taxonomy":"post_tag","embeddable":true,"href":"https:\/\/www.gocmeniz.biz\/index.php?rest_route=%2Fwp%2Fv2%2Ftags&post=1761"}],"curies":[{"name":"wp","href":"https:\/\/api.w.org\/{rel}","templated":true}]}}