{"id":1763,"date":"2009-09-03T08:02:27","date_gmt":"2009-09-03T05:02:27","guid":{"rendered":"http:\/\/www.gocmeniz.biz\/?p=1763"},"modified":"2026-04-03T12:17:07","modified_gmt":"2026-04-03T09:17:07","slug":"bektasiligin-izleri-balkanlarda-hala-yasiyor","status":"publish","type":"post","link":"https:\/\/www.gocmeniz.biz\/?p=1763","title":{"rendered":"Bekta\u015fili\u011fin izleri, Balkanlar`da h\u00e2l\u00e2 ya\u015f\u0131yor"},"content":{"rendered":"<p><b>Sar\u0131 Salt\u0131k, H\u0131d\u0131r Baba, Harabati Baba, Tabtuk Baba&#8230; `Suleha-y\u0131 \u00fcmmet dervi\u015fleri gazaya giderken, \u00e2yende ve revendeye n\u00eemet-i nefise bezleden`, bug\u00fcnk\u00fc tabiriyle s\u00f6ylersek, `\u00fcmmetin salih dervi\u015fleri gazaya giderken bir ocak uyand\u0131r\u0131p gelene ge\u00e7ene nefis nimetler sa\u00e7an` Horasan erlerinin izleri Balkan topraklar\u0131nda h\u00e2l\u00e2 duruyor.<\/p>\n<p><\/b>K\u00fclt\u00fcr ve Turizm Bakanl\u0131\u011f\u0131, ger\u00e7ekle\u015ftirdi\u011fi bir proje ile Hac\u0131 Bekta\u015f-\u0131 Veli`nin yolundan gidenlerin izini s\u00fcrd\u00fc. `Balkanlar`da Hac\u0131 Bekta\u015f-\u0131 Veli \u0130zleri` ad\u0131n\u0131 ta\u015f\u0131yan proje sonucunda, Bekta\u015fi gelene\u011finin bu topraklarda h\u00e2l\u00e2 canl\u0131l\u0131\u011f\u0131n\u0131 korudu\u011fu tespit edildi. Hac\u0131 Bekta\u015f Veli`nin do\u011fumunun 800. y\u0131l\u0131 etkinlikleri \u00e7er\u00e7evesinde ger\u00e7ekle\u015ftirilen projenin Makedonya, Bulgaristan ve Arnavutluk`u kapsayan ilk a\u015famas\u0131nda, may\u0131s ay\u0131nda Makedonya ve Bulgaristan`da, a\u011fustos ay\u0131nda ise Arnavutluk`ta alan ara\u015ft\u0131rmas\u0131 yap\u0131ld\u0131. Bakanl\u0131\u011f\u0131n Ara\u015ft\u0131rma ve E\u011fitim Genel M\u00fcd\u00fcrl\u00fc\u011f\u00fc taraf\u0131ndan Kruya, Flora, Saranda, Gjilokastra, Malakastra, Berat, Primet, Frasheri, Kor\u00e7a, Elbasan y\u00f6relerinde yap\u0131lan \u00e7al\u0131\u015fmalarda baz\u0131 Bekta\u015fi dergahlar\u0131n\u0131n aktif olarak varl\u0131klar\u0131n\u0131 s\u00fcrd\u00fcrd\u00fckleri, ge\u00e7mi\u015fte tekke konumunda olan bir\u00e7ok inan\u00e7 merkezinin ise g\u00fcn\u00fcm\u00fcze t\u00fcrbe olarak ula\u015ft\u0131\u011f\u0131 tespit edildi.<b><br \/><\/b><i>K\u00dcLT\u00dcR SANAT<\/i><b><br \/><\/b><\/p>\n<div class=\"zemanta-pixie\"><img data-recalc-dims=\"1\"  title=\"\" decoding=\"async\" class=\"zemanta-pixie-img\"  alt=\"pixy Bekta\u015fili\u011fin izleri, Balkanlar`da h\u00e2l\u00e2 ya\u015f\u0131yor\"  src=\"https:\/\/i0.wp.com\/img.zemanta.com\/pixy.gif?w=640\" \/><\/div>\n","protected":false},"excerpt":{"rendered":"<p>Sar\u0131 Salt\u0131k, H\u0131d\u0131r Baba, Harabati Baba, Tabtuk Baba&#8230; `Suleha-y\u0131 \u00fcmmet dervi\u015fleri gazaya giderken, \u00e2yende ve revendeye n\u00eemet-i nefise bezleden`, bug\u00fcnk\u00fc tabiriyle s\u00f6ylersek, `\u00fcmmetin salih dervi\u015fleri gazaya giderken bir ocak uyand\u0131r\u0131p gelene ge\u00e7ene nefis nimetler sa\u00e7an` Horasan erlerinin izleri Balkan topraklar\u0131nda h\u00e2l\u00e2 duruyor. K\u00fclt\u00fcr ve Turizm Bakanl\u0131\u011f\u0131, ger\u00e7ekle\u015ftirdi\u011fi bir proje ile Hac\u0131 Bekta\u015f-\u0131 Veli`nin yolundan gidenlerin [&hellip;]<\/p>\n","protected":false},"author":331,"featured_media":0,"comment_status":"open","ping_status":"open","sticky":false,"template":"","format":"standard","meta":{"advanced_seo_description":"","jetpack_seo_html_title":"","jetpack_seo_noindex":false,"ngg_post_thumbnail":0,"jetpack_post_was_ever_published":false,"_jetpack_newsletter_access":"","_jetpack_dont_email_post_to_subs":false,"_jetpack_newsletter_tier_id":0,"_jetpack_memberships_contains_paywalled_content":false,"_jetpack_memberships_contains_paid_content":false,"footnotes":""},"categories":[5],"tags":[],"class_list":["post-1763","post","type-post","status-publish","format-standard","hentry","category-haberler"],"jetpack_featured_media_url":"","jetpack_shortlink":"https:\/\/wp.me\/paHHlZ-sr","jetpack-related-posts":[{"id":1321,"url":"https:\/\/www.gocmeniz.biz\/?p=1321","url_meta":{"origin":1763,"position":0},"title":"T\u00dcRK\u00c7E`N\u0130N BALKAN D\u0130LLER\u0130 \u00dcZER\u0130NDEK\u0130 ETK\u0130S\u0130 SEMPOZYUMU","author":"Haberci","date":"06 Haziran 2009","format":false,"excerpt":"`T\u00fcrk\u00e7enin Balkan Dilleri \u00dczerindeki Etkisi` ba\u015fl\u0131kl\u0131 uluslararas\u0131 sempozyum Makedonya`n\u0131n ba\u015fkenti \u00dcsk\u00fcp`te ger\u00e7ekle\u015ftirildi. Ba\u015fkanl\u0131\u011f\u0131m\u0131z ile Kiril-Metodi \u00dcniversitesi T\u00fcrk Dili ve Edebiyat K\u00fcrs\u00fcs\u00fc ve Makedonya T\u00fcrk Sivil Te\u015fkilatlar\u0131 Birli\u011fi(MAT\u00dcS\u0130TEB) i\u015fbirli\u011finde d\u00fczenlenen sempozyuma T\u00fcrkiye, Macaristan, S\u0131rbistan, H\u0131rvatistan, Kosova, Arnavutluk, Bulgaristan, ABD ve Makedonya`dan 17 dil uzman\u0131 kat\u0131ld\u0131.`Balkanlar`da alt\u0131 y\u00fcz y\u0131ll\u0131k tarihi birlikteli\u011fin neticesinde\u2026","rel":"","context":"&quot;Haberler&quot; i\u00e7inde","block_context":{"text":"Haberler","link":"https:\/\/www.gocmeniz.biz\/?cat=5"},"img":{"alt_text":"","src":"","width":0,"height":0},"classes":[]},{"id":1558,"url":"https:\/\/www.gocmeniz.biz\/?p=1558","url_meta":{"origin":1763,"position":1},"title":"Do\u011falgaz i\u015fbirli\u011fine Bulgaristan da kat\u0131ld\u0131","author":"Haberci","date":"16 Temmuz 2009","format":false,"excerpt":"BEH (Bulgarian Energy Holding), DEPA (Yunanistan Devlet Do\u011falgaz \u015eirketi) ve Edison firmalar\u0131, Yunanistan ile Bulgaristan aras\u0131nda yeni bir do\u011falgaz boru hatt\u0131 olan IGB`nin (Interconnector Greece-Bulgaria) in\u015fas\u0131 i\u00e7in Sofya`da bir Mutabakat Zapt\u0131 imzalad\u0131klar\u0131n\u0131 duyurdular. \u0130STANBUL \/ \u0130HA S\u00f6z konusu anla\u015fma ile Bulgaristan G\u00fcney Koridoru ITGI (T\u00fcrkiye-Yunanistan-\u0130talya Do\u011falgaz Boru Hatt\u0131) projesi \u00fczerinden\u2026","rel":"","context":"&quot;Haberler&quot; i\u00e7inde","block_context":{"text":"Haberler","link":"https:\/\/www.gocmeniz.biz\/?cat=5"},"img":{"alt_text":"","src":"","width":0,"height":0},"classes":[]},{"id":1656,"url":"https:\/\/www.gocmeniz.biz\/?p=1656","url_meta":{"origin":1763,"position":2},"title":"Balkan \u00dclkelerinin Kalbi Bursa`da Atacak","author":"Haberci","date":"04 A\u011fustos 2009","format":false,"excerpt":"BURSA(\u0130HA) - Nam\u0131kkemal Halk Oyunlar\u0131 Gen\u00e7lik ve Spor Kul\u00fcb\u00fc Derne\u011fi (NAKEM) taraf\u0131ndan bu y\u0131l 5. d\u00fczenlenecek olan, ``5. NAKEM Balkan Festivali`` 11-16 A\u011fustos tarihleri aras\u0131nda yap\u0131lacak.NAKEM Ba\u015fkan Yard\u0131mc\u0131s\u0131 Taner \u00d6demi\u015f, yapt\u0131\u011f\u0131 a\u00e7\u0131klamada, geleneksel hale getirdikleri festivale bu y\u0131l Bulgaristan, Yunanistan, Romanya, Bosna Hersek, Makedonya, Kosova, Arnavutluk, S\u0131rbistan ve Karada\u011f`dan \u00e7ok\u2026","rel":"","context":"&quot;Haberler&quot; i\u00e7inde","block_context":{"text":"Haberler","link":"https:\/\/www.gocmeniz.biz\/?cat=5"},"img":{"alt_text":"","src":"","width":0,"height":0},"classes":[]},{"id":1814,"url":"https:\/\/www.gocmeniz.biz\/?p=1814","url_meta":{"origin":1763,"position":3},"title":"Balkan ressamlar\u0131 Sel\u00e7uk`ta bulu\u015ftu","author":"Haberci","date":"01 Ekim 2009","format":false,"excerpt":"Balkanlar`\u0131n me\u015fhur ressamlar\u0131; k\u00fclt\u00fcr, tarih ve do\u011fal zenginlikleriyle bilinen \u0130zmir`in Sel\u00e7uk il\u00e7esinde bulu\u015ftu.Sel\u00e7uk Belediyesi ile Balkan Kad\u0131nlar\u0131 K\u00fclt\u00fcr ve Dayan\u0131\u015fma Derne\u011fi`nin ortakla\u015fa d\u00fczenledi\u011fi `Balkan Ressamlar\u0131 Sel\u00e7uk Bulu\u015fmas\u0131, Sel\u00e7uk-Efes 2009` projesi kapsam\u0131nda 12 ressam, il\u00e7enin de\u011fi\u015fik noktalar\u0131nda canl\u0131 performansla resim \u00e7izecek.Ortaya \u00e7\u0131kacak eserler, 2 Ekim Cuma g\u00fcn\u00fc Carpouza Kafe`de sergilenecek.Bosna Hersek,\u2026","rel":"","context":"&quot;Haberler&quot; i\u00e7inde","block_context":{"text":"Haberler","link":"https:\/\/www.gocmeniz.biz\/?cat=5"},"img":{"alt_text":"","src":"https:\/\/i0.wp.com\/www.sestv.com.tr\/images\/data\/balkan-ressam.jpg?resize=350%2C200","width":350,"height":200},"classes":[]},{"id":1385,"url":"https:\/\/www.gocmeniz.biz\/?p=1385","url_meta":{"origin":1763,"position":4},"title":"AB&#8217;nin Bu Karar\u0131 A\u011fr\u0131m\u0131za Gidecek","author":"Haberci","date":"18 Haziran 2009","format":false,"excerpt":"40 y\u0131la a\u015fk\u0131n bir s\u00fcredir AB kap\u0131s\u0131nda bekletilen T\u00fcrkiye vize muhafiyeti i\u00e7in hukuk sava\u015f\u0131 verirken, AB bug\u00fcn, \u00fcye bile olmayan 3 Balkan \u00fclkesine vize muhafiyeti uygulamay\u0131 konu\u015fuyor. Hi\u00e7 olmazsa, AB \u00fclkelerinde i\u015f yapan i\u015fadamlar\u0131, TIR \u015fof\u00f6rleri, \u00f6\u011frenciler gibi gruplara vize muhafiyeti isteyen 40 y\u0131ll\u0131k AB aday\u0131 T\u00fcrkiye, karma\u015f\u0131k engellerle bo\u011fu\u015furken,\u2026","rel":"","context":"&quot;Haberler&quot; i\u00e7inde","block_context":{"text":"Haberler","link":"https:\/\/www.gocmeniz.biz\/?cat=5"},"img":{"alt_text":"","src":"","width":0,"height":0},"classes":[]},{"id":2326,"url":"https:\/\/www.gocmeniz.biz\/?p=2326","url_meta":{"origin":1763,"position":5},"title":"A\u0130HM Bulgaristan&#8217;\u0131 mahkum etti","author":"Haberci","date":"25 \u015eubat 2015","format":false,"excerpt":"A\u0130HM, Sofya'da cami cemaatine sald\u0131ran a\u015f\u0131r\u0131 sa\u011fc\u0131 parti ATAKA militanlar\u0131na m\u00fcdahale etmeyen Bulgaristan'a ceza verdi.Avrupa \u0130nsan Haklar\u0131 Mahkemesi (A\u0130HM), ba\u015fkent Sofya'da cami \u00f6n\u00fcnde cemaate sald\u0131ran a\u015f\u0131r\u0131 sa\u011fc\u0131 parti ATAKA militanlar\u0131na m\u00fcdahale etmeyen ve gerekli yasal i\u015flemleri yapmayan Bulgaristan'\u0131 mahkum etti. Bulgaristan'da ya\u015fanan olay\u0131n ma\u011fdurlar\u0131ndan 1976 do\u011fumlu Veli Karaahmed'in 2013 y\u0131l\u0131nda\u2026","rel":"","context":"&quot;Haberler&quot; i\u00e7inde","block_context":{"text":"Haberler","link":"https:\/\/www.gocmeniz.biz\/?cat=5"},"img":{"alt_text":"","src":"https:\/\/i0.wp.com\/img.hurriyet.com.tr\/_np\/8650\/28038650.jpg?resize=350%2C200","width":350,"height":200},"classes":[]}],"jetpack_sharing_enabled":true,"jetpack_likes_enabled":true,"_links":{"self":[{"href":"https:\/\/www.gocmeniz.biz\/index.php?rest_route=\/wp\/v2\/posts\/1763","targetHints":{"allow":["GET"]}}],"collection":[{"href":"https:\/\/www.gocmeniz.biz\/index.php?rest_route=\/wp\/v2\/posts"}],"about":[{"href":"https:\/\/www.gocmeniz.biz\/index.php?rest_route=\/wp\/v2\/types\/post"}],"author":[{"embeddable":true,"href":"https:\/\/www.gocmeniz.biz\/index.php?rest_route=\/wp\/v2\/users\/331"}],"replies":[{"embeddable":true,"href":"https:\/\/www.gocmeniz.biz\/index.php?rest_route=%2Fwp%2Fv2%2Fcomments&post=1763"}],"version-history":[{"count":1,"href":"https:\/\/www.gocmeniz.biz\/index.php?rest_route=\/wp\/v2\/posts\/1763\/revisions"}],"predecessor-version":[{"id":8701,"href":"https:\/\/www.gocmeniz.biz\/index.php?rest_route=\/wp\/v2\/posts\/1763\/revisions\/8701"}],"wp:attachment":[{"href":"https:\/\/www.gocmeniz.biz\/index.php?rest_route=%2Fwp%2Fv2%2Fmedia&parent=1763"}],"wp:term":[{"taxonomy":"category","embeddable":true,"href":"https:\/\/www.gocmeniz.biz\/index.php?rest_route=%2Fwp%2Fv2%2Fcategories&post=1763"},{"taxonomy":"post_tag","embeddable":true,"href":"https:\/\/www.gocmeniz.biz\/index.php?rest_route=%2Fwp%2Fv2%2Ftags&post=1763"}],"curies":[{"name":"wp","href":"https:\/\/api.w.org\/{rel}","templated":true}]}}