{"id":1769,"date":"2009-09-03T08:07:55","date_gmt":"2009-09-03T05:07:55","guid":{"rendered":"http:\/\/www.gocmeniz.biz\/?p=1769"},"modified":"2026-04-03T12:25:38","modified_gmt":"2026-04-03T09:25:38","slug":"kriz-bulgaristan-parlamentosunu-da-vurdu","status":"publish","type":"post","link":"https:\/\/www.gocmeniz.biz\/?p=1769","title":{"rendered":"Kriz, Bulgaristan Parlamentosu`nu da vurdu"},"content":{"rendered":"<p><b><img data-recalc-dims=\"1\"  title=\"\"  alt=\"88127%28582%29 Kriz, Bulgaristan Parlamentosu`nu da vurdu\" loading=\"lazy\" decoding=\"async\" style=\"max-width: 800px; float: left; margin-top: 10px; margin-bottom: 10px; margin-right: 10px;\" src=\"https:\/\/i0.wp.com\/images.ihlassondakika.com\/88127%28582%29.jpg?resize=220%2C188\" height=\"188\" width=\"220\" \/>K\u00fcresel ekonomik kriz, Bulgaristan`da parlamentoyu da etkiledi. Tasarruf tedbirleri \u00e7er\u00e7evesinde parlamentoda 90 ki\u015finin i\u015fine son verildi.<\/b><\/p>\n<p>Parlamento Ba\u015fkan\u0131 Tzetzka Tza\u00e7eva, i\u015ften \u00e7\u0131karmalar\u0131n siyasi niteli\u011fi bulunmad\u0131\u011f\u0131ni belirterek, `Personelimizin bir b\u00f6l\u00fcm\u00fcn\u00fc emekliye ay\u0131rmak zorunda kald\u0131k. Kendi ekibimi de 6 ki\u015fiden 4 ki\u015fiye indirdik` dedi.<\/p>\n<p>Son i\u015ften \u00e7\u0131kar\u0131lmalarla Bulgaristan parlamentosundaki \u00e7al\u0131\u015fan say\u0131s\u0131n\u0131n 585`ten 495`e indi\u011fi bildirildi.<\/p>\n<p>Tza\u00e7eva, kriz ortam\u0131nda parlamentonun her t\u00fcrl\u00fc gereksiz harcamalar\u0131n\u0131n da k\u0131s\u0131tland\u0131\u011f\u0131n\u0131 kaydederek, parlamento restoran\u0131n\u0131n kurumun b\u00fct\u00e7esine b\u00fcy\u00fck y\u00fck verdi\u011fini, bu y\u00fckten kurtulmak amac\u0131yla i\u015fletme hakk\u0131 i\u00e7in en k\u0131sa zamanda ihale a\u00e7\u0131laca\u011f\u0131n\u0131 a\u00e7\u0131klad\u0131.<\/p>\n<div class=\"zemanta-pixie\"><img data-recalc-dims=\"1\"  title=\"\" decoding=\"async\" class=\"zemanta-pixie-img\"  alt=\"pixy Kriz, Bulgaristan Parlamentosu`nu da vurdu\"  src=\"https:\/\/i0.wp.com\/img.zemanta.com\/pixy.gif?w=640\" \/><\/div>\n","protected":false},"excerpt":{"rendered":"<p>K\u00fcresel ekonomik kriz, Bulgaristan`da parlamentoyu da etkiledi. Tasarruf tedbirleri \u00e7er\u00e7evesinde parlamentoda 90 ki\u015finin i\u015fine son verildi. Parlamento Ba\u015fkan\u0131 Tzetzka Tza\u00e7eva, i\u015ften \u00e7\u0131karmalar\u0131n siyasi niteli\u011fi bulunmad\u0131\u011f\u0131ni belirterek, `Personelimizin bir b\u00f6l\u00fcm\u00fcn\u00fc emekliye ay\u0131rmak zorunda kald\u0131k. Kendi ekibimi de 6 ki\u015fiden 4 ki\u015fiye indirdik` dedi. Son i\u015ften \u00e7\u0131kar\u0131lmalarla Bulgaristan parlamentosundaki \u00e7al\u0131\u015fan say\u0131s\u0131n\u0131n 585`ten 495`e indi\u011fi bildirildi. Tza\u00e7eva, kriz [&hellip;]<\/p>\n","protected":false},"author":331,"featured_media":0,"comment_status":"open","ping_status":"open","sticky":false,"template":"","format":"standard","meta":{"advanced_seo_description":"","jetpack_seo_html_title":"","jetpack_seo_noindex":false,"ngg_post_thumbnail":0,"jetpack_post_was_ever_published":false,"_jetpack_newsletter_access":"","_jetpack_dont_email_post_to_subs":false,"_jetpack_newsletter_tier_id":0,"_jetpack_memberships_contains_paywalled_content":false,"_jetpack_memberships_contains_paid_content":false,"footnotes":""},"categories":[5],"tags":[],"class_list":["post-1769","post","type-post","status-publish","format-standard","hentry","category-haberler"],"jetpack_featured_media_url":"","jetpack_shortlink":"https:\/\/wp.me\/paHHlZ-sx","jetpack-related-posts":[{"id":833,"url":"https:\/\/www.gocmeniz.biz\/?p=833","url_meta":{"origin":1769,"position":0},"title":"BULGAR\u0130STAN&#8217;DA 80 B\u0130N K\u0130\u015e\u0130 \u0130\u015eTEN \u00c7IKARILACAK","author":"Haberci","date":"13 \u015eubat 2009","format":false,"excerpt":"K\u00fcresel ekonomik kriz y\u00fcz\u00fcnden n\u00fcfusu 7,45 milyon olan Bulgaristan;da k\u0131sa vadede 80 bin ki\u015finin i\u015ften \u00e7\u0131kar\u0131laca\u011f\u0131 a\u00e7\u0131kland\u0131.Bulgaristan Ekonomi Odas\u0131 (BSK) Ba\u015fkan yard\u0131mc\u0131s\u0131 Kamen Kolev, \u201cEstat\" adl\u0131 bir kamuoyu ara\u015ft\u0131rma \u015firketinin \u00fclkenin 28 b\u00fcy\u00fck kentinde yapt\u0131\u011f\u0131 bir ara\u015ft\u0131rmas\u0131n\u0131n sonu\u00e7lar\u0131n\u0131 a\u00e7\u0131klad\u0131.\u00dclkedeki orta ve b\u00fcy\u00fck \u00e7apl\u0131 \u015firketlerin y\u00fczde 75;inin finansal kriz y\u00fcz\u00fcnden b\u00fcy\u00fck\u2026","rel":"","context":"&quot;Haberler&quot; i\u00e7inde","block_context":{"text":"Haberler","link":"https:\/\/www.gocmeniz.biz\/?cat=5"},"img":{"alt_text":"","src":"https:\/\/i0.wp.com\/resimler.haberler.com\/haber\/275\/bulgaristan-da-80-bin-kisi-isten-cikarilacak_o.jpg?resize=350%2C200","width":350,"height":200},"classes":[]},{"id":1316,"url":"https:\/\/www.gocmeniz.biz\/?p=1316","url_meta":{"origin":1769,"position":1},"title":"Bulgaristan`da b\u00fcrokratlar\u0131n maa\u015flar\u0131 indirilecek","author":"Haberci","date":"06 Haziran 2009","format":false,"excerpt":"Bulgaristan`da 7 Hazirandaki AP se\u00e7imi \u00f6ncesi, \u00fcst d\u00fczey devlet memurlar\u0131n\u0131n maa\u015flar\u0131na yap\u0131lmas\u0131 \u00f6ng\u00f6r\u00fclen zamm\u0131n iptal edilece\u011fini ve maa\u015flar\u0131n\u0131n indirilece\u011fini a\u00e7\u0131klad\u0131. Bulgaristan`da 7 Haziranda yap\u0131lacak Avrupa Parlamentosu(AP) se\u00e7imi arifesinde, \u00fcst d\u00fczey devlet memurlar\u0131n\u0131n maa\u015flar\u0131na 1 Temmuzda yap\u0131lmas\u0131 \u00f6ng\u00f6r\u00fclen zamm\u0131n iptal edilece\u011fi ve yerine y\u00fczde 15 oran\u0131nda maa\u015f indirimi yap\u0131laca\u011f\u0131 bildirildi. H\u00fck\u00fcmet\u2026","rel":"","context":"&quot;Haberler&quot; i\u00e7inde","block_context":{"text":"Haberler","link":"https:\/\/www.gocmeniz.biz\/?cat=5"},"img":{"alt_text":"","src":"","width":0,"height":0},"classes":[]},{"id":1312,"url":"https:\/\/www.gocmeniz.biz\/?p=1312","url_meta":{"origin":1769,"position":2},"title":"Bulgaristan&#8217;da emeklilere zam","author":"Haberci","date":"05 Haziran 2009","format":false,"excerpt":"Bulgaristan'da 7 Haziranda yap\u0131lacak Avrupa Parlamentosu (AP) se\u00e7imi arifesinde, \u00fcst d\u00fczey devlet memurlar\u0131n\u0131n maa\u015flar\u0131na 1 Temmuzda yap\u0131lmas\u0131 \u00f6ng\u00f6r\u00fclen zamm\u0131n iptal edilece\u011fi ve yerine y\u00fczde 15 oran\u0131nda maa\u015f indirimi yap\u0131laca\u011f\u0131 bildirildi. \u00a0H\u00fck\u00fcmet taraf\u0131ndan ekonomik kriz gerek\u00e7e g\u00f6sterilerek al\u0131nan karar\u0131, Maliye Bakan\u0131 Plamen Ore\u015farski a\u00e7\u0131klad\u0131. Ore\u015farski kriz dolay\u0131s\u0131yla b\u00fct\u00e7e harcamalar\u0131na ciddi k\u0131s\u0131tlamalar\u2026","rel":"","context":"&quot;Haberler&quot; i\u00e7inde","block_context":{"text":"Haberler","link":"https:\/\/www.gocmeniz.biz\/?cat=5"},"img":{"alt_text":"","src":"https:\/\/i0.wp.com\/www.morleyindependent.com\/images\/pensioner.jpg?resize=350%2C200","width":350,"height":200},"classes":[]},{"id":938,"url":"https:\/\/www.gocmeniz.biz\/?p=938","url_meta":{"origin":1769,"position":3},"title":"Bulgaristan\u2019da i\u015f sekt\u00f6r\u00fc i\u015f\u00e7i say\u0131s\u0131n\u0131 azalt\u0131yor","author":"Haberci","date":"23 Mart 2009","format":false,"excerpt":"Bulgaristan\u2019da firmalar\u0131n be\u015fte biri, yeni y\u00fcksek sigorta ve vergilendirme taban\u0131ndan dolay\u0131 i\u015f\u00e7i say\u0131s\u0131n\u0131 ya donduracak, ya da azaltacak. Piyasa Ekonomisini Ara\u015ft\u0131rma Enstit\u00fcs\u00fc 160 \u015firket aras\u0131nda yapt\u0131\u011f\u0131 incelemede, bu ger\u00e7ek ortaya \u00e7\u0131kt\u0131. Bir Ocak itibar\u0131yla sigortalama taban\u0131 %26.6 ile y\u00fckseltildi. Sadece bu y\u0131l i\u00e7erisinde i\u015f sekt\u00f6r\u00fc yakla\u015f\u0131k 273 milyon avro zarara\u2026","rel":"","context":"&quot;Haberler&quot; i\u00e7inde","block_context":{"text":"Haberler","link":"https:\/\/www.gocmeniz.biz\/?cat=5"},"img":{"alt_text":"","src":"","width":0,"height":0},"classes":[]},{"id":1692,"url":"https:\/\/www.gocmeniz.biz\/?p=1692","url_meta":{"origin":1769,"position":4},"title":"Kriz Bulgaristan turizmini vurdu","author":"Haberci","date":"16 A\u011fustos 2009","format":false,"excerpt":"Bulgaristan`da ekonomik kriz, turizm sekt\u00f6r\u00fcn\u00fc de olumsuz etkilerken, yaz sezonunda otellerin y\u00fczde 60 kapasiteyle \u00e7al\u0131\u015ft\u0131\u011f\u0131 a\u00e7\u0131kland\u0131. Ekonomi, Enerji ve Turizm Bakan Yard\u0131mc\u0131s\u0131 \u0130vo Marinov, \u00f6zel `bTV` kanal\u0131na yapt\u0131\u011f\u0131 a\u00e7\u0131klamada, turizm sekt\u00f6r\u00fcne devlet deste\u011fi verilmesi amac\u0131yla h\u00fck\u00fcmetin, en az 6 gece \u00fclkedeki otellerde kalan yerli turistlere vergi indirimi yapmay\u0131 planlad\u0131\u011f\u0131n\u0131 a\u00e7\u0131klad\u0131.\u2026","rel":"","context":"&quot;Haberler&quot; i\u00e7inde","block_context":{"text":"Haberler","link":"https:\/\/www.gocmeniz.biz\/?cat=5"},"img":{"alt_text":"","src":"","width":0,"height":0},"classes":[]},{"id":2723,"url":"https:\/\/www.gocmeniz.biz\/?p=2723","url_meta":{"origin":1769,"position":5},"title":"Bulgaristan&#8217;da sa\u011fl\u0131k \u00e7al\u0131\u015fanlar\u0131ndan toplu istifa!","author":"Haberci","date":"19 Mart 2020","format":false,"excerpt":"Bulgaristan\u00b4\u0131n ba\u015fkenti Sofya\u00b4da koronavir\u00fcs (Covid-19) hastalar\u0131n\u0131n sevk edilmesi i\u00e7in belirlenen baz\u0131 hastanelerde sa\u011fl\u0131k g\u00f6revlileri toplu istifa etti. \u00dclkenin ba\u015fkenti Sofya\u00b4da `2. \u015eehir Hastanesi\u00b4nden 85 ki\u015filik sa\u011fl\u0131k g\u00f6revlisi, salg\u0131n hastanesine d\u00f6n\u00fc\u015ft\u00fcr\u00fclmek istenen hastanenin salg\u0131nla m\u00fccadele i\u00e7in haz\u0131r olmad\u0131\u011f\u0131 gerek\u00e7esiyle topluca istifalar\u0131n\u0131 sundu. Sa\u011fl\u0131k g\u00f6revlilerinin, hastanenin salg\u0131nla m\u00fccadele i\u00e7in haz\u0131r olmad\u0131\u011f\u0131n\u0131, solunum\u2026","rel":"","context":"&quot;Haberler&quot; i\u00e7inde","block_context":{"text":"Haberler","link":"https:\/\/www.gocmeniz.biz\/?cat=5"},"img":{"alt_text":"","src":"https:\/\/i0.wp.com\/www.gocmeniz.biz\/wp-content\/2617949_810x458.jpg?fit=810%2C458&ssl=1&resize=350%2C200","width":350,"height":200,"srcset":"https:\/\/i0.wp.com\/www.gocmeniz.biz\/wp-content\/2617949_810x458.jpg?fit=810%2C458&ssl=1&resize=350%2C200 1x, https:\/\/i0.wp.com\/www.gocmeniz.biz\/wp-content\/2617949_810x458.jpg?fit=810%2C458&ssl=1&resize=525%2C300 1.5x, https:\/\/i0.wp.com\/www.gocmeniz.biz\/wp-content\/2617949_810x458.jpg?fit=810%2C458&ssl=1&resize=700%2C400 2x"},"classes":[]}],"jetpack_sharing_enabled":true,"jetpack_likes_enabled":true,"_links":{"self":[{"href":"https:\/\/www.gocmeniz.biz\/index.php?rest_route=\/wp\/v2\/posts\/1769","targetHints":{"allow":["GET"]}}],"collection":[{"href":"https:\/\/www.gocmeniz.biz\/index.php?rest_route=\/wp\/v2\/posts"}],"about":[{"href":"https:\/\/www.gocmeniz.biz\/index.php?rest_route=\/wp\/v2\/types\/post"}],"author":[{"embeddable":true,"href":"https:\/\/www.gocmeniz.biz\/index.php?rest_route=\/wp\/v2\/users\/331"}],"replies":[{"embeddable":true,"href":"https:\/\/www.gocmeniz.biz\/index.php?rest_route=%2Fwp%2Fv2%2Fcomments&post=1769"}],"version-history":[{"count":1,"href":"https:\/\/www.gocmeniz.biz\/index.php?rest_route=\/wp\/v2\/posts\/1769\/revisions"}],"predecessor-version":[{"id":9008,"href":"https:\/\/www.gocmeniz.biz\/index.php?rest_route=\/wp\/v2\/posts\/1769\/revisions\/9008"}],"wp:attachment":[{"href":"https:\/\/www.gocmeniz.biz\/index.php?rest_route=%2Fwp%2Fv2%2Fmedia&parent=1769"}],"wp:term":[{"taxonomy":"category","embeddable":true,"href":"https:\/\/www.gocmeniz.biz\/index.php?rest_route=%2Fwp%2Fv2%2Fcategories&post=1769"},{"taxonomy":"post_tag","embeddable":true,"href":"https:\/\/www.gocmeniz.biz\/index.php?rest_route=%2Fwp%2Fv2%2Ftags&post=1769"}],"curies":[{"name":"wp","href":"https:\/\/api.w.org\/{rel}","templated":true}]}}