{"id":1771,"date":"2009-09-07T10:13:33","date_gmt":"2009-09-07T07:13:33","guid":{"rendered":"http:\/\/www.gocmeniz.biz\/?p=1771"},"modified":"2026-04-03T12:25:38","modified_gmt":"2026-04-03T09:25:38","slug":"bulgaristan-cumhurbaskani-olumden-dondu","status":"publish","type":"post","link":"https:\/\/www.gocmeniz.biz\/?p=1771","title":{"rendered":"Bulgaristan Cumhurba\u015fkan\u0131 \u00f6l\u00fcmden d\u00f6nd\u00fc"},"content":{"rendered":"<p>A. A.<br \/><b>Bulgaristan&#8217;\u0131n do\u011fusundaki \u015eabla Poligonunda d\u00fczenlenen bir askeri tatbikat s\u0131ras\u0131nda, bozuk oldu\u011fu belirlenen bir u\u00e7aksavar roketi, aralar\u0131nda Cumhurba\u015fkan\u0131 Georgi P\u0131rvanov&#8217;un da bulundu\u011fu protokol\u00fcn \u00f6n\u00fcnde f\u0131rlat\u0131ld\u0131\u011f\u0131 s\u0131rada patlad\u0131.<\/b><\/p>\n<p>Bulgaristan Ulusal Televizyonu (BNT), Rus yap\u0131m\u0131 KUB tipi 24 kilometre menzilli roketin motorunun ar\u0131zaland\u0131\u011f\u0131n\u0131 ve protokol locas\u0131na 500 metre uzakl\u0131kta havada par\u00e7aland\u0131\u011f\u0131n\u0131 duyurdu.<\/p>\n<p>Roketin patlamas\u0131, tatbikat\u0131 izleyenler aras\u0131nda b\u00fcy\u00fck pani\u011fe neden oldu. Roketin patlamayan ba\u015fl\u0131\u011f\u0131n\u0131n ise denize d\u00fc\u015ft\u00fc\u011f\u00fc a\u00e7\u0131kland\u0131. Savunma Bakanl\u0131\u011f\u0131 yetkilileri, roketin ba\u015fl\u0131\u011f\u0131n\u0131n \u00f6zel te\u00e7hizatla denizden \u00e7\u0131kar\u0131larak imha edilece\u011fini a\u00e7\u0131klad\u0131.<\/p>\n<p>Tatbikat\u0131 izleyen Savunma Bakan\u0131 Nikolay Mladenov, &#8220;Bulgar ordusunun yapt\u0131\u011f\u0131 en \u00f6nemli tatbikatlar\u0131ndan birinde b\u00f6yle bir olay\u0131n meydana gelmesi ho\u015f de\u011fil. Kaza, orduda halen bozuk eski te\u00e7hizat kullan\u0131ld\u0131\u011f\u0131n\u0131 g\u00f6steriyor&#8221; diye konu\u015ftu.<\/p>\n<p>Bulgar ordusunun 1985 y\u0131l\u0131nda ald\u0131\u011f\u0131 KUB roket sisteminin teknolojik \u00f6mr\u00fcn\u00fcn 25 y\u0131l oldu\u011fu \u00f6\u011frenildi. NATO&#8217;nun eski Yugoslavya&#8217;ya y\u00f6nelik operasyonu s\u0131ras\u0131nda KUB roketiyle &#8220;Stelt&#8221; tipi bir bombard\u0131man u\u00e7a\u011f\u0131 d\u00fc\u015f\u00fcr\u00fclm\u00fc\u015ft\u00fc.<\/p>\n<div class=\"zemanta-pixie\"><img data-recalc-dims=\"1\"  title=\"\" decoding=\"async\" class=\"zemanta-pixie-img\"  alt=\"pixy Bulgaristan Cumhurba\u015fkan\u0131 \u00f6l\u00fcmden d\u00f6nd\u00fc\"  src=\"https:\/\/i0.wp.com\/img.zemanta.com\/pixy.gif?w=640\" \/><\/div>\n","protected":false},"excerpt":{"rendered":"<p>A. A.Bulgaristan&#8217;\u0131n do\u011fusundaki \u015eabla Poligonunda d\u00fczenlenen bir askeri tatbikat s\u0131ras\u0131nda, bozuk oldu\u011fu belirlenen bir u\u00e7aksavar roketi, aralar\u0131nda Cumhurba\u015fkan\u0131 Georgi P\u0131rvanov&#8217;un da bulundu\u011fu protokol\u00fcn \u00f6n\u00fcnde f\u0131rlat\u0131ld\u0131\u011f\u0131 s\u0131rada patlad\u0131. Bulgaristan Ulusal Televizyonu (BNT), Rus yap\u0131m\u0131 KUB tipi 24 kilometre menzilli roketin motorunun ar\u0131zaland\u0131\u011f\u0131n\u0131 ve protokol locas\u0131na 500 metre uzakl\u0131kta havada par\u00e7aland\u0131\u011f\u0131n\u0131 duyurdu. Roketin patlamas\u0131, tatbikat\u0131 izleyenler aras\u0131nda [&hellip;]<\/p>\n","protected":false},"author":331,"featured_media":0,"comment_status":"open","ping_status":"open","sticky":false,"template":"","format":"standard","meta":{"advanced_seo_description":"","jetpack_seo_html_title":"","jetpack_seo_noindex":false,"ngg_post_thumbnail":0,"jetpack_post_was_ever_published":false,"_jetpack_newsletter_access":"","_jetpack_dont_email_post_to_subs":false,"_jetpack_newsletter_tier_id":0,"_jetpack_memberships_contains_paywalled_content":false,"_jetpack_memberships_contains_paid_content":false,"footnotes":""},"categories":[5],"tags":[],"class_list":["post-1771","post","type-post","status-publish","format-standard","hentry","category-haberler"],"jetpack_featured_media_url":"","jetpack_shortlink":"https:\/\/wp.me\/paHHlZ-sz","jetpack-related-posts":[{"id":9722,"url":"https:\/\/www.gocmeniz.biz\/?p=9722","url_meta":{"origin":1771,"position":0},"title":"Zelenskiy&#8217;den Avrupa&#8217;ya Ortak Savunma \u00c7a\u011fr\u0131s\u0131","author":"Admin","date":"14 Nisan 2026","format":false,"excerpt":"Ukrayna Cumhurba\u015fkan\u0131 Volodimir Zelenskiy, Berlin ziyareti \u00f6ncesinde Ukrayna'n\u0131n bu hafta Avrupal\u0131 ortaklar\u0131yla ortak bir savunma sistemi olu\u015fturmak amac\u0131yla g\u00f6r\u00fc\u015fmeler yapaca\u011f\u0131n\u0131 duyurdu. \"Ya Avrupa'n\u0131n par\u00e7as\u0131 oluruz ya da Rus d\u00fcnyas\u0131na dahil oluruz\" Zelenskiy, Ukrayna'n\u0131n Avrupa g\u00fcvenlik sisteminin ayr\u0131lmaz bir par\u00e7as\u0131 olmas\u0131 gerekti\u011fini, aksi h\u00e2lde Avrupa'daki baz\u0131 \u00fclkelerin \"Rus d\u00fcnyas\u0131n\u0131n\" bir par\u00e7as\u0131\u2026","rel":"","context":"&quot;Haberler&quot; i\u00e7inde","block_context":{"text":"Haberler","link":"https:\/\/www.gocmeniz.biz\/?cat=5"},"img":{"alt_text":"","src":"https:\/\/i0.wp.com\/www.gocmeniz.biz\/wp-content\/1366x768_cmsv2_e646d1c3-8425-5ac6-a0f8-519795aa0016-9721625.webp?fit=1200%2C675&ssl=1&resize=350%2C200","width":350,"height":200,"srcset":"https:\/\/i0.wp.com\/www.gocmeniz.biz\/wp-content\/1366x768_cmsv2_e646d1c3-8425-5ac6-a0f8-519795aa0016-9721625.webp?fit=1200%2C675&ssl=1&resize=350%2C200 1x, https:\/\/i0.wp.com\/www.gocmeniz.biz\/wp-content\/1366x768_cmsv2_e646d1c3-8425-5ac6-a0f8-519795aa0016-9721625.webp?fit=1200%2C675&ssl=1&resize=525%2C300 1.5x, https:\/\/i0.wp.com\/www.gocmeniz.biz\/wp-content\/1366x768_cmsv2_e646d1c3-8425-5ac6-a0f8-519795aa0016-9721625.webp?fit=1200%2C675&ssl=1&resize=700%2C400 2x, https:\/\/i0.wp.com\/www.gocmeniz.biz\/wp-content\/1366x768_cmsv2_e646d1c3-8425-5ac6-a0f8-519795aa0016-9721625.webp?fit=1200%2C675&ssl=1&resize=1050%2C600 3x"},"classes":[]},{"id":9659,"url":"https:\/\/www.gocmeniz.biz\/?p=9659","url_meta":{"origin":1771,"position":1},"title":"S\u0131rbistan Cumhurba\u015fkan\u0131 Vucic: Macaristan&#8217;a gaz ta\u015f\u0131yan boru hatt\u0131n\u0131n yak\u0131n\u0131nda patlay\u0131c\u0131 bulundu","author":"Admin","date":"05 Nisan 2026","format":false,"excerpt":"S\u0131rbistan Cumhurba\u015fkan\u0131 Vucic, Rusya'dan S\u0131rbistan ve Macaristan'a gaz ta\u015f\u0131yan bir boru hatt\u0131n\u0131n yak\u0131n\u0131nda patlay\u0131c\u0131lar bulundu\u011funu bildirdi. Macaristan Ba\u015fbakan\u0131 Orban k\u0131sa bir s\u00fcre sonra iki liderin konu hakk\u0131nda g\u00f6r\u00fc\u015ft\u00fc\u011f\u00fcn\u00fc do\u011frulad\u0131.S\u0131rbistan Cumhurba\u015fkan\u0131 Aleksandar Vucic pazar sabah\u0131 yapt\u0131\u011f\u0131 a\u00e7\u0131klamada, S\u0131rbistan ve Macaristan'a gaz ta\u015f\u0131yan bir boru hatt\u0131n\u0131n yak\u0131n\u0131na yerle\u015ftirilmi\u015f patlay\u0131c\u0131lar bulundu\u011funu duyurdu. Vucic\u2026","rel":"","context":"&quot;Haberler&quot; i\u00e7inde","block_context":{"text":"Haberler","link":"https:\/\/www.gocmeniz.biz\/?cat=5"},"img":{"alt_text":"","src":"https:\/\/i0.wp.com\/www.gocmeniz.biz\/wp-content\/1366x768_cmsv2_b72b81e4-97a2-5d54-bea6-1fadd6b6a73a-9711067.webp?fit=1200%2C675&ssl=1&resize=350%2C200","width":350,"height":200,"srcset":"https:\/\/i0.wp.com\/www.gocmeniz.biz\/wp-content\/1366x768_cmsv2_b72b81e4-97a2-5d54-bea6-1fadd6b6a73a-9711067.webp?fit=1200%2C675&ssl=1&resize=350%2C200 1x, https:\/\/i0.wp.com\/www.gocmeniz.biz\/wp-content\/1366x768_cmsv2_b72b81e4-97a2-5d54-bea6-1fadd6b6a73a-9711067.webp?fit=1200%2C675&ssl=1&resize=525%2C300 1.5x, https:\/\/i0.wp.com\/www.gocmeniz.biz\/wp-content\/1366x768_cmsv2_b72b81e4-97a2-5d54-bea6-1fadd6b6a73a-9711067.webp?fit=1200%2C675&ssl=1&resize=700%2C400 2x, https:\/\/i0.wp.com\/www.gocmeniz.biz\/wp-content\/1366x768_cmsv2_b72b81e4-97a2-5d54-bea6-1fadd6b6a73a-9711067.webp?fit=1200%2C675&ssl=1&resize=1050%2C600 3x"},"classes":[]},{"id":8415,"url":"https:\/\/www.gocmeniz.biz\/?p=8415","url_meta":{"origin":1771,"position":2},"title":"S\u0131rbistan Cumhurba\u015fkan\u0131 Vucic, \u00fc\u00e7 kom\u015fu \u00fclkenin ismini sayd\u0131: Bize sald\u0131r\u0131 haz\u0131rl\u0131\u011f\u0131ndalar","author":"Admin","date":"24 Mart 2026","format":false,"excerpt":"D\u00fcnya ABD ve \u0130srail'in \u0130ran'a y\u00f6nelik sald\u0131r\u0131lar\u0131yla ba\u015flayan Orta Do\u011fu'daki sava\u015fa kilitlenmi\u015f durumdayken S\u0131rbistan Cumhurba\u015fkan\u0131 Aleksandar Vucic'ten dikkat \u00e7eken a\u00e7\u0131klamalar geldi. 3 KOM\u015eU \u00dcLKEN\u0130N \u0130SM\u0130N\u0130 VERD\u0130: B\u0130ZE SALDIRI HAZIRLI\u011eINDALARSmederevska Palanka b\u00f6lgesine yapt\u0131\u011f\u0131 ziyarette konu\u015fan ve \u00fclkesinin sava\u015fa haz\u0131rland\u0131\u011f\u0131n\u0131 belirten Vucic, kom\u015fular\u0131 H\u0131rvatistan, Arnavutluk ve Kosova'n\u0131n kendilerine sald\u0131rma niyetinde oldu\u011funu iddia\u2026","rel":"","context":"&quot;Haberler&quot; i\u00e7inde","block_context":{"text":"Haberler","link":"https:\/\/www.gocmeniz.biz\/?cat=5"},"img":{"alt_text":"","src":"https:\/\/i0.wp.com\/www.gocmeniz.biz\/wp-content\/sirbistan-cumhurbaskani-vucic-3-komsu-ulkenin-19658158_7468_amp.webp?fit=1200%2C800&ssl=1&resize=350%2C200","width":350,"height":200,"srcset":"https:\/\/i0.wp.com\/www.gocmeniz.biz\/wp-content\/sirbistan-cumhurbaskani-vucic-3-komsu-ulkenin-19658158_7468_amp.webp?fit=1200%2C800&ssl=1&resize=350%2C200 1x, https:\/\/i0.wp.com\/www.gocmeniz.biz\/wp-content\/sirbistan-cumhurbaskani-vucic-3-komsu-ulkenin-19658158_7468_amp.webp?fit=1200%2C800&ssl=1&resize=525%2C300 1.5x, https:\/\/i0.wp.com\/www.gocmeniz.biz\/wp-content\/sirbistan-cumhurbaskani-vucic-3-komsu-ulkenin-19658158_7468_amp.webp?fit=1200%2C800&ssl=1&resize=700%2C400 2x, https:\/\/i0.wp.com\/www.gocmeniz.biz\/wp-content\/sirbistan-cumhurbaskani-vucic-3-komsu-ulkenin-19658158_7468_amp.webp?fit=1200%2C800&ssl=1&resize=1050%2C600 3x"},"classes":[]},{"id":649,"url":"https:\/\/www.gocmeniz.biz\/?p=649","url_meta":{"origin":1771,"position":3},"title":"&#8220;KUZEY IRAK&#8217;TAK\u0130 K\u00dcRT Y\u00d6NET\u0130M\u0130, BULGAR\u0130STAN&#8217;DAN S\u0130LAH ALDI&#8221;","author":"Haberci","date":"24 Kas\u0131m 2008","format":false,"excerpt":"Irak'\u0131n kuzeyindeki K\u00fcrt y\u00f6netiminin, Bulgaristan'dan silah sat\u0131n ald\u0131\u011f\u0131 iddia edildi. Amerikan Washington Post gazetesi, ABD ordusundan 3 yetkiliye dayand\u0131rd\u0131\u011f\u0131 bir haberinde K\u00fcrt b\u00f6lgesine Bulgaristan'dan k\u00fc\u00e7\u00fck silah ve cephaneden dolu 3 u\u00e7ak geldi\u011fini yazd\u0131. Gazete, merkez\u00ee y\u00f6netimin ise buna kar\u015f\u0131 \u00e7\u0131kt\u0131\u011f\u0131na ve silah sat\u0131m\u0131n\u0131n Irak Anayasa's\u0131na ayk\u0131r\u0131 \u015fekilde ger\u00e7ekle\u015fti\u011fini savundu\u011funa dikkat\u2026","rel":"","context":"&quot;Haberler&quot; i\u00e7inde","block_context":{"text":"Haberler","link":"https:\/\/www.gocmeniz.biz\/?cat=5"},"img":{"alt_text":"","src":"","width":0,"height":0},"classes":[]},{"id":1425,"url":"https:\/\/www.gocmeniz.biz\/?p=1425","url_meta":{"origin":1771,"position":4},"title":"Bulgaristan\u2019da yeni h\u00fck\u00fcmet zor kurulacak","author":"Haberci","date":"25 Haziran 2009","format":false,"excerpt":"Bulgaristan Cumhurba\u015fkan\u0131 Georgi P\u0131rvanov, genel se\u00e7imler sonras\u0131 olu\u015facak koalisyon hakk\u0131nda karamsar oldu\u011funu belirterek h\u00fck\u00fcmet kurma s\u00fcrecinin zorlu ge\u00e7ece\u011fini savundu. 5 Temmuz\u2019da yap\u0131lacak genel se\u00e7imlere 15 parti ve 5 koalisyon kat\u0131l\u0131yor. Bu y\u0131l ilk defa elektronik oy ile se\u00e7im yap\u0131lacak.Cumhurba\u015fkan\u0131 Georgi P\u0131rvanov, 5 Temmuz\u2019da yap\u0131lacak genel se\u00e7imler sonucu olu\u015facak GERB ve\u2026","rel":"","context":"&quot;Haberler&quot; i\u00e7inde","block_context":{"text":"Haberler","link":"https:\/\/www.gocmeniz.biz\/?cat=5"},"img":{"alt_text":"","src":"","width":0,"height":0},"classes":[]},{"id":466,"url":"https:\/\/www.gocmeniz.biz\/?p=466","url_meta":{"origin":1771,"position":5},"title":"BULGAR\u0130STAN&#8217;DA \u00d6NEML\u0130 OTOYOLLARDAK\u0130 TRAF\u0130K, HEL\u0130KOPTERLERLE DENETLENECEK","author":"Haberci","date":"18 Temmuz 2008","format":false,"excerpt":"\u0130\u00e7i\u015fleri Bakanl\u0131\u011f\u0131 ile Savunma Bakanl\u0131\u011f\u0131, otoyollarda trafik kazalar\u0131n\u0131n azalt\u0131lmas\u0131 i\u00e7in yeni bir uygulamay\u0131 hayata ge\u00e7irdi. Buna g\u00f6re, \u00fclkedeki \u00f6nemli karayolundaki trafik helikopterler ile denetlenecek ve trafi\u011fi ihlal edenler tespit edilecek. Savunma Bakan\u0131 Nikolay Tsonev ile \u0130\u00e7i\u015fleri Bakan\u0131 Mihail Mikov, bu konuda bir i\u015fbirli\u011fi anla\u015fmas\u0131 imzalad\u0131. Havadan trafik denetimi, Savunma Bakanl\u0131\u011f\u0131\u2026","rel":"","context":"&quot;Haberler&quot; i\u00e7inde","block_context":{"text":"Haberler","link":"https:\/\/www.gocmeniz.biz\/?cat=5"},"img":{"alt_text":"","src":"","width":0,"height":0},"classes":[]}],"jetpack_sharing_enabled":true,"jetpack_likes_enabled":true,"_links":{"self":[{"href":"https:\/\/www.gocmeniz.biz\/index.php?rest_route=\/wp\/v2\/posts\/1771","targetHints":{"allow":["GET"]}}],"collection":[{"href":"https:\/\/www.gocmeniz.biz\/index.php?rest_route=\/wp\/v2\/posts"}],"about":[{"href":"https:\/\/www.gocmeniz.biz\/index.php?rest_route=\/wp\/v2\/types\/post"}],"author":[{"embeddable":true,"href":"https:\/\/www.gocmeniz.biz\/index.php?rest_route=\/wp\/v2\/users\/331"}],"replies":[{"embeddable":true,"href":"https:\/\/www.gocmeniz.biz\/index.php?rest_route=%2Fwp%2Fv2%2Fcomments&post=1771"}],"version-history":[{"count":1,"href":"https:\/\/www.gocmeniz.biz\/index.php?rest_route=\/wp\/v2\/posts\/1771\/revisions"}],"predecessor-version":[{"id":9007,"href":"https:\/\/www.gocmeniz.biz\/index.php?rest_route=\/wp\/v2\/posts\/1771\/revisions\/9007"}],"wp:attachment":[{"href":"https:\/\/www.gocmeniz.biz\/index.php?rest_route=%2Fwp%2Fv2%2Fmedia&parent=1771"}],"wp:term":[{"taxonomy":"category","embeddable":true,"href":"https:\/\/www.gocmeniz.biz\/index.php?rest_route=%2Fwp%2Fv2%2Fcategories&post=1771"},{"taxonomy":"post_tag","embeddable":true,"href":"https:\/\/www.gocmeniz.biz\/index.php?rest_route=%2Fwp%2Fv2%2Ftags&post=1771"}],"curies":[{"name":"wp","href":"https:\/\/api.w.org\/{rel}","templated":true}]}}