{"id":1779,"date":"2009-09-07T17:02:47","date_gmt":"2009-09-07T14:02:47","guid":{"rendered":"http:\/\/www.gocmeniz.biz\/?p=1779"},"modified":"2026-04-03T12:25:38","modified_gmt":"2026-04-03T09:25:38","slug":"bulgaristanla-54-randevu","status":"publish","type":"post","link":"https:\/\/www.gocmeniz.biz\/?p=1779","title":{"rendered":"Bulgaristan&#8217;la 54. randevu"},"content":{"rendered":"<p><b>T\u00fcrkiye, 36. Avrupa Erkekler Basketbol \u015eampiyonas\u0131 Finalleri&#8217;nde (D) Grubu&#8217;nda ikinci ma\u00e7\u0131nda yar\u0131n Bulgaristan ile kar\u015f\u0131la\u015facak (A) Milli Tak\u0131m\u0131, rakibiyle 54. kez kar\u015f\u0131 kar\u015f\u0131ya gelecek.<\/b><\/p>\n<p>T\u00fcrkiye, bug\u00fcne dek Bulgaristan ile yapt\u0131\u011f\u0131 53 ma\u00e7\u0131n 21&#8217;ini kazand\u0131, 32 ma\u00e7ta salondan yenilgiyle ayr\u0131ld\u0131.<\/p>\n<p>Bulgaristan ile tarihinde ilk kez Paris&#8217;te yap\u0131lan Avrupa \u015eampiyonas\u0131 Finalleri&#8217;nde, 8 May\u0131s 1951&#8217;de kar\u015f\u0131 kar\u015f\u0131ya gelen milliler, rakibine 52-45 ma\u011flup olmu\u015ftu.&nbsp; <br \/>&nbsp;&nbsp; <br \/><b>FARKLI SKORLAR<\/b><\/p>\n<p>T\u00fcrkiye, Bulgaristan kar\u015f\u0131s\u0131nda en farkl\u0131 skorlu galibiyetini 15 Kas\u0131m 1995 tarihinde elde etti.<\/p>\n<p>Ankara&#8217;da yap\u0131lan Avrupa \u015eampiyonas\u0131 grup eleme ma\u00e7\u0131nda rakibini 24 say\u0131 farkla (90-66) yenen milliler, en farkl\u0131 skorlu yenilgisini ise 16 Haziran 1960 tarihinde Sofya&#8217;da Balkan \u015eampiyonas\u0131&#8217;nda rakibine 33 say\u0131 farkla (84-51) yenilerek ald\u0131.<\/p>\n<p><b>AVRUPA \u015eAMP\u0130YONALARI&#8217;NDA 8 KEZ KAR\u015eILA\u015eTI<\/b><\/p>\n<p>(A) Milli Tak\u0131m, Bulgaristan ile Avrupa \u015eampiyonas\u0131 Finalleri&#8217;nde 8 kez kar\u015f\u0131la\u015ft\u0131.<\/p>\n<p>Milliler, 8 ma\u00e7ta 6 yenilgi, 2 galibiyet elde etti. Bulgaristan ile Avrupa \u015eampiyonalar\u0131&#8217;nda yapt\u0131\u011f\u0131 ilk 6 ma\u00e7\u0131 yitiren (A) Milli Tak\u0131m, son iki ma\u00e7\u0131nda ise rakibini yenmeyi ba\u015fard\u0131.<\/p>\n<p>Bulgaristan ile yar\u0131n Wroclaw&#8217;da kar\u015f\u0131la\u015facak milliler, daha \u00f6nce 1963&#8217;de Wroclaw&#8217;da yap\u0131lan 13. Avrupa \u015eampiyonas\u0131&#8217;nda rakibine 19 say\u0131 farkla yenilmi\u015fti.<\/p>\n<div class=\"zemanta-pixie\"><img data-recalc-dims=\"1\"  title=\"\" decoding=\"async\" class=\"zemanta-pixie-img\"  alt=\"pixy Bulgaristan&#039;la 54. randevu\"  src=\"https:\/\/i0.wp.com\/img.zemanta.com\/pixy.gif?w=640\" \/><\/div>\n","protected":false},"excerpt":{"rendered":"<p>T\u00fcrkiye, 36. Avrupa Erkekler Basketbol \u015eampiyonas\u0131 Finalleri&#8217;nde (D) Grubu&#8217;nda ikinci ma\u00e7\u0131nda yar\u0131n Bulgaristan ile kar\u015f\u0131la\u015facak (A) Milli Tak\u0131m\u0131, rakibiyle 54. kez kar\u015f\u0131 kar\u015f\u0131ya gelecek. T\u00fcrkiye, bug\u00fcne dek Bulgaristan ile yapt\u0131\u011f\u0131 53 ma\u00e7\u0131n 21&#8217;ini kazand\u0131, 32 ma\u00e7ta salondan yenilgiyle ayr\u0131ld\u0131. Bulgaristan ile tarihinde ilk kez Paris&#8217;te yap\u0131lan Avrupa \u015eampiyonas\u0131 Finalleri&#8217;nde, 8 May\u0131s 1951&#8217;de kar\u015f\u0131 kar\u015f\u0131ya gelen [&hellip;]<\/p>\n","protected":false},"author":331,"featured_media":0,"comment_status":"open","ping_status":"open","sticky":false,"template":"","format":"standard","meta":{"advanced_seo_description":"","jetpack_seo_html_title":"","jetpack_seo_noindex":false,"ngg_post_thumbnail":0,"jetpack_post_was_ever_published":false,"_jetpack_newsletter_access":"","_jetpack_dont_email_post_to_subs":false,"_jetpack_newsletter_tier_id":0,"_jetpack_memberships_contains_paywalled_content":false,"_jetpack_memberships_contains_paid_content":false,"footnotes":""},"categories":[5],"tags":[],"class_list":["post-1779","post","type-post","status-publish","format-standard","hentry","category-haberler"],"jetpack_featured_media_url":"","jetpack_shortlink":"https:\/\/wp.me\/paHHlZ-sH","jetpack-related-posts":[{"id":1564,"url":"https:\/\/www.gocmeniz.biz\/?p=1564","url_meta":{"origin":1779,"position":0},"title":"GEN\u00c7 BAYANLAR F\u0130LEDE BULGAR\u0130STAN`I 3-1 YEND\u0130","author":"Haberci","date":"18 Temmuz 2009","format":false,"excerpt":"15. D\u00fcnya Gen\u00e7 Bayanlar Voleybol \u015eampiyonas\u0131 finalleri, Meksika`da ba\u015flad\u0131. \u015eampiyonada (D) Grubu`nda yer alan T\u00fcrkiye, ilk ma\u00e7\u0131nda Bulgaristan`\u0131 3-1 yendi.Meksika`n\u0131n Tijuana ve Mexicali kentlerinde d\u00fczenlenen, 4`erli 4 grupta toplam 16 tak\u0131m\u0131m\u0131n kat\u0131l\u0131m\u0131yla d\u00fczenlenen \u015fampiyona, 11 g\u00fcn s\u00fcrecek. Meksika`ya geli\u015finde bu \u00fclke makamlar\u0131 taraf\u0131ndan 2 kez havaalanlar\u0131nda al\u0131konulan ve t\u00fcrl\u00fc zorluklar\u2026","rel":"","context":"&quot;Haberler&quot; i\u00e7inde","block_context":{"text":"Haberler","link":"https:\/\/www.gocmeniz.biz\/?cat=5"},"img":{"alt_text":"","src":"","width":0,"height":0},"classes":[]},{"id":216,"url":"https:\/\/www.gocmeniz.biz\/?p=216","url_meta":{"origin":1779,"position":1},"title":"Te\u015fekk\u00fcrler Milli Tak\u0131m","author":"Admin","date":"22 Kas\u0131m 2007","format":false,"excerpt":"GRUPTAK\u0130 SON MA\u00c7INDA AL\u0130 SAM\u0130 YEN'DE BOSNA HERSEK'\u0130 KONUK EDEN M\u0130LL\u0130 TAKIMIMIZ, N\u0130HAT'IN 43. DAK\u0130KADA ATTI\u011eI GOLLE 2008 AVRUPA \u015eAMP\u0130YONASI F\u0130NALLER\u0130NE G\u0130TMEYE HAK KAZANDI.. \u0130svi\u00e7re- Avusturya'n\u0131n ev sahipli\u011fi yapaca\u011f\u0131 \u015fampiyonaya grubumuzda Yunanistan ge\u00e7ti\u011fimiz haftalarda finallere kat\u0131lmay\u0131 garantlemi\u015fti.. Grup ikincili\u011fi i\u00e7in \u00e7eki\u015fti\u011fimiz Norve\u00e7 ise Malta'y\u0131 deplasmanda yenmesine kar\u015f\u0131n Ay-y\u0131ld\u0131zl\u0131 ekibimiz Bosna\u2026","rel":"","context":"&quot;Haberler&quot; i\u00e7inde","block_context":{"text":"Haberler","link":"https:\/\/www.gocmeniz.biz\/?cat=5"},"img":{"alt_text":"","src":"https:\/\/i0.wp.com\/resimler.haberler.com\/haber\/161\/tesekkurler-milli-takim_o.jpg?resize=350%2C200","width":350,"height":200},"classes":[]},{"id":231,"url":"https:\/\/www.gocmeniz.biz\/?p=231","url_meta":{"origin":1779,"position":2},"title":"\u00c7im Hokeyi Balkan \u015eampiyonas\u0131, Ku\u015fadas\u0131&#8217;nda Ba\u015fl\u0131yor","author":"Admin","date":"05 Aral\u0131k 2007","format":false,"excerpt":"\u00c7im Hokeyi Balkan \u015eampiyonas\u0131, 7 Aral\u0131k'ta Ku\u015fadas\u0131'nda yap\u0131lacak. 3 g\u00fcn s\u00fcrecek \u015fampiyonaya T\u00fcrkiye'nin yan\u0131 s\u0131ra Bulgaristan, Yunanistan, Romanya, S\u0131rbistan, Makedonya ve Moldova kat\u0131lacak. Ku\u015fadas\u0131'nda kampa giren \u00c7im Hokeyi Bay ve Bayan A Milli Tak\u0131mlar\u0131'n\u0131 Alman antren\u00f6r Heino Knuf \u00e7al\u0131\u015ft\u0131r\u0131yor. Milli Tak\u0131m ba\u015f\u0131ndaki ilk s\u0131nav\u0131n\u0131 Balkan \u015eampiyonas\u0131'nda verece\u011fini ifade eden Knuf,\u2026","rel":"","context":"&quot;Haberler&quot; i\u00e7inde","block_context":{"text":"Haberler","link":"https:\/\/www.gocmeniz.biz\/?cat=5"},"img":{"alt_text":"","src":"","width":0,"height":0},"classes":[]},{"id":2067,"url":"https:\/\/www.gocmeniz.biz\/?p=2067","url_meta":{"origin":1779,"position":3},"title":"Bulgaristan&#8217;da T\u00fcrkiye kar\u015f\u0131t\u0131 kampanya","author":"Haberci","date":"04 \u015eubat 2010","format":false,"excerpt":"Bulgaristan'da milliyet\u00e7i politikas\u0131yla tan\u0131nan VMRO adl\u0131 parti, T\u00fcrkiye;nin Avrupa Birli\u011fi (AB) \u00fcyeli\u011fi konusunda referandum yap\u0131lmas\u0131 i\u00e7in imza kampanyas\u0131 ba\u015flataca\u011f\u0131n\u0131 a\u00e7\u0131klad\u0131.VMRO Genel Ba\u015fkan Yard\u0131mc\u0131s\u0131 Kostadin Kostadinov, nisan ba\u015f\u0131nda ba\u015flayacak ve \u00fc\u00e7 ay s\u00fcrecek kampanya kapsam\u0131nda, partinin parlamentodan referandum talebinde bulunabilmek i\u00e7in 200 bin imza toplamay\u0131 planlad\u0131\u011f\u0131n\u0131 bildirdi.Bulgaristan vatanda\u015flar\u0131n\u0131n y\u00fczde 90'\u0131n\u0131n T\u00fcrkiye'nin\u2026","rel":"","context":"&quot;Haberler&quot; i\u00e7inde","block_context":{"text":"Haberler","link":"https:\/\/www.gocmeniz.biz\/?cat=5"},"img":{"alt_text":"","src":"","width":0,"height":0},"classes":[]},{"id":474,"url":"https:\/\/www.gocmeniz.biz\/?p=474","url_meta":{"origin":1779,"position":4},"title":"BULGAR\u0130STAN&#8217;A AB YARDIMI ASKIYA ALINAB\u0130L\u0130R","author":"Haberci","date":"23 Temmuz 2008","format":false,"excerpt":"Avrupa Komisyonu'nun bug\u00fcn yay\u0131mlayaca\u011f\u0131 bir raporla Bulgaristan'a y\u00fcz milyonlarca dolarl\u0131k yard\u0131m\u0131 ask\u0131ya ald\u0131\u011f\u0131n\u0131 a\u00e7\u0131klamas\u0131 bekleniyor.Avrupa Komisyonu, yolsuzluk ve \u00f6rg\u00fctl\u00fc su\u00e7la m\u00fccadelede yetersiz kald\u0131\u011f\u0131 gerek\u00e7esiyle, Avrupa Birli\u011fi (AB)'ye 18 ay \u00f6nce kat\u0131lan Bulgaristan'\u0131 cezaland\u0131rmaya haz\u0131rlan\u0131yor.\u00dcyeli\u011fe kabul edildi\u011finde birli\u011fin en yoksul \u00fclkesi olan Bulgaristan \u015fimdi, milyonlarca dolar AB yard\u0131m\u0131n\u0131 kaybetme tehlikesiyle kar\u015f\u0131\u2026","rel":"","context":"&quot;Haberler&quot; i\u00e7inde","block_context":{"text":"Haberler","link":"https:\/\/www.gocmeniz.biz\/?cat=5"},"img":{"alt_text":"","src":"","width":0,"height":0},"classes":[]},{"id":8482,"url":"https:\/\/www.gocmeniz.biz\/?p=8482","url_meta":{"origin":1779,"position":5},"title":"G\u00f6ztepe&#8217;de Krastev gollerdi s\u0131ralad\u0131","author":"Admin","date":"28 Mart 2026","format":false,"excerpt":"S\u00fcper Lig'de milli ma\u00e7 nedeniyle verilen aran\u0131n ard\u0131ndan \u00f6nce deplasmanda Gen\u00e7lerbirli\u011fi, sonras\u0131nda erteleme ma\u00e7\u0131nda evinde Galatasaray'la kar\u015f\u0131 kar\u015f\u0131ya gelecek G\u00f6ztepe'nin Bulgar orta saha oyuncusu Filip Krastev milli tak\u0131m\u0131nda golleri s\u0131ralad\u0131. Ara transfer d\u00f6neminde sar\u0131-k\u0131rm\u0131z\u0131l\u0131lara gelip 6 ma\u00e7ta forma giyen ve 1 asistle oynayan 24 ya\u015f\u0131ndaki futbolcu Bulgaristan Milli Tak\u0131m\u0131'n\u0131n Solomon\u2026","rel":"","context":"&quot;Haberler&quot; i\u00e7inde","block_context":{"text":"Haberler","link":"https:\/\/www.gocmeniz.biz\/?cat=5"},"img":{"alt_text":"","src":"https:\/\/i0.wp.com\/www.gocmeniz.biz\/wp-content\/goztepe-de-krastev-gollerdi-siraladi-19695134_amp.jpg?fit=1200%2C1200&ssl=1&resize=350%2C200","width":350,"height":200,"srcset":"https:\/\/i0.wp.com\/www.gocmeniz.biz\/wp-content\/goztepe-de-krastev-gollerdi-siraladi-19695134_amp.jpg?fit=1200%2C1200&ssl=1&resize=350%2C200 1x, https:\/\/i0.wp.com\/www.gocmeniz.biz\/wp-content\/goztepe-de-krastev-gollerdi-siraladi-19695134_amp.jpg?fit=1200%2C1200&ssl=1&resize=525%2C300 1.5x, https:\/\/i0.wp.com\/www.gocmeniz.biz\/wp-content\/goztepe-de-krastev-gollerdi-siraladi-19695134_amp.jpg?fit=1200%2C1200&ssl=1&resize=700%2C400 2x, https:\/\/i0.wp.com\/www.gocmeniz.biz\/wp-content\/goztepe-de-krastev-gollerdi-siraladi-19695134_amp.jpg?fit=1200%2C1200&ssl=1&resize=1050%2C600 3x"},"classes":[]}],"jetpack_sharing_enabled":true,"jetpack_likes_enabled":true,"_links":{"self":[{"href":"https:\/\/www.gocmeniz.biz\/index.php?rest_route=\/wp\/v2\/posts\/1779","targetHints":{"allow":["GET"]}}],"collection":[{"href":"https:\/\/www.gocmeniz.biz\/index.php?rest_route=\/wp\/v2\/posts"}],"about":[{"href":"https:\/\/www.gocmeniz.biz\/index.php?rest_route=\/wp\/v2\/types\/post"}],"author":[{"embeddable":true,"href":"https:\/\/www.gocmeniz.biz\/index.php?rest_route=\/wp\/v2\/users\/331"}],"replies":[{"embeddable":true,"href":"https:\/\/www.gocmeniz.biz\/index.php?rest_route=%2Fwp%2Fv2%2Fcomments&post=1779"}],"version-history":[{"count":1,"href":"https:\/\/www.gocmeniz.biz\/index.php?rest_route=\/wp\/v2\/posts\/1779\/revisions"}],"predecessor-version":[{"id":9005,"href":"https:\/\/www.gocmeniz.biz\/index.php?rest_route=\/wp\/v2\/posts\/1779\/revisions\/9005"}],"wp:attachment":[{"href":"https:\/\/www.gocmeniz.biz\/index.php?rest_route=%2Fwp%2Fv2%2Fmedia&parent=1779"}],"wp:term":[{"taxonomy":"category","embeddable":true,"href":"https:\/\/www.gocmeniz.biz\/index.php?rest_route=%2Fwp%2Fv2%2Fcategories&post=1779"},{"taxonomy":"post_tag","embeddable":true,"href":"https:\/\/www.gocmeniz.biz\/index.php?rest_route=%2Fwp%2Fv2%2Ftags&post=1779"}],"curies":[{"name":"wp","href":"https:\/\/api.w.org\/{rel}","templated":true}]}}