{"id":1781,"date":"2009-09-07T17:05:14","date_gmt":"2009-09-07T14:05:14","guid":{"rendered":"http:\/\/www.gocmeniz.biz\/?p=1781"},"modified":"2026-04-03T12:17:07","modified_gmt":"2026-04-03T09:17:07","slug":"madonna-15-kisiyi-oldurdu-iddiasi","status":"publish","type":"post","link":"https:\/\/www.gocmeniz.biz\/?p=1781","title":{"rendered":"Madonna 15 ki\u015fiyi \u00f6ld\u00fcrd\u00fc iddias\u0131"},"content":{"rendered":"<p><b><img data-recalc-dims=\"1\"  title=\"\"  alt=\"14_madonna_lg Madonna 15 ki\u015fiyi \u00f6ld\u00fcrd\u00fc iddias\u0131\" decoding=\"async\" style=\"max-width: 800px; float: left; margin-top: 10px; margin-bottom: 10px; margin-right: 10px;\" src=\"https:\/\/i0.wp.com\/images.ihlassondakika.com\/14_madonna_lg.jpg?w=640\" \/>Ohri G\u00f6l\u00fc`nde tur gemisi batt\u0131&#8230; \u00c7o\u011fu Bulgar 15 turist \u00f6ld\u00fc. Makedonya Ula\u015ft\u0131rma Bakan\u0131 istifa etti.. Ancak baz\u0131 \u00e7evrelere g\u00f6re facian\u0131n as\u0131l sorumlusu Madonna<\/b><\/p>\n<p>Makedonya`n\u0131n Ohri G\u00f6l\u00fc`nde bir turist teknesi batt\u0131. Olay sonucu \u00e7o\u011fu Bulgar 15 ki\u015fi hayat\u0131n\u0131 kaybetti. G\u00f6z g\u00f6re g\u00f6re gelen facia Makedonya Ula\u015ft\u0131rma ve \u0130leti\u015fim Bakan\u0131n\u0131 istifa ettirdi. B\u00f6lgede ulusal yas ilan edildi. Olaylar bununla da bitmedi. Skandallar\u0131n i\u00e7ine bir de Madonna iddias\u0131 girdi.<\/p>\n<p>Tekne sahilden sadece 200 metre a\u00e7\u0131kta batt\u0131. Kazada, 42 ki\u015fi kurtar\u0131ld\u0131, 15 ki\u015fi de hayat\u0131n\u0131 kaybetti. Turistik gezi yapt\u0131ran teknede 57 yolcu bulunuyordu.<\/p>\n<p><b>KAPAS\u0130TE FAZLASI YOLCU BAKANI \u0130ST\u0130FAYA G\u00d6T\u00dcRD\u00dc<\/b><!--more--><\/p>\n<p>1924 yap\u0131m\u0131 teknenin 45 yolcu kapasiteli oldu\u011fu belirtiliyor. Geminin a\u015f\u0131r\u0131 y\u00fck y\u00fcz\u00fcnden batm\u0131\u015f olabilece\u011fi ifade ediliyor.<\/p>\n<p>Bulgar bir kazazedenin ifadesine g\u00f6re kaza s\u0131ras\u0131nda, teknede can simidi veya can yele\u011fi de bulunmuyordu.<\/p>\n<p>Kaza, Makedonya Ula\u015ft\u0131rma ve \u0130leti\u015fim Bakan\u0131 Mile Yanakievski`nin de istifas\u0131na yol a\u00e7t\u0131. Kaza \u00fczerine Bulgaristan`da yar\u0131n ulusal yas ilan edildi.<\/p>\n<p><b>TURU T\u00dcRK TUR\u0130ZM \u015e\u0130RKET\u0130 M\u0130 D\u00dcZENLED\u0130<\/b><\/p>\n<p>Bulgar turistlerin Makedonya gezisine T\u00fcrk bir \u015firketin d\u00fczenledi\u011fi turla gitti\u011fi iddia edildi.<\/p>\n<p>Buraya kadar g\u00f6z g\u00f6re g\u00f6re gelen facia ve bizim \u00fclkemizde pek rastlan\u0131lmayan \u015fekilde bakan\u0131 istifaya g\u00f6t\u00fcrd\u00fc ancak baz\u0131 \u00e7evrelere g\u00f6re facian\u0131n as\u0131l sorumlusu ba\u015fka.<\/p>\n<p><b>D\u0130N ADAMLARI CEPHES\u0130NDE OLAY FARKLI<\/b><\/p>\n<p>Din adamlar\u0131 cephesinde kaza bamba\u015fka bir boyut kazand\u0131, skandallara bir de \u00fcnl\u00fc pop\u00e7u Madonna iddias\u0131 eklendi.<\/p>\n<p>Bulgar Ortodoks din adamlar\u0131 faciay\u0131, Madonna`n\u0131n ba\u015fkent Sofya`da 29 A\u011fustos`ta verdi\u011fi konsere ba\u011flad\u0131.<\/p>\n<p>Bug\u00fcn Filibe kentinde \u00f6lenlerin an\u0131s\u0131na d\u00fczenlenen dini t\u00f6renden sonra konu\u015fan Filibe Mitropoliti Nikolay, &#8220;Kaza, Madonna konseri y\u00fcz\u00fcnden oldu&#8220; dedi.<\/p>\n<p><b>UYARMAYA \u00c7ALI\u015eTIK AMA D\u0130NLEMED\u0130LER<\/b><\/p>\n<p>Cumhurba\u015fkan\u0131 Georgi Pirvanov, ba\u015fbakan Boyko Borisov ve parlamento ba\u015fkan\u0131 Tzetzka Tza\u00e7eva`n\u0131n kat\u0131ld\u0131\u011f\u0131 &#8220;Sveta Bogoroditza&#8220; Kilisesi`nde yap\u0131lan t\u00f6renden sonra BTV adl\u0131 en b\u00fcy\u00fck \u00f6zel TV kanal\u0131na konu\u015fan Mitropolit Nikolay, &#8220;Biz uyarmaya \u00e7al\u0131\u015ft\u0131k, kimse sesimizi dinlemedi&#8220; diye konu\u015ftu.<\/p>\n<p>Bulgar Ortodoks Kilisesi`nin kurum olarak daima vatanda\u015flara do\u011fru yolu g\u00f6stermeye \u00e7al\u0131\u015ft\u0131\u011f\u0131n\u0131 belirten Nikolay, &#8220;Derin \u00fcz\u00fcnt\u00fc duydu\u011fumuz bu g\u00fcnlerde kilise, al\u0131nan bu mesaj\u0131 do\u011fru olarak yorumluyor. Kilise asla yalan s\u00f6ylemez&#8220; dedi.<\/p>\n<p><b>KONSER VERD\u0130\u011e\u0130 G\u00dcN YAHYA PEYGAMBER\u0130N \u0130DAM G\u00dcN\u00dc<\/b><\/p>\n<p>Madonna konserinin d\u00fczenlendi\u011fi 29 A\u011fustos g\u00fcn\u00fc Yahya Peygamber`in idam\u0131n\u0131n an\u0131ld\u0131\u011f\u0131 kutsal bir g\u00fcn oldu\u011funu hat\u0131rlatan Nikolay, &#8220;Ortodoks Kilisesi (Madonna`n\u0131n sesine sevinmeyin) \u00e7a\u011fr\u0131s\u0131nda bulundu, ancak kilisenin sesi \u00e7\u00f6lde at\u0131lan \u00e7\u0131\u011fl\u0131k gibi kimse taraf\u0131ndan duyulmad\u0131&#8220; diye konu\u015ftu.<\/p>\n<p>Bulgaristan Ortodoks Kilisesi`nin \u00fcst organ\u0131 olan Y\u00fcksek Senod, Madonna konseri arifesinde yay\u0131nlad\u0131\u011f\u0131 bir bildiriyle, Hristiyan ahlak\u0131n\u0131n bozulmamas\u0131 gerek\u00e7esiyle konserin ba\u015fka tarihe ertelenmesini istemi\u015fti.<\/p>\n<div class=\"zemanta-pixie\"><img data-recalc-dims=\"1\"  title=\"\" decoding=\"async\" class=\"zemanta-pixie-img\"  alt=\"pixy Madonna 15 ki\u015fiyi \u00f6ld\u00fcrd\u00fc iddias\u0131\"  src=\"https:\/\/i0.wp.com\/img.zemanta.com\/pixy.gif?w=640\" \/><\/div>\n","protected":false},"excerpt":{"rendered":"<p>Ohri G\u00f6l\u00fc`nde tur gemisi batt\u0131&#8230; \u00c7o\u011fu Bulgar 15 turist \u00f6ld\u00fc. Makedonya Ula\u015ft\u0131rma Bakan\u0131 istifa etti.. Ancak baz\u0131 \u00e7evrelere g\u00f6re facian\u0131n as\u0131l sorumlusu Madonna Makedonya`n\u0131n Ohri G\u00f6l\u00fc`nde bir turist teknesi batt\u0131. Olay sonucu \u00e7o\u011fu Bulgar 15 ki\u015fi hayat\u0131n\u0131 kaybetti. G\u00f6z g\u00f6re g\u00f6re gelen facia Makedonya Ula\u015ft\u0131rma ve \u0130leti\u015fim Bakan\u0131n\u0131 istifa ettirdi. B\u00f6lgede ulusal yas ilan edildi. [&hellip;]<\/p>\n","protected":false},"author":331,"featured_media":0,"comment_status":"open","ping_status":"open","sticky":false,"template":"","format":"standard","meta":{"advanced_seo_description":"","jetpack_seo_html_title":"","jetpack_seo_noindex":false,"ngg_post_thumbnail":0,"jetpack_post_was_ever_published":false,"_jetpack_newsletter_access":"","_jetpack_dont_email_post_to_subs":false,"_jetpack_newsletter_tier_id":0,"_jetpack_memberships_contains_paywalled_content":false,"_jetpack_memberships_contains_paid_content":false,"footnotes":""},"categories":[5],"tags":[],"class_list":["post-1781","post","type-post","status-publish","format-standard","hentry","category-haberler"],"jetpack_featured_media_url":"","jetpack_shortlink":"https:\/\/wp.me\/paHHlZ-sJ","jetpack-related-posts":[{"id":888,"url":"https:\/\/www.gocmeniz.biz\/?p=888","url_meta":{"origin":1781,"position":0},"title":"Bulgaristan&#8217;da T\u00fcrk yolcu otob\u00fcs\u00fc kaza yapt\u0131: 6 \u00f6l\u00fc","author":"Haberci","date":"08 Mart 2009","format":false,"excerpt":"Bulgaristan'\u0131n Eski Za\u011fara kenti b\u00f6lgesinde T\u00fcrk plakal\u0131 bir yolcu otob\u00fcs\u00fcn\u00fcn yapt\u0131\u011f\u0131 kazada 6 ki\u015fi hayat\u0131n\u0131 kaybetti.\"Focus\" ajans\u0131n\u0131n haberine g\u00f6re, B\u00fckre\u015f-\u0130stanbul seferini yapan T\u00fcrk plakal\u0131 yolcu otob\u00fcs\u00fc, d\u00fcn ak\u015fam Eski Za\u011fra kenti yak\u0131nlar\u0131nda kontrolden \u00e7\u0131karak takla att\u0131 ve kar\u015f\u0131 y\u00f6nden gelen otomobilin \u00fczerine d\u00fc\u015ft\u00fc. Kazada otob\u00fcs yolcular\u0131ndan iki Rumen kad\u0131n ile\u2026","rel":"","context":"&quot;Haberler&quot; i\u00e7inde","block_context":{"text":"Haberler","link":"https:\/\/www.gocmeniz.biz\/?cat=5"},"img":{"alt_text":"","src":"","width":0,"height":0},"classes":[]},{"id":1281,"url":"https:\/\/www.gocmeniz.biz\/?p=1281","url_meta":{"origin":1781,"position":1},"title":"Otob\u00fcs halk\u0131n aras\u0131na dald\u0131: 16 \u00f6l\u00fc","author":"Haberci","date":"28 May\u0131s 2009","format":false,"excerpt":"Bulgaristan'\u0131n Yambol kenti yak\u0131nlar\u0131nda meydana gelen trafik kazas\u0131nda 16 ki\u015fi hayat\u0131n\u0131 kaybetti, 15 ki\u015fi yaraland\u0131. \u0130\u00e7i\u015fleri Bakanl\u0131\u011f\u0131ndan edinilen bilgiye g\u00f6re, bir yolcu otob\u00fcs\u00fc, Yambol yak\u0131nlar\u0131ndaki Bak\u0131rcik tepesinde s\u00fcr\u00fcc\u00fcn\u00fcn direksiyon hakimiyetini kaybetmesi \u00fczerine yoldan \u00e7\u0131karak, \u00f6nce bir a\u011faca \u00e7arpt\u0131, daha sonra da dini bir \u015fenlik i\u00e7in toplanm\u0131\u015f bulunan kalabal\u0131\u011f\u0131n \u00fczerine devrildi.\u2026","rel":"","context":"&quot;Haberler&quot; i\u00e7inde","block_context":{"text":"Haberler","link":"https:\/\/www.gocmeniz.biz\/?cat=5"},"img":{"alt_text":"","src":"https:\/\/i0.wp.com\/www.ensonhaber.com\/images\/news\/171937.jpg?resize=350%2C200","width":350,"height":200},"classes":[]},{"id":1377,"url":"https:\/\/www.gocmeniz.biz\/?p=1377","url_meta":{"origin":1781,"position":2},"title":"Bulgaristan&#8217;da cezaevlerinden bir y\u0131lda 46 mahkumun ka\u00e7t\u0131","author":"Haberci","date":"17 Haziran 2009","format":false,"excerpt":"Bulgaristan'da cezaevlerinden bir y\u0131lda 46 mahkumun ka\u00e7may\u0131 ba\u015fard\u0131\u011f\u0131 a\u00e7\u0131kland\u0131.\u00dclkede 5 Temmuzda yap\u0131lacak parlamento se\u00e7imi \u00f6ncesi 4 y\u0131ll\u0131k faaliyetlerini i\u00e7eren raporu a\u00e7\u0131klayan Adalet Bakan\u0131 Miglena Ta\u00e7eva, 2008 y\u0131l\u0131nda \u00fclkenin cezaevlerine 8.273 mahkumun girdi\u011fini, ayn\u0131 d\u00f6nemde 9.114 mahkumun serbest b\u0131rak\u0131ld\u0131\u011f\u0131n\u0131 bildirdi.Bakan Ta\u00e7eva, cezaevlerinde g\u00fcvenlik \u00f6nlemlerin art\u0131r\u0131ld\u0131\u011f\u0131n\u0131 ve 2008 y\u0131l\u0131nda ka\u00e7may\u0131 ba\u015faran mahkumlar\u0131n\u2026","rel":"","context":"&quot;Haberler&quot; i\u00e7inde","block_context":{"text":"Haberler","link":"https:\/\/www.gocmeniz.biz\/?cat=5"},"img":{"alt_text":"","src":"","width":0,"height":0},"classes":[]},{"id":1251,"url":"https:\/\/www.gocmeniz.biz\/?p=1251","url_meta":{"origin":1781,"position":3},"title":"Makedonya&#8217;daki deprem Bulgaristan&#8217;da panik yaratt\u0131","author":"Haberci","date":"24 May\u0131s 2009","format":false,"excerpt":"A.A.Makedonya'n\u0131n Doyran G\u00f6l\u00fc b\u00f6lgesinde meydana gelen 5.2 b\u00fcy\u00fckl\u00fc\u011f\u00fcndeki deprem, Bulgaristan'da da panik yaratt\u0131.Ak\u015fam meydana gelen ve ard\u0131ndan \u00e7ok say\u0131da art\u00e7\u0131 sars\u0131nt\u0131larla s\u00fcren deprem, ba\u015fta Makedonya s\u0131n\u0131r\u0131na yak\u0131n Blagoevgrad kenti olmak \u00fczere t\u00fcm \u00fclkede halk\u0131n pani\u011fe kap\u0131lmas\u0131na neden oldu. Bulgar medyas\u0131, deprem nedeniyle E-79 otoyolunda meydana gelen heyelan\u0131n yolu trafi\u011fe kapatt\u0131\u011f\u0131n\u0131\u2026","rel":"","context":"&quot;Haberler&quot; i\u00e7inde","block_context":{"text":"Haberler","link":"https:\/\/www.gocmeniz.biz\/?cat=5"},"img":{"alt_text":"","src":"","width":0,"height":0},"classes":[]},{"id":1954,"url":"https:\/\/www.gocmeniz.biz\/?p=1954","url_meta":{"origin":1781,"position":4},"title":"\u015eof\u00f6r \u015f\u00fcphelendi eroin tacirleri yakaland\u0131","author":"Haberci","date":"30 Kas\u0131m 2009","format":false,"excerpt":"A.A \u00a0\u00a0\u00a0 \u0130stanbul'dan Bulgaristan'a giden iki yolcudan \u015f\u00fcphelenen otob\u00fcs s\u00fcr\u00fcc\u00fcs\u00fcn\u00fcn ihbar\u0131 sonucu, 2 kilo eroin ele ge\u00e7irdi.G\u00f6zalt\u0131na al\u0131nan Bulgaristan uyruklu 2 gen\u00e7, \u201culuslararas\u0131 uyu\u015fturucu ticareti yapmak\u201d su\u00e7undan tutukland\u0131.Al\u0131nan bilgiye g\u00f6re, \u0130stanbul'dan Bulgaristan'a gitmekte olan 39 LP 181 plakal\u0131 otob\u00fcste yolcu olarak bulunan bir ki\u015fi, otob\u00fcs K\u0131rklareli'ne geldi\u011fi s\u0131rada s\u00fcr\u00fcc\u00fcye yolda\u2026","rel":"","context":"&quot;Haberler&quot; i\u00e7inde","block_context":{"text":"Haberler","link":"https:\/\/www.gocmeniz.biz\/?cat=5"},"img":{"alt_text":"","src":"","width":0,"height":0},"classes":[]},{"id":1306,"url":"https:\/\/www.gocmeniz.biz\/?p=1306","url_meta":{"origin":1781,"position":5},"title":"Survivor&#8217;da \u015fok \u00f6l\u00fcm","author":"Haberci","date":"01 Haziran 2009","format":false,"excerpt":"Bulgaristan'da yay\u0131nlanan \"Survivor\" isimli yar\u0131\u015fma program\u0131n\u0131n \u00e7ekimleri s\u0131ras\u0131nda beklenmeyen bir durum ya\u015fand\u0131. Filipinler'de \u00e7ekilen yar\u0131\u015fman\u0131n etaplar\u0131ndan birini tamamlayan Bulgar yar\u0131\u015fmac\u0131, kalp krizi ge\u00e7irerek hayat\u0131n\u0131 kaybetti.Filipinler'in Camarines Sur b\u00f6lgesine ba\u011fl\u0131 Caramoan kasabas\u0131ndaki Gota Beach Resort'te yap\u0131lan \"Survivor Bulgaristan\" \u00e7ekimlerinde ya\u015fanan \u00f6l\u00fcm olay\u0131 yar\u0131\u015fmay\u0131 d\u00fczenleyen ekibi \u015fok etti.Yar\u0131\u015fman\u0131n etaplar\u0131ndan birini tamamlayan Noncho\u2026","rel":"","context":"&quot;Haberler&quot; i\u00e7inde","block_context":{"text":"Haberler","link":"https:\/\/www.gocmeniz.biz\/?cat=5"},"img":{"alt_text":"","src":"","width":0,"height":0},"classes":[]}],"jetpack_sharing_enabled":true,"jetpack_likes_enabled":true,"_links":{"self":[{"href":"https:\/\/www.gocmeniz.biz\/index.php?rest_route=\/wp\/v2\/posts\/1781","targetHints":{"allow":["GET"]}}],"collection":[{"href":"https:\/\/www.gocmeniz.biz\/index.php?rest_route=\/wp\/v2\/posts"}],"about":[{"href":"https:\/\/www.gocmeniz.biz\/index.php?rest_route=\/wp\/v2\/types\/post"}],"author":[{"embeddable":true,"href":"https:\/\/www.gocmeniz.biz\/index.php?rest_route=\/wp\/v2\/users\/331"}],"replies":[{"embeddable":true,"href":"https:\/\/www.gocmeniz.biz\/index.php?rest_route=%2Fwp%2Fv2%2Fcomments&post=1781"}],"version-history":[{"count":1,"href":"https:\/\/www.gocmeniz.biz\/index.php?rest_route=\/wp\/v2\/posts\/1781\/revisions"}],"predecessor-version":[{"id":8698,"href":"https:\/\/www.gocmeniz.biz\/index.php?rest_route=\/wp\/v2\/posts\/1781\/revisions\/8698"}],"wp:attachment":[{"href":"https:\/\/www.gocmeniz.biz\/index.php?rest_route=%2Fwp%2Fv2%2Fmedia&parent=1781"}],"wp:term":[{"taxonomy":"category","embeddable":true,"href":"https:\/\/www.gocmeniz.biz\/index.php?rest_route=%2Fwp%2Fv2%2Fcategories&post=1781"},{"taxonomy":"post_tag","embeddable":true,"href":"https:\/\/www.gocmeniz.biz\/index.php?rest_route=%2Fwp%2Fv2%2Ftags&post=1781"}],"curies":[{"name":"wp","href":"https:\/\/api.w.org\/{rel}","templated":true}]}}