{"id":1783,"date":"2009-09-07T17:06:49","date_gmt":"2009-09-07T14:06:49","guid":{"rendered":"http:\/\/www.gocmeniz.biz\/?p=1783"},"modified":"2026-04-03T12:25:38","modified_gmt":"2026-04-03T09:25:38","slug":"mado-komsunun-agzini-tatlandiracak","status":"publish","type":"post","link":"https:\/\/www.gocmeniz.biz\/?p=1783","title":{"rendered":"Mado `kom\u015fu`nun a\u011fz\u0131n\u0131 tatland\u0131racak"},"content":{"rendered":"<p><b><img data-recalc-dims=\"1\"  title=\"\"  alt=\"88127%28726%29 Mado `kom\u015fu`nun a\u011fz\u0131n\u0131 tatland\u0131racak\" decoding=\"async\" style=\"float: left; margin-top: 10px; margin-bottom: 10px; margin-right: 10px;\" src=\"https:\/\/i0.wp.com\/images.ihlassondakika.com\/88127%28726%29.jpg?w=640\" \/>T\u00fcrkiye`nin \u00fcnl\u00fc dondurma markas\u0131 Mado, Bulgaristan`tan sonra Yunanistan`a yat\u0131r\u0131m karar\u0131 ald\u0131. Mado, Yunanistan`a tatl\u0131 fabrikas\u0131 kurarak Avrupa`ya ihracat yapacak.<\/b><\/p>\n<p>Mado, bir yandan franchising y\u00f6ntemi ile faaliyetlerini s\u00fcrd\u00fcr\u00fcrken di\u011fer yandan farkl\u0131 yat\u0131r\u0131mlar\u0131n\u0131 hayata ge\u00e7iriyor.<\/p>\n<p>Mado markas\u0131yla faaliyet g\u00f6steren ve Bulgaristan`da kurdu\u011fu dondurma fabrikas\u0131nda g\u00fcnde 3 ton dondurma \u00fcreten Ya\u015far Dondurma ve G\u0131da Sanayi, Yunanistan`a yat\u0131r\u0131m karar\u0131 ald\u0131. Mado, Yunanistan`da tatl\u0131 fabrikas\u0131 a\u00e7may\u0131 planl\u0131yor.<\/p>\n<p>Ya\u015far Dondurma ve G\u0131da Maddeleri A.\u015e. Y\u00f6netim Kurulu Ba\u015fkan\u0131 Mehmet Kanbur, dondurma kadar tatl\u0131da da iddial\u0131 olduklar\u0131n\u0131 s\u00f6yledi.<\/p>\n<p>Baz\u0131lar\u0131n\u0131n neden T\u00fcrkiye de\u011fil de Yunanistan`a yat\u0131r\u0131m yap\u0131ld\u0131\u011f\u0131n\u0131 sorabilece\u011fini ifade eden Kanbur, &#8220;Muhakkak ki do\u011fru bir soru. Ama \u015fu bir ger\u00e7ek, biz sadece i\u00e7 pazar\u0131 d\u00fc\u015f\u00fcnm\u00fcyoruz. Y\u00fcz\u00fcm\u00fcz\u00fc ve y\u00f6n\u00fcm\u00fcz\u00fc b\u00fct\u00fcn d\u00fcnyaya \u00e7evirdik. Bir yerden ba\u015flamam\u0131z gerekiyor. Hepinizin bildi\u011fi gibi Avrupa`ya g\u0131da \u00fcr\u00fcnlerinin ihracat\u0131 bir hayli s\u0131k\u0131nt\u0131l\u0131. Dolay\u0131s\u0131yla AB \u00fcyesi bir \u00fclkeye yap\u0131lacak bir yat\u0131r\u0131m ile b\u00fct\u00fcn pazara girmi\u015f olaca\u011f\u0131z&#8220; dedi.<\/p>\n<p>Kanbur, Yunanl\u0131lar`\u0131n T\u00fcrkler gibi tatl\u0131y\u0131 \u00e7ok sevdi\u011fini, bunun da yat\u0131r\u0131m d\u00fc\u015f\u00fcncelerinde etkili oldu\u011funu vurgulad\u0131. Yunanl\u0131 bir giri\u015fimciden s\u00fcrekli ortakl\u0131k daveti ald\u0131klar\u0131n\u0131, yat\u0131r\u0131m\u0131n ortakl\u0131k \u015feklinde olabilece\u011fini dile getiren Kanbur, yat\u0131r\u0131m\u0131n ger\u00e7ekle\u015fmesi halinde iki kom\u015fu \u00fclke aras\u0131ndaki dostlu\u011fa katk\u0131 sa\u011flayacaklar\u0131na inand\u0131\u011f\u0131n\u0131 vurgulad\u0131.<\/p>\n<p>Kanbur, tatl\u0131 fabrikas\u0131nda \u00fcr\u00fcn portf\u00f6y\u00fcn\u00fcn \u00e7ok geni\u015f olaca\u011f\u0131n\u0131 kaydetti.<\/p>\n<div class=\"zemanta-pixie\"><img data-recalc-dims=\"1\"  title=\"\" decoding=\"async\" class=\"zemanta-pixie-img\"  alt=\"pixy Mado `kom\u015fu`nun a\u011fz\u0131n\u0131 tatland\u0131racak\"  src=\"https:\/\/i0.wp.com\/img.zemanta.com\/pixy.gif?w=640\" \/><\/div>\n","protected":false},"excerpt":{"rendered":"<p>T\u00fcrkiye`nin \u00fcnl\u00fc dondurma markas\u0131 Mado, Bulgaristan`tan sonra Yunanistan`a yat\u0131r\u0131m karar\u0131 ald\u0131. Mado, Yunanistan`a tatl\u0131 fabrikas\u0131 kurarak Avrupa`ya ihracat yapacak. Mado, bir yandan franchising y\u00f6ntemi ile faaliyetlerini s\u00fcrd\u00fcr\u00fcrken di\u011fer yandan farkl\u0131 yat\u0131r\u0131mlar\u0131n\u0131 hayata ge\u00e7iriyor. Mado markas\u0131yla faaliyet g\u00f6steren ve Bulgaristan`da kurdu\u011fu dondurma fabrikas\u0131nda g\u00fcnde 3 ton dondurma \u00fcreten Ya\u015far Dondurma ve G\u0131da Sanayi, Yunanistan`a yat\u0131r\u0131m karar\u0131 [&hellip;]<\/p>\n","protected":false},"author":331,"featured_media":0,"comment_status":"open","ping_status":"open","sticky":false,"template":"","format":"standard","meta":{"advanced_seo_description":"","jetpack_seo_html_title":"","jetpack_seo_noindex":false,"ngg_post_thumbnail":0,"jetpack_post_was_ever_published":false,"_jetpack_newsletter_access":"","_jetpack_dont_email_post_to_subs":false,"_jetpack_newsletter_tier_id":0,"_jetpack_memberships_contains_paywalled_content":false,"_jetpack_memberships_contains_paid_content":false,"footnotes":""},"categories":[5],"tags":[],"class_list":["post-1783","post","type-post","status-publish","format-standard","hentry","category-haberler"],"jetpack_featured_media_url":"","jetpack_shortlink":"https:\/\/wp.me\/paHHlZ-sL","jetpack-related-posts":[{"id":1298,"url":"https:\/\/www.gocmeniz.biz\/?p=1298","url_meta":{"origin":1783,"position":0},"title":"MADO, Bulgaristan&#8217;a fabrika a\u00e7t\u0131","author":"Haberci","date":"30 May\u0131s 2009","format":false,"excerpt":"T\u00fcrkiye'nin \u00fcnl\u00fc dondurma markas\u0131 Mado, Bulgaristan'a ger\u00e7ekle\u015ftirdi\u011fi yat\u0131r\u0131m\u0131 tamamlad\u0131. \u00dcretime ge\u00e7en firma, Avrupa'ya dondurma ihracat\u0131 yapacak. Mado markas\u0131yla faaliyet g\u00f6steren Kahramanmara\u015fl\u0131 dondurmac\u0131 Ya\u015far Dondurma ve G\u0131da Sanayi, uzun s\u00fcredir planlad\u0131\u011f\u0131 yurt d\u0131\u015f\u0131 yat\u0131r\u0131m\u0131n\u0131 hayata ge\u00e7irdi. Daha \u00f6nce yurt d\u0131\u015f\u0131na ma\u011fazalar zinciri a\u00e7an Mado, b\u00f6ylece \u00fcretimini de ilk kez yurt d\u0131\u015f\u0131na\u2026","rel":"","context":"&quot;Haberler&quot; i\u00e7inde","block_context":{"text":"Haberler","link":"https:\/\/www.gocmeniz.biz\/?cat=5"},"img":{"alt_text":"","src":"","width":0,"height":0},"classes":[]},{"id":682,"url":"https:\/\/www.gocmeniz.biz\/?p=682","url_meta":{"origin":1783,"position":1},"title":"Balkan-Avrupa kriz i\u015fbirli\u011fi","author":"Haberci","date":"16 Aral\u0131k 2008","format":false,"excerpt":"T\u00fcm d\u00fcnyay\u0131 etkisi alt\u0131na alan ekonomik krizin hasar\u0131n\u0131 hafifletebilmek i\u00e7in Avrupa ve Balkan \u00fclkeleri aras\u0131nda i\u015fbirli\u011fi anla\u015fmalar\u0131 imzaland\u0131.\u0130ske\u00e7e Ticaret ve Sanayi Odas\u0131 evsahipli\u011finde d\u00fczenlenen toplant\u0131ya T\u00fcrkiye, Yunanistan, Romanya, Bulgaristan, Bosna-Hersek, Moldova, K\u0131br\u0131s, Letonya ve \u0130talya \u00fclkeleri ad\u0131na \u0130zmir Ticaret Odas\u0131, \u0130ske\u00e7e Ticaret ve Sanayi Odas\u0131, B\u00fckre\u015f Ticaret ve Sanayi Odas\u0131,\u2026","rel":"","context":"&quot;Haberler&quot; i\u00e7inde","block_context":{"text":"Haberler","link":"https:\/\/www.gocmeniz.biz\/?cat=5"},"img":{"alt_text":"","src":"","width":0,"height":0},"classes":[]},{"id":1558,"url":"https:\/\/www.gocmeniz.biz\/?p=1558","url_meta":{"origin":1783,"position":2},"title":"Do\u011falgaz i\u015fbirli\u011fine Bulgaristan da kat\u0131ld\u0131","author":"Haberci","date":"16 Temmuz 2009","format":false,"excerpt":"BEH (Bulgarian Energy Holding), DEPA (Yunanistan Devlet Do\u011falgaz \u015eirketi) ve Edison firmalar\u0131, Yunanistan ile Bulgaristan aras\u0131nda yeni bir do\u011falgaz boru hatt\u0131 olan IGB`nin (Interconnector Greece-Bulgaria) in\u015fas\u0131 i\u00e7in Sofya`da bir Mutabakat Zapt\u0131 imzalad\u0131klar\u0131n\u0131 duyurdular. \u0130STANBUL \/ \u0130HA S\u00f6z konusu anla\u015fma ile Bulgaristan G\u00fcney Koridoru ITGI (T\u00fcrkiye-Yunanistan-\u0130talya Do\u011falgaz Boru Hatt\u0131) projesi \u00fczerinden\u2026","rel":"","context":"&quot;Haberler&quot; i\u00e7inde","block_context":{"text":"Haberler","link":"https:\/\/www.gocmeniz.biz\/?cat=5"},"img":{"alt_text":"","src":"","width":0,"height":0},"classes":[]},{"id":611,"url":"https:\/\/www.gocmeniz.biz\/?p=611","url_meta":{"origin":1783,"position":3},"title":"SU TA\u015eKINLARINA KAR\u015eI SINIR \u00d6TES\u0130 \u0130\u015eB\u0130RL\u0130\u011e\u0130 KARARI ALINDI","author":"Haberci","date":"11 Kas\u0131m 2008","format":false,"excerpt":"Su ta\u015fk\u0131nlar\u0131n\u0131n \u00f6nlenmesi amac\u0131yla \u00fc\u00e7 \u00fclke i\u015fbirli\u011fi i\u00e7inde hareket etme karar\u0131 ald\u0131. Bu kapsamda Edirne Valisi Mustafa B\u00fcy\u00fck, Yunanistan'\u0131n Evros B\u00f6lgesi Valisi Nikolas Zambounidis ve Bulgaristan'\u0131n Haskova Valisi Rayna Yovcheva Yunanistan'\u0131n Orestia Kenti'nde bir araya geldi.Su ta\u015fk\u0131nlar\u0131n\u0131n \u00f6nlenmesi konusunun ele al\u0131nd\u0131\u011f\u0131 toplant\u0131da Vali Mustafa B\u00fcy\u00fck'e DS\u0130 B\u00f6lge M\u00fcd\u00fcr\u00fc ve M\u00fcd\u00fcr\u2026","rel":"","context":"&quot;Haberler&quot; i\u00e7inde","block_context":{"text":"Haberler","link":"https:\/\/www.gocmeniz.biz\/?cat=5"},"img":{"alt_text":"","src":"","width":0,"height":0},"classes":[]},{"id":1692,"url":"https:\/\/www.gocmeniz.biz\/?p=1692","url_meta":{"origin":1783,"position":4},"title":"Kriz Bulgaristan turizmini vurdu","author":"Haberci","date":"16 A\u011fustos 2009","format":false,"excerpt":"Bulgaristan`da ekonomik kriz, turizm sekt\u00f6r\u00fcn\u00fc de olumsuz etkilerken, yaz sezonunda otellerin y\u00fczde 60 kapasiteyle \u00e7al\u0131\u015ft\u0131\u011f\u0131 a\u00e7\u0131kland\u0131. Ekonomi, Enerji ve Turizm Bakan Yard\u0131mc\u0131s\u0131 \u0130vo Marinov, \u00f6zel `bTV` kanal\u0131na yapt\u0131\u011f\u0131 a\u00e7\u0131klamada, turizm sekt\u00f6r\u00fcne devlet deste\u011fi verilmesi amac\u0131yla h\u00fck\u00fcmetin, en az 6 gece \u00fclkedeki otellerde kalan yerli turistlere vergi indirimi yapmay\u0131 planlad\u0131\u011f\u0131n\u0131 a\u00e7\u0131klad\u0131.\u2026","rel":"","context":"&quot;Haberler&quot; i\u00e7inde","block_context":{"text":"Haberler","link":"https:\/\/www.gocmeniz.biz\/?cat=5"},"img":{"alt_text":"","src":"","width":0,"height":0},"classes":[]},{"id":1108,"url":"https:\/\/www.gocmeniz.biz\/?p=1108","url_meta":{"origin":1783,"position":5},"title":"Bulgaristan, M\u0131s\u0131r&#8217;dan s\u0131v\u0131la\u015ft\u0131r\u0131lm\u0131\u015f do\u011falgaz alacak","author":"Haberci","date":"25 Nisan 2009","format":false,"excerpt":"Bulgaristan Ekonomi ve Enerji Bakan\u0131 Pet\u0131r Dimitrov ile M\u0131s\u0131r Petrol Bakan\u0131 Amin Sameh Fehmi, do\u011falgaz sekt\u00f6r\u00fcndeki i\u015fbirli\u011finin geli\u015ftirilmesine ili\u015fkin bir h\u00fck\u00fcmetleraras\u0131 anla\u015fma memorandumu imzalad\u0131lar. Gaz tedariki Yunanistan veya T\u00fcrkiye terminallerinden sa\u011flanacak, ancak miktar\u0131 ve g\u00fczergah\u0131 hala belirlenmi\u015f de\u011fil. Cuma g\u00fcn\u00fc Yunanistan ile imzalanan memoranduma de\u011finen bakan Dimitrov,bunun Bulgar do\u011falgaz nakil\u2026","rel":"","context":"&quot;Haberler&quot; i\u00e7inde","block_context":{"text":"Haberler","link":"https:\/\/www.gocmeniz.biz\/?cat=5"},"img":{"alt_text":"","src":"","width":0,"height":0},"classes":[]}],"jetpack_sharing_enabled":true,"jetpack_likes_enabled":true,"_links":{"self":[{"href":"https:\/\/www.gocmeniz.biz\/index.php?rest_route=\/wp\/v2\/posts\/1783","targetHints":{"allow":["GET"]}}],"collection":[{"href":"https:\/\/www.gocmeniz.biz\/index.php?rest_route=\/wp\/v2\/posts"}],"about":[{"href":"https:\/\/www.gocmeniz.biz\/index.php?rest_route=\/wp\/v2\/types\/post"}],"author":[{"embeddable":true,"href":"https:\/\/www.gocmeniz.biz\/index.php?rest_route=\/wp\/v2\/users\/331"}],"replies":[{"embeddable":true,"href":"https:\/\/www.gocmeniz.biz\/index.php?rest_route=%2Fwp%2Fv2%2Fcomments&post=1783"}],"version-history":[{"count":1,"href":"https:\/\/www.gocmeniz.biz\/index.php?rest_route=\/wp\/v2\/posts\/1783\/revisions"}],"predecessor-version":[{"id":9004,"href":"https:\/\/www.gocmeniz.biz\/index.php?rest_route=\/wp\/v2\/posts\/1783\/revisions\/9004"}],"wp:attachment":[{"href":"https:\/\/www.gocmeniz.biz\/index.php?rest_route=%2Fwp%2Fv2%2Fmedia&parent=1783"}],"wp:term":[{"taxonomy":"category","embeddable":true,"href":"https:\/\/www.gocmeniz.biz\/index.php?rest_route=%2Fwp%2Fv2%2Fcategories&post=1783"},{"taxonomy":"post_tag","embeddable":true,"href":"https:\/\/www.gocmeniz.biz\/index.php?rest_route=%2Fwp%2Fv2%2Ftags&post=1783"}],"curies":[{"name":"wp","href":"https:\/\/api.w.org\/{rel}","templated":true}]}}