{"id":1784,"date":"2009-09-07T17:08:17","date_gmt":"2009-09-07T14:08:17","guid":{"rendered":"http:\/\/www.gocmeniz.biz\/?p=1784"},"modified":"2026-04-03T12:25:38","modified_gmt":"2026-04-03T09:25:38","slug":"geliboluda-trafik-kazasi-4-yarali","status":"publish","type":"post","link":"https:\/\/www.gocmeniz.biz\/?p=1784","title":{"rendered":"Gelibolu&#8217;da Trafik Kazas\u0131: 4 Yaral\u0131"},"content":{"rendered":"<p><b><img data-recalc-dims=\"1\"  title=\"\"  alt=\"45321 Gelibolu&#039;da Trafik Kazas\u0131: 4 Yaral\u0131\" decoding=\"async\" style=\"max-width: 800px; float: left; margin-top: 10px; margin-bottom: 10px; margin-right: 10px;\" src=\"https:\/\/i0.wp.com\/www.haberfx.net\/images\/contents\/45321.jpg?w=640\" \/>\u00c7anakkale&#8217;nin Gelibolu il\u00e7esi Burhanl\u0131 mevkiinde meydana gelen trafik kazas\u0131nda 4 ki\u015fi yaraland\u0131.<\/b><\/p>\n<p>Edinilen bilgiye g\u00f6re B-0850 KB plakal\u0131 arac\u0131 ile Bulgaristan&#8217;dan G\u00f6k\u00e7eada&#8217;ya giden Milodem Nikolov,(36) Burhanl\u0131 yak\u0131nlar\u0131nda yolun ya\u011f\u0131\u015fl\u0131 olmas\u0131 nedeni ile direksiyon hakimiyetini kaybederek kar\u015f\u0131 y\u00f6nden gelen Fahrettin \u00d6zger (60) idaresindeki 06 ET 2722 plakal\u0131 ara\u00e7la \u00e7arp\u0131\u015ft\u0131. Kazada Fahrettin \u00d6zger (60) ve e\u015fi Nemciye \u00d6zger (55) ile yabanc\u0131 ara\u00e7taki Miladem Nikolov ile Teodora Vasilevo yaraland\u0131. Yaral\u0131lar Gelibolu Devlet Hastanesi&#8217;nde ilk tedavileri yap\u0131ld\u0131ktan sonra \u00c7anakkale Devlet Hastanesi&#8217;ne sevk edildi.<\/p>\n<div class=\"zemanta-pixie\"><img data-recalc-dims=\"1\"  title=\"\" decoding=\"async\" class=\"zemanta-pixie-img\"  alt=\"pixy Gelibolu&#039;da Trafik Kazas\u0131: 4 Yaral\u0131\"  src=\"https:\/\/i0.wp.com\/img.zemanta.com\/pixy.gif?w=640\" \/><\/div>\n","protected":false},"excerpt":{"rendered":"<p>\u00c7anakkale&#8217;nin Gelibolu il\u00e7esi Burhanl\u0131 mevkiinde meydana gelen trafik kazas\u0131nda 4 ki\u015fi yaraland\u0131. Edinilen bilgiye g\u00f6re B-0850 KB plakal\u0131 arac\u0131 ile Bulgaristan&#8217;dan G\u00f6k\u00e7eada&#8217;ya giden Milodem Nikolov,(36) Burhanl\u0131 yak\u0131nlar\u0131nda yolun ya\u011f\u0131\u015fl\u0131 olmas\u0131 nedeni ile direksiyon hakimiyetini kaybederek kar\u015f\u0131 y\u00f6nden gelen Fahrettin \u00d6zger (60) idaresindeki 06 ET 2722 plakal\u0131 ara\u00e7la \u00e7arp\u0131\u015ft\u0131. Kazada Fahrettin \u00d6zger (60) ve e\u015fi Nemciye [&hellip;]<\/p>\n","protected":false},"author":331,"featured_media":0,"comment_status":"open","ping_status":"open","sticky":false,"template":"","format":"standard","meta":{"advanced_seo_description":"","jetpack_seo_html_title":"","jetpack_seo_noindex":false,"ngg_post_thumbnail":0,"jetpack_post_was_ever_published":false,"_jetpack_newsletter_access":"","_jetpack_dont_email_post_to_subs":false,"_jetpack_newsletter_tier_id":0,"_jetpack_memberships_contains_paywalled_content":false,"_jetpack_memberships_contains_paid_content":false,"footnotes":""},"categories":[5],"tags":[],"class_list":["post-1784","post","type-post","status-publish","format-standard","hentry","category-haberler"],"jetpack_featured_media_url":"","jetpack_shortlink":"https:\/\/wp.me\/paHHlZ-sM","jetpack-related-posts":[{"id":533,"url":"https:\/\/www.gocmeniz.biz\/?p=533","url_meta":{"origin":1784,"position":0},"title":"Bulgaristan&#8217;da T\u00fcrk T\u0131r\u0131n\u0131n kar\u0131\u015ft\u0131\u011f\u0131 kazada 4 \u00f6l\u00fc","author":"Haberci","date":"14 Ekim 2008","format":false,"excerpt":"Bulgaristan'da meydana gelen ve bir T\u00fcrk T\u0131r\u0131n\u0131n da kar\u0131\u015ft\u0131\u011f\u0131 trafik kazas\u0131nda 4 ki\u015fi hayat\u0131n\u0131 kaybetti.\u0130\u00e7i\u015fleri Bakanl\u0131\u011f\u0131ndan edinilen bilgiye g\u00f6re, Svilengrad\u2013Lubimetz karayolunda, i\u00e7inde \u00fc\u00e7 erkek ve bir kad\u0131n\u0131n bulundu\u011fu Sofya plakal\u0131 \u00f6zel ara\u00e7, solamaya \u00e7al\u0131\u015ft\u0131\u011f\u0131 Litvanya plakal\u0131 TIR ile kar\u015f\u0131 y\u00f6nden gelen T\u00fcrk plakal\u0131 T\u0131r\u0131n aras\u0131nda kald\u0131.Hurda y\u0131\u011f\u0131n\u0131 haline gelen arac\u0131n\u2026","rel":"","context":"&quot;Haberler&quot; i\u00e7inde","block_context":{"text":"Haberler","link":"https:\/\/www.gocmeniz.biz\/?cat=5"},"img":{"alt_text":"","src":"","width":0,"height":0},"classes":[]},{"id":1840,"url":"https:\/\/www.gocmeniz.biz\/?p=1840","url_meta":{"origin":1784,"position":1},"title":"K\u0131rklareli&#8217;nde trafik kazas\u0131: 1 \u00f6l\u00fc","author":"Haberci","date":"21 Ekim 2009","format":false,"excerpt":"A.AK\u0131rklareli'ndeki trafik kazas\u0131nda, Bulgar uyruklu 1 kad\u0131n \u00f6ld\u00fc, 2 kad\u0131n da yaraland\u0131.Bian Nicolov Hriston'un (52) kulland\u0131\u011f\u0131 EB 17 AA Bulgar plakal\u0131 otomobil, Edirne-\u0130stanbul TEM Otoyolu'nun, K\u0131rklareli'nin L\u00fcleburgaz ve Tekirda\u011f'\u0131n \u00c7orlu il\u00e7esi aras\u0131ndaki b\u00f6l\u00fcm\u00fcnde yolda kald\u0131. G\u00fcvenlik ve uyar\u0131 \u00f6nlemi almadan yolda duran otomobile Mehmet G\u00fcrcan'\u0131nkulland\u0131\u011f\u0131 26 PL 150 plakal\u0131 kamyon,\u2026","rel":"","context":"&quot;Haberler&quot; i\u00e7inde","block_context":{"text":"Haberler","link":"https:\/\/www.gocmeniz.biz\/?cat=5"},"img":{"alt_text":"","src":"","width":0,"height":0},"classes":[]},{"id":1345,"url":"https:\/\/www.gocmeniz.biz\/?p=1345","url_meta":{"origin":1784,"position":2},"title":"G\u00f6k\u00e7eada`da trafik kazas\u0131","author":"Haberci","date":"10 Haziran 2009","format":false,"excerpt":"G\u00f6k\u00e7eada`ya tatil i\u00e7in gelen Suriye uyruklu M. T. (26) ile Bulgaristan uyruklu E. K. (23) il\u00e7e merkezinde trafik kazas\u0131 ge\u00e7irdi. G\u00f6k\u00e7eada Devlet Hastanesi`ne kald\u0131r\u0131lan \u00f6\u011frenciler, burada yap\u0131lan ilk m\u00fcdahaleden sonra ``Sa\u011fl\u0131k-11`` adl\u0131 ambulans botla \u00c7anakkale`ye sevk edildi. \u00c7anakkale Yat Liman\u0131`nda bekleyen sa\u011fl\u0131k ekibi taraf\u0131ndan kar\u015f\u0131lanan \u00f6\u011frenciler, \u00c7anakkale Devlet Hastanesi`nde tedavi\u2026","rel":"","context":"&quot;Haberler&quot; i\u00e7inde","block_context":{"text":"Haberler","link":"https:\/\/www.gocmeniz.biz\/?cat=5"},"img":{"alt_text":"","src":"","width":0,"height":0},"classes":[]},{"id":466,"url":"https:\/\/www.gocmeniz.biz\/?p=466","url_meta":{"origin":1784,"position":3},"title":"BULGAR\u0130STAN&#8217;DA \u00d6NEML\u0130 OTOYOLLARDAK\u0130 TRAF\u0130K, HEL\u0130KOPTERLERLE DENETLENECEK","author":"Haberci","date":"18 Temmuz 2008","format":false,"excerpt":"\u0130\u00e7i\u015fleri Bakanl\u0131\u011f\u0131 ile Savunma Bakanl\u0131\u011f\u0131, otoyollarda trafik kazalar\u0131n\u0131n azalt\u0131lmas\u0131 i\u00e7in yeni bir uygulamay\u0131 hayata ge\u00e7irdi. Buna g\u00f6re, \u00fclkedeki \u00f6nemli karayolundaki trafik helikopterler ile denetlenecek ve trafi\u011fi ihlal edenler tespit edilecek. Savunma Bakan\u0131 Nikolay Tsonev ile \u0130\u00e7i\u015fleri Bakan\u0131 Mihail Mikov, bu konuda bir i\u015fbirli\u011fi anla\u015fmas\u0131 imzalad\u0131. Havadan trafik denetimi, Savunma Bakanl\u0131\u011f\u0131\u2026","rel":"","context":"&quot;Haberler&quot; i\u00e7inde","block_context":{"text":"Haberler","link":"https:\/\/www.gocmeniz.biz\/?cat=5"},"img":{"alt_text":"","src":"","width":0,"height":0},"classes":[]},{"id":45,"url":"https:\/\/www.gocmeniz.biz\/?p=45","url_meta":{"origin":1784,"position":4},"title":"Y\u00fcrek yakan kaza","author":"Admin","date":"14 Nisan 2007","format":false,"excerpt":"Geziye giderken ge\u00e7irdikleri trafik kazas\u0131nda \u00f6len \u00e7o\u011fu \u00e7ocuk 32 ki\u015finin bu son foto\u011fraf\u0131 y\u00fcrek par\u00e7alad\u0131. Kapadokya'ya geziye giden \u00f6\u011frencileri ta\u015f\u0131yan otob\u00fcsle\u00a0 kamyon \u00e7arp\u0131\u015ft\u0131. \u0130lk belirlemelere g\u00f6re \u00e7o\u011fu \u00e7ocuk 32 ki\u015fi \u00f6ld\u00fc. \u0130zmir Konak'taki Zafer \u0130lk\u00f6\u011fretim Okulu \u00f6\u011frencilerini Kapadokya gezisine g\u00f6t\u00fcren 45 HA 158 plakal\u0131 yolcu otob\u00fcs\u00fc, Konya- Aksaray Karayolu'nun 98'inci\u2026","rel":"","context":"&quot;Haberler&quot; i\u00e7inde","block_context":{"text":"Haberler","link":"https:\/\/www.gocmeniz.biz\/?cat=5"},"img":{"alt_text":"\/_newsimages\/3196910.jpg","src":"https:\/\/i0.wp.com\/www.hurriyet.com.tr\/_newsimages\/3196910.jpg?resize=350%2C200","width":350,"height":200},"classes":[]},{"id":1694,"url":"https:\/\/www.gocmeniz.biz\/?p=1694","url_meta":{"origin":1784,"position":5},"title":"T\u0131r viyad\u00fckten a\u015fa\u011f\u0131 u\u00e7tu","author":"Haberci","date":"16 A\u011fustos 2009","format":false,"excerpt":"Edirne`de, lasti\u011fi patlayarak bariyerlere \u00e7arpan bir TIR, 14 metre y\u00fckseklikteki viyad\u00fckten d\u00fc\u015ft\u00fc.\u0130ran`dan y\u00fckledi\u011fi PVC`yi Bulgaristan`a g\u00f6t\u00fcrmek \u00fczere yola \u00e7\u0131kan, Bahram Bayati Khatabi y\u00f6netimindeki THR 68613\/14 plakal\u0131 TIR`\u0131n, TEM Otoyolu`nun Edirne y\u00f6n\u00fcndeki Kemal Hay\u0131rl\u0131o\u011flu Viyad\u00fc\u011f\u00fc`nde lasti\u011fi patlad\u0131.S\u00fcr\u00fcc\u00fcn\u00fcn direksiyon hakimiyetini yitirmesi sonucu TIR bariyerlere \u00e7arpt\u0131. \u00c7arpman\u0131n \u015fiddetiyle \u015fof\u00f6r mahalli, dorseden ayr\u0131larak 14\u2026","rel":"","context":"&quot;Haberler&quot; i\u00e7inde","block_context":{"text":"Haberler","link":"https:\/\/www.gocmeniz.biz\/?cat=5"},"img":{"alt_text":"","src":"","width":0,"height":0},"classes":[]}],"jetpack_sharing_enabled":true,"jetpack_likes_enabled":true,"_links":{"self":[{"href":"https:\/\/www.gocmeniz.biz\/index.php?rest_route=\/wp\/v2\/posts\/1784","targetHints":{"allow":["GET"]}}],"collection":[{"href":"https:\/\/www.gocmeniz.biz\/index.php?rest_route=\/wp\/v2\/posts"}],"about":[{"href":"https:\/\/www.gocmeniz.biz\/index.php?rest_route=\/wp\/v2\/types\/post"}],"author":[{"embeddable":true,"href":"https:\/\/www.gocmeniz.biz\/index.php?rest_route=\/wp\/v2\/users\/331"}],"replies":[{"embeddable":true,"href":"https:\/\/www.gocmeniz.biz\/index.php?rest_route=%2Fwp%2Fv2%2Fcomments&post=1784"}],"version-history":[{"count":1,"href":"https:\/\/www.gocmeniz.biz\/index.php?rest_route=\/wp\/v2\/posts\/1784\/revisions"}],"predecessor-version":[{"id":9003,"href":"https:\/\/www.gocmeniz.biz\/index.php?rest_route=\/wp\/v2\/posts\/1784\/revisions\/9003"}],"wp:attachment":[{"href":"https:\/\/www.gocmeniz.biz\/index.php?rest_route=%2Fwp%2Fv2%2Fmedia&parent=1784"}],"wp:term":[{"taxonomy":"category","embeddable":true,"href":"https:\/\/www.gocmeniz.biz\/index.php?rest_route=%2Fwp%2Fv2%2Fcategories&post=1784"},{"taxonomy":"post_tag","embeddable":true,"href":"https:\/\/www.gocmeniz.biz\/index.php?rest_route=%2Fwp%2Fv2%2Ftags&post=1784"}],"curies":[{"name":"wp","href":"https:\/\/api.w.org\/{rel}","templated":true}]}}