{"id":1787,"date":"2009-09-08T09:40:19","date_gmt":"2009-09-08T06:40:19","guid":{"rendered":"http:\/\/www.gocmeniz.biz\/?p=1787"},"modified":"2026-04-03T12:25:38","modified_gmt":"2026-04-03T09:25:38","slug":"bulgaristan-4-turku-iade-etti","status":"publish","type":"post","link":"https:\/\/www.gocmeniz.biz\/?p=1787","title":{"rendered":"Bulgaristan 4 T\u00fcrk&#8217;\u00fc iade etti"},"content":{"rendered":"<p><b>Yasa d\u0131\u015f\u0131 yollardan gittikleri Bulgaristan&#8217;da yakalanan 4 ki\u015fi T\u00fcrkiye&#8217;ye iade edildi.<\/b><\/p>\n<p>Edinilen bilgiye g\u00f6re, yasa d\u0131\u015f\u0131 yollardan Bulgaristan&#8217;a giden H.Y, M.K, O.\u00d6 ve C.\u00c7, burada yakaland\u0131. Yasal i\u015flemlerin tamamlanmas\u0131ndan sonra s\u00f6z konusu ki\u015filer Kap\u0131kule S\u0131n\u0131r Kap\u0131s\u0131&#8217;nda yetkililere teslim etti.<\/p>\n<p>\u201c\u0130llegal yollardan yurt d\u0131\u015f\u0131na \u00e7\u0131k\u0131\u015f yapmak\u201d su\u00e7undan adli makama sevk edilen H.Y, M.K, O.\u00d6 ve C.\u00c7 serbest b\u0131rak\u0131ld\u0131.<\/p>\n<div class=\"zemanta-pixie\"><img data-recalc-dims=\"1\"  title=\"\" decoding=\"async\" class=\"zemanta-pixie-img\"  alt=\"pixy Bulgaristan 4 T\u00fcrk&#039;\u00fc iade etti\"  src=\"https:\/\/i0.wp.com\/img.zemanta.com\/pixy.gif?w=640\" \/><\/div>\n","protected":false},"excerpt":{"rendered":"<p>Yasa d\u0131\u015f\u0131 yollardan gittikleri Bulgaristan&#8217;da yakalanan 4 ki\u015fi T\u00fcrkiye&#8217;ye iade edildi. Edinilen bilgiye g\u00f6re, yasa d\u0131\u015f\u0131 yollardan Bulgaristan&#8217;a giden H.Y, M.K, O.\u00d6 ve C.\u00c7, burada yakaland\u0131. Yasal i\u015flemlerin tamamlanmas\u0131ndan sonra s\u00f6z konusu ki\u015filer Kap\u0131kule S\u0131n\u0131r Kap\u0131s\u0131&#8217;nda yetkililere teslim etti. \u201c\u0130llegal yollardan yurt d\u0131\u015f\u0131na \u00e7\u0131k\u0131\u015f yapmak\u201d su\u00e7undan adli makama sevk edilen H.Y, M.K, O.\u00d6 ve C.\u00c7 [&hellip;]<\/p>\n","protected":false},"author":331,"featured_media":0,"comment_status":"open","ping_status":"open","sticky":false,"template":"","format":"standard","meta":{"advanced_seo_description":"","jetpack_seo_html_title":"","jetpack_seo_noindex":false,"ngg_post_thumbnail":0,"jetpack_post_was_ever_published":false,"_jetpack_newsletter_access":"","_jetpack_dont_email_post_to_subs":false,"_jetpack_newsletter_tier_id":0,"_jetpack_memberships_contains_paywalled_content":false,"_jetpack_memberships_contains_paid_content":false,"footnotes":""},"categories":[5],"tags":[],"class_list":["post-1787","post","type-post","status-publish","format-standard","hentry","category-haberler"],"jetpack_featured_media_url":"","jetpack_shortlink":"https:\/\/wp.me\/paHHlZ-sP","jetpack-related-posts":[{"id":1670,"url":"https:\/\/www.gocmeniz.biz\/?p=1670","url_meta":{"origin":1787,"position":0},"title":"BULGAR\u0130STAN B\u0130R T\u00dcRK&#8217;\u00dc \u0130ADE ETT\u0130","author":"Haberci","date":"08 A\u011fustos 2009","format":false,"excerpt":"S\u0131n\u0131r\u0131 yasa d\u0131\u015f\u0131 yollardan ge\u00e7erek gitti\u011fi Bulgaristan'da yakalanan bir T\u00fcrk iade edildi.Kap\u0131kule S\u0131n\u0131r Kap\u0131s\u0131'nda yap\u0131lan protokolde R.G, T\u00fcrk yetkililere teslim edildi.San\u0131kla ilgili olarak, ''\u0130llegal yollardan yurt d\u0131\u015f\u0131na \u00e7\u0131k\u0131\u015f yapmak'' su\u00e7undan soru\u015fturma ba\u015flat\u0131ld\u0131.","rel":"","context":"&quot;Haberler&quot; i\u00e7inde","block_context":{"text":"Haberler","link":"https:\/\/www.gocmeniz.biz\/?cat=5"},"img":{"alt_text":"","src":"","width":0,"height":0},"classes":[]},{"id":726,"url":"https:\/\/www.gocmeniz.biz\/?p=726","url_meta":{"origin":1787,"position":1},"title":"KA\u00c7AK OPERASYONU","author":"Haberci","date":"25 Aral\u0131k 2008","format":false,"excerpt":"Edirne Merkez il\u00e7eye ba\u011fl\u0131 Kemalk\u00f6y'deki askeri yasak b\u00f6lgede, T\u00fcrkiye'den Bulgaristan'a yasa d\u0131\u015f\u0131 yollardan \u00e7\u0131k\u0131\u015f yapmak isteyen S.\u015e. ve V.B. s\u0131n\u0131r devriyelerince yakaland\u0131.''G\u00f6\u00e7men ka\u00e7ak\u00e7\u0131l\u0131\u011f\u0131'' ve ''S\u0131n\u0131r ihlali'' su\u00e7lar\u0131ndan soru\u015fturma ba\u015flat\u0131ld\u0131.","rel":"","context":"&quot;Haberler&quot; i\u00e7inde","block_context":{"text":"Haberler","link":"https:\/\/www.gocmeniz.biz\/?cat=5"},"img":{"alt_text":"","src":"","width":0,"height":0},"classes":[]},{"id":2252,"url":"https:\/\/www.gocmeniz.biz\/?p=2252","url_meta":{"origin":1787,"position":2},"title":"Otob\u00fcs\u00fcn havaland\u0131rma bo\u015flu\u011funda yakaland\u0131lar","author":"Haberci","date":"20 Haziran 2014","format":false,"excerpt":"\u0130nsan ka\u00e7ak\u00e7\u0131lar\u0131n\u0131n buldu\u011fu y\u00f6ntemler her ge\u00e7en g\u00fcn de\u011fi\u015fiyor. Son olarak d\u00fcn Kap\u0131kule S\u0131n\u0131r Kap\u0131s\u0131'nda kar\u015f\u0131la\u015f\u0131lan manzara g\u00fcvenlik g\u00fc\u00e7lerini bile \u015fa\u015fk\u0131na \u00e7evirdi. Edirne'den Bulgaristan\u2019a \u00e7\u0131k\u0131\u015f yapmak \u00fczere gelen yolcu otob\u00fcs\u00fcn\u00fcn havaland\u0131rma bo\u015flu\u011fu ile tavan\u0131 aras\u0131na gizlenmi\u015f 15 Suriyeli yakaland\u0131. Hamzabeyli S\u0131n\u0131r Kap\u0131s\u0131\u2019ndan ise TIR\u2019\u0131n dorsesinde ise 9 Suriyeli ka\u00e7ak yakaland\u0131. Ka\u00e7aklar\u2026","rel":"","context":"&quot;Haberler&quot; i\u00e7inde","block_context":{"text":"Haberler","link":"https:\/\/www.gocmeniz.biz\/?cat=5"},"img":{"alt_text":"","src":"https:\/\/i0.wp.com\/www.hurriyet.com.tr\/_np\/9374\/24839374.jpg?resize=350%2C200","width":350,"height":200},"classes":[]},{"id":1205,"url":"https:\/\/www.gocmeniz.biz\/?p=1205","url_meta":{"origin":1787,"position":3},"title":"K\u0131rm\u0131z\u0131 b\u00fcltenle aranan \u00f6rg\u00fct \u00fcyesi Sofya&#8217;da yakaland\u0131","author":"Haberci","date":"12 May\u0131s 2009","format":false,"excerpt":"T\u00fcrkiye'ye gitmek \u00fczere transit ge\u00e7i\u015f i\u00e7in Bulgaristan'a giri\u015f yapmaya \u00e7al\u0131\u015fan THKP\/C Dev-Sol \u00f6rg\u00fct \u00fcyesi g\u00f6zalt\u0131na al\u0131nd\u0131SOFYA - T\u00fcrkiye'nin Interpol arac\u0131l\u0131\u011f\u0131yla arad\u0131\u011f\u0131 THKP\/C Dev-Sol adl\u0131 yasa d\u0131\u015f\u0131 ter\u00f6r \u00f6rg\u00fct\u00fc \u00fcyesi bir ki\u015fi, Bulgaristan'da g\u00f6zalt\u0131na al\u0131nd\u0131.Bulgaristan \u0130\u00e7i\u015fleri Bakanl\u0131\u011f\u0131 Bas\u0131n Merkezinin verdi\u011fi bilgiye g\u00f6re, T\u00fcrkiye'ye gitmek \u00fczere transit ge\u00e7i\u015f i\u00e7in Romanya s\u0131n\u0131r\u0131ndaki Vidin\u2026","rel":"","context":"&quot;Haberler&quot; i\u00e7inde","block_context":{"text":"Haberler","link":"https:\/\/www.gocmeniz.biz\/?cat=5"},"img":{"alt_text":"","src":"","width":0,"height":0},"classes":[]},{"id":446,"url":"https:\/\/www.gocmeniz.biz\/?p=446","url_meta":{"origin":1787,"position":4},"title":"BULGAR\u0130STAN, \u0130K\u0130 PKK \u00dcYES\u0130N\u0130 TESL\u0130M ETT\u0130","author":"Haberci","date":"25 Haziran 2008","format":false,"excerpt":"Bulgaristan iki PKK \u00fcyesini teslim etti. \u0130llegal yollardan gittikleri Bulgaristan'da g\u00fcvenlik g\u00fc\u00e7leri taraf\u0131ndan ele ge\u00e7irilen iki ki\u015finin PKK'l\u0131 olduklar\u0131 anla\u015f\u0131ld\u0131.Bulgaristan g\u00fcvenlik g\u00fc\u00e7leri taraf\u0131ndan yakaland\u0131ktan sonra Edirne Kap\u0131kule G\u00fcmr\u00fck Sahas\u0131'nda T\u00fcrk G\u00fcvenlik G\u00fc\u00e7lerine teslim edilen O.Y ve B.R'n\u0131n Edirne Emniyet M\u00fcd\u00fcrl\u00fc\u011f\u00fc Bilgi Toplama ve \u0130\u015flem B\u00fcro Amirli\u011fi taraf\u0131ndan yap\u0131lan kimlik sorgulamalar\u0131nda,\u2026","rel":"","context":"Benzer yaz\u0131","block_context":{"text":"Benzer yaz\u0131","link":""},"img":{"alt_text":"","src":"","width":0,"height":0},"classes":[]},{"id":2183,"url":"https:\/\/www.gocmeniz.biz\/?p=2183","url_meta":{"origin":1787,"position":5},"title":"Edirne&#8217;de TIR dorsesinde 17 ka\u00e7ak yakaland\u0131","author":"Haberci","date":"01 Ekim 2010","format":false,"excerpt":"T\u00dcRK\u0130YE'den Almanya'ya tekstil \u00fcr\u00fcn\u00fc ta\u015f\u0131yan TIR'\u0131n dorsesinde, yasad\u0131\u015f\u0131 yollardan Avrupa'ya ge\u00e7mek isteyen 3'\u00fc \u00e7ocuk toplam 17 ka\u00e7ak yakaland\u0131. TIR'\u0131n Bulgar uyruklu s\u00fcr\u00fcc\u00fcs\u00fc ise tutukland\u0131. KA\u00c7AKLAR B\u00d6YLE YAKALANDI Edirne G\u00fcmr\u00fck Muhafaza Ba\u015fm\u00fcd\u00fcrl\u00fc\u011f\u00fc'ne ba\u011fl\u0131 Edirne Ka\u00e7ak\u00e7\u0131l\u0131k \u0130stihbarat ve Narkotik G\u00fcmr\u00fck Muhafaza M\u00fcd\u00fcrl\u00fc\u011f\u00fc ekipleri, \u0130stanbul'dan y\u00fckledi\u011fi tekstil \u00fcr\u00fcnlerini Almanya'ya g\u00f6t\u00fcrmek i\u00e7in Kap\u0131kule S\u0131n\u0131r\u2026","rel":"","context":"&quot;Haberler&quot; i\u00e7inde","block_context":{"text":"Haberler","link":"https:\/\/www.gocmeniz.biz\/?cat=5"},"img":{"alt_text":"","src":"","width":0,"height":0},"classes":[]}],"jetpack_sharing_enabled":true,"jetpack_likes_enabled":true,"_links":{"self":[{"href":"https:\/\/www.gocmeniz.biz\/index.php?rest_route=\/wp\/v2\/posts\/1787","targetHints":{"allow":["GET"]}}],"collection":[{"href":"https:\/\/www.gocmeniz.biz\/index.php?rest_route=\/wp\/v2\/posts"}],"about":[{"href":"https:\/\/www.gocmeniz.biz\/index.php?rest_route=\/wp\/v2\/types\/post"}],"author":[{"embeddable":true,"href":"https:\/\/www.gocmeniz.biz\/index.php?rest_route=\/wp\/v2\/users\/331"}],"replies":[{"embeddable":true,"href":"https:\/\/www.gocmeniz.biz\/index.php?rest_route=%2Fwp%2Fv2%2Fcomments&post=1787"}],"version-history":[{"count":1,"href":"https:\/\/www.gocmeniz.biz\/index.php?rest_route=\/wp\/v2\/posts\/1787\/revisions"}],"predecessor-version":[{"id":9002,"href":"https:\/\/www.gocmeniz.biz\/index.php?rest_route=\/wp\/v2\/posts\/1787\/revisions\/9002"}],"wp:attachment":[{"href":"https:\/\/www.gocmeniz.biz\/index.php?rest_route=%2Fwp%2Fv2%2Fmedia&parent=1787"}],"wp:term":[{"taxonomy":"category","embeddable":true,"href":"https:\/\/www.gocmeniz.biz\/index.php?rest_route=%2Fwp%2Fv2%2Fcategories&post=1787"},{"taxonomy":"post_tag","embeddable":true,"href":"https:\/\/www.gocmeniz.biz\/index.php?rest_route=%2Fwp%2Fv2%2Ftags&post=1787"}],"curies":[{"name":"wp","href":"https:\/\/api.w.org\/{rel}","templated":true}]}}