{"id":1791,"date":"2009-09-12T08:17:22","date_gmt":"2009-09-12T05:17:22","guid":{"rendered":"http:\/\/www.gocmeniz.biz\/?p=1791"},"modified":"2026-04-03T16:25:12","modified_gmt":"2026-04-03T13:25:12","slug":"selde-olenlerin-isim-listesi","status":"publish","type":"post","link":"https:\/\/www.gocmeniz.biz\/?p=1791","title":{"rendered":"Selde \u00f6lenlerin isim listesi"},"content":{"rendered":"<p><b>\u0130l Afet ve Acil Durum M\u00fcd\u00fcrl\u00fc\u011f\u00fc yapt\u0131\u011f\u0131 yaz\u0131l\u0131 a\u00e7\u0131klamada, 8 \u2013 9 Eyl\u00fcl 2009 tarihlerinde hayatlar\u0131n\u0131 kaybedip kimlikleri tespit edilen vatanda\u015flar\u0131n isimlerini bildirdi. Hayatlar\u0131n\u0131 kaybedenlerin isimleri \u015f\u00f6yle:<\/b><\/p>\n<p>1- G\u00fcldane \u00c7ift\u00e7i<br \/>2- \u00d6zlem \u00dcnal<br \/>3- Nuriye Can<br \/>4- Bircan Karata\u015f<br \/>5- Naciye Karadeniz<br \/>6- Nebahat Salk\u0131m<br \/>7- Altun Y\u00fcksek<br \/>8- Kas\u0131m Demirok<br \/>9- Y\u00fclksel Akt\u00fcrk<br \/>10.H\u00fcseyin T\u00fcrmeneo\u011flu<br \/>11.Necati Topkaya<br \/>12.Kendal G\u00fcnen\u00e7<br \/>13 Salih \u00d6zta\u015f<br \/>14.Ferhat G\u00f6nel<br \/>15.Ali Karag\u00f6l<br \/>16.H\u00fcsn\u00fc Birincil<br \/>17.Fahri Sali (Bulgaristan uyruklu)<br \/>18.Murat Aktay<br \/>19.Remzi Demir<br \/>20. Mecbure \u0130brahimova Mustafaova<br \/>21. Faruk Donat<br \/>22. Havva Nur Ulak<br \/>23.S\u00fcleyman S\u00fcleymano\u011flu<\/p>\n<div class=\"zemanta-pixie\"><img data-recalc-dims=\"1\"  title=\"\" decoding=\"async\" class=\"zemanta-pixie-img\"  alt=\"pixy Selde \u00f6lenlerin isim listesi\"  src=\"https:\/\/i0.wp.com\/img.zemanta.com\/pixy.gif?w=640\" \/><\/div>\n","protected":false},"excerpt":{"rendered":"<p>\u0130l Afet ve Acil Durum M\u00fcd\u00fcrl\u00fc\u011f\u00fc yapt\u0131\u011f\u0131 yaz\u0131l\u0131 a\u00e7\u0131klamada, 8 \u2013 9 Eyl\u00fcl 2009 tarihlerinde hayatlar\u0131n\u0131 kaybedip kimlikleri tespit edilen vatanda\u015flar\u0131n isimlerini bildirdi. Hayatlar\u0131n\u0131 kaybedenlerin isimleri \u015f\u00f6yle: 1- G\u00fcldane \u00c7ift\u00e7i2- \u00d6zlem \u00dcnal3- Nuriye Can4- Bircan Karata\u015f5- Naciye Karadeniz6- Nebahat Salk\u0131m7- Altun Y\u00fcksek8- Kas\u0131m Demirok9- Y\u00fclksel Akt\u00fcrk10.H\u00fcseyin T\u00fcrmeneo\u011flu11.Necati Topkaya12.Kendal G\u00fcnen\u00e713 Salih \u00d6zta\u015f14.Ferhat G\u00f6nel15.Ali Karag\u00f6l16.H\u00fcsn\u00fc Birincil17.Fahri Sali [&hellip;]<\/p>\n","protected":false},"author":331,"featured_media":0,"comment_status":"open","ping_status":"open","sticky":false,"template":"","format":"standard","meta":{"advanced_seo_description":"","jetpack_seo_html_title":"","jetpack_seo_noindex":false,"ngg_post_thumbnail":0,"jetpack_post_was_ever_published":false,"_jetpack_newsletter_access":"","_jetpack_dont_email_post_to_subs":false,"_jetpack_newsletter_tier_id":0,"_jetpack_memberships_contains_paywalled_content":false,"_jetpack_memberships_contains_paid_content":false,"footnotes":""},"categories":[5],"tags":[430],"class_list":["post-1791","post","type-post","status-publish","format-standard","hentry","category-haberler","tag-1-guldane-ciftci-2-ozlem-unal-3-nuriye-can-4-bircan-karatas-5-naciye-karadeniz-6-nebahat-salkim-7-altun-yuksek-8-kasim-demirok-9-yulksel-akturk-10-huseyin-turmeneoglu-11-necati-topkaya-12-ken"],"jetpack_featured_media_url":"","jetpack_shortlink":"https:\/\/wp.me\/paHHlZ-sT","jetpack-related-posts":[{"id":218,"url":"https:\/\/www.gocmeniz.biz\/?p=218","url_meta":{"origin":1791,"position":0},"title":"Tarihte 27 Kas\u0131m","author":"Haberci","date":"26 Kas\u0131m 2007","format":false,"excerpt":"Tarihte 27 Kas\u0131m'da Meydana Gelen ve \u00d6nemli Say\u0131lan Olaylar\u0131n Kronolojik S\u0131ralamas\u0131 \u015e\u00f6yle: - 27 Kas\u0131m 1526 Kanuni, Avusturya seferine \u00e7\u0131kt\u0131. - 27 Kas\u0131m 1701 S\u0131cakl\u0131k \u00f6l\u00e7\u00fcs\u00fc 'Santigrad'\u0131 bulan bilim adam\u0131 Anders Celsius do\u011fdu. - 27 Kas\u0131m 1911 Mustafa Kemal, Binba\u015f\u0131l\u0131\u011fa y\u00fckseltildi. - 27 Kas\u0131m 1913 Mustafa Kemal, Sofya Askeri Ata\u015feli\u011fi'ne\u2026","rel":"","context":"&quot;Haberler&quot; i\u00e7inde","block_context":{"text":"Haberler","link":"https:\/\/www.gocmeniz.biz\/?cat=5"},"img":{"alt_text":"","src":"","width":0,"height":0},"classes":[]},{"id":247,"url":"https:\/\/www.gocmeniz.biz\/?p=247","url_meta":{"origin":1791,"position":1},"title":"H\u00fcseyin G\u00fcntekin \u015eiirleri ve Yaz\u0131lar\u0131 ile G\u00f6\u00e7meniz.Biz&#8217;de !","author":"Admin","date":"20 Aral\u0131k 2007","format":false,"excerpt":"De\u011ferli \u015fair ve yazarlar\u0131m\u0131zdan H\u00fcseyin G\u00fcntekin, \"G\u00f6n\u00fcl Yaras\u0131\" ismini ta\u015f\u0131yan kitab\u0131n\u0131n ard\u0131ndan \u015fimdi de ayn\u0131 isimle G\u00f6\u00e7meniz.Biz'de yazmaya devam ediyor. Kendisine B\u0130Zimle oldu\u011fu i\u00e7in sonsuz te\u015fekk\u00fcrlerimizi sunuyoruz. \u00a0 \u00a0 H\u00dcSEY\u0130N G\u00dcNTEK\u0130N SAYFASINA ULA\u015eMAK \u0130\u00c7\u0130N TIKLAYIN.","rel":"","context":"&quot;Duyurular&quot; i\u00e7inde","block_context":{"text":"Duyurular","link":"https:\/\/www.gocmeniz.biz\/?cat=8"},"img":{"alt_text":"","src":"https:\/\/i0.wp.com\/www.gocmeniz.biz\/images\/huseyinguntekinsmall.jpg?resize=350%2C200","width":350,"height":200},"classes":[]},{"id":1814,"url":"https:\/\/www.gocmeniz.biz\/?p=1814","url_meta":{"origin":1791,"position":2},"title":"Balkan ressamlar\u0131 Sel\u00e7uk`ta bulu\u015ftu","author":"Haberci","date":"01 Ekim 2009","format":false,"excerpt":"Balkanlar`\u0131n me\u015fhur ressamlar\u0131; k\u00fclt\u00fcr, tarih ve do\u011fal zenginlikleriyle bilinen \u0130zmir`in Sel\u00e7uk il\u00e7esinde bulu\u015ftu.Sel\u00e7uk Belediyesi ile Balkan Kad\u0131nlar\u0131 K\u00fclt\u00fcr ve Dayan\u0131\u015fma Derne\u011fi`nin ortakla\u015fa d\u00fczenledi\u011fi `Balkan Ressamlar\u0131 Sel\u00e7uk Bulu\u015fmas\u0131, Sel\u00e7uk-Efes 2009` projesi kapsam\u0131nda 12 ressam, il\u00e7enin de\u011fi\u015fik noktalar\u0131nda canl\u0131 performansla resim \u00e7izecek.Ortaya \u00e7\u0131kacak eserler, 2 Ekim Cuma g\u00fcn\u00fc Carpouza Kafe`de sergilenecek.Bosna Hersek,\u2026","rel":"","context":"&quot;Haberler&quot; i\u00e7inde","block_context":{"text":"Haberler","link":"https:\/\/www.gocmeniz.biz\/?cat=5"},"img":{"alt_text":"","src":"https:\/\/i0.wp.com\/www.sestv.com.tr\/images\/data\/balkan-ressam.jpg?resize=350%2C200","width":350,"height":200},"classes":[]},{"id":352,"url":"https:\/\/www.gocmeniz.biz\/?p=352","url_meta":{"origin":1791,"position":3},"title":"\u015eairimizin \u00d6zge\u00e7mi\u015fi","author":"Admin","date":"27 Nisan 2008","format":false,"excerpt":"\u00d6ZGE\u00c7M\u0130\u015e\u0130M H\u00fcseyin G\u00fcntekin, 18 Temmuz 1946 y\u0131l\u0131nda evlad-\u0131 fatihan diyar\u0131 Bulgaristan\u2019\u0131n Razgrat \u015fehri Tursun k\u00f6y\u2019de (Zdravetst) d\u00fcnyaya geldi. \u0130lkokulu k\u00f6y okulunda, ortaokulunu ise Hebib k\u00f6yde (Vladimirovtsi) tamamlad\u0131. Hen\u00fcz 10 ya\u015f\u0131nda iken babas\u0131n\u0131 kaybeden G\u00fcntekin, zor hayat \u015fartlar\u0131 dolay\u0131s\u0131yla tahsilini s\u00fcrd\u00fcremeyerek erken ya\u015fta hayat m\u00fccadelesine at\u0131lm\u0131\u015ft\u0131r. Hen\u00fcz ortaokulda iken \u015fiir yazma\u2026","rel":"","context":"&quot;H\u00fcseyin G\u00fcntekin&quot; i\u00e7inde","block_context":{"text":"H\u00fcseyin G\u00fcntekin","link":"https:\/\/www.gocmeniz.biz\/?cat=31"},"img":{"alt_text":"","src":"","width":0,"height":0},"classes":[]},{"id":248,"url":"https:\/\/www.gocmeniz.biz\/?p=248","url_meta":{"origin":1791,"position":4},"title":"H\u00fcseyin G\u00fcntekin&#8217;den Mesaj","author":"Admin","date":"20 Aral\u0131k 2007","format":false,"excerpt":"Ben H\u00fcseyin G\u00fcntekin, G\u00f6\u00e7meniz Biz sitesine \u00fcye olmak i\u00e7in bana yard\u0131m etti\u011finiz i\u00e7in Site y\u00f6neticilerine \u00e7ok \u00e7ok te\u015fekk\u00fcr ediyorum . \u00d6zellikle Sever ve Mehmet\u2019e bu yard\u0131mlar\u0131ndan dolay\u0131 \u00e7ok \u00e7ok te\u015fekk\u00fcrler ediyorum. Bilserniz beni nekadar memnun ettiniz. Siz bana bu siteyi bir bayram hediyesi olarak takdim ettiniz. Siz bana en b\u00fcy\u00fck\u2026","rel":"","context":"&quot;H\u00fcseyin G\u00fcntekin&quot; i\u00e7inde","block_context":{"text":"H\u00fcseyin G\u00fcntekin","link":"https:\/\/www.gocmeniz.biz\/?cat=31"},"img":{"alt_text":"","src":"","width":0,"height":0},"classes":[]},{"id":424,"url":"https:\/\/www.gocmeniz.biz\/?p=424","url_meta":{"origin":1791,"position":5},"title":"KANSERE YEN\u0130LEN K\u00dc\u00c7\u00dcK MERT&#8217;\u0130N VAS\u0130YET\u0130 Y\u00dcREK BURKTU!..","author":"Haberci","date":"13 Haziran 2008","format":false,"excerpt":"Bursa'da, ameliyat\u0131 i\u00e7in toplanan yard\u0131mlarla \u0130srail'de ilik nakli olan 12 ya\u015f\u0131ndaki Mert \u00d6zlem hayat\u0131n\u0131 kaybetti.Kanser tedavisi sebebiyle sa\u00e7, ka\u015f ve kirpikleri d\u00f6k\u00fclen minik Mert'in vasiyeti, \"Y\u00fcz\u00fcm\u00fc kimseye g\u00f6stermeyin\" oldu.Edinilen bilgiye g\u00f6re, Uluda\u011f \u00dcniversitesi Sa\u011fl\u0131k Ara\u015ft\u0131rma Merkezi M\u00fcd\u00fcrl\u00fc\u011f\u00fc \u00c7ocuk Sa\u011fl\u0131\u011f\u0131 Ana Bilim Dal\u0131 Ba\u015fkanl\u0131\u011f\u0131 taraf\u0131ndan 'Relaps akut lenfoblastik l\u00f6semi' te\u015fhisi konulan\u2026","rel":"","context":"Benzer yaz\u0131","block_context":{"text":"Benzer yaz\u0131","link":""},"img":{"alt_text":"","src":"https:\/\/i0.wp.com\/images.habervitrini.com\/haber_resim\/uyt_copy.jpg?resize=350%2C200","width":350,"height":200},"classes":[]}],"jetpack_sharing_enabled":true,"jetpack_likes_enabled":true,"_links":{"self":[{"href":"https:\/\/www.gocmeniz.biz\/index.php?rest_route=\/wp\/v2\/posts\/1791","targetHints":{"allow":["GET"]}}],"collection":[{"href":"https:\/\/www.gocmeniz.biz\/index.php?rest_route=\/wp\/v2\/posts"}],"about":[{"href":"https:\/\/www.gocmeniz.biz\/index.php?rest_route=\/wp\/v2\/types\/post"}],"author":[{"embeddable":true,"href":"https:\/\/www.gocmeniz.biz\/index.php?rest_route=\/wp\/v2\/users\/331"}],"replies":[{"embeddable":true,"href":"https:\/\/www.gocmeniz.biz\/index.php?rest_route=%2Fwp%2Fv2%2Fcomments&post=1791"}],"version-history":[{"count":1,"href":"https:\/\/www.gocmeniz.biz\/index.php?rest_route=\/wp\/v2\/posts\/1791\/revisions"}],"predecessor-version":[{"id":9584,"href":"https:\/\/www.gocmeniz.biz\/index.php?rest_route=\/wp\/v2\/posts\/1791\/revisions\/9584"}],"wp:attachment":[{"href":"https:\/\/www.gocmeniz.biz\/index.php?rest_route=%2Fwp%2Fv2%2Fmedia&parent=1791"}],"wp:term":[{"taxonomy":"category","embeddable":true,"href":"https:\/\/www.gocmeniz.biz\/index.php?rest_route=%2Fwp%2Fv2%2Fcategories&post=1791"},{"taxonomy":"post_tag","embeddable":true,"href":"https:\/\/www.gocmeniz.biz\/index.php?rest_route=%2Fwp%2Fv2%2Ftags&post=1791"}],"curies":[{"name":"wp","href":"https:\/\/api.w.org\/{rel}","templated":true}]}}