{"id":1793,"date":"2009-09-12T08:19:18","date_gmt":"2009-09-12T05:19:18","guid":{"rendered":"http:\/\/www.gocmeniz.biz\/?p=1793"},"modified":"2026-04-03T12:25:38","modified_gmt":"2026-04-03T09:25:38","slug":"kuzenine-yardima-geldi-sele-uyurken-yakalandi","status":"publish","type":"post","link":"https:\/\/www.gocmeniz.biz\/?p=1793","title":{"rendered":"Kuzenine yard\u0131ma geldi sele uyurken yakaland\u0131"},"content":{"rendered":"<p><b>Selin uykuda yakalad\u0131\u011f\u0131 TIR \u015fof\u00f6rlerinden biri de Fahri Halil Sali (41)`ydi. Bulgaristanl\u0131 Halil Sali, amcao\u011flu Sinan Bilgin`e yard\u0131mc\u0131 olmak i\u00e7in \u0130stanbul`a gelmi\u015fti.<\/b><\/p>\n<p>Selin vurdu\u011fu sabah, Romanya`ya gitmeye haz\u0131rlan\u0131yorlard\u0131. Ama olmad\u0131. Ecel, Sali`yi sabah 6.00`da uyudu\u011fu TIR`da yakalad\u0131, ayn\u0131 TIR`da bulunan kuzeni ise \u00f6l\u00fcmden son anda kurtuldu. Fahri Halil Sali, 1989 y\u0131l\u0131ndan 2004`e kadar T\u00fcrkiye`de ya\u015fad\u0131. Daha sonra oturma izni alamad\u0131\u011f\u0131 i\u00e7in \u00fclkesine geri d\u00f6nmek zorunda kald\u0131. Sali ve Sinan Bilgin selden \u00f6nceki ak\u015fam TIR`a malzemeleri y\u00fckledi. Romanya`ya gitmek \u00fczere TIR`a uyumaya \u00e7ekildi. \u00d6l\u00fcmden son anda s\u0131yr\u0131lan Sinan Bilgin ya\u015fananlar\u0131 \u015f\u00f6yle anlatt\u0131: `Saat 3.30`da sahura kalkt\u0131k. Bir \u015feyler yedikten sonra birer sigara i\u00e7ip sabah 4.30`da kalkmak \u00fczere uyuduk. O \u00fcst ranzadayd\u0131. Bir ara can\u0131m \u00e7ok su istedi. R\u00fcyamda birisinin bana su verdi\u011fini g\u00f6rd\u00fcm, `istemiyorum oru\u00e7luyum` dedim. Sonra sars\u0131nt\u0131yla uyand\u0131m.<\/p>\n<p>Arac\u0131n ba\u015f k\u0131sm\u0131 tamamen suya g\u00f6m\u00fclm\u00fc\u015ft\u00fc, i\u00e7i su ve \u00e7amur doluydu. Kap\u0131lar\u0131 a\u00e7amad\u0131m. Sonra cam\u0131 k\u0131rd\u0131m, \u00f6yle \u00e7\u0131kt\u0131m. Eni\u015ftem, akl\u0131ma geldi, o anda g\u00f6remedim, seslendim ama ses vermedi..` Fahri Halil Sali \u00f6ld\u00fckten sonra arkas\u0131nda g\u00f6z\u00fc ya\u015fl\u0131 bir e\u015f ile 3 \u00e7ocuk b\u0131rakt\u0131. TIR`dan \u00e7\u0131kar\u0131ld\u0131ktan sonra, Adli T\u0131p Kurumu`na kald\u0131r\u0131lan Sali`nin cesedi de Bulgaristan`dan gelen ailesi taraf\u0131ndan al\u0131nd\u0131. Sali`nin e\u015fi Necibe Mustafa ise kurumun kar\u015f\u0131s\u0131nda beklerken sinir krizlerine girdi. \u00dcz\u00fcnt\u00fcs\u00fcn\u00fc, `E\u015fim buraya me\u011fer \u00f6lmeye gelmi\u015f, onsuz nas\u0131l yapar\u0131z.` s\u00f6zleriyle ifade etti. O\u011flu Ferdi Mustafa ise, `B\u00fcy\u00fck bir \u00fcz\u00fcnt\u00fc ya\u015f\u0131yoruz. Kimse b\u00f6yle bir \u015fey olmas\u0131n\u0131 istemezdi.` dedi. Aile cenazeyi d\u00fcn Bulgaristan`a g\u00f6t\u00fcrd\u00fc.<\/p>\n<div class=\"zemanta-pixie\"><img data-recalc-dims=\"1\"  title=\"\" decoding=\"async\" class=\"zemanta-pixie-img\"  alt=\"pixy Kuzenine yard\u0131ma geldi sele uyurken yakaland\u0131\"  src=\"https:\/\/i0.wp.com\/img.zemanta.com\/pixy.gif?w=640\" \/><\/div>\n","protected":false},"excerpt":{"rendered":"<p>Selin uykuda yakalad\u0131\u011f\u0131 TIR \u015fof\u00f6rlerinden biri de Fahri Halil Sali (41)`ydi. Bulgaristanl\u0131 Halil Sali, amcao\u011flu Sinan Bilgin`e yard\u0131mc\u0131 olmak i\u00e7in \u0130stanbul`a gelmi\u015fti. Selin vurdu\u011fu sabah, Romanya`ya gitmeye haz\u0131rlan\u0131yorlard\u0131. Ama olmad\u0131. Ecel, Sali`yi sabah 6.00`da uyudu\u011fu TIR`da yakalad\u0131, ayn\u0131 TIR`da bulunan kuzeni ise \u00f6l\u00fcmden son anda kurtuldu. Fahri Halil Sali, 1989 y\u0131l\u0131ndan 2004`e kadar T\u00fcrkiye`de ya\u015fad\u0131. [&hellip;]<\/p>\n","protected":false},"author":331,"featured_media":0,"comment_status":"open","ping_status":"open","sticky":false,"template":"","format":"standard","meta":{"advanced_seo_description":"","jetpack_seo_html_title":"","jetpack_seo_noindex":false,"ngg_post_thumbnail":0,"jetpack_post_was_ever_published":false,"_jetpack_newsletter_access":"","_jetpack_dont_email_post_to_subs":false,"_jetpack_newsletter_tier_id":0,"_jetpack_memberships_contains_paywalled_content":false,"_jetpack_memberships_contains_paid_content":false,"footnotes":""},"categories":[5],"tags":[431,432],"class_list":["post-1793","post","type-post","status-publish","format-standard","hentry","category-haberler","tag-fahri-halil-sali","tag-sinan-bilgin"],"jetpack_featured_media_url":"","jetpack_shortlink":"https:\/\/wp.me\/paHHlZ-sV","jetpack-related-posts":[{"id":1860,"url":"https:\/\/www.gocmeniz.biz\/?p=1860","url_meta":{"origin":1793,"position":0},"title":"Baca\u011f\u0131ndan kur\u015funland\u0131 paralar\u0131 \u00e7al\u0131nd\u0131, r\u00fc\u015fvet verip \u00fclkesine d\u00f6nebildi","author":"Haberci","date":"26 Ekim 2009","format":false,"excerpt":"Bulgaristan`n\u0131n Svilengrad kenti yak\u0131nlar\u0131ndan ge\u00e7erken durdurularak aya\u011f\u0131ndan vurulan T\u00fcrk TIR s\u00fcr\u00fcc\u00fcs\u00fc, gasp edildi. 5 g\u00fcn sonra Bulgar polisine r\u00fc\u015fvet verilerek T\u00fcrkiye`ye getirilen s\u00fcr\u00fcc\u00fc, tedavi alt\u0131na al\u0131nd\u0131.18 y\u0131ll\u0131k TIR s\u00fcr\u00fcc\u00fcs\u00fc Hasan Pehlivan 20 Ekim tarihinde Kap\u0131kule s\u0131n\u0131r kap\u0131s\u0131ndan Bulgaristan`a ge\u00e7ti. Pehlivan, Bulgaristan`a girdikten sonra Swelingrat-Harmanl\u0131 kenti aras\u0131nda seyir halindeyken arac\u0131n\u0131n \u00f6n\u2026","rel":"","context":"&quot;Haberler&quot; i\u00e7inde","block_context":{"text":"Haberler","link":"https:\/\/www.gocmeniz.biz\/?cat=5"},"img":{"alt_text":"","src":"","width":0,"height":0},"classes":[]},{"id":9708,"url":"https:\/\/www.gocmeniz.biz\/?p=9708","url_meta":{"origin":1793,"position":1},"title":"TIR \u015fof\u00f6r\u00fc Ali \u0130ncel, Bulgaristan&#8217;da kar\u0131\u015ft\u0131\u011f\u0131 \u00f6l\u00fcml\u00fc kazan\u0131n ard\u0131ndan 19 ayd\u0131r T\u00fcrkiye&#8217;ye d\u00f6nemiyor","author":"Admin","date":"07 Nisan 2026","format":false,"excerpt":"ULUSLARARASI nakliye firmas\u0131nda \u00e7al\u0131\u015fan TIR \u015fof\u00f6r\u00fc Ali \u0130ncel (56), Bulgaristan'da kar\u0131\u015ft\u0131\u011f\u0131 \u00f6l\u00fcml\u00fc trafik kazas\u0131 sonras\u0131 hakk\u0131ndaki yurt d\u0131\u015f\u0131na \u00e7\u0131k\u0131\u015f yasa\u011f\u0131 nedeniyle 19 ayd\u0131r T\u00fcrkiye'ye d\u00f6nemiyor. Mahkeme taraf\u0131ndan su\u00e7suz bulunmas\u0131na ra\u011fmen savc\u0131n\u0131n itirazlar\u0131 nedeniyle s\u00fcreci uzayan \u0130ncel, bir an \u00f6nce ailesine kavu\u015fmak istedi\u011fini s\u00f6yledi. TIR \u015fof\u00f6r\u00fc Ali \u0130ncel, 8 Eyl\u00fcl 2024'te\u2026","rel":"","context":"&quot;Haberler&quot; i\u00e7inde","block_context":{"text":"Haberler","link":"https:\/\/www.gocmeniz.biz\/?cat=5"},"img":{"alt_text":"","src":"https:\/\/i0.wp.com\/www.gocmeniz.biz\/wp-content\/bulgaristan-da-kazaya-karisan-tir-soforu-turk-19724463_amp.jpg?fit=1200%2C675&ssl=1&resize=350%2C200","width":350,"height":200,"srcset":"https:\/\/i0.wp.com\/www.gocmeniz.biz\/wp-content\/bulgaristan-da-kazaya-karisan-tir-soforu-turk-19724463_amp.jpg?fit=1200%2C675&ssl=1&resize=350%2C200 1x, https:\/\/i0.wp.com\/www.gocmeniz.biz\/wp-content\/bulgaristan-da-kazaya-karisan-tir-soforu-turk-19724463_amp.jpg?fit=1200%2C675&ssl=1&resize=525%2C300 1.5x, https:\/\/i0.wp.com\/www.gocmeniz.biz\/wp-content\/bulgaristan-da-kazaya-karisan-tir-soforu-turk-19724463_amp.jpg?fit=1200%2C675&ssl=1&resize=700%2C400 2x, https:\/\/i0.wp.com\/www.gocmeniz.biz\/wp-content\/bulgaristan-da-kazaya-karisan-tir-soforu-turk-19724463_amp.jpg?fit=1200%2C675&ssl=1&resize=1050%2C600 3x"},"classes":[]},{"id":9711,"url":"https:\/\/www.gocmeniz.biz\/?p=9711","url_meta":{"origin":1793,"position":2},"title":"TIR \u015fof\u00f6rleri Kap\u0131kule&#8217;de beklemekten isyan etti: &#8216;T\u00fcrkiye&#8217;nin ticareti etkileniyor&#8217;","author":"Admin","date":"07 Nisan 2026","format":false,"excerpt":"T\u00dcRK\u0130YE'den ald\u0131klar\u0131 ihra\u00e7 y\u00fcklerini Avrupa'daki \u00fclkelere g\u00f6t\u00fcrmek i\u00e7in Edirne'den Bulgaristan'a a\u00e7\u0131lan Kap\u0131kule S\u0131n\u0131r Kap\u0131s\u0131'na gelen TIR \u015fof\u00f6rleri, son g\u00fcnlerde 90 saati a\u015fan bekleme s\u00fcreleri nedeniyle bir araya gelerek a\u00e7\u0131klama yapt\u0131. TIR \u015fof\u00f6r\u00fc Koray Torun, \"Bu sadece bir meslek sorunu de\u011fil. Bu T\u00fcrkiye ihracat\u0131n\u0131n, ticaretinin ve ekonomisinin sorunudur\" dedi. Bulgaristan'a a\u00e7\u0131lan\u2026","rel":"","context":"&quot;Haberler&quot; i\u00e7inde","block_context":{"text":"Haberler","link":"https:\/\/www.gocmeniz.biz\/?cat=5"},"img":{"alt_text":"","src":"https:\/\/i0.wp.com\/www.gocmeniz.biz\/wp-content\/kapikule-de-bekleme-sureleri-90-saati-asan-ti-19726003_amp.jpg?fit=1200%2C900&ssl=1&resize=350%2C200","width":350,"height":200,"srcset":"https:\/\/i0.wp.com\/www.gocmeniz.biz\/wp-content\/kapikule-de-bekleme-sureleri-90-saati-asan-ti-19726003_amp.jpg?fit=1200%2C900&ssl=1&resize=350%2C200 1x, https:\/\/i0.wp.com\/www.gocmeniz.biz\/wp-content\/kapikule-de-bekleme-sureleri-90-saati-asan-ti-19726003_amp.jpg?fit=1200%2C900&ssl=1&resize=525%2C300 1.5x, https:\/\/i0.wp.com\/www.gocmeniz.biz\/wp-content\/kapikule-de-bekleme-sureleri-90-saati-asan-ti-19726003_amp.jpg?fit=1200%2C900&ssl=1&resize=700%2C400 2x, https:\/\/i0.wp.com\/www.gocmeniz.biz\/wp-content\/kapikule-de-bekleme-sureleri-90-saati-asan-ti-19726003_amp.jpg?fit=1200%2C900&ssl=1&resize=1050%2C600 3x"},"classes":[]},{"id":1258,"url":"https:\/\/www.gocmeniz.biz\/?p=1258","url_meta":{"origin":1793,"position":3},"title":"Naim S\u00fclaymano\u011fu iddialar\u0131 cevaplad\u0131","author":"Haberci","date":"26 May\u0131s 2009","format":false,"excerpt":"Aniden hastaneye kald\u0131r\u0131ld\u0131. `Kronik alkolik` denildi, `diyabet y\u00fcz\u00fcnden` yorumu yap\u0131ld\u0131, `Kollar\u0131 d\u00fcnyalar\u0131 kald\u0131rd\u0131 ama b\u00fcnyesi alkol\u00fc kald\u0131ramad\u0131,` ba\u015fl\u0131klar\u0131 at\u0131ld\u0131. `Cep Herk\u00fcl\u00fc` ilk kez konu\u015ftu. `Ben sporu b\u0131rakm\u0131\u015f\u0131m, 42 ya\u015f\u0131mday\u0131m. \u0130stedi\u011fim kadar i\u00e7ebilirim, kime ne? D\u00fcnyan\u0131n her yerinde sayg\u0131 g\u00f6r\u00fcyoruz ama T\u00fcrkiye`de resmen ayaklar alt\u0131na al\u0131n\u0131yoruz. Benim rahats\u0131z oldu\u011fum \u015fey bu!`\u2026","rel":"","context":"&quot;Haberler&quot; i\u00e7inde","block_context":{"text":"Haberler","link":"https:\/\/www.gocmeniz.biz\/?cat=5"},"img":{"alt_text":"","src":"","width":0,"height":0},"classes":[]},{"id":1694,"url":"https:\/\/www.gocmeniz.biz\/?p=1694","url_meta":{"origin":1793,"position":4},"title":"T\u0131r viyad\u00fckten a\u015fa\u011f\u0131 u\u00e7tu","author":"Haberci","date":"16 A\u011fustos 2009","format":false,"excerpt":"Edirne`de, lasti\u011fi patlayarak bariyerlere \u00e7arpan bir TIR, 14 metre y\u00fckseklikteki viyad\u00fckten d\u00fc\u015ft\u00fc.\u0130ran`dan y\u00fckledi\u011fi PVC`yi Bulgaristan`a g\u00f6t\u00fcrmek \u00fczere yola \u00e7\u0131kan, Bahram Bayati Khatabi y\u00f6netimindeki THR 68613\/14 plakal\u0131 TIR`\u0131n, TEM Otoyolu`nun Edirne y\u00f6n\u00fcndeki Kemal Hay\u0131rl\u0131o\u011flu Viyad\u00fc\u011f\u00fc`nde lasti\u011fi patlad\u0131.S\u00fcr\u00fcc\u00fcn\u00fcn direksiyon hakimiyetini yitirmesi sonucu TIR bariyerlere \u00e7arpt\u0131. \u00c7arpman\u0131n \u015fiddetiyle \u015fof\u00f6r mahalli, dorseden ayr\u0131larak 14\u2026","rel":"","context":"&quot;Haberler&quot; i\u00e7inde","block_context":{"text":"Haberler","link":"https:\/\/www.gocmeniz.biz\/?cat=5"},"img":{"alt_text":"","src":"","width":0,"height":0},"classes":[]},{"id":519,"url":"https:\/\/www.gocmeniz.biz\/?p=519","url_meta":{"origin":1793,"position":5},"title":"Kap\u0131kule \u00e7\u00f6kt\u00fc","author":"Haberci","date":"29 Eyl\u00fcl 2008","format":false,"excerpt":"KAPIKULE G\u00fcmr\u00fck Kap\u0131s\u0131'na \u00e7\u0131k\u0131\u015f i\u00e7in gelen ve Avrupa \u00fclkelerine ihracat \u00fcr\u00fcn\u00fc ta\u015f\u0131yan TIR'lar yakla\u015f\u0131k 30 kilometre kuyruk olu\u015fturdu. Kap\u0131kule'de yeterli personel olmamas\u0131 nedeniyle g\u00fcnlerce kuyrukta bekleyen TIR s\u00fcr\u00fcc\u00fcleri isyan etti. Kap\u0131kule'nin i\u015flem y\u00f6n\u00fcnden \u00e7\u00f6kmesi nedeniyle T\u00fcrk ihra\u00e7 \u00fcr\u00fcnleri de zamanda teslim noktalar\u0131na ula\u015fam\u0131yor. T\u00fcrkiye'de i\u00e7 g\u00fcmr\u00fcklerden ald\u0131klar\u0131 narenciye, tekstil ve\u2026","rel":"","context":"&quot;Haberler&quot; i\u00e7inde","block_context":{"text":"Haberler","link":"https:\/\/www.gocmeniz.biz\/?cat=5"},"img":{"alt_text":"","src":"","width":0,"height":0},"classes":[]}],"jetpack_sharing_enabled":true,"jetpack_likes_enabled":true,"_links":{"self":[{"href":"https:\/\/www.gocmeniz.biz\/index.php?rest_route=\/wp\/v2\/posts\/1793","targetHints":{"allow":["GET"]}}],"collection":[{"href":"https:\/\/www.gocmeniz.biz\/index.php?rest_route=\/wp\/v2\/posts"}],"about":[{"href":"https:\/\/www.gocmeniz.biz\/index.php?rest_route=\/wp\/v2\/types\/post"}],"author":[{"embeddable":true,"href":"https:\/\/www.gocmeniz.biz\/index.php?rest_route=\/wp\/v2\/users\/331"}],"replies":[{"embeddable":true,"href":"https:\/\/www.gocmeniz.biz\/index.php?rest_route=%2Fwp%2Fv2%2Fcomments&post=1793"}],"version-history":[{"count":1,"href":"https:\/\/www.gocmeniz.biz\/index.php?rest_route=\/wp\/v2\/posts\/1793\/revisions"}],"predecessor-version":[{"id":9000,"href":"https:\/\/www.gocmeniz.biz\/index.php?rest_route=\/wp\/v2\/posts\/1793\/revisions\/9000"}],"wp:attachment":[{"href":"https:\/\/www.gocmeniz.biz\/index.php?rest_route=%2Fwp%2Fv2%2Fmedia&parent=1793"}],"wp:term":[{"taxonomy":"category","embeddable":true,"href":"https:\/\/www.gocmeniz.biz\/index.php?rest_route=%2Fwp%2Fv2%2Fcategories&post=1793"},{"taxonomy":"post_tag","embeddable":true,"href":"https:\/\/www.gocmeniz.biz\/index.php?rest_route=%2Fwp%2Fv2%2Ftags&post=1793"}],"curies":[{"name":"wp","href":"https:\/\/api.w.org\/{rel}","templated":true}]}}