{"id":1795,"date":"2009-09-12T12:39:24","date_gmt":"2009-09-12T09:39:24","guid":{"rendered":"http:\/\/www.gocmeniz.biz\/?p=1795"},"modified":"2026-04-03T12:25:38","modified_gmt":"2026-04-03T09:25:38","slug":"ayse-teyzeye-selden-iki-fotograf-kaldi","status":"publish","type":"post","link":"https:\/\/www.gocmeniz.biz\/?p=1795","title":{"rendered":"Ay\u015fe teyzeye selden iki foto\u011fraf kald\u0131"},"content":{"rendered":"<p><b><img data-recalc-dims=\"1\"  title=\"\"  alt=\"090911-ayseteyze.300w Ay\u015fe teyzeye selden iki foto\u011fraf kald\u0131\" decoding=\"async\" style=\"max-width: 800px; float: left; margin-top: 10px; margin-bottom: 10px; margin-right: 10px;\" src=\"https:\/\/i0.wp.com\/media3.ntvmsnbc.com\/j\/NTVMSNBC\/Components\/ArtAndPhoto-Fronts\/Sections-StoryLevel\/T%C3%BCrkiye\/090911-ayseteyze.300w.jpg?w=640\" \/>Selde ya\u015fanan dramlar i\u00e7inde Ay\u015fe teyzenin ac\u0131s\u0131 y\u00fcrekleri burktu. E\u015fini ge\u00e7en y\u0131l kaybeden ve o\u011flunu da 10 y\u0131l \u00f6nce \u015fehit veren Ay\u015fe \u015eent\u00fcrk&#8217;\u00fcn evi de Silivri&#8217;deki selde hasar g\u00f6rd\u00fc. <br \/><\/b><br \/><i>Sena K\u0130PER<\/i><\/p>\n<p>\u0130STANBUL &#8211; \u0130stanbul&#8217;daki sel binlerce vatanda\u015f\u0131n can\u0131n\u0131 yakt\u0131. Bunlar\u0131n i\u00e7inde biri vard\u0131 ki onun durumu y\u00fcrekleri burktu. Kocas\u0131n\u0131 ge\u00e7en y\u0131l akci\u011fer kanserinden kaybeden, 10 y\u0131l \u00f6nce de o\u011flunu \u015fehit veren Ay\u015fe \u015eent\u00fcrk, selle birlikte bir darbe daha ald\u0131.<\/p>\n<p>Bir komu\u015funun evinde kalan Ay\u015fe teyzeyle, NTV Muhabiri Sena Kiper konu\u015ftu:<\/p>\n<p>&#8220;Hi\u00e7bir \u015feyimiz olmadan Bulgaristan&#8217;\u0131 terk ettik. Buraya geldikten 4 sene sonra o\u011flum askere gitti. T\u00fcrk toplumuna asker yapaca\u011f\u0131m diye \u015ferefle askere g\u00f6nderdim onu. Bulgaristan&#8217;a k\u0131z\u0131m\u0131 ve torunlar\u0131m\u0131 g\u00f6rmeye giderken haberi geldi ve geri d\u00f6nd\u00fcm. Yaralanm\u0131\u015f dediler ve beni g\u00f6t\u00fcrd\u00fcler&#8230;<\/p>\n<p>Askere gidince o\u011flum burada ev istedi. Silivri&#8217;de yapt\u0131k evi. O\u011flum askerden d\u00f6n\u00fcnce ta\u015f\u0131nacakt\u0131k; onun eviydi. O\u011flumun evimden \u00e7\u0131kmam. Bir \u00e7ekyat\u0131m da olsa buradan \u00e7\u0131kmam. Bana zor gelen, onun e\u015fyalar\u0131n\u0131 \u00e7amurdan \u00e7\u0131kar\u0131rken bayra\u011f\u0131 elime ge\u00e7ti. Seni koruyamad\u0131m dedim..<\/p>\n<p>Selden sonra askerler geldi. Beni evden \u00e7\u0131kard\u0131lar ve her \u015feyi toplad\u0131lar. Hat\u0131ra olarak kocam\u0131n ve o\u011flumun resmi ile o\u011flumun bayra\u011f\u0131 kald\u0131; ba\u015fka bir \u015fey yok. Beni yaralayan o\u011flumun ba\u015fka hat\u0131ras\u0131n\u0131n kalmay\u0131\u015f\u0131 oldu; \u00e7ok \u00fcz\u00fcld\u00fcm.<\/p>\n<p>O\u011flumuzu kaybettik, \u00f6ld\u00fck m\u00fc; hay\u0131r \u00f6lmedik. Onun gelen maa\u015f\u0131 ile ya\u015fad\u0131k ve idare ettik ama \u015fimdi s\u0131f\u0131ra d\u00fc\u015ft\u00fck. Bulgaristan&#8217;dan kimsesiz geldik, ya\u015f\u0131m 63 ve bu saatten sonra ne \u00e7al\u0131\u015fabilir ne de ev yapabilirim. Bir ev kald\u0131 hat\u0131ra olarak. O\u011flumun bayra\u011f\u0131na sar\u0131l\u0131p yatabilirim.<\/p>\n<p><b>NE \u0130ST\u0130YOR!<\/b><br \/>Selden sonra komutan geldi ve &#8216;bayramda o\u011flumun yan\u0131na gitmek istiyorum&#8217; dedim. Komutan sa\u011folsun &#8216;biz seni g\u00f6t\u00fcr\u00fcr-getiririz&#8217; dedi. Bayramlarda ve anneler g\u00fcn\u00fcnde beni yaln\u0131z b\u0131rakm\u0131yor. S\u0131k\u0131ld\u0131\u011f\u0131m zaman jandarmaya gider, \u00e7aylar\u0131n\u0131 i\u00e7er geri d\u00f6nerim. Onlar geldi mi evlad\u0131m gelmi\u015f gibi oluyor.<\/p>\n<p>Evimi b\u0131rakmayaca\u011f\u0131\u0131m, bir par\u00e7a ekmek de bulsam oturur yerim. O\u011flum bana evinden \u00e7\u0131kma dedi. <\/p>\n<p><a target=\"_blank\" href=\"http:\/\/video.ntvmsnbc.com\/Default.aspx?QueryStringValue=58585858585886864535297572776530536430863533306530536430333033456551626714401180343980748072\"><big><b>&#8220;AY\u015eE TEYZEN\u0130N DRAMI&#8221; V\u0130DEO&#8217;YU \u0130ZLEMEK \u0130\u00c7\u0130N TIKLAYINIZ.<\/b><\/big><\/a><\/p>\n<div class=\"zemanta-pixie\"><img data-recalc-dims=\"1\"  title=\"\" decoding=\"async\" class=\"zemanta-pixie-img\"  alt=\"pixy Ay\u015fe teyzeye selden iki foto\u011fraf kald\u0131\"  src=\"https:\/\/i0.wp.com\/img.zemanta.com\/pixy.gif?w=640\" \/><\/div>\n","protected":false},"excerpt":{"rendered":"<p>Selde ya\u015fanan dramlar i\u00e7inde Ay\u015fe teyzenin ac\u0131s\u0131 y\u00fcrekleri burktu. E\u015fini ge\u00e7en y\u0131l kaybeden ve o\u011flunu da 10 y\u0131l \u00f6nce \u015fehit veren Ay\u015fe \u015eent\u00fcrk&#8217;\u00fcn evi de Silivri&#8217;deki selde hasar g\u00f6rd\u00fc. Sena K\u0130PER \u0130STANBUL &#8211; \u0130stanbul&#8217;daki sel binlerce vatanda\u015f\u0131n can\u0131n\u0131 yakt\u0131. Bunlar\u0131n i\u00e7inde biri vard\u0131 ki onun durumu y\u00fcrekleri burktu. Kocas\u0131n\u0131 ge\u00e7en y\u0131l akci\u011fer kanserinden kaybeden, 10 [&hellip;]<\/p>\n","protected":false},"author":331,"featured_media":0,"comment_status":"open","ping_status":"open","sticky":false,"template":"","format":"standard","meta":{"advanced_seo_description":"","jetpack_seo_html_title":"","jetpack_seo_noindex":false,"ngg_post_thumbnail":0,"jetpack_post_was_ever_published":false,"_jetpack_newsletter_access":"","_jetpack_dont_email_post_to_subs":false,"_jetpack_newsletter_tier_id":0,"_jetpack_memberships_contains_paywalled_content":false,"_jetpack_memberships_contains_paid_content":false,"footnotes":""},"categories":[5],"tags":[],"class_list":["post-1795","post","type-post","status-publish","format-standard","hentry","category-haberler"],"jetpack_featured_media_url":"","jetpack_shortlink":"https:\/\/wp.me\/paHHlZ-sX","jetpack-related-posts":[{"id":2181,"url":"https:\/\/www.gocmeniz.biz\/?p=2181","url_meta":{"origin":1795,"position":0},"title":"Krizdeki Bulgaristan`da tavuklar para yumurtluyor","author":"Haberci","date":"28 Eyl\u00fcl 2010","format":false,"excerpt":"Bulgaristan`da krizle birlikte gelen nakit s\u0131k\u0131nt\u0131s\u0131, halk\u0131 paran\u0131n icad\u0131ndan \u00f6nceki d\u00f6nemlere g\u00f6t\u00fcrd\u00fc. Takas uygulamas\u0131na d\u00f6n\u00fclen \u00fclkede, vatanda\u015f yumurta sat\u0131p al\u0131\u015fveri\u015f yap\u0131yor Bulgaristan`da ekonomik krizle birlikte gelen nakit s\u0131k\u0131nt\u0131s\u0131 halk\u0131 paran\u0131n icad\u0131ndan \u00f6nceki d\u00f6nemlere g\u00f6t\u00fcrd\u00fc. \u00dclkede 1990`l\u0131 y\u0131llar\u0131n ba\u015flar\u0131nda ve 1996-1997 krizinde yayg\u0131n olarak g\u00f6r\u00fclen takas uygulamas\u0131 geri d\u00f6nd\u00fc. 70 YUMURTAYA\u2026","rel":"","context":"&quot;Haberler&quot; i\u00e7inde","block_context":{"text":"Haberler","link":"https:\/\/www.gocmeniz.biz\/?cat=5"},"img":{"alt_text":"","src":"","width":0,"height":0},"classes":[]},{"id":119,"url":"https:\/\/www.gocmeniz.biz\/?p=119","url_meta":{"origin":1795,"position":1},"title":"Haf\u0131za Kayb\u0131 Ya\u015fayan 55 Ya\u015f\u0131ndaki Kad\u0131n\u0131n Yak\u0131nlar\u0131 Aran\u0131yor","author":"Admin","date":"07 Temmuz 2007","format":false,"excerpt":"Kocaeli'de sokakta kalan ma\u011fdur vatanda\u015flar i\u00e7in kurulan bar\u0131nma evi, haf\u0131za kayb\u0131 ya\u015fayan ve ad\u0131n\u0131n Ay\u015fe Yasmen oldu\u011funu belirten 55 ya\u015f\u0131ndaki kad\u0131na sahip \u00e7\u0131kt\u0131. Bulgar g\u00f6\u00e7meni oldu\u011fu belirlenen kad\u0131n\u0131n yak\u0131nlar\u0131n\u0131n bulunmas\u0131na \u00e7al\u0131\u015f\u0131l\u0131yor. Kocaeli'de sokakta kalan ma\u011fdur vatanda\u015flar i\u00e7in kurulan bar\u0131nma evi, haf\u0131za kayb\u0131 ya\u015fayan ve ad\u0131n\u0131n Ay\u015fe Yasmen oldu\u011funu belirten 55\u2026","rel":"","context":"&quot;Haberler&quot; i\u00e7inde","block_context":{"text":"Haberler","link":"https:\/\/www.gocmeniz.biz\/?cat=5"},"img":{"alt_text":"","src":"","width":0,"height":0},"classes":[]},{"id":388,"url":"https:\/\/www.gocmeniz.biz\/?p=388","url_meta":{"origin":1795,"position":2},"title":"Plovdiv fuar\u0131nda yeni imkanlar sunuluyor","author":"Haberci","date":"17 May\u0131s 2008","format":false,"excerpt":"Bu y\u0131l 28.\u2019si d\u00fczenlenen Plovdiv \u0130lkbahar Fuar\u0131, 12 \u2013 17 May\u0131s tarihleri aras\u0131nda Plovdiv\u2019de ger\u00e7ekle\u015ftiriliyor. Toplam bin firman\u0131n i\u015ftirak edece\u011fi fuara T\u00fcrkiye, Polonya ve Endonezya milli kat\u0131l\u0131m ger\u00e7ekle\u015ftiriyor. Fuara 36 \u00fclkeden toplam bin firma kat\u0131l\u0131rken, bunlar\u0131n 655\u2019i yerli, di\u011fer 345 firma ise yabanc\u0131 kaynakl\u0131. Bu y\u0131l T\u00fcrkiye yine en \u00e7ok\u2026","rel":"","context":"Benzer yaz\u0131","block_context":{"text":"Benzer yaz\u0131","link":""},"img":{"alt_text":"","src":"","width":0,"height":0},"classes":[]},{"id":1749,"url":"https:\/\/www.gocmeniz.biz\/?p=1749","url_meta":{"origin":1795,"position":3},"title":"10 bin g\u00f6\u00e7men vatanda\u015fa &#8220;konut paras\u0131&#8221; uyar\u0131s\u0131","author":"Haberci","date":"31 A\u011fustos 2009","format":false,"excerpt":"AA Bulgaristan'dan 1989-1995 d\u00f6neminde zorunlu g\u00f6\u00e7le gelen, paras\u0131n\u0131 yat\u0131r\u0131p, devletten konut almak i\u00e7in ortalama 17 y\u0131ld\u0131r bekleyen, ancak konut alamayan vatanda\u015flar\u0131n, nemalanm\u0131\u015f bir \u015fekilde paras\u0131n\u0131 almak i\u00e7in y\u0131l sonuna kadar Toplu Konut \u0130daresi'ne (TOK\u0130) ba\u015fvurmas\u0131 gerekiyor. G\u00f6\u00e7men vatanda\u015flar\u0131n ba\u015fvurmamas\u0131 halinde para, g\u00f6\u00e7men konutlar\u0131 hesab\u0131na gelir kaydedilecek. TOK\u0130 yetkililerinden edinilen bilgiye\u2026","rel":"","context":"&quot;Haberler&quot; i\u00e7inde","block_context":{"text":"Haberler","link":"https:\/\/www.gocmeniz.biz\/?cat=5"},"img":{"alt_text":"","src":"","width":0,"height":0},"classes":[]},{"id":968,"url":"https:\/\/www.gocmeniz.biz\/?p=968","url_meta":{"origin":1795,"position":4},"title":"BALKAN SAVA\u015eI \u015eEH\u0130TLER\u0130 T\u00d6RENLE ANILDI","author":"Haberci","date":"27 Mart 2009","format":false,"excerpt":"Balkan Sava\u015flar\u0131 s\u0131ras\u0131nda \u015fehit d\u00fc\u015fen askerler Edirne'de d\u00fczenlenen t\u00f6renle an\u0131ld\u0131. Her y\u0131l 26 mart tarihinde yap\u0131lan anma t\u00f6reni \u015e\u00fckr\u00fc Pa\u015fa An\u0131t\u0131'n\u0131n bulundu\u011fu Bu\u00e7uktepe'de d\u00fczenlendi. T\u00f6rene Edirne Valisi Mustafa B\u00fcy\u00fck, Belediye Ba\u015fkanvekili Nam\u0131k Kemal D\u00f6leneken, Garnizon Komutan\u0131 Tu\u011fgeneral Pa\u015fa \u00d6zen ve \u00e7ok say\u0131da daire m\u00fcd\u00fcr\u00fc kat\u0131ld\u0131. Sayg\u0131 duru\u015funun yap\u0131lmas\u0131 ve \u0130stiklal\u2026","rel":"","context":"&quot;Haberler&quot; i\u00e7inde","block_context":{"text":"Haberler","link":"https:\/\/www.gocmeniz.biz\/?cat=5"},"img":{"alt_text":"","src":"","width":0,"height":0},"classes":[]},{"id":441,"url":"https:\/\/www.gocmeniz.biz\/?p=441","url_meta":{"origin":1795,"position":5},"title":"BELENE \u0130\u015e KONSEY\u0130&#8217;NDEN DEVREK&#8217;E Z\u0130YARET","author":"Haberci","date":"19 Haziran 2008","format":false,"excerpt":"Zonguldak'\u0131n Devrek \u0130l\u00e7esi'ne Bulgaristan'\u0131n Belene kentinden gelen heyet il\u00e7ede ziyaretlerde bulundu.Yakla\u015f\u0131k 3 y\u0131l \u00f6nce Bulgaristan'\u0131n Belene Kenti Belediyesi ile Zonguldak'\u0131n Devrek \u0130l\u00e7esi Belediyesi aras\u0131nda yap\u0131lan anla\u015fma ile iki \u015fehir karde\u015f \u015fehir kabul edilmi\u015fti. \u00dc\u00e7 y\u0131ll\u0131k aradan sonra ilk kez il\u00e7eye gelen Belene Belediye Ba\u015fkan Yard\u0131mc\u0131s\u0131, belde ba\u015fkanlar\u0131, i\u015f adamlar\u0131, i\u015f\u2026","rel":"","context":"Benzer yaz\u0131","block_context":{"text":"Benzer yaz\u0131","link":""},"img":{"alt_text":"","src":"","width":0,"height":0},"classes":[]}],"jetpack_sharing_enabled":true,"jetpack_likes_enabled":true,"_links":{"self":[{"href":"https:\/\/www.gocmeniz.biz\/index.php?rest_route=\/wp\/v2\/posts\/1795","targetHints":{"allow":["GET"]}}],"collection":[{"href":"https:\/\/www.gocmeniz.biz\/index.php?rest_route=\/wp\/v2\/posts"}],"about":[{"href":"https:\/\/www.gocmeniz.biz\/index.php?rest_route=\/wp\/v2\/types\/post"}],"author":[{"embeddable":true,"href":"https:\/\/www.gocmeniz.biz\/index.php?rest_route=\/wp\/v2\/users\/331"}],"replies":[{"embeddable":true,"href":"https:\/\/www.gocmeniz.biz\/index.php?rest_route=%2Fwp%2Fv2%2Fcomments&post=1795"}],"version-history":[{"count":1,"href":"https:\/\/www.gocmeniz.biz\/index.php?rest_route=\/wp\/v2\/posts\/1795\/revisions"}],"predecessor-version":[{"id":8999,"href":"https:\/\/www.gocmeniz.biz\/index.php?rest_route=\/wp\/v2\/posts\/1795\/revisions\/8999"}],"wp:attachment":[{"href":"https:\/\/www.gocmeniz.biz\/index.php?rest_route=%2Fwp%2Fv2%2Fmedia&parent=1795"}],"wp:term":[{"taxonomy":"category","embeddable":true,"href":"https:\/\/www.gocmeniz.biz\/index.php?rest_route=%2Fwp%2Fv2%2Fcategories&post=1795"},{"taxonomy":"post_tag","embeddable":true,"href":"https:\/\/www.gocmeniz.biz\/index.php?rest_route=%2Fwp%2Fv2%2Ftags&post=1795"}],"curies":[{"name":"wp","href":"https:\/\/api.w.org\/{rel}","templated":true}]}}