{"id":1801,"date":"2009-09-15T08:28:24","date_gmt":"2009-09-15T05:28:24","guid":{"rendered":"http:\/\/www.gocmeniz.biz\/?p=1801"},"modified":"2026-04-03T12:25:38","modified_gmt":"2026-04-03T09:25:38","slug":"sofya-banyabasi-camii-dibinde-baslatilan-metro-kazisi-camide-catlaklar-meydana-getirdi","status":"publish","type":"post","link":"https:\/\/www.gocmeniz.biz\/?p=1801","title":{"rendered":"SOFYA BANYABA\u015eI CAM\u0130\u0130 D\u0130B\u0130NDE BA\u015eLATILAN METRO KAZISI CAM\u0130DE \u00c7ATLAKLAR MEYDANA GET\u0130RD\u0130"},"content":{"rendered":"<p><b><a target=\"_blank\" href=\"https:\/\/i0.wp.com\/www.kircaalihaber.com\/tr_haber_images\/800px-Banya-basi-camii.jpg\"><img data-recalc-dims=\"1\"  title=\"\"  alt=\"800px-Banya-basi-camii SOFYA BANYABA\u015eI CAM\u0130\u0130 D\u0130B\u0130NDE BA\u015eLATILAN METRO KAZISI CAM\u0130DE \u00c7ATLAKLAR MEYDANA GET\u0130RD\u0130\" loading=\"lazy\" decoding=\"async\" style=\"max-width: 800px; float: left; margin-top: 10px; margin-bottom: 10px; margin-right: 10px;\" src=\"https:\/\/i0.wp.com\/www.kircaalihaber.com\/tr_haber_images\/800px-Banya-basi-camii.jpg?resize=350%2C262\" height=\"262\" width=\"350\" \/><\/a>Bulgaristan Ba\u015fm\u00fcft\u00fcl\u00fc\u011f\u00fc, Osmanl\u0131 eseri Banyaba\u015f\u0131 camiine iki metre yak\u0131nl\u0131kta ba\u015flat\u0131lan metro kaz\u0131s\u0131n\u0131n camide \u00e7atlaklar meydana getirdi\u011fini bildirdi.<\/b><\/p>\n<p>Medya organlar\u0131na g\u00f6nderilen bildiride &#8220;M\u00fcsl\u00fcman cemaatin temsilcileri olarak cami dibinde ba\u015flat\u0131lan bu in\u015faat\u0131 protesto ediyoruz&#8221; denildi.<\/p>\n<p>Hafriyat \u00e7al\u0131\u015fmas\u0131 cami duvarlar\u0131 ve kubbede \u00e7atlaklar meydana getirmi\u015f durumda. M\u00fcft\u00fcl\u00fck, caminin bir ibadethane olmas\u0131n\u0131n yan\u0131nda ayn\u0131 zamanda k\u00fclt\u00fcr an\u0131t\u0131 kapsam\u0131nda oldu\u011funu da hat\u0131rlat\u0131yor. M\u00fcft\u00fcl\u00fck yetkilileri, K\u00fclt\u00fcr bakanl\u0131\u011f\u0131 ve Sofya B\u00fcy\u00fck\u015fehir belediyesine in\u015faat \u00e7al\u0131\u015fmas\u0131n\u0131n durdurulmas\u0131 i\u00e7in ba\u015fvuruda bulunduklar\u0131n\u0131 ancak kendilerine gerekli \u00f6nlemlerin al\u0131nd\u0131\u011f\u0131na dair cevep verildi\u011fini belirtiyorlar. Fakat b\u00fct\u00fcn bunlara ra\u011fmen camide hasar olu\u015fmaya devam ediyor.<\/p>\n<p>Bildirinin sonunda \u015fu ifadelere yer veriliyor: &#8220;\u0130slam de\u011ferlerine kar\u015f\u0131 sergilenen sorumsuzca davran\u0131\u015flar, son y\u0131llarda Bulgaristan m\u00fcsl\u00fcman toplumu ve sorunlar\u0131na kar\u015f\u0131 negatif bir tutumun s\u00fcreklili\u011fine dair ku\u015fkular\u0131m\u0131z\u0131 g\u00fc\u00e7lendiriyor.&#8221;<\/p>\n<p><i>Kaynak : www.k\u0131rcaalihaber.com <\/i><\/p>\n<div class=\"zemanta-pixie\"><img data-recalc-dims=\"1\"  title=\"\" decoding=\"async\" class=\"zemanta-pixie-img\"  alt=\"pixy SOFYA BANYABA\u015eI CAM\u0130\u0130 D\u0130B\u0130NDE BA\u015eLATILAN METRO KAZISI CAM\u0130DE \u00c7ATLAKLAR MEYDANA GET\u0130RD\u0130\"  src=\"https:\/\/i0.wp.com\/img.zemanta.com\/pixy.gif?w=640\" \/><\/div>\n","protected":false},"excerpt":{"rendered":"<p>Bulgaristan Ba\u015fm\u00fcft\u00fcl\u00fc\u011f\u00fc, Osmanl\u0131 eseri Banyaba\u015f\u0131 camiine iki metre yak\u0131nl\u0131kta ba\u015flat\u0131lan metro kaz\u0131s\u0131n\u0131n camide \u00e7atlaklar meydana getirdi\u011fini bildirdi. Medya organlar\u0131na g\u00f6nderilen bildiride &#8220;M\u00fcsl\u00fcman cemaatin temsilcileri olarak cami dibinde ba\u015flat\u0131lan bu in\u015faat\u0131 protesto ediyoruz&#8221; denildi. Hafriyat \u00e7al\u0131\u015fmas\u0131 cami duvarlar\u0131 ve kubbede \u00e7atlaklar meydana getirmi\u015f durumda. M\u00fcft\u00fcl\u00fck, caminin bir ibadethane olmas\u0131n\u0131n yan\u0131nda ayn\u0131 zamanda k\u00fclt\u00fcr an\u0131t\u0131 kapsam\u0131nda oldu\u011funu [&hellip;]<\/p>\n","protected":false},"author":331,"featured_media":0,"comment_status":"open","ping_status":"open","sticky":false,"template":"","format":"standard","meta":{"advanced_seo_description":"","jetpack_seo_html_title":"","jetpack_seo_noindex":false,"ngg_post_thumbnail":0,"jetpack_post_was_ever_published":false,"_jetpack_newsletter_access":"","_jetpack_dont_email_post_to_subs":false,"_jetpack_newsletter_tier_id":0,"_jetpack_memberships_contains_paywalled_content":false,"_jetpack_memberships_contains_paid_content":false,"footnotes":""},"categories":[5],"tags":[],"class_list":["post-1801","post","type-post","status-publish","format-standard","hentry","category-haberler"],"jetpack_featured_media_url":"","jetpack_shortlink":"https:\/\/wp.me\/paHHlZ-t3","jetpack-related-posts":[{"id":2198,"url":"https:\/\/www.gocmeniz.biz\/?p=2198","url_meta":{"origin":1801,"position":0},"title":"Bulgaristan&#8217;daki Ataka Partisinin Irk\u00e7\u0131 Eylemi","author":"Haberci","date":"23 May\u0131s 2011","format":false,"excerpt":"Alperen Ocaklar\u0131 Edirne \u015eube Ba\u015fkan\u0131 Alpaslan Cankalo\u011flu, \"Bulgaristan'daki Ataka Partisi taraftarlar\u0131n\u0131n Sofya Banyaba\u015f\u0131 Caminde namaz k\u0131lan cemaate sald\u0131r\u0131p, cemaatin \u00fczerine yumurta at\u0131p ve bir seccadeyi yakmalar\u0131n\u0131 esefle k\u0131n\u0131yoruz\" dedi. Cankalo\u011flu, yapt\u0131\u011f\u0131 yaz\u0131l\u0131 a\u00e7\u0131klamada, ibadet i\u00e7in camiye giden soyda\u015flar\u0131m\u0131za y\u00f6nelik sald\u0131r\u0131lar\u0131n hi\u00e7 bir \u015fekilde kabul edilemeyece\u011fini bildirdi.\"Bulgaristan'daki Ataka Partisi taraftarlar\u0131n\u0131n Sofya\u2026","rel":"","context":"&quot;Haberler&quot; i\u00e7inde","block_context":{"text":"Haberler","link":"https:\/\/www.gocmeniz.biz\/?cat=5"},"img":{"alt_text":"","src":"","width":0,"height":0},"classes":[]},{"id":8389,"url":"https:\/\/www.gocmeniz.biz\/?p=8389","url_meta":{"origin":1801,"position":1},"title":"Balkanlar&#8217;da M\u00fcsl\u00fcmanlar Ramazan Bayram\u0131 namaz\u0131n\u0131 k\u0131ld\u0131","author":"Admin","date":"20 Mart 2026","format":false,"excerpt":"Balkan \u00fclkeleri Kuzey Makedonya, Arnavutluk, Kosova, Bosna Hersek, S\u0131rbistan, H\u0131rvatistan, Bulgaristan ve Karada\u011f'da ya\u015fayan M\u00fcsl\u00fcmanlar, Ramazan Bayram\u0131 namaz\u0131n\u0131 k\u0131lmak i\u00e7in camilere ak\u0131n etti. Kuzey Makedonya'da Ramazan Bayram\u0131 dolay\u0131s\u0131yla merkezi t\u00f6ren, Kuzey Makedonya \u0130slam Birli\u011fi (Diyanet \u0130\u015fleri) himayelerinde ba\u015fkent \u00dcsk\u00fcp'teki Mustafa Pa\u015fa Camisi'nde d\u00fczenlendi. Program kapsam\u0131nda ilahiler okundu, dualar edildi. Ramazan\u2026","rel":"","context":"&quot;Haberler&quot; i\u00e7inde","block_context":{"text":"Haberler","link":"https:\/\/www.gocmeniz.biz\/?cat=5"},"img":{"alt_text":"","src":"https:\/\/i0.wp.com\/www.gocmeniz.biz\/wp-content\/balkanlar-da-muslumanlar-ramazan-bayrami-nama-19673761_amp.jpg?fit=1200%2C800&ssl=1&resize=350%2C200","width":350,"height":200,"srcset":"https:\/\/i0.wp.com\/www.gocmeniz.biz\/wp-content\/balkanlar-da-muslumanlar-ramazan-bayrami-nama-19673761_amp.jpg?fit=1200%2C800&ssl=1&resize=350%2C200 1x, https:\/\/i0.wp.com\/www.gocmeniz.biz\/wp-content\/balkanlar-da-muslumanlar-ramazan-bayrami-nama-19673761_amp.jpg?fit=1200%2C800&ssl=1&resize=525%2C300 1.5x, https:\/\/i0.wp.com\/www.gocmeniz.biz\/wp-content\/balkanlar-da-muslumanlar-ramazan-bayrami-nama-19673761_amp.jpg?fit=1200%2C800&ssl=1&resize=700%2C400 2x, https:\/\/i0.wp.com\/www.gocmeniz.biz\/wp-content\/balkanlar-da-muslumanlar-ramazan-bayrami-nama-19673761_amp.jpg?fit=1200%2C800&ssl=1&resize=1050%2C600 3x"},"classes":[]},{"id":326,"url":"https:\/\/www.gocmeniz.biz\/?p=326","url_meta":{"origin":1801,"position":2},"title":"Bulgaristan&#8217;da 4,2 B\u00fcy\u00fckl\u00fc\u011f\u00fcnde Deprem","author":"Haberci","date":"16 Nisan 2008","format":false,"excerpt":"Bulgaristan'da sabah saatlerinde meydana gelen, Richter \u00f6l\u00e7e\u011fine g\u00f6re 4,2 b\u00fcy\u00fckl\u00fc\u011f\u00fcndeki deprem pani\u011fe yol a\u00e7t\u0131.Bulgaristan Bilimler Akademisi Merkez Rasathanesinden yap\u0131lan a\u00e7\u0131klamaya g\u00f6re, saat 06.30'da meydana gelen ve merkez \u00fcss\u00fc ba\u015fkent Sofya'n\u0131n 170 kilometre do\u011fusunda olan deprem, Gabrovo kentinde de hissedildi.Pani\u011fe yol a\u00e7an depremde, ilk belirlemelere g\u00f6re can ve mal kayb\u0131 olmad\u0131.\u2026","rel":"","context":"&quot;Haberler&quot; i\u00e7inde","block_context":{"text":"Haberler","link":"https:\/\/www.gocmeniz.biz\/?cat=5"},"img":{"alt_text":"","src":"","width":0,"height":0},"classes":[]},{"id":632,"url":"https:\/\/www.gocmeniz.biz\/?p=632","url_meta":{"origin":1801,"position":3},"title":"Sofya\u2019da iki deprem meydana geldi","author":"Haberci","date":"17 Kas\u0131m 2008","format":false,"excerpt":"Pazar sabah\u0131 saat 7.05 sular\u0131nda Rihter \u00f6l\u00e7e\u011finde 3,5 \u015fiddetinde bir deprem daha Sofya\u2019y\u0131 sallad\u0131.Depremin merkezi Sofya\u2019n\u0131n 5 kilometre g\u00fcneyinde tespit edildi.Sivil Savunma ekipleri ve Merkez Polis M\u00fcd\u00fcrl\u00fc\u011f\u00fcne g\u00f6reikince depremden sonra Sofya\u2019da hasar yoktur.Elekrik kesintisi ya\u015fanmazken,baraj ve su \u015febekesinde de hasar tespit edilmemi\u015ftir.\u015eehir metrosu da normal \u00e7al\u0131\u015fmaktad\u0131r.Rihter \u00f6l\u00e7e\u011fine g\u00f6re 4 \u015fiddetinde\u2026","rel":"","context":"&quot;Haberler&quot; i\u00e7inde","block_context":{"text":"Haberler","link":"https:\/\/www.gocmeniz.biz\/?cat=5"},"img":{"alt_text":"","src":"","width":0,"height":0},"classes":[]},{"id":381,"url":"https:\/\/www.gocmeniz.biz\/?p=381","url_meta":{"origin":1801,"position":4},"title":"Bulgaristan&#8217;da 4.5&#8217;lik Deprem","author":"Haberci","date":"12 May\u0131s 2008","format":false,"excerpt":"Bulgaristan'da, merkez \u00fcss\u00fc ba\u015fkent Sofya'n\u0131n 270 kilometre kuzeydo\u011fusu olan, Richter \u00f6l\u00e7e\u011fine g\u00f6re 4,5 b\u00fcy\u00fckl\u00fc\u011f\u00fcnde bir deprem meydana geldi.Bulgaristan Bilimler Akademisine ba\u011fl\u0131 Sismoloji Merkezinden yap\u0131lan a\u00e7\u0131klamaya g\u00f6re, Strajitza kasabas\u0131n\u0131n bulundu\u011fu b\u00f6lgede 10 saniye s\u00fcren deprem, Sliven, Yambol, Razgrad, Silistre ve Dobuca adl\u0131 yerle\u015fim birimlerinde de hissedildi.Deprem, Strajitza kasabas\u0131nda korku ve pani\u011fe\u2026","rel":"","context":"Benzer yaz\u0131","block_context":{"text":"Benzer yaz\u0131","link":""},"img":{"alt_text":"","src":"","width":0,"height":0},"classes":[]},{"id":230,"url":"https:\/\/www.gocmeniz.biz\/?p=230","url_meta":{"origin":1801,"position":5},"title":"T\u00fcrkiye, Sofya Uluslararas\u0131 Kitap Fuar\u0131&#8217;na 2 Bin Kitapla Kat\u0131lacak","author":"Admin","date":"04 Aral\u0131k 2007","format":false,"excerpt":"K\u00fclt\u00fcr ve Turizm Bakanl\u0131\u011f\u0131, 5-9 Aral\u0131k tarihleri aras\u0131nda d\u00fczenlenecek Sofya Uluslar aras\u0131 Kitap Fuar\u0131'na T\u00fcrkiye'nin k\u00fclt\u00fcrel zenginli\u011fini yans\u0131tan 2 bini a\u015fk\u0131n yay\u0131nla kat\u0131lacak. K\u00fclt\u00fcr ve Turizm Bakanl\u0131\u011f\u0131'ndan yap\u0131lan a\u00e7\u0131klamaya g\u00f6re, T\u00fcrk yay\u0131nc\u0131l\u0131k sekt\u00f6r\u00fc, TEDA Projesi (T\u00fcrk K\u00fclt\u00fcr, Sanat ve Edebiyat\u0131n\u0131n D\u0131\u015fa A\u00e7\u0131l\u0131m\u0131), 2007 Mevlana Y\u0131l\u0131 ve \u0130stanbul 2010 Avrupa K\u00fclt\u00fcr\u2026","rel":"","context":"&quot;Haberler&quot; i\u00e7inde","block_context":{"text":"Haberler","link":"https:\/\/www.gocmeniz.biz\/?cat=5"},"img":{"alt_text":"","src":"","width":0,"height":0},"classes":[]}],"jetpack_sharing_enabled":true,"jetpack_likes_enabled":true,"_links":{"self":[{"href":"https:\/\/www.gocmeniz.biz\/index.php?rest_route=\/wp\/v2\/posts\/1801","targetHints":{"allow":["GET"]}}],"collection":[{"href":"https:\/\/www.gocmeniz.biz\/index.php?rest_route=\/wp\/v2\/posts"}],"about":[{"href":"https:\/\/www.gocmeniz.biz\/index.php?rest_route=\/wp\/v2\/types\/post"}],"author":[{"embeddable":true,"href":"https:\/\/www.gocmeniz.biz\/index.php?rest_route=\/wp\/v2\/users\/331"}],"replies":[{"embeddable":true,"href":"https:\/\/www.gocmeniz.biz\/index.php?rest_route=%2Fwp%2Fv2%2Fcomments&post=1801"}],"version-history":[{"count":1,"href":"https:\/\/www.gocmeniz.biz\/index.php?rest_route=\/wp\/v2\/posts\/1801\/revisions"}],"predecessor-version":[{"id":8997,"href":"https:\/\/www.gocmeniz.biz\/index.php?rest_route=\/wp\/v2\/posts\/1801\/revisions\/8997"}],"wp:attachment":[{"href":"https:\/\/www.gocmeniz.biz\/index.php?rest_route=%2Fwp%2Fv2%2Fmedia&parent=1801"}],"wp:term":[{"taxonomy":"category","embeddable":true,"href":"https:\/\/www.gocmeniz.biz\/index.php?rest_route=%2Fwp%2Fv2%2Fcategories&post=1801"},{"taxonomy":"post_tag","embeddable":true,"href":"https:\/\/www.gocmeniz.biz\/index.php?rest_route=%2Fwp%2Fv2%2Ftags&post=1801"}],"curies":[{"name":"wp","href":"https:\/\/api.w.org\/{rel}","templated":true}]}}