{"id":1803,"date":"2009-09-15T08:29:59","date_gmt":"2009-09-15T05:29:59","guid":{"rendered":"http:\/\/www.gocmeniz.biz\/?p=1803"},"modified":"2026-04-03T12:25:38","modified_gmt":"2026-04-03T09:25:38","slug":"avrupa-birliginden-romanya-ve-bulgaristana-son-cagri-yargi-reformunda-sureniz-bitiyor","status":"publish","type":"post","link":"https:\/\/www.gocmeniz.biz\/?p=1803","title":{"rendered":"AVRUPA B\u0130RL\u0130\u011e\u0130&#8217;NDEN ROMANYA VE BULGAR\u0130STAN&#8217;A SON \u00c7A\u011eRI: YARGI REFORMUNDA S\u00dcREN\u0130Z B\u0130T\u0130YOR"},"content":{"rendered":"<p><b><img data-recalc-dims=\"1\"  title=\"\"  alt=\"adalet%20-%20terazi00871 AVRUPA B\u0130RL\u0130\u011e\u0130&#039;NDEN ROMANYA VE BULGAR\u0130STAN&#039;A SON \u00c7A\u011eRI: YARGI REFORMUNDA S\u00dcREN\u0130Z B\u0130T\u0130YOR\" loading=\"lazy\" decoding=\"async\" style=\"max-width: 800px; float: left; margin-top: 10px; margin-bottom: 10px; margin-right: 10px;\" src=\"https:\/\/i0.wp.com\/www.kircaalihaber.com\/tr_haber_images\/adalet%20-%20terazi00871.jpg?resize=222%2C166\" height=\"166\" width=\"222\" \/>Avrupa Birli\u011fi D\u00f6nem Ba\u015fkan\u0131 \u0130sve\u00e7&#8217;in Avrupa \u0130\u015flerinden Sorumlu M\u00fcste\u015far\u0131 Maria Asenius, yarg\u0131 reformu konusunda Romanya ve Bulgaristan&#8217;\u0131n s\u00fcrelerinin y\u0131lsonunda bitece\u011fini hat\u0131rlatt\u0131.<\/b><\/p>\n<p>Bulgaristan Milli Radyosu&#8217;na (BNR) a\u00e7\u0131klamalarda bulunan Asenius, Bulgaristan ve Romanya&#8217;n\u0131n yolsuzlu\u011fu \u00f6nlemeye y\u00f6nelik giri\u015fimlerinin yava\u015flamas\u0131ndan duydu\u011fu hayal k\u0131r\u0131kl\u0131\u011f\u0131n\u0131 dile getirdi.<br \/>Asenius, Bulgaristan&#8217;\u0131n izleme raporunda belirtilen sorunlarla ba\u015f edemedi\u011fi takdirde, AB kaynaklar\u0131n\u0131n yeniden ask\u0131ya al\u0131nabilece\u011fi uyar\u0131s\u0131nda bulundu. Her iki \u00fclkenin Schengen b\u00f6lgesine kat\u0131lma s\u00fcrecinin i\u015fledi\u011fini belirten \u0130sve\u00e7li m\u00fcste\u015far, bu s\u00fcrecin Komisyon&#8217;un yarg\u0131 alan\u0131ndaki g\u00f6zlem raporlar\u0131ndan ba\u011f\u0131ms\u0131z oldu\u011funu vurgulad\u0131.<\/p>\n<div class=\"zemanta-pixie\"><img data-recalc-dims=\"1\"  title=\"\" decoding=\"async\" class=\"zemanta-pixie-img\"  alt=\"pixy AVRUPA B\u0130RL\u0130\u011e\u0130&#039;NDEN ROMANYA VE BULGAR\u0130STAN&#039;A SON \u00c7A\u011eRI: YARGI REFORMUNDA S\u00dcREN\u0130Z B\u0130T\u0130YOR\"  src=\"https:\/\/i0.wp.com\/img.zemanta.com\/pixy.gif?w=640\" \/><\/div>\n","protected":false},"excerpt":{"rendered":"<p>Avrupa Birli\u011fi D\u00f6nem Ba\u015fkan\u0131 \u0130sve\u00e7&#8217;in Avrupa \u0130\u015flerinden Sorumlu M\u00fcste\u015far\u0131 Maria Asenius, yarg\u0131 reformu konusunda Romanya ve Bulgaristan&#8217;\u0131n s\u00fcrelerinin y\u0131lsonunda bitece\u011fini hat\u0131rlatt\u0131. Bulgaristan Milli Radyosu&#8217;na (BNR) a\u00e7\u0131klamalarda bulunan Asenius, Bulgaristan ve Romanya&#8217;n\u0131n yolsuzlu\u011fu \u00f6nlemeye y\u00f6nelik giri\u015fimlerinin yava\u015flamas\u0131ndan duydu\u011fu hayal k\u0131r\u0131kl\u0131\u011f\u0131n\u0131 dile getirdi.Asenius, Bulgaristan&#8217;\u0131n izleme raporunda belirtilen sorunlarla ba\u015f edemedi\u011fi takdirde, AB kaynaklar\u0131n\u0131n yeniden ask\u0131ya al\u0131nabilece\u011fi uyar\u0131s\u0131nda [&hellip;]<\/p>\n","protected":false},"author":331,"featured_media":0,"comment_status":"open","ping_status":"open","sticky":false,"template":"","format":"standard","meta":{"advanced_seo_description":"","jetpack_seo_html_title":"","jetpack_seo_noindex":false,"ngg_post_thumbnail":0,"jetpack_post_was_ever_published":false,"_jetpack_newsletter_access":"","_jetpack_dont_email_post_to_subs":false,"_jetpack_newsletter_tier_id":0,"_jetpack_memberships_contains_paywalled_content":false,"_jetpack_memberships_contains_paid_content":false,"footnotes":""},"categories":[5],"tags":[],"class_list":["post-1803","post","type-post","status-publish","format-standard","hentry","category-haberler"],"jetpack_featured_media_url":"","jetpack_shortlink":"https:\/\/wp.me\/paHHlZ-t5","jetpack-related-posts":[{"id":589,"url":"https:\/\/www.gocmeniz.biz\/?p=589","url_meta":{"origin":1803,"position":0},"title":"OLAF-Avrupa Sahtekarl\u0131kla M\u00fccadele B\u00fcrosu Ba\u015fkan\u0131 yine Sofya\u2019da","author":"Haberci","date":"09 Kas\u0131m 2008","format":false,"excerpt":"Avrupa Fon Kaynaklar\u0131n\u0131n Kullan\u0131m\u0131ndan Sorumlu Ba\u015fbakan Yard\u0131mc\u0131s\u0131 Miglena Plug\u00e7ieva, Avrupa Sahtekarl\u0131kla M\u00fccadele B\u00fcrosu OLAF Ba\u015fkan\u0131 Fratz- Herman Bruner\u2019in bir hafta sonra Bulgaristan\u2019a gelip, Ba\u015fbakan Sergey Stani\u015fev, y\u00fcr\u00fct\u00fcm ve yarg\u0131 idaresi temsilcileriyle g\u00f6r\u00fc\u015fece\u011fini bildirdi.Plug\u00e7ieva, mali yolsuzluklar\u0131 denetleyen bu Avrupa kurumuyla i\u015fbirli\u011finin s\u00fcrmesini istedi, ancak Bulgaristan\u2019\u0131n devaml\u0131 g\u00f6zetim alt\u0131nda tutulmas\u0131 gereken bir\u2026","rel":"","context":"&quot;Haberler&quot; i\u00e7inde","block_context":{"text":"Haberler","link":"https:\/\/www.gocmeniz.biz\/?cat=5"},"img":{"alt_text":"","src":"","width":0,"height":0},"classes":[]},{"id":201,"url":"https:\/\/www.gocmeniz.biz\/?p=201","url_meta":{"origin":1803,"position":1},"title":"AB Komisyonu, Bulgaristan diplomalar\u0131n\u0131n tan\u0131nmas\u0131 i\u00e7in 22 \u00fclkeye mektup g\u00f6nderdi","author":"Admin","date":"25 Ekim 2007","format":false,"excerpt":"Romanya ve Bulgaristan'\u0131n 1 Ocak 2007 tarihinde Avrupa Birli\u011fi (AB) s\u0131n\u0131rlar\u0131 i\u00e7erisine dahil olmas\u0131na ra\u011fmen, bu \u00fclkelerdeki diplomalar\u0131n, 27 AB \u00fclkesinden sadece 5 \u00fclkede tan\u0131nd\u0131\u011f\u0131 belirtildi. AB Komisyonu Romanya ve Bulgaristan diplomalar\u0131n\u0131 kabul etmeyen 22 AB \u00fclkesine bu sorunun hal edilmesi i\u00e7in uyar\u0131 yaz\u0131s\u0131 g\u00f6nderdi. Romanya ve Bulgaristan'daki diplomalar\u0131n tan\u0131nmamas\u0131ndan\u2026","rel":"","context":"&quot;Haberler&quot; i\u00e7inde","block_context":{"text":"Haberler","link":"https:\/\/www.gocmeniz.biz\/?cat=5"},"img":{"alt_text":"","src":"","width":0,"height":0},"classes":[]},{"id":251,"url":"https:\/\/www.gocmeniz.biz\/?p=251","url_meta":{"origin":1803,"position":2},"title":"Bulgaristan D\u0131\u015fi\u015fleri Bakan\u0131: &#8220;2010-11&#8217;de Schengen&#8217;e Kat\u0131labiliriz&#8221;","author":"Admin","date":"21 Aral\u0131k 2007","format":false,"excerpt":"Bulgaristan D\u0131\u015fi\u015fleri Bakan\u0131 Ivaylo Kalfin, Romanya ile birlikte Schengen'e 2010-11'de kat\u0131labileceklerini s\u00f6yledi. Avrupa Birli\u011fi (AB) \u00fcyesi Letonya, Estonya, Litvanya, \u00c7ek Cumhuriyeti, Macaristan, Polonya, Slovenya, Slovakya ve Malta bug\u00fcn Schengen'e kat\u0131ld\u0131. Romanya ve Bulgaristan'\u0131n Schengen'e kat\u0131lmas\u0131na \u015fimdilik izin verilmiyor. Bulgaristan D\u0131\u015fi\u015fleri Bakan\u0131 Kalfin, \"Schengen'e ancak 2010-11'de kat\u0131labiliriz. Ancak bu Romanya'ya da\u2026","rel":"","context":"&quot;Haberler&quot; i\u00e7inde","block_context":{"text":"Haberler","link":"https:\/\/www.gocmeniz.biz\/?cat=5"},"img":{"alt_text":"","src":"","width":0,"height":0},"classes":[]},{"id":467,"url":"https:\/\/www.gocmeniz.biz\/?p=467","url_meta":{"origin":1803,"position":3},"title":"AVRUPA B\u0130RL\u0130\u011e\u0130, BULGAR\u0130STAN&#8217;A YAPACA\u011eI YARDIMI BLOKE EDECEK","author":"Haberci","date":"18 Temmuz 2008","format":false,"excerpt":"Avrupa Birli\u011fi (AB) Komisyonu, yolsuzluk ve organize su\u00e7larla m\u00fccadele etmekte yetersiz kald\u0131\u011f\u0131 gerek\u00e7esiyle Bulgaristan'a yapmay\u0131 planlad\u0131\u011f\u0131 1 milyar Euro'ya yak\u0131n yard\u0131m\u0131 bloke edecek.BBC'nin ele ge\u00e7irdi\u011fi komisyon raporuna g\u00f6re, AB Komisyonu, Bulgar yetkililerin kararl\u0131 bir \u015fekilde hareket etmemesi halinde milyonlarca Euro'luk yard\u0131m\u0131n kaybolaca\u011f\u0131 uyar\u0131s\u0131nda bulundu. Yard\u0131m\u0131n yan\u0131 s\u0131ra, Sofya'n\u0131n \u015eengen B\u00f6lgesi'ne\u2026","rel":"","context":"&quot;Haberler&quot; i\u00e7inde","block_context":{"text":"Haberler","link":"https:\/\/www.gocmeniz.biz\/?cat=5"},"img":{"alt_text":"","src":"","width":0,"height":0},"classes":[]},{"id":474,"url":"https:\/\/www.gocmeniz.biz\/?p=474","url_meta":{"origin":1803,"position":4},"title":"BULGAR\u0130STAN&#8217;A AB YARDIMI ASKIYA ALINAB\u0130L\u0130R","author":"Haberci","date":"23 Temmuz 2008","format":false,"excerpt":"Avrupa Komisyonu'nun bug\u00fcn yay\u0131mlayaca\u011f\u0131 bir raporla Bulgaristan'a y\u00fcz milyonlarca dolarl\u0131k yard\u0131m\u0131 ask\u0131ya ald\u0131\u011f\u0131n\u0131 a\u00e7\u0131klamas\u0131 bekleniyor.Avrupa Komisyonu, yolsuzluk ve \u00f6rg\u00fctl\u00fc su\u00e7la m\u00fccadelede yetersiz kald\u0131\u011f\u0131 gerek\u00e7esiyle, Avrupa Birli\u011fi (AB)'ye 18 ay \u00f6nce kat\u0131lan Bulgaristan'\u0131 cezaland\u0131rmaya haz\u0131rlan\u0131yor.\u00dcyeli\u011fe kabul edildi\u011finde birli\u011fin en yoksul \u00fclkesi olan Bulgaristan \u015fimdi, milyonlarca dolar AB yard\u0131m\u0131n\u0131 kaybetme tehlikesiyle kar\u015f\u0131\u2026","rel":"","context":"&quot;Haberler&quot; i\u00e7inde","block_context":{"text":"Haberler","link":"https:\/\/www.gocmeniz.biz\/?cat=5"},"img":{"alt_text":"","src":"","width":0,"height":0},"classes":[]},{"id":465,"url":"https:\/\/www.gocmeniz.biz\/?p=465","url_meta":{"origin":1803,"position":5},"title":"BULGAR\u0130STAN, SINIRLARDAK\u0130 PETROL \u0130STASYONLARINI KAPADI","author":"Haberci","date":"10 Temmuz 2008","format":false,"excerpt":"Bulgaristan, S\u0131rbistan, T\u00fcrkiye ve Makedonya s\u0131n\u0131rlar\u0131 yak\u0131nlar\u0131ndaki petrol istasyonlar\u0131n\u0131 ve vergisiz mal satan d\u00fckkanlar\u0131 kapad\u0131. Sofya, istasyonlar\u0131 ve ma\u011fazalar\u0131 ka\u00e7ak\u00e7\u0131l\u0131kla m\u00fccadele ad\u0131na kapatt\u0131.Bulgar meclisi, kapatma karar\u0131n\u0131 ge\u00e7ti\u011fimiz may\u0131s ay\u0131nda alm\u0131\u015ft\u0131. Avrupa Birli\u011fi, \u00fcye olmas\u0131na ra\u011fmen g\u00f6zetimde tuttu\u011fu Sofya'n\u0131n ka\u00e7ak\u00e7\u0131l\u0131kla m\u00fccadele etmesini istiyordu.Bulgaristan'\u0131n Romanya ve Yunanistan s\u0131n\u0131rlar\u0131ndaki vergisiz mal sat\u0131\u015f\u0131 yapan\u2026","rel":"","context":"Benzer yaz\u0131","block_context":{"text":"Benzer yaz\u0131","link":""},"img":{"alt_text":"","src":"","width":0,"height":0},"classes":[]}],"jetpack_sharing_enabled":true,"jetpack_likes_enabled":true,"_links":{"self":[{"href":"https:\/\/www.gocmeniz.biz\/index.php?rest_route=\/wp\/v2\/posts\/1803","targetHints":{"allow":["GET"]}}],"collection":[{"href":"https:\/\/www.gocmeniz.biz\/index.php?rest_route=\/wp\/v2\/posts"}],"about":[{"href":"https:\/\/www.gocmeniz.biz\/index.php?rest_route=\/wp\/v2\/types\/post"}],"author":[{"embeddable":true,"href":"https:\/\/www.gocmeniz.biz\/index.php?rest_route=\/wp\/v2\/users\/331"}],"replies":[{"embeddable":true,"href":"https:\/\/www.gocmeniz.biz\/index.php?rest_route=%2Fwp%2Fv2%2Fcomments&post=1803"}],"version-history":[{"count":1,"href":"https:\/\/www.gocmeniz.biz\/index.php?rest_route=\/wp\/v2\/posts\/1803\/revisions"}],"predecessor-version":[{"id":8996,"href":"https:\/\/www.gocmeniz.biz\/index.php?rest_route=\/wp\/v2\/posts\/1803\/revisions\/8996"}],"wp:attachment":[{"href":"https:\/\/www.gocmeniz.biz\/index.php?rest_route=%2Fwp%2Fv2%2Fmedia&parent=1803"}],"wp:term":[{"taxonomy":"category","embeddable":true,"href":"https:\/\/www.gocmeniz.biz\/index.php?rest_route=%2Fwp%2Fv2%2Fcategories&post=1803"},{"taxonomy":"post_tag","embeddable":true,"href":"https:\/\/www.gocmeniz.biz\/index.php?rest_route=%2Fwp%2Fv2%2Ftags&post=1803"}],"curies":[{"name":"wp","href":"https:\/\/api.w.org\/{rel}","templated":true}]}}