{"id":1805,"date":"2009-09-21T15:59:04","date_gmt":"2009-09-21T12:59:04","guid":{"rendered":"http:\/\/www.gocmeniz.biz\/?p=1805"},"modified":"2026-04-03T12:25:38","modified_gmt":"2026-04-03T09:25:38","slug":"basbakan-boyko-borisov-ramazan-bayrami-dolayisiyla-bulgaristan-muslumanlarina-kutlama-mesaji-yayinladi","status":"publish","type":"post","link":"https:\/\/www.gocmeniz.biz\/?p=1805","title":{"rendered":"Ba\u015fbakan Boyko Borisov Ramazan Bayram\u0131 dolay\u0131s\u0131yla Bulgaristan M\u00fcsl\u00fcmanlar\u0131na kutlama mesaj\u0131 yay\u0131nlad\u0131"},"content":{"rendered":"<p><b><img  title=\"\"  alt=\"boyko-borisov Ba\u015fbakan Boyko Borisov Ramazan Bayram\u0131 dolay\u0131s\u0131yla Bulgaristan M\u00fcsl\u00fcmanlar\u0131na kutlama mesaj\u0131 yay\u0131nlad\u0131\" decoding=\"async\" style=\"max-width: 800px; float: left; margin-top: 10px; margin-bottom: 10px; margin-right: 10px;\" src=\"http:\/\/t2.gstatic.com\/images?q=tbn:YICGNkNydOXQIM:http:\/\/theeulobby.files.wordpress.com\/2009\/07\/boyko-borisov.jpg\" \/>Fokus Ajans\u0131\u2019n\u0131n haberi:<\/b><br \/>Mesajda \u015f\u00f6yle deniyor: \u201c\u015eahs\u0131m ve h\u00fck\u00fcmet ad\u0131na Ramazan Bayram\u0131 vesilesiyle sizlere hitap etmek ve Bayram\u0131n\u0131z\u0131 tebrik etmekten dolay\u0131 mutluyum. Sevgi, refah ve uyum dileklerimi ekleyerek umar\u0131m bu geleneksel m\u00fcsl\u00fcman bayram\u0131 ailelerinize bar\u0131\u015f, sa\u011fl\u0131k getirmesini en i\u00e7ten temenni ederim. Dinleraras\u0131 ve k\u00fclt\u00fcrleraras\u0131 ho\u015fg\u00f6r\u00fc, anla\u015fma ve uyumun her zaman Bulgaristan\u2019\u0131n yegane ba\u015far\u0131s\u0131 oldu\u011funu d\u00fc\u015f\u00fcnm\u00fc\u015f\u00fcmd\u00fcr. Sa\u011fl\u0131k dilerim. Ortak evimiz Bulgaristan\u2019\u0131n yarar\u0131 i\u00e7in dininizin de\u011ferlerine uyaca\u011f\u0131n\u0131z\u0131 umuyorum. \u201d <\/p>\n<div class=\"zemanta-pixie\"><img data-recalc-dims=\"1\"  title=\"\" decoding=\"async\" class=\"zemanta-pixie-img\"  alt=\"pixy Ba\u015fbakan Boyko Borisov Ramazan Bayram\u0131 dolay\u0131s\u0131yla Bulgaristan M\u00fcsl\u00fcmanlar\u0131na kutlama mesaj\u0131 yay\u0131nlad\u0131\"  src=\"https:\/\/i0.wp.com\/img.zemanta.com\/pixy.gif?w=640\" \/><\/div>\n","protected":false},"excerpt":{"rendered":"<p>Fokus Ajans\u0131\u2019n\u0131n haberi:Mesajda \u015f\u00f6yle deniyor: \u201c\u015eahs\u0131m ve h\u00fck\u00fcmet ad\u0131na Ramazan Bayram\u0131 vesilesiyle sizlere hitap etmek ve Bayram\u0131n\u0131z\u0131 tebrik etmekten dolay\u0131 mutluyum. Sevgi, refah ve uyum dileklerimi ekleyerek umar\u0131m bu geleneksel m\u00fcsl\u00fcman bayram\u0131 ailelerinize bar\u0131\u015f, sa\u011fl\u0131k getirmesini en i\u00e7ten temenni ederim. Dinleraras\u0131 ve k\u00fclt\u00fcrleraras\u0131 ho\u015fg\u00f6r\u00fc, anla\u015fma ve uyumun her zaman Bulgaristan\u2019\u0131n yegane ba\u015far\u0131s\u0131 oldu\u011funu d\u00fc\u015f\u00fcnm\u00fc\u015f\u00fcmd\u00fcr. Sa\u011fl\u0131k [&hellip;]<\/p>\n","protected":false},"author":331,"featured_media":0,"comment_status":"open","ping_status":"open","sticky":false,"template":"","format":"standard","meta":{"advanced_seo_description":"","jetpack_seo_html_title":"","jetpack_seo_noindex":false,"ngg_post_thumbnail":0,"jetpack_post_was_ever_published":false,"_jetpack_newsletter_access":"","_jetpack_dont_email_post_to_subs":false,"_jetpack_newsletter_tier_id":0,"_jetpack_memberships_contains_paywalled_content":false,"_jetpack_memberships_contains_paid_content":false,"footnotes":""},"categories":[5],"tags":[],"class_list":["post-1805","post","type-post","status-publish","format-standard","hentry","category-haberler"],"jetpack_featured_media_url":"","jetpack_shortlink":"https:\/\/wp.me\/paHHlZ-t7","jetpack-related-posts":[{"id":8389,"url":"https:\/\/www.gocmeniz.biz\/?p=8389","url_meta":{"origin":1805,"position":0},"title":"Balkanlar&#8217;da M\u00fcsl\u00fcmanlar Ramazan Bayram\u0131 namaz\u0131n\u0131 k\u0131ld\u0131","author":"Admin","date":"20 Mart 2026","format":false,"excerpt":"Balkan \u00fclkeleri Kuzey Makedonya, Arnavutluk, Kosova, Bosna Hersek, S\u0131rbistan, H\u0131rvatistan, Bulgaristan ve Karada\u011f'da ya\u015fayan M\u00fcsl\u00fcmanlar, Ramazan Bayram\u0131 namaz\u0131n\u0131 k\u0131lmak i\u00e7in camilere ak\u0131n etti. Kuzey Makedonya'da Ramazan Bayram\u0131 dolay\u0131s\u0131yla merkezi t\u00f6ren, Kuzey Makedonya \u0130slam Birli\u011fi (Diyanet \u0130\u015fleri) himayelerinde ba\u015fkent \u00dcsk\u00fcp'teki Mustafa Pa\u015fa Camisi'nde d\u00fczenlendi. Program kapsam\u0131nda ilahiler okundu, dualar edildi. Ramazan\u2026","rel":"","context":"&quot;Haberler&quot; i\u00e7inde","block_context":{"text":"Haberler","link":"https:\/\/www.gocmeniz.biz\/?cat=5"},"img":{"alt_text":"","src":"https:\/\/i0.wp.com\/www.gocmeniz.biz\/wp-content\/balkanlar-da-muslumanlar-ramazan-bayrami-nama-19673761_amp.jpg?fit=1200%2C800&ssl=1&resize=350%2C200","width":350,"height":200,"srcset":"https:\/\/i0.wp.com\/www.gocmeniz.biz\/wp-content\/balkanlar-da-muslumanlar-ramazan-bayrami-nama-19673761_amp.jpg?fit=1200%2C800&ssl=1&resize=350%2C200 1x, https:\/\/i0.wp.com\/www.gocmeniz.biz\/wp-content\/balkanlar-da-muslumanlar-ramazan-bayrami-nama-19673761_amp.jpg?fit=1200%2C800&ssl=1&resize=525%2C300 1.5x, https:\/\/i0.wp.com\/www.gocmeniz.biz\/wp-content\/balkanlar-da-muslumanlar-ramazan-bayrami-nama-19673761_amp.jpg?fit=1200%2C800&ssl=1&resize=700%2C400 2x, https:\/\/i0.wp.com\/www.gocmeniz.biz\/wp-content\/balkanlar-da-muslumanlar-ramazan-bayrami-nama-19673761_amp.jpg?fit=1200%2C800&ssl=1&resize=1050%2C600 3x"},"classes":[]},{"id":8398,"url":"https:\/\/www.gocmeniz.biz\/?p=8398","url_meta":{"origin":1805,"position":1},"title":"Avrupa&#8217;ya a\u00e7\u0131lan s\u0131n\u0131r kap\u0131lar\u0131nda &#8216;bayram&#8217; tedbirleri; 580 personel sahada","author":"Admin","date":"19 Mart 2026","format":false,"excerpt":"Edirne Valisi Yunus Sezer, Ramazan Bayram\u0131 nedeniyle kamu kurumlar\u0131n\u0131 ziyaret ederek, bayramla\u015ft\u0131. Bayramla\u015fmaya 54'\u00fcnc\u00fc Mekanize Piyade Tugay Komutanl\u0131\u011f\u0131 Meri\u00e7 Askeri Gazinosu'nda ba\u015flayan Sezer'i, burada Garnizon Komutan\u0131 Tu\u011fgeneral Y\u00fcksel Kolcu kar\u015f\u0131lad\u0131. Askerlerle bayramla\u015fan Vali Sezer'e Edirne Belediye Ba\u015fkan\u0131 Filiz Gencan ve siyasi parti temsilcileri e\u015flik etti. Sezer, ziyaretin ard\u0131ndan Polis Bah\u00e7esi'ne\u2026","rel":"","context":"&quot;Haberler&quot; i\u00e7inde","block_context":{"text":"Haberler","link":"https:\/\/www.gocmeniz.biz\/?cat=5"},"img":{"alt_text":"","src":"https:\/\/i0.wp.com\/www.gocmeniz.biz\/wp-content\/avrupa-ya-acilan-sinir-kapilarinda-bayram-19671931_amp.jpg?fit=1200%2C675&ssl=1&resize=350%2C200","width":350,"height":200,"srcset":"https:\/\/i0.wp.com\/www.gocmeniz.biz\/wp-content\/avrupa-ya-acilan-sinir-kapilarinda-bayram-19671931_amp.jpg?fit=1200%2C675&ssl=1&resize=350%2C200 1x, https:\/\/i0.wp.com\/www.gocmeniz.biz\/wp-content\/avrupa-ya-acilan-sinir-kapilarinda-bayram-19671931_amp.jpg?fit=1200%2C675&ssl=1&resize=525%2C300 1.5x, https:\/\/i0.wp.com\/www.gocmeniz.biz\/wp-content\/avrupa-ya-acilan-sinir-kapilarinda-bayram-19671931_amp.jpg?fit=1200%2C675&ssl=1&resize=700%2C400 2x, https:\/\/i0.wp.com\/www.gocmeniz.biz\/wp-content\/avrupa-ya-acilan-sinir-kapilarinda-bayram-19671931_amp.jpg?fit=1200%2C675&ssl=1&resize=1050%2C600 3x"},"classes":[]},{"id":1178,"url":"https:\/\/www.gocmeniz.biz\/?p=1178","url_meta":{"origin":1805,"position":2},"title":"Bulgaristan&#8217;da 100 y\u0131l bayram\u0131","author":"Haberci","date":"06 May\u0131s 2009","format":false,"excerpt":"Bulgaristan'da \"6 May\u0131s Ordu ve Cesaret Bayram\u0131\" kutlamalar\u0131na Bulgaristan'\u0131n ba\u011f\u0131ms\u0131zl\u0131k ilan\u0131n\u0131n 100. y\u0131l d\u00f6n\u00fcm\u00fcne denk gelmesi nedeniyle bug\u00fcnden ba\u015fland\u0131.Kutlamalar \u00e7er\u00e7evesinde ba\u015fkent Sofya'ya 11 \u00fclkeden gelen askeri bando ve orkestralar, kentin park ve meydanlar\u0131nda konserler d\u00fczenledi. Askeri bandolar Sofya'n\u0131n yan\u0131 s\u0131ra Plevne, Varna ve Filibe gibi b\u00fcy\u00fck kentlerde de \u00e7e\u015fitli etkinliklere\u2026","rel":"","context":"&quot;Haberler&quot; i\u00e7inde","block_context":{"text":"Haberler","link":"https:\/\/www.gocmeniz.biz\/?cat=5"},"img":{"alt_text":"","src":"","width":0,"height":0},"classes":[]},{"id":349,"url":"https:\/\/www.gocmeniz.biz\/?p=349","url_meta":{"origin":1805,"position":3},"title":"23 Nisan Kutlu Olsun !","author":"Haberci","date":"23 Nisan 2008","format":false,"excerpt":"23 N\u0130SANULUSAL EGEMENL\u0130K VE \u00c7OCUK BAYRAMI23 Nisan 1920, T\u00fcrk milletinin iradesini temsil eden Birinci B\u00fcy\u00fck Millet Meclisi\u2019nin a\u00e7\u0131ld\u0131\u011f\u0131 ve T\u00fcrk halk\u0131n\u0131n egemenli\u011fini il\u00e2n etti\u011fi tarihtir.Atat\u00fcrk, 23 Nisan 1924'te '23 Nisan' g\u00fcn\u00fcn\u00fcn bayram olarak kutlanmas\u0131na karar vermi\u015ftir. Bu tarihten 5 y\u0131l sonra 23 Nisan 1929\u2019da Atat\u00fcrk bu bayram\u0131 \u00e7ocuklara arma\u011fan etmi\u015ftir\u2026","rel":"","context":"&quot;Duyurular&quot; i\u00e7inde","block_context":{"text":"Duyurular","link":"https:\/\/www.gocmeniz.biz\/?cat=8"},"img":{"alt_text":"","src":"https:\/\/i0.wp.com\/img210.imageshack.us\/img210\/1961\/ataturkhscw4.gif?resize=350%2C200","width":350,"height":200},"classes":[]},{"id":1964,"url":"https:\/\/www.gocmeniz.biz\/?p=1964","url_meta":{"origin":1805,"position":4},"title":"Kurban Bayram\u0131\u2019nda yard\u0131mla\u015fma ve kayna\u015fma \u00f6n plana \u00e7\u0131kt\u0131","author":"Haberci","date":"30 Kas\u0131m 2009","format":false,"excerpt":"Yard\u0131mla\u015fma ve kayna\u015fmay\u0131 \u00f6ne \u00e7\u0131karan Kurban Bayram\u0131 \u00fclke genelinde \u00e7o\u015fkulu bir \u015fekilde kutland\u0131. Kesilen kurbanlar\u0131n e\u015f, dost, akraba, kom\u015fu ve yoksullara da\u011f\u0131t\u0131lmas\u0131yla yard\u0131mla\u015fma ve kayna\u015fma atmosferi sa\u011flanmaya \u00e7al\u0131\u015f\u0131ld\u0131. Dialogue Bulgaria\u2019n\u0131n \u00fclke genelinde organize etti\u011fi farkl\u0131 etkinlikler ile T\u00fcrk ve Bulgar t\u00fcm toplum bayram\u0131 birlikte kutlad\u0131 ve da\u011f\u0131t\u0131lan etlerle yoksullar ve\u2026","rel":"","context":"&quot;Haberler&quot; i\u00e7inde","block_context":{"text":"Haberler","link":"https:\/\/www.gocmeniz.biz\/?cat=5"},"img":{"alt_text":"","src":"","width":0,"height":0},"classes":[]},{"id":1237,"url":"https:\/\/www.gocmeniz.biz\/?p=1237","url_meta":{"origin":1805,"position":5},"title":"AZ\u0130Z KONSTANT\u0130N VE ELENA \u0130S\u0130M BAYRAMI","author":"Haberci","date":"22 May\u0131s 2009","format":false,"excerpt":"ED\u0130RNE - Bulgarlar i\u00e7in \u00f6nemli dini g\u00fcnlerden olan Aziz Konstantin ve Elena \u0130sim Bayram\u0131 dolay\u0131s\u0131yla Edirne'deki Sveti Konstantin ve Elena Kilise'sinde ayin d\u00fczenlendi.\u00a0\u00a0\u00a0\u00a0 Vidin Metropolitan\u0131 Piskopos Dometian taraf\u0131ndan y\u00f6netilen ayinin ilk b\u00f6l\u00fcm\u00fc kilisenin i\u00e7inde yap\u0131ld\u0131. \u0130lahilerin ve dualar\u0131n okundu\u011fu ayine daha sonra bah\u00e7ede devam edildi.\u00a0\u00a0\u00a0\u00a0 Bah\u00e7edeki ayinde ise Hz. \u0130sa'n\u0131n\u2026","rel":"","context":"&quot;Haberler&quot; i\u00e7inde","block_context":{"text":"Haberler","link":"https:\/\/www.gocmeniz.biz\/?cat=5"},"img":{"alt_text":"","src":"","width":0,"height":0},"classes":[]}],"jetpack_sharing_enabled":true,"jetpack_likes_enabled":true,"_links":{"self":[{"href":"https:\/\/www.gocmeniz.biz\/index.php?rest_route=\/wp\/v2\/posts\/1805","targetHints":{"allow":["GET"]}}],"collection":[{"href":"https:\/\/www.gocmeniz.biz\/index.php?rest_route=\/wp\/v2\/posts"}],"about":[{"href":"https:\/\/www.gocmeniz.biz\/index.php?rest_route=\/wp\/v2\/types\/post"}],"author":[{"embeddable":true,"href":"https:\/\/www.gocmeniz.biz\/index.php?rest_route=\/wp\/v2\/users\/331"}],"replies":[{"embeddable":true,"href":"https:\/\/www.gocmeniz.biz\/index.php?rest_route=%2Fwp%2Fv2%2Fcomments&post=1805"}],"version-history":[{"count":1,"href":"https:\/\/www.gocmeniz.biz\/index.php?rest_route=\/wp\/v2\/posts\/1805\/revisions"}],"predecessor-version":[{"id":8995,"href":"https:\/\/www.gocmeniz.biz\/index.php?rest_route=\/wp\/v2\/posts\/1805\/revisions\/8995"}],"wp:attachment":[{"href":"https:\/\/www.gocmeniz.biz\/index.php?rest_route=%2Fwp%2Fv2%2Fmedia&parent=1805"}],"wp:term":[{"taxonomy":"category","embeddable":true,"href":"https:\/\/www.gocmeniz.biz\/index.php?rest_route=%2Fwp%2Fv2%2Fcategories&post=1805"},{"taxonomy":"post_tag","embeddable":true,"href":"https:\/\/www.gocmeniz.biz\/index.php?rest_route=%2Fwp%2Fv2%2Ftags&post=1805"}],"curies":[{"name":"wp","href":"https:\/\/api.w.org\/{rel}","templated":true}]}}