{"id":1810,"date":"2009-09-29T10:38:30","date_gmt":"2009-09-29T07:38:30","guid":{"rendered":"http:\/\/www.gocmeniz.biz\/?p=1810"},"modified":"2026-04-03T12:17:07","modified_gmt":"2026-04-03T09:17:07","slug":"balkan-madencilik-kongresi-izmirde-basliyor","status":"publish","type":"post","link":"https:\/\/www.gocmeniz.biz\/?p=1810","title":{"rendered":"Balkan Madencilik Kongresi \u0130zmir`de ba\u015fl\u0131yor"},"content":{"rendered":"<p><img data-recalc-dims=\"1\"  title=\"\"  alt=\"Balkan-Madencilik-Kongresi-Izmirde-basliyor Balkan Madencilik Kongresi \u0130zmir`de ba\u015fl\u0131yor\" decoding=\"async\" style=\"max-width: 800px; float: left; margin-top: 10px; margin-bottom: 10px; margin-right: 10px;\" src=\"https:\/\/i0.wp.com\/www.haberx.com\/haber_resimleri\/Gundem-resimleri\/2009-Eylul\/manset-resimleri\/Balkan-Madencilik-Kongresi-Izmirde-basliyor.jpg?w=640\" \/><b>TMMOB Maden M\u00fchendisleri Odas\u0131 taraf\u0131ndan, d\u00fczenlenen `Balkanmine 2009-3. Balkan Madencilik Kongresi` \u0130zmir K\u00fclt\u00fcr Park Fuar alan\u0131nda 1 Ekim 2009 tarihinde ba\u015fl\u0131yor.(ANKA) <\/b>&#8211; TMMOB Maden M\u00fchendisleri Odas\u0131 taraf\u0131ndan, T\u00fcrkiye`nin de i\u00e7inde yer ald\u0131\u011f\u0131 Balkan \u00fclkeleri aras\u0131nda olu\u015fturulan kongreler kapsam\u0131nda d\u00fczenlenen `Balkanmine 2009-3. Balkan Madencilik Kongresi` \u0130zmir K\u00fclt\u00fcr Park Fuar alan\u0131nda 1 Ekim 2009 tarihinde ba\u015fl\u0131yor.<\/p>\n<p>TMMOB Maden M\u00fchendisleri Odas\u0131 taraf\u0131ndan yap\u0131lan yaz\u0131l\u0131 a\u00e7\u0131klamada, `\u00dclkemizin de i\u00e7inde yer ald\u0131\u011f\u0131, Balkan \u00fclkeleri aras\u0131nda olu\u015fturulan koordinasyon sonucunda birincisi 2005 y\u0131l\u0131nda Sofya-Bulgaristan`da, ikincisi Belgrat-S\u0131rbistan`da ger\u00e7ekle\u015ftirilen kongreler serisi kapsam\u0131nda `Balkanmine 2009 &#8211; 3. Balkan Madencilik Kongresi` Odam\u0131z\u0131n ev sahipli\u011finde 1-3 Ekim 2009 tarihlerinde \u0130zmir K\u00fclt\u00fcr Park Fuar alan\u0131nda yap\u0131lacakt\u0131r` denildi.<\/p>\n<p>A\u00e7\u0131klamada, s\u00f6z konusu kongrelere, Balkan \u00fclkelerinden oldu\u011fu kadar d\u00fcnyan\u0131n \u00e7e\u015fitli \u00fclkelerinden ara\u015ft\u0131rmac\u0131lar\u0131n, bilim insanlar\u0131n\u0131n ve \u00fcreticilerin da kat\u0131ld\u0131\u011f\u0131 belirtilerek \u015fu ifadelere yer verildi:<!--more--><\/p>\n<p>`Kongrenin ana amac\u0131; bilimsel bilgiye, madencilik end\u00fcstrisi ve teknolojisine katk\u0131da bulunmakt\u0131r. 14 farkl\u0131 \u00fclkeden bilim insanlar\u0131 taraf\u0131ndan sunulacak olan 98 adet bildiri, Balkan \u00fclkelerinde yap\u0131lmakta olan madencilik faaliyetleri, madenlerin aranmas\u0131ndan i\u015fletilmesine ve pazarlanmas\u0131na kadar olan teknik ve ekonomik s\u00fcre\u00e7leri, madencilik ve \u00e7evre ili\u015fkileri, i\u015f g\u00fcvenli\u011fi, madencilik e\u011fitimi gibi konular\u0131 kapsamaktad\u0131r. Yakla\u015f\u0131k 400 delegenin kat\u0131l\u0131m\u0131 ile ger\u00e7ekle\u015ftirilecek olan kongre g\u00fcnlerinde yap\u0131lacak olan sunumlar\u0131n ve tart\u0131\u015fmalar\u0131n, ba\u015fta \u00fclkemiz madencili\u011fi olmak \u00fczere Balkan \u00fclkelerindeki madencilik faaliyetlerine de katk\u0131 sa\u011flamas\u0131 beklenmektedir.`<\/p>\n<div class=\"zemanta-pixie\"><img data-recalc-dims=\"1\"  title=\"\" decoding=\"async\" class=\"zemanta-pixie-img\"  alt=\"pixy Balkan Madencilik Kongresi \u0130zmir`de ba\u015fl\u0131yor\"  src=\"https:\/\/i0.wp.com\/img.zemanta.com\/pixy.gif?w=640\" \/><\/div>\n","protected":false},"excerpt":{"rendered":"<p>TMMOB Maden M\u00fchendisleri Odas\u0131 taraf\u0131ndan, d\u00fczenlenen `Balkanmine 2009-3. Balkan Madencilik Kongresi` \u0130zmir K\u00fclt\u00fcr Park Fuar alan\u0131nda 1 Ekim 2009 tarihinde ba\u015fl\u0131yor.(ANKA) &#8211; TMMOB Maden M\u00fchendisleri Odas\u0131 taraf\u0131ndan, T\u00fcrkiye`nin de i\u00e7inde yer ald\u0131\u011f\u0131 Balkan \u00fclkeleri aras\u0131nda olu\u015fturulan kongreler kapsam\u0131nda d\u00fczenlenen `Balkanmine 2009-3. Balkan Madencilik Kongresi` \u0130zmir K\u00fclt\u00fcr Park Fuar alan\u0131nda 1 Ekim 2009 tarihinde ba\u015fl\u0131yor. TMMOB [&hellip;]<\/p>\n","protected":false},"author":331,"featured_media":0,"comment_status":"open","ping_status":"open","sticky":false,"template":"","format":"standard","meta":{"advanced_seo_description":"","jetpack_seo_html_title":"","jetpack_seo_noindex":false,"ngg_post_thumbnail":0,"jetpack_post_was_ever_published":false,"_jetpack_newsletter_access":"","_jetpack_dont_email_post_to_subs":false,"_jetpack_newsletter_tier_id":0,"_jetpack_memberships_contains_paywalled_content":false,"_jetpack_memberships_contains_paid_content":false,"footnotes":""},"categories":[5],"tags":[440],"class_list":["post-1810","post","type-post","status-publish","format-standard","hentry","category-haberler","tag-balkan-madencilik-kongresi-izmirde-basliyor"],"jetpack_featured_media_url":"","jetpack_shortlink":"https:\/\/wp.me\/paHHlZ-tc","jetpack-related-posts":[{"id":682,"url":"https:\/\/www.gocmeniz.biz\/?p=682","url_meta":{"origin":1810,"position":0},"title":"Balkan-Avrupa kriz i\u015fbirli\u011fi","author":"Haberci","date":"16 Aral\u0131k 2008","format":false,"excerpt":"T\u00fcm d\u00fcnyay\u0131 etkisi alt\u0131na alan ekonomik krizin hasar\u0131n\u0131 hafifletebilmek i\u00e7in Avrupa ve Balkan \u00fclkeleri aras\u0131nda i\u015fbirli\u011fi anla\u015fmalar\u0131 imzaland\u0131.\u0130ske\u00e7e Ticaret ve Sanayi Odas\u0131 evsahipli\u011finde d\u00fczenlenen toplant\u0131ya T\u00fcrkiye, Yunanistan, Romanya, Bulgaristan, Bosna-Hersek, Moldova, K\u0131br\u0131s, Letonya ve \u0130talya \u00fclkeleri ad\u0131na \u0130zmir Ticaret Odas\u0131, \u0130ske\u00e7e Ticaret ve Sanayi Odas\u0131, B\u00fckre\u015f Ticaret ve Sanayi Odas\u0131,\u2026","rel":"","context":"&quot;Haberler&quot; i\u00e7inde","block_context":{"text":"Haberler","link":"https:\/\/www.gocmeniz.biz\/?cat=5"},"img":{"alt_text":"","src":"","width":0,"height":0},"classes":[]},{"id":425,"url":"https:\/\/www.gocmeniz.biz\/?p=425","url_meta":{"origin":1810,"position":1},"title":"BUCA&#8217;DA RUMEL\u0130 \u015eENL\u0130\u011e\u0130 BUG\u00dcN BA\u015eLIYOR","author":"Haberci","date":"13 Haziran 2008","format":false,"excerpt":"Buca Belediye Ba\u015fkan\u0131 Cemil \u015eeboy, bu y\u0131l birincisi d\u00fczenlenen Rumeli \u015eenli\u011fi i\u00e7in yap\u0131lan haz\u0131rl\u0131klarla yak\u0131ndan ilgileniyor. Buca Belediyesi ve \u0130zmir Balkan Dernekleri Federasyonu i\u015fbirli\u011finde d\u00fczenlenen Birinci Uluslararas\u0131 Rumeli \u015eenli\u011fi bug\u00fcn ba\u015fl\u0131yor. \u015eenli\u011fe Ba\u015fbakan Recep Tayyip Erdo\u011fan'\u0131n da kat\u0131lacak olmas\u0131 nedeniyle herhangi bir aksakl\u0131\u011f\u0131n ya\u015fanmamas\u0131 i\u00e7in her t\u00fcrl\u00fc tedbir al\u0131nd\u0131. Belediye\u2026","rel":"","context":"Benzer yaz\u0131","block_context":{"text":"Benzer yaz\u0131","link":""},"img":{"alt_text":"","src":"","width":0,"height":0},"classes":[]},{"id":418,"url":"https:\/\/www.gocmeniz.biz\/?p=418","url_meta":{"origin":1810,"position":2},"title":"1. BALKAN \u015eENL\u0130\u011e\u0130 \u0130\u00c7\u0130N 10 \u00dcLKEDEN 163 TEMS\u0130LC\u0130 GEL\u0130YOR","author":"Admin","date":"11 Haziran 2008","format":false,"excerpt":"Buca Belediyesi ve \u0130zmir Balkan Dernekleri Federasyonu i\u015fbirli\u011finde d\u00fczenlenen Birinci Uluslararas\u0131 Rumeli \u015eenli\u011fi i\u00e7in haz\u0131rl\u0131klar son a\u015famaya geldi. Ba\u015fbakan Recep Tayyip Erdo\u011fan'\u0131n da kat\u0131laca\u011f\u0131 \u015fenlik i\u00e7in zengin i\u00e7erikli bir program haz\u0131rland\u0131. D\u00f6rd\u00fcnc\u00fc Uluslararas\u0131 T\u00fcrkiye Balkan \u00dclkeleri Ticaret ve Turizm Paneliyle birle\u015ftirilen Rumeli \u015eenli\u011fine; Kosova, Arnavutluk, Bulgaristan, Bosna Hersek, Yunanistan, Slovenya,\u2026","rel":"","context":"Benzer yaz\u0131","block_context":{"text":"Benzer yaz\u0131","link":""},"img":{"alt_text":"","src":"","width":0,"height":0},"classes":[]},{"id":1814,"url":"https:\/\/www.gocmeniz.biz\/?p=1814","url_meta":{"origin":1810,"position":3},"title":"Balkan ressamlar\u0131 Sel\u00e7uk`ta bulu\u015ftu","author":"Haberci","date":"01 Ekim 2009","format":false,"excerpt":"Balkanlar`\u0131n me\u015fhur ressamlar\u0131; k\u00fclt\u00fcr, tarih ve do\u011fal zenginlikleriyle bilinen \u0130zmir`in Sel\u00e7uk il\u00e7esinde bulu\u015ftu.Sel\u00e7uk Belediyesi ile Balkan Kad\u0131nlar\u0131 K\u00fclt\u00fcr ve Dayan\u0131\u015fma Derne\u011fi`nin ortakla\u015fa d\u00fczenledi\u011fi `Balkan Ressamlar\u0131 Sel\u00e7uk Bulu\u015fmas\u0131, Sel\u00e7uk-Efes 2009` projesi kapsam\u0131nda 12 ressam, il\u00e7enin de\u011fi\u015fik noktalar\u0131nda canl\u0131 performansla resim \u00e7izecek.Ortaya \u00e7\u0131kacak eserler, 2 Ekim Cuma g\u00fcn\u00fc Carpouza Kafe`de sergilenecek.Bosna Hersek,\u2026","rel":"","context":"&quot;Haberler&quot; i\u00e7inde","block_context":{"text":"Haberler","link":"https:\/\/www.gocmeniz.biz\/?cat=5"},"img":{"alt_text":"","src":"https:\/\/i0.wp.com\/www.sestv.com.tr\/images\/data\/balkan-ressam.jpg?resize=350%2C200","width":350,"height":200},"classes":[]},{"id":792,"url":"https:\/\/www.gocmeniz.biz\/?p=792","url_meta":{"origin":1810,"position":4},"title":"\u0130zmir&#8217;le K\u0131rcaali karde\u015f \u015fehir oldu","author":"Haberci","date":"28 Ocak 2009","format":false,"excerpt":"\u0130zmir'le Bulgaristan'\u0131n K\u0131rcaali kenti ''karde\u015f \u015fehir'' oldu.\u0130zmir ve K\u0131rcaali'nin karde\u015f \u015fehir protokol\u00fc, \u0130zmir B\u00fcy\u00fck\u015fehir Belediyesinin d\u00fczenledi\u011fi ''Balkan Rumeli \u015eenli\u011fi''nde \u0130zmir B\u00fcy\u00fck\u015fehir Belediye Ba\u015fkan\u0131 Aziz Kocao\u011flu ve K\u0131rcaali Belediye Ba\u015fkan\u0131 Hasan Azis taraf\u0131ndan imzaland\u0131.\u0130zmir B\u00fcy\u00fck\u015fehir Belediyesi taraf\u0131ndan Halkap\u0131nar Spor Salonu'nda d\u00fczenlenen ''Balkan Rumeli \u015eenli\u011fi''ne \u0130zmir ve K\u0131rcaali'den belediye ba\u015fkanlar\u0131, Balkan ve\u2026","rel":"","context":"&quot;Haberler&quot; i\u00e7inde","block_context":{"text":"Haberler","link":"https:\/\/www.gocmeniz.biz\/?cat=5"},"img":{"alt_text":"","src":"","width":0,"height":0},"classes":[]},{"id":9705,"url":"https:\/\/www.gocmeniz.biz\/?p=9705","url_meta":{"origin":1810,"position":5},"title":"Bursa&#8217;da &#8220;Zanzibarl\u0131 A\u015f\u0131k&#8221; oyunu sahnelendi","author":"Admin","date":"07 Nisan 2026","format":false,"excerpt":"K\u00fclt\u00fcr ve Turizm Bakanl\u0131\u011f\u0131 b\u00fcnyesinde Devlet Tiyatrolar\u0131 Genel M\u00fcd\u00fcrl\u00fc\u011f\u00fcnce d\u00fczenlenen Bursa 13. Uluslararas\u0131 Balkan \u00dclkeleri Tiyatro Festivali'nde Bulgaristan'\u0131n \"Zanzibarl\u0131 A\u015f\u0131k\" oyunu perde a\u00e7t\u0131. Bursa Devlet Tiyatrosu Ahmet Vefik Pa\u015fa Sahnesi'nde sahnelenen, Eli Sagi taraf\u0131ndan kaleme al\u0131nan oyunu, Prof. Atanas Atanasov y\u00f6netti. Oyunda aralar\u0131nda Veselina Mihalkova, Stoyan Radev, Milena Kaneva, Simeon\u2026","rel":"","context":"&quot;Haberler&quot; i\u00e7inde","block_context":{"text":"Haberler","link":"https:\/\/www.gocmeniz.biz\/?cat=5"},"img":{"alt_text":"","src":"https:\/\/i0.wp.com\/www.gocmeniz.biz\/wp-content\/bursa-da-zanzibarli-asik-oyunu-sahnelendi-19723516_amp.webp?fit=1200%2C894&ssl=1&resize=350%2C200","width":350,"height":200,"srcset":"https:\/\/i0.wp.com\/www.gocmeniz.biz\/wp-content\/bursa-da-zanzibarli-asik-oyunu-sahnelendi-19723516_amp.webp?fit=1200%2C894&ssl=1&resize=350%2C200 1x, https:\/\/i0.wp.com\/www.gocmeniz.biz\/wp-content\/bursa-da-zanzibarli-asik-oyunu-sahnelendi-19723516_amp.webp?fit=1200%2C894&ssl=1&resize=525%2C300 1.5x, https:\/\/i0.wp.com\/www.gocmeniz.biz\/wp-content\/bursa-da-zanzibarli-asik-oyunu-sahnelendi-19723516_amp.webp?fit=1200%2C894&ssl=1&resize=700%2C400 2x, https:\/\/i0.wp.com\/www.gocmeniz.biz\/wp-content\/bursa-da-zanzibarli-asik-oyunu-sahnelendi-19723516_amp.webp?fit=1200%2C894&ssl=1&resize=1050%2C600 3x"},"classes":[]}],"jetpack_sharing_enabled":true,"jetpack_likes_enabled":true,"_links":{"self":[{"href":"https:\/\/www.gocmeniz.biz\/index.php?rest_route=\/wp\/v2\/posts\/1810","targetHints":{"allow":["GET"]}}],"collection":[{"href":"https:\/\/www.gocmeniz.biz\/index.php?rest_route=\/wp\/v2\/posts"}],"about":[{"href":"https:\/\/www.gocmeniz.biz\/index.php?rest_route=\/wp\/v2\/types\/post"}],"author":[{"embeddable":true,"href":"https:\/\/www.gocmeniz.biz\/index.php?rest_route=\/wp\/v2\/users\/331"}],"replies":[{"embeddable":true,"href":"https:\/\/www.gocmeniz.biz\/index.php?rest_route=%2Fwp%2Fv2%2Fcomments&post=1810"}],"version-history":[{"count":1,"href":"https:\/\/www.gocmeniz.biz\/index.php?rest_route=\/wp\/v2\/posts\/1810\/revisions"}],"predecessor-version":[{"id":8696,"href":"https:\/\/www.gocmeniz.biz\/index.php?rest_route=\/wp\/v2\/posts\/1810\/revisions\/8696"}],"wp:attachment":[{"href":"https:\/\/www.gocmeniz.biz\/index.php?rest_route=%2Fwp%2Fv2%2Fmedia&parent=1810"}],"wp:term":[{"taxonomy":"category","embeddable":true,"href":"https:\/\/www.gocmeniz.biz\/index.php?rest_route=%2Fwp%2Fv2%2Fcategories&post=1810"},{"taxonomy":"post_tag","embeddable":true,"href":"https:\/\/www.gocmeniz.biz\/index.php?rest_route=%2Fwp%2Fv2%2Ftags&post=1810"}],"curies":[{"name":"wp","href":"https:\/\/api.w.org\/{rel}","templated":true}]}}