{"id":1812,"date":"2009-09-29T10:41:20","date_gmt":"2009-09-29T07:41:20","guid":{"rendered":"http:\/\/www.gocmeniz.biz\/?p=1812"},"modified":"2026-04-03T12:25:38","modified_gmt":"2026-04-03T09:25:38","slug":"bursali-gencler-sofyayi-fethetti","status":"publish","type":"post","link":"https:\/\/www.gocmeniz.biz\/?p=1812","title":{"rendered":"Bursal\u0131 gen\u00e7ler Sofya`y\u0131 fethetti"},"content":{"rendered":"<p><b><img data-recalc-dims=\"1\"  title=\"\"  alt=\"sofya7204763826046d4e18by Bursal\u0131 gen\u00e7ler Sofya`y\u0131 fethetti\" decoding=\"async\" style=\"float: left; margin-top: 10px; margin-bottom: 10px; margin-right: 10px;\" src=\"https:\/\/i0.wp.com\/www.yenisafak.com.tr\/resim\/site\/sofya7204763826046d4e18by.jpg?w=640\" \/>Bursa B\u00fcy\u00fck\u015fehir Belediyesi`nin en \u00f6nemli sosyal projelerinden olan Kent G\u00f6n\u00fcll\u00fcleri Gen\u00e7lik Kamp\u0131`nda g\u00f6sterdikleri ba\u015far\u0131lardan dolay\u0131 yurtd\u0131\u015f\u0131 gezisine kat\u0131lan 30 gen\u00e7, Bulgaristan`\u0131n ba\u015fkenti Sofya`y\u0131 fethetti. <\/b><\/p>\n<p>BURFA\u015e Genel M\u00fcd\u00fcr\u00fc Zeynel Abidin Turan ba\u015fkanl\u0131\u011f\u0131ndaki heyet, Sofya`da demokrasi ile se\u00e7ilen ilk cumhurba\u015fkan\u0131 olma unvan\u0131n\u0131 ta\u015f\u0131yan Jeliou Jelev`i de ziyaret etti. Bulgaristan`daki soyda\u015flar\u0131n yan\u0131 s\u0131ra T\u00fcrkiye`deki vatanda\u015flar taraf\u0131ndan da \u00e7ok sevilen bir Cumhurba\u015fkan\u0131 olan Jelev, ziyaretin kendisini \u00e7ok mutlu etti\u011fini ifade etti. `T\u00fcrkiye`yi ve T\u00fcrk insan\u0131n\u0131 \u00e7ok seviyorum` diyen Jelev, T\u00fcrkiye`nin Avrupa Birli\u011fi`ne (AB) girmesi konusunda olumlu g\u00f6r\u00fc\u015fleri oldu\u011funu belirterek, `T\u00fcrkiye AB`ye girmeyi hak etti. T\u00fcrkiye`de art\u0131k demokratik bir sistem ve pazar ekonomisinin var oldu\u011fu ve \u00e7ark\u0131n d\u00f6nd\u00fc\u011f\u00fc bilinen bir ger\u00e7ektir. T\u00fcrkiye, AB`ye mutlaka girecektir` dedi.<\/p>\n<p><b>DOSTLUK EBED\u0130YEN DEVAM EDECEK<\/b><\/p>\n<p>BURFA\u015e Genel M\u00fcd\u00fcr\u00fc Zeynel Abidin Turan, ziyarette, Bursal\u0131 heyetin ziyaretinin Sofya i\u00e7in \u00e7ok \u00f6nemli oldu\u011funu belirten Jelev`e Bursa`y\u0131 tan\u0131tan bir kitap ve \u00e7ini tablo arma\u011fan etti. Turan, `T\u00fcrkiye Bulgaristan dostlu\u011fu ebediyen devam edecektir. Bursa B\u00fcy\u00fck\u015fehir Belediye Ba\u015fkan\u0131 Recep Altepe ve Bursal\u0131 hem\u015ferilerimiz ad\u0131na size selam getirdik. G\u00f6sterdi\u011finiz misafirperverlik i\u00e7in mutluyuz, burada karde\u015f\u00e7e ve dost\u00e7a a\u011f\u0131rlanmaktan dolay\u0131 da \u00e7ok heyecanl\u0131y\u0131z` diye konu\u015ftu. Ziyaretinin ard\u0131ndan Sofya`y\u0131 gezen Kent G\u00f6n\u00fcll\u00fcs\u00fc gen\u00e7ler, Meclis Salonu`nun hemen yan\u0131nda yer alan ve 1892 &#8211; 1916 y\u0131llar\u0131 aras\u0131nda in\u015faat\u0131n\u0131n bitti\u011fi bilinen Aleksandr Nevski Kilisesi`nin mimari yap\u0131s\u0131na hayran kald\u0131lar. Gen\u00e7ler, Bulgaristan`da Filibe, K\u0131rcaali ve Cebel`i de gezecekler.<br \/><b><i>YEN\u0130 \u015eAFAK\/ BURSA<\/i><\/b><\/p>\n<div class=\"zemanta-pixie\"><img data-recalc-dims=\"1\"  title=\"\" decoding=\"async\" class=\"zemanta-pixie-img\"  alt=\"pixy Bursal\u0131 gen\u00e7ler Sofya`y\u0131 fethetti\"  src=\"https:\/\/i0.wp.com\/img.zemanta.com\/pixy.gif?w=640\" \/><\/div>\n","protected":false},"excerpt":{"rendered":"<p>Bursa B\u00fcy\u00fck\u015fehir Belediyesi`nin en \u00f6nemli sosyal projelerinden olan Kent G\u00f6n\u00fcll\u00fcleri Gen\u00e7lik Kamp\u0131`nda g\u00f6sterdikleri ba\u015far\u0131lardan dolay\u0131 yurtd\u0131\u015f\u0131 gezisine kat\u0131lan 30 gen\u00e7, Bulgaristan`\u0131n ba\u015fkenti Sofya`y\u0131 fethetti. BURFA\u015e Genel M\u00fcd\u00fcr\u00fc Zeynel Abidin Turan ba\u015fkanl\u0131\u011f\u0131ndaki heyet, Sofya`da demokrasi ile se\u00e7ilen ilk cumhurba\u015fkan\u0131 olma unvan\u0131n\u0131 ta\u015f\u0131yan Jeliou Jelev`i de ziyaret etti. Bulgaristan`daki soyda\u015flar\u0131n yan\u0131 s\u0131ra T\u00fcrkiye`deki vatanda\u015flar taraf\u0131ndan da \u00e7ok [&hellip;]<\/p>\n","protected":false},"author":331,"featured_media":0,"comment_status":"open","ping_status":"open","sticky":false,"template":"","format":"standard","meta":{"advanced_seo_description":"","jetpack_seo_html_title":"","jetpack_seo_noindex":false,"ngg_post_thumbnail":0,"jetpack_post_was_ever_published":false,"_jetpack_newsletter_access":"","_jetpack_dont_email_post_to_subs":false,"_jetpack_newsletter_tier_id":0,"_jetpack_memberships_contains_paywalled_content":false,"_jetpack_memberships_contains_paid_content":false,"footnotes":""},"categories":[5],"tags":[],"class_list":["post-1812","post","type-post","status-publish","format-standard","hentry","category-haberler"],"jetpack_featured_media_url":"","jetpack_shortlink":"https:\/\/wp.me\/paHHlZ-te","jetpack-related-posts":[{"id":1568,"url":"https:\/\/www.gocmeniz.biz\/?p=1568","url_meta":{"origin":1812,"position":0},"title":"Eski Bulgar Cumhurba\u015fkan\u0131: E\u011fitim yat\u0131r\u0131mlar\u0131ndan etkilendim","author":"Haberci","date":"20 Temmuz 2009","format":false,"excerpt":"Marmara \u00dcniversitesi`nde Avrupa Birli\u011fi ile ilgili bir seminere kat\u0131lan eski Bulgaristan Cumhurba\u015fkan\u0131 Jelu Jelev, T\u00fcrkiye`de e\u011fitime yap\u0131lan harcamadan \u00e7ok etkilendi\u011fini s\u00f6yledi.Seminerde etnik konular\u0131n ele al\u0131nd\u0131\u011f\u0131n\u0131 ifade eden eski Bulgaristan Cumhurba\u015fkan\u0131 Jelev, `E\u011fitime ayr\u0131lan paralar\u0131 \u00e7ok \u00f6nemli buluyorum. Bu yat\u0131r\u0131m\u0131n e\u011fitim seviyesini daha iyi yerlere getirece\u011fine inan\u0131yorum. T\u00fcrkiye e\u011fitime ve teknolojiye\u2026","rel":"","context":"&quot;Haberler&quot; i\u00e7inde","block_context":{"text":"Haberler","link":"https:\/\/www.gocmeniz.biz\/?cat=5"},"img":{"alt_text":"","src":"","width":0,"height":0},"classes":[]},{"id":1342,"url":"https:\/\/www.gocmeniz.biz\/?p=1342","url_meta":{"origin":1812,"position":1},"title":"G\u00f6\u00e7 `\u015ferefsizler`in i\u015fiydi","author":"Haberci","date":"10 Haziran 2009","format":false,"excerpt":"Bulgaristan`dan T\u00fcrkiye`ye Zorunlu G\u00f6\u00e7\u00fcn 20. Y\u0131l\u0131`nda, Bulgaristan eski cumhurba\u015fkan\u0131 Dr. Jelu Jelev tarihi bir itirafta bulundu. Zorunlu g\u00f6\u00e7\u00fcn 20.y\u0131l\u0131 etkinliklerinin ba\u015flad\u0131\u011f\u0131 Bursa`ya gelen Jelev, g\u00f6\u00e7e zemin haz\u0131rlayanlar\u0131n eski kom\u00fcnist rejim oldu\u011funu belirtirken, `T\u00fcrklere y\u00f6nelik zorunlu g\u00f6\u00e7 ve isim de\u011fi\u015ftirme kampanyas\u0131 Bulgar halk\u0131n\u0131n de\u011fil, baz\u0131 \u015ferefsizlerin icad\u0131d\u0131r` diye konu\u015ftu. Jelev, ikili\u2026","rel":"","context":"&quot;Haberler&quot; i\u00e7inde","block_context":{"text":"Haberler","link":"https:\/\/www.gocmeniz.biz\/?cat=5"},"img":{"alt_text":"","src":"","width":0,"height":0},"classes":[]},{"id":1761,"url":"https:\/\/www.gocmeniz.biz\/?p=1761","url_meta":{"origin":1812,"position":2},"title":"GEN\u00c7LER\u0130N YEN\u0130 UMUDU BULGAR\u0130STAN","author":"Haberci","date":"02 Eyl\u00fcl 2009","format":false,"excerpt":"\u00d6\u011frenci Se\u00e7me S\u0131nav\u0131(\u00d6SS) ba\u015far\u0131s\u0131 d\u00fc\u015f\u00fck olan G\u00fcneydo\u011fu illerindeki \u00f6\u011frenciler, sadece orta \u00f6\u011fretim puan ortalamas\u0131n\u0131n dikkate al\u0131nmas\u0131 ve okul \u00fccretlerinin d\u00fc\u015f\u00fck olmas\u0131 nedeniyle Bulgaristan`daki \u00fcniversitelere gidiyor. Al\u0131nan bilgiye g\u00f6re, 1 Ocak 2007`de Avrupa Birli\u011fi(AB) \u00fcyesi olan Bulgaristan`da verilen diplomalar\u0131n T\u00fcrkiye ve AB \u00fclkelerinde tan\u0131nmas\u0131 nedeniyle, \u00f6\u011frencilerin bu \u00fclkeye ilgisi giderek art\u0131yor.\u2026","rel":"","context":"&quot;Haberler&quot; i\u00e7inde","block_context":{"text":"Haberler","link":"https:\/\/www.gocmeniz.biz\/?cat=5"},"img":{"alt_text":"","src":"","width":0,"height":0},"classes":[]},{"id":1558,"url":"https:\/\/www.gocmeniz.biz\/?p=1558","url_meta":{"origin":1812,"position":3},"title":"Do\u011falgaz i\u015fbirli\u011fine Bulgaristan da kat\u0131ld\u0131","author":"Haberci","date":"16 Temmuz 2009","format":false,"excerpt":"BEH (Bulgarian Energy Holding), DEPA (Yunanistan Devlet Do\u011falgaz \u015eirketi) ve Edison firmalar\u0131, Yunanistan ile Bulgaristan aras\u0131nda yeni bir do\u011falgaz boru hatt\u0131 olan IGB`nin (Interconnector Greece-Bulgaria) in\u015fas\u0131 i\u00e7in Sofya`da bir Mutabakat Zapt\u0131 imzalad\u0131klar\u0131n\u0131 duyurdular. \u0130STANBUL \/ \u0130HA S\u00f6z konusu anla\u015fma ile Bulgaristan G\u00fcney Koridoru ITGI (T\u00fcrkiye-Yunanistan-\u0130talya Do\u011falgaz Boru Hatt\u0131) projesi \u00fczerinden\u2026","rel":"","context":"&quot;Haberler&quot; i\u00e7inde","block_context":{"text":"Haberler","link":"https:\/\/www.gocmeniz.biz\/?cat=5"},"img":{"alt_text":"","src":"","width":0,"height":0},"classes":[]},{"id":685,"url":"https:\/\/www.gocmeniz.biz\/?p=685","url_meta":{"origin":1812,"position":4},"title":"G\u00dcL: &#8220;T\u00dcRK\u0130YE \u0130LE BULGAR\u0130STAN ARASINDAK\u0130 PROBLEMLER, \u00c7\u00d6Z\u00dcLEMEYECEK PROBLEMLER DE\u011e\u0130L&#8221;","author":"Haberci","date":"17 Aral\u0131k 2008","format":false,"excerpt":"Cumhurba\u015fkan\u0131 Abdullah G\u00fcl, T\u00fcrkiye ile Bulgaristan aras\u0131nda \u00e7\u00f6z\u00fclemeyecek sorunlar olmad\u0131\u011f\u0131n\u0131, Bulgaristan'daki T\u00fcrklerle ilgili konularda iki \u00fclke D\u0131\u015fi\u015fleri Bakanl\u0131\u011f\u0131 M\u00fcste\u015farlar\u0131 aras\u0131nda bir komite kurulmas\u0131na karar verdiklerini s\u00f6yledi. Cumhurba\u015fkan\u0131 Abdullah G\u00fcl ve Bulgaristan Cumhurba\u015fkan\u0131 Georgi Parvanov, \u00c7ankaya K\u00f6\u015fk\u00fc'nde ba\u015f ba\u015fa ve heyetler aras\u0131 g\u00f6r\u00fc\u015fmelerin ard\u0131ndan ortak bas\u0131n toplant\u0131s\u0131 d\u00fczenledi. Cumhurba\u015fkan\u0131 G\u00fcl, T\u00fcrkiye\u2026","rel":"","context":"&quot;Haberler&quot; i\u00e7inde","block_context":{"text":"Haberler","link":"https:\/\/www.gocmeniz.biz\/?cat=5"},"img":{"alt_text":"","src":"","width":0,"height":0},"classes":[]},{"id":1632,"url":"https:\/\/www.gocmeniz.biz\/?p=1632","url_meta":{"origin":1812,"position":5},"title":"Gurbet\u00e7i, Bulgaristan`\u0131 A\u0130HM`e \u015fikayet ediyor","author":"Haberci","date":"01 A\u011fustos 2009","format":false,"excerpt":"Bulgaristan`da bir gurbet\u00e7i ailesini soyup arac\u0131n\u0131 kundaklayan Bulgar otoyol mafyas\u0131n\u0131n ya\u015fatt\u0131\u011f\u0131 deh\u015fet i\u00e7in Almanya`da \u00e7al\u0131\u015fan Naci Aksoy A\u0130HM`ne gidiyor. AA - Bulgaristan`da, yaz ba\u015f\u0131nda bir T\u00fcrk gurbet\u00e7i ailesini soyup arac\u0131n\u0131 kundaklayan Bulgar otoyol mafyas\u0131 yine eyleme ge\u00e7erek, ba\u015fka bir T\u00fcrk ailesine daha ayn\u0131 deh\u015feti ya\u015fatt\u0131. Almanya`n\u0131n M\u00fcnih kenti b\u00f6lgesinde e\u015fiyle\u2026","rel":"","context":"&quot;Haberler&quot; i\u00e7inde","block_context":{"text":"Haberler","link":"https:\/\/www.gocmeniz.biz\/?cat=5"},"img":{"alt_text":"","src":"","width":0,"height":0},"classes":[]}],"jetpack_sharing_enabled":true,"jetpack_likes_enabled":true,"_links":{"self":[{"href":"https:\/\/www.gocmeniz.biz\/index.php?rest_route=\/wp\/v2\/posts\/1812","targetHints":{"allow":["GET"]}}],"collection":[{"href":"https:\/\/www.gocmeniz.biz\/index.php?rest_route=\/wp\/v2\/posts"}],"about":[{"href":"https:\/\/www.gocmeniz.biz\/index.php?rest_route=\/wp\/v2\/types\/post"}],"author":[{"embeddable":true,"href":"https:\/\/www.gocmeniz.biz\/index.php?rest_route=\/wp\/v2\/users\/331"}],"replies":[{"embeddable":true,"href":"https:\/\/www.gocmeniz.biz\/index.php?rest_route=%2Fwp%2Fv2%2Fcomments&post=1812"}],"version-history":[{"count":1,"href":"https:\/\/www.gocmeniz.biz\/index.php?rest_route=\/wp\/v2\/posts\/1812\/revisions"}],"predecessor-version":[{"id":8994,"href":"https:\/\/www.gocmeniz.biz\/index.php?rest_route=\/wp\/v2\/posts\/1812\/revisions\/8994"}],"wp:attachment":[{"href":"https:\/\/www.gocmeniz.biz\/index.php?rest_route=%2Fwp%2Fv2%2Fmedia&parent=1812"}],"wp:term":[{"taxonomy":"category","embeddable":true,"href":"https:\/\/www.gocmeniz.biz\/index.php?rest_route=%2Fwp%2Fv2%2Fcategories&post=1812"},{"taxonomy":"post_tag","embeddable":true,"href":"https:\/\/www.gocmeniz.biz\/index.php?rest_route=%2Fwp%2Fv2%2Ftags&post=1812"}],"curies":[{"name":"wp","href":"https:\/\/api.w.org\/{rel}","templated":true}]}}