{"id":1814,"date":"2009-10-01T09:28:39","date_gmt":"2009-10-01T06:28:39","guid":{"rendered":"http:\/\/www.gocmeniz.biz\/?p=1814"},"modified":"2026-04-03T12:17:07","modified_gmt":"2026-04-03T09:17:07","slug":"balkan-ressamlari-selcukta-bulustu","status":"publish","type":"post","link":"https:\/\/www.gocmeniz.biz\/?p=1814","title":{"rendered":"Balkan ressamlar\u0131 Sel\u00e7uk`ta bulu\u015ftu"},"content":{"rendered":"<p><b><a target=\"_blank\" href=\"https:\/\/i0.wp.com\/www.sestv.com.tr\/images\/data\/balkan-ressam.jpg\"><img data-recalc-dims=\"1\"  title=\"\"  alt=\"balkan-ressam Balkan ressamlar\u0131 Sel\u00e7uk`ta bulu\u015ftu\" loading=\"lazy\" decoding=\"async\" style=\"max-width: 800px; float: left; margin-top: 10px; margin-bottom: 10px; margin-right: 10px;\" src=\"https:\/\/i0.wp.com\/www.sestv.com.tr\/images\/data\/balkan-ressam.jpg?resize=240%2C146\" height=\"146\" width=\"240\" \/><\/a>Balkanlar`\u0131n me\u015fhur ressamlar\u0131; k\u00fclt\u00fcr, tarih ve do\u011fal zenginlikleriyle bilinen \u0130zmir`in Sel\u00e7uk il\u00e7esinde bulu\u015ftu.<\/b><\/p>\n<p>Sel\u00e7uk Belediyesi ile Balkan Kad\u0131nlar\u0131 K\u00fclt\u00fcr ve Dayan\u0131\u015fma Derne\u011fi`nin ortakla\u015fa d\u00fczenledi\u011fi `Balkan Ressamlar\u0131 Sel\u00e7uk Bulu\u015fmas\u0131, Sel\u00e7uk-Efes 2009` projesi kapsam\u0131nda 12 ressam, il\u00e7enin de\u011fi\u015fik noktalar\u0131nda canl\u0131 performansla resim \u00e7izecek.<\/p>\n<p>Ortaya \u00e7\u0131kacak eserler, 2 Ekim Cuma g\u00fcn\u00fc Carpouza Kafe`de sergilenecek.<\/p>\n<p>Bosna Hersek, Arnavutluk, Karada\u011f, Makedonya, Kosova, Bulgaristan ve T\u00fcrkiye`yi temsilen bir araya gelen ressamlar Kamber Kamber, Ethem Baymak, Sami Ahmeti, Penka Atanasova, Hari Atanasov, Enver Hoca, Birim Aks\u00fcyek, Nagit \u0130smail, Bige Ko\u00e7ittsa, Nuriye \u00dcst\u00fcnda\u011f, Reyhan Durmu\u015f ve Aynur A\u00e7\u0131kg\u00f6z, \u00e7e\u015fitli tekniklerde yapacaklar\u0131 24 tabloyu belediyeye hediye edecek.<\/p>\n<p>Sel\u00e7uk Belediye Ba\u015fkan\u0131 Vefa \u00dclg\u00fcr, `Bu organizasyonla Balkan ressamlar\u0131, k\u00fcreselle\u015fen d\u00fcnyam\u0131zda \u00fclkeler aras\u0131 dostluk k\u00f6pr\u00fcs\u00fc kurarak, sanat\u0131n evrensel diliyle d\u00fcnyaya bar\u0131\u015f\u0131n ve ho\u015fg\u00f6r\u00fcn\u00fcn ba\u015fkenti Sel\u00e7uk`tan sesleniyor.` dedi.<\/p>\n<div class=\"zemanta-pixie\"><img data-recalc-dims=\"1\"  title=\"\" decoding=\"async\" class=\"zemanta-pixie-img\"  alt=\"pixy Balkan ressamlar\u0131 Sel\u00e7uk`ta bulu\u015ftu\"  src=\"https:\/\/i0.wp.com\/img.zemanta.com\/pixy.gif?w=640\" \/><\/div>\n","protected":false},"excerpt":{"rendered":"<p>Balkanlar`\u0131n me\u015fhur ressamlar\u0131; k\u00fclt\u00fcr, tarih ve do\u011fal zenginlikleriyle bilinen \u0130zmir`in Sel\u00e7uk il\u00e7esinde bulu\u015ftu. Sel\u00e7uk Belediyesi ile Balkan Kad\u0131nlar\u0131 K\u00fclt\u00fcr ve Dayan\u0131\u015fma Derne\u011fi`nin ortakla\u015fa d\u00fczenledi\u011fi `Balkan Ressamlar\u0131 Sel\u00e7uk Bulu\u015fmas\u0131, Sel\u00e7uk-Efes 2009` projesi kapsam\u0131nda 12 ressam, il\u00e7enin de\u011fi\u015fik noktalar\u0131nda canl\u0131 performansla resim \u00e7izecek. Ortaya \u00e7\u0131kacak eserler, 2 Ekim Cuma g\u00fcn\u00fc Carpouza Kafe`de sergilenecek. Bosna Hersek, Arnavutluk, Karada\u011f, [&hellip;]<\/p>\n","protected":false},"author":331,"featured_media":0,"comment_status":"open","ping_status":"open","sticky":false,"template":"","format":"standard","meta":{"advanced_seo_description":"","jetpack_seo_html_title":"","jetpack_seo_noindex":false,"ngg_post_thumbnail":0,"jetpack_post_was_ever_published":false,"_jetpack_newsletter_access":"","_jetpack_dont_email_post_to_subs":false,"_jetpack_newsletter_tier_id":0,"_jetpack_memberships_contains_paywalled_content":false,"_jetpack_memberships_contains_paid_content":false,"footnotes":""},"categories":[5],"tags":[],"class_list":["post-1814","post","type-post","status-publish","format-standard","hentry","category-haberler"],"jetpack_featured_media_url":"","jetpack_shortlink":"https:\/\/wp.me\/paHHlZ-tg","jetpack-related-posts":[{"id":257,"url":"https:\/\/www.gocmeniz.biz\/?p=257","url_meta":{"origin":1814,"position":0},"title":"G\u00d6\u00c7MEN\u0130Z B\u0130Z","author":"Admin","date":"26 Aral\u0131k 2007","format":false,"excerpt":"G\u00d6\u00c7MEN\u0130Z B\u0130Z Sel\u00e7uklu T\u00fcrklerinden benli\u011fimiz Karaman o\u011fullar\u0131ndan \u00e7ekirde\u011fimiz T\u00fcrkl\u00fckle yo\u011furuldu hamurumuz T\u00fcrkl\u00fck var olana dek g\u00f6\u00e7eriz, G\u00f6\u00e7meniz Biz. Cenap\u2019 \u0131 Allah bizi g\u00f6\u00e7ebe yaratm\u0131\u015f T\u00fcrk beylikleri kuruldu\u011fundan beri T\u00fcrkl\u00fc\u011f\u00fcn i\u00e7inde g\u00f6\u00e7ebelik varm\u0131\u015f Ad\u0131 \u00fcst\u00fcnde . inkar edilmez, G\u00f6\u00e7meniz Biz . Anadolu\u2019dan Rumeli\u2019ye g\u00f6\u00e7ler ba\u015flad\u0131 Osmanl\u0131 Devleti yadigar\u0131 . ilk ba\u015fta\u2026","rel":"","context":"&quot;H\u00fcseyin G\u00fcntekin&quot; i\u00e7inde","block_context":{"text":"H\u00fcseyin G\u00fcntekin","link":"https:\/\/www.gocmeniz.biz\/?cat=31"},"img":{"alt_text":"","src":"","width":0,"height":0},"classes":[]},{"id":1810,"url":"https:\/\/www.gocmeniz.biz\/?p=1810","url_meta":{"origin":1814,"position":1},"title":"Balkan Madencilik Kongresi \u0130zmir`de ba\u015fl\u0131yor","author":"Haberci","date":"29 Eyl\u00fcl 2009","format":false,"excerpt":"TMMOB Maden M\u00fchendisleri Odas\u0131 taraf\u0131ndan, d\u00fczenlenen `Balkanmine 2009-3. Balkan Madencilik Kongresi` \u0130zmir K\u00fclt\u00fcr Park Fuar alan\u0131nda 1 Ekim 2009 tarihinde ba\u015fl\u0131yor.(ANKA) - TMMOB Maden M\u00fchendisleri Odas\u0131 taraf\u0131ndan, T\u00fcrkiye`nin de i\u00e7inde yer ald\u0131\u011f\u0131 Balkan \u00fclkeleri aras\u0131nda olu\u015fturulan kongreler kapsam\u0131nda d\u00fczenlenen `Balkanmine 2009-3. Balkan Madencilik Kongresi` \u0130zmir K\u00fclt\u00fcr Park Fuar alan\u0131nda 1\u2026","rel":"","context":"&quot;Haberler&quot; i\u00e7inde","block_context":{"text":"Haberler","link":"https:\/\/www.gocmeniz.biz\/?cat=5"},"img":{"alt_text":"","src":"","width":0,"height":0},"classes":[]},{"id":1960,"url":"https:\/\/www.gocmeniz.biz\/?p=1960","url_meta":{"origin":1814,"position":2},"title":"Balkan&#8217;dan Bulgaristan&#8217;a ele\u015ftiri","author":"Haberci","date":"30 Kas\u0131m 2009","format":false,"excerpt":"Balkan G\u00f6\u00e7menleri K\u00fclt\u00fcr ve Dayan\u0131\u015fma Derne\u011fi (Bal-G\u00f6\u00e7) Genel Ba\u015fkan\u0131 Prof. Dr. Emin Balkan, Bulgaristan'daki yeni h\u00fck\u00fcmetin T\u00fcrk az\u0131nl\u0131\u011fa y\u00f6nelik izledi\u011fi politikalar\u0131 ele\u015ftirdi.Bal-G\u00f6\u00e7 Genel Merkez\u2019inde yap\u0131lan bayramla\u015fma t\u00f6reninde konu\u015fan Balkan G\u00f6\u00e7menleri K\u00fclt\u00fcr ve Dayan\u0131\u015fma Derne\u011fi (Bal-G\u00f6\u00e7) Genel Ba\u015fkan\u0131 Prof. Dr. Emin Balkan, Kurban Bayram\u0131'n\u0131n insanlar\u0131n bir araya geldi\u011fi, birlik, beraberlik ve\u2026","rel":"","context":"&quot;Haberler&quot; i\u00e7inde","block_context":{"text":"Haberler","link":"https:\/\/www.gocmeniz.biz\/?cat=5"},"img":{"alt_text":"","src":"","width":0,"height":0},"classes":[]},{"id":418,"url":"https:\/\/www.gocmeniz.biz\/?p=418","url_meta":{"origin":1814,"position":3},"title":"1. BALKAN \u015eENL\u0130\u011e\u0130 \u0130\u00c7\u0130N 10 \u00dcLKEDEN 163 TEMS\u0130LC\u0130 GEL\u0130YOR","author":"Admin","date":"11 Haziran 2008","format":false,"excerpt":"Buca Belediyesi ve \u0130zmir Balkan Dernekleri Federasyonu i\u015fbirli\u011finde d\u00fczenlenen Birinci Uluslararas\u0131 Rumeli \u015eenli\u011fi i\u00e7in haz\u0131rl\u0131klar son a\u015famaya geldi. Ba\u015fbakan Recep Tayyip Erdo\u011fan'\u0131n da kat\u0131laca\u011f\u0131 \u015fenlik i\u00e7in zengin i\u00e7erikli bir program haz\u0131rland\u0131. D\u00f6rd\u00fcnc\u00fc Uluslararas\u0131 T\u00fcrkiye Balkan \u00dclkeleri Ticaret ve Turizm Paneliyle birle\u015ftirilen Rumeli \u015eenli\u011fine; Kosova, Arnavutluk, Bulgaristan, Bosna Hersek, Yunanistan, Slovenya,\u2026","rel":"","context":"Benzer yaz\u0131","block_context":{"text":"Benzer yaz\u0131","link":""},"img":{"alt_text":"","src":"","width":0,"height":0},"classes":[]},{"id":1319,"url":"https:\/\/www.gocmeniz.biz\/?p=1319","url_meta":{"origin":1814,"position":4},"title":"BAL-G\u00d6\u00c7, g\u00f6\u00e7\u00fcn 20. y\u0131ld\u00f6n\u00fcm\u00fc etkinlikleri haz\u0131rlad\u0131","author":"Haberci","date":"06 Haziran 2009","format":false,"excerpt":"Balkan G\u00f6\u00e7menleri K\u00fclt\u00fcr ve Dayan\u0131\u015fma Derne\u011fi (BAL-G\u00d6\u00c7), Bulgaristan`dan zorunlu g\u00f6\u00e7\u00fcn 20. y\u0131ld\u00f6n\u00fcm\u00fc nedeniyle Bursa`da \u00e7e\u015fitli etkinlikler yapacak.BAL-G\u00d6\u00c7 Genel Ba\u015fkan\u0131 Emin Balkan, d\u00fczenledi\u011fi bas\u0131n toplant\u0131s\u0131nda, Bulgaristan`da 1984 y\u0131l\u0131nda ba\u015flayan T\u00fcrklere asimilasyon s\u00fcrecinde 7 Haziran 1989`da zorunlu g\u00f6\u00e7\u00fcn ba\u015flad\u0131\u011f\u0131n\u0131 belirtti. Y\u00f6netim kurulunda zorunlu g\u00f6\u00e7\u00fcn 20. y\u0131ld\u00f6n\u00fcm\u00fc nedeniyle neler yap\u0131labilece\u011fini g\u00f6r\u00fc\u015ft\u00fcklerini anlatan Balkan,\u2026","rel":"","context":"&quot;Haberler&quot; i\u00e7inde","block_context":{"text":"Haberler","link":"https:\/\/www.gocmeniz.biz\/?cat=5"},"img":{"alt_text":"","src":"","width":0,"height":0},"classes":[]},{"id":301,"url":"https:\/\/www.gocmeniz.biz\/?p=301","url_meta":{"origin":1814,"position":5},"title":"Balkan Ara\u015ft\u0131rmalar\u0131 Derne\u011fi Kuruldu","author":"Admin","date":"27 \u015eubat 2008","format":false,"excerpt":"SAKARYA - \u0130\u015fadam\u0131 \u0130brahim Selamet, Doktor Sad\u0131k Canl\u0131, SA\u00dc \u00d6\u011fretim \u00dcyesi Salih \u015eim\u015fek, y\u00f6netici Naci \u0130ris, Gazeteci Zeki Ayd\u0131ntepe, Doktor Hasan Sa\u011flam, \u0130\u015fadam\u0131 Rahmi Sak, \u0130\u015fadam\u0131 Nedim Paker, Belediyeci Hasan Sayar ve emekli Recep Yanova taraf\u0131ndan kurulan Balkan Ara\u015ft\u0131rmalar\u0131 Derne\u011fi faaliyetlerine ba\u015flad\u0131. Dernek ad\u0131na a\u00e7\u0131klama yapan \u0130brahim Selamet, \"\u00dclkemizin Balkan\u2026","rel":"","context":"&quot;Haberler&quot; i\u00e7inde","block_context":{"text":"Haberler","link":"https:\/\/www.gocmeniz.biz\/?cat=5"},"img":{"alt_text":"","src":"","width":0,"height":0},"classes":[]}],"jetpack_sharing_enabled":true,"jetpack_likes_enabled":true,"_links":{"self":[{"href":"https:\/\/www.gocmeniz.biz\/index.php?rest_route=\/wp\/v2\/posts\/1814","targetHints":{"allow":["GET"]}}],"collection":[{"href":"https:\/\/www.gocmeniz.biz\/index.php?rest_route=\/wp\/v2\/posts"}],"about":[{"href":"https:\/\/www.gocmeniz.biz\/index.php?rest_route=\/wp\/v2\/types\/post"}],"author":[{"embeddable":true,"href":"https:\/\/www.gocmeniz.biz\/index.php?rest_route=\/wp\/v2\/users\/331"}],"replies":[{"embeddable":true,"href":"https:\/\/www.gocmeniz.biz\/index.php?rest_route=%2Fwp%2Fv2%2Fcomments&post=1814"}],"version-history":[{"count":1,"href":"https:\/\/www.gocmeniz.biz\/index.php?rest_route=\/wp\/v2\/posts\/1814\/revisions"}],"predecessor-version":[{"id":8695,"href":"https:\/\/www.gocmeniz.biz\/index.php?rest_route=\/wp\/v2\/posts\/1814\/revisions\/8695"}],"wp:attachment":[{"href":"https:\/\/www.gocmeniz.biz\/index.php?rest_route=%2Fwp%2Fv2%2Fmedia&parent=1814"}],"wp:term":[{"taxonomy":"category","embeddable":true,"href":"https:\/\/www.gocmeniz.biz\/index.php?rest_route=%2Fwp%2Fv2%2Fcategories&post=1814"},{"taxonomy":"post_tag","embeddable":true,"href":"https:\/\/www.gocmeniz.biz\/index.php?rest_route=%2Fwp%2Fv2%2Ftags&post=1814"}],"curies":[{"name":"wp","href":"https:\/\/api.w.org\/{rel}","templated":true}]}}